{"id":186325,"date":"2015-02-17T18:15:57","date_gmt":"2015-02-17T15:15:57","guid":{"rendered":"https:\/\/analyse.optim.biz\/?p=186325"},"modified":"2015-02-17T18:15:57","modified_gmt":"2015-02-17T15:15:57","slug":"ordonanta-traseismului-din-nou-in-parlament-pnl-a-propus-ca-alesii-care-au-schimbat-partidul-sa-isi-piarda-mandatele","status":"publish","type":"post","link":"https:\/\/analyse.optim.biz\/?p=186325","title":{"rendered":"Ordonan\u021ba traseismului, din nou \u00een Parlament. PNL a propus ca ale\u0219ii care au schimbat partidul s\u0103 \u00ee\u0219i piard\u0103 mandatele"},"content":{"rendered":"<div class=\"entry data-app-meta data-app-meta-article\" data-embed-base-url-canonical=\"https:\/\/www.digi24.ro\/embed\/stiri\/actualitate\/politica\/ordonanta-traseismului-din-nou-in-parlament-pnl-a-propus-ca-alesii-care-au-schimbat-partidul-sa-isi-piarda-mandatele-360745\">\n<p data-index=\"1\">Liberalii au \u00eencercat s\u0103 \u00ee\u015fi conving\u0103 colegii din Comisia Juridic\u0103 a Camerei Deputa\u0163ilor s\u0103 voteze mai multe amendamente prin care ale\u015fii locali trasei\u015fti \u015fi-ar fi pierdut mandatele.<\/p>\n<p data-index=\"2\">\u00cencercarea nu a avut succes, iar amendamentele au c\u0103zut r\u00e2nd pe r\u00e2nd la vot.<\/p>\n<p data-index=\"3\">Deputa\u0163ii au respins \u015fi amendamentul adoptat \u00een Comisia de administra\u0163ie, prin care Guvernul nu ar mai avea voie s\u0103 emit\u0103 ordonan\u0163e ale c\u0103ror efecte pot \u00eenc\u0103lca principiile constitu\u0163ionale \u015fi deciziile Cur\u0163ii Constitu\u0163ionale.<\/p>\n<p data-index=\"4\">\u201e<span>Este o abera\u0163ie juridic\u0103. \u00cendr\u0103znesc s\u0103 fac o propunere pentru respingere pentru blazonul Comisiei juridice\u201d, a declarat Bogdan Ciuc\u0103, pre\u0219edintele Comisiei Juridice. <\/span><\/p>\n<p data-index=\"5\">Cu amendamentele respinse, liberalilor le-a mai r\u0103mas o singur\u0103 variant\u0103, care i-a f\u0103cut pe ale\u015fii puterii s\u0103 reac\u0163ioneze ironic.<\/p>\n<p data-index=\"6\">\u201e<span>Cei nemul\u0163umi\u0163i s\u0103 se adreseze Cur\u0163ii Constitu\u0163ionale\u201d,a declarat deputatul PNL Ioan Oltean. <\/span><\/p>\n<p data-index=\"7\">\u201eSunt curios cum se atac\u0103 un text inexistent la Curte\u201d, a replicat deputatul UNPR Eugen Nicolicea.<\/p>\n<p data-index=\"8\">\u00cen cele din urm\u0103, cele dou\u0103 comisii au dat un raport favorabil legii de respingere a ordonan\u0163ei traseismului, f\u0103r\u0103 \u00eens\u0103 a preciza ce se \u00eent\u00e2mpl\u0103 cu ale\u015fii care au trecut de la un partid la altul. <\/p>\n<p data-index=\"9\">Ordonan\u0163a 55, adoptat\u0103 de Guvern \u00een august 2014, a fost respins\u0103 de Curtea Constitu\u0163ional\u0103, care a decis c\u0103 trebuie s\u0103-\u015fi piard\u0103 mandatul consilierii locali \u015fi cei jude\u0163eni, \u00een timp ce Parlamentul trebuie s\u0103 decid\u0103 ce se \u00eent\u00e2mpl\u0103 cu primarii \u015fi pre\u015fedin\u0163ii de Consilii Jude\u0163ene.\u00a0<\/p>\n<\/div>\n<p> Source URL: https:\/\/www.digi24.ro\/stiri\/actualitate\/politica\/ordonanta-traseismului-din-nou-in-parlament-pnl-a-propus-ca-alesii-care-au-schimbat-partidul-sa-isi-piarda-mandatele-360745<\/p>\n","protected":false},"excerpt":{"rendered":"<p>Liberalii au \u00eencercat s\u0103 \u00ee\u015fi conving\u0103 colegii din Comisia Juridic\u0103 a Camerei Deputa\u0163ilor s\u0103 voteze mai multe amendamente prin care ale\u015fii locali trasei\u015fti \u015fi-ar fi pierdut mandatele. \u00cencercarea nu a avut succes, iar amendamentele au c\u0103zut r\u00e2nd pe r\u00e2nd la vot. Deputa\u0163ii au respins \u015fi amendamentul adoptat \u00een Comisia de administra\u0163ie, prin care Guvernul nu [&hellip;]<\/p>\n","protected":false},"author":1,"featured_media":186326,"comment_status":"open","ping_status":"","sticky":false,"template":"","format":"standard","meta":{"footnotes":""},"categories":[2],"tags":[11],"class_list":["post-186325","post","type-post","status-publish","format-standard","has-post-thumbnail","hentry","category-politics","tag-digi24"],"_links":{"self":[{"href":"https:\/\/analyse.optim.biz\/index.php?rest_route=\/wp\/v2\/posts\/186325","targetHints":{"allow":["GET"]}}],"collection":[{"href":"https:\/\/analyse.optim.biz\/index.php?rest_route=\/wp\/v2\/posts"}],"about":[{"href":"https:\/\/analyse.optim.biz\/index.php?rest_route=\/wp\/v2\/types\/post"}],"author":[{"embeddable":true,"href":"https:\/\/analyse.optim.biz\/index.php?rest_route=\/wp\/v2\/users\/1"}],"replies":[{"embeddable":true,"href":"https:\/\/analyse.optim.biz\/index.php?rest_route=%2Fwp%2Fv2%2Fcomments&post=186325"}],"version-history":[{"count":0,"href":"https:\/\/analyse.optim.biz\/index.php?rest_route=\/wp\/v2\/posts\/186325\/revisions"}],"wp:featuredmedia":[{"embeddable":true,"href":"https:\/\/analyse.optim.biz\/index.php?rest_route=\/wp\/v2\/media\/186326"}],"wp:attachment":[{"href":"https:\/\/analyse.optim.biz\/index.php?rest_route=%2Fwp%2Fv2%2Fmedia&parent=186325"}],"wp:term":[{"taxonomy":"category","embeddable":true,"href":"https:\/\/analyse.optim.biz\/index.php?rest_route=%2Fwp%2Fv2%2Fcategories&post=186325"},{"taxonomy":"post_tag","embeddable":true,"href":"https:\/\/analyse.optim.biz\/index.php?rest_route=%2Fwp%2Fv2%2Ftags&post=186325"}],"curies":[{"name":"wp","href":"https:\/\/api.w.org\/{rel}","templated":true}]}}