{"id":186314,"date":"2015-02-17T21:50:58","date_gmt":"2015-02-17T18:50:58","guid":{"rendered":"https:\/\/analyse.optim.biz\/?p=186314"},"modified":"2015-02-17T21:50:58","modified_gmt":"2015-02-17T18:50:58","slug":"c-t-popescu-lovituri-de-maciuca-pentru-imaginea-lui-victor-ponta","status":"publish","type":"post","link":"https:\/\/analyse.optim.biz\/?p=186314","title":{"rendered":"C.T. Popescu: \u201eLovituri de m\u0103ciuc\u0103\u201d pentru imaginea lui Victor Ponta"},"content":{"rendered":"<div class=\"entry data-app-meta data-app-meta-article\" data-embed-base-url-canonical=\"https:\/\/www.digi24.ro\/embed\/stiri\/actualitate\/politica\/c-t-popescu-lovituri-de-maciuca-pentru-imaginea-lui-victor-ponta-360816\">\n<p data-index=\"1\">\u201e<span>Ponta prime\u0219te ni\u0219te lovituri de m\u0103ciuc\u0103 la imagine. C\u00e2nd e\u0219ti premierul Rom\u00e2niei \u0219i sunt implicate \u00eentr-o asemenea afacere, \u00een\u021beleg chiar de deturnare de fonduri europene, mama, sora, cumnatul, a\u0219a ceva spune opiniei publice foarte mult. Nu po\u021bi s\u0103 blochezi percep\u021bia \u00eentr-o astfel de situa\u021bie c\u0103 Ponta e responsabil pentru membrii familiei sale, oric\u00e2t ar spune: nu \u00eel cunosc pe cumnatul, nu \u0219tiu, nu are nicio \u0219ans\u0103 s\u0103 se salveze \u00een planul imaginii. Cet\u0103\u021beanul simplu, c\u00e2nd aude de mama, sora, cumnata \u00een firme: cum nu \u0219tiai, cu at\u00e2t mai mult cu c\u00e2t erai pre\u0219edinte de partid, ai devenit premier. \u00centr-o astfel de pozi\u021bie, de la omul politic se cere mai mult dec\u00e2t de la un cet\u0103\u021bean obi\u0219nuit,\u201d a spus Cristian Tudor Popescu.<\/span><\/p>\n<p data-index=\"2\">\u201e<span>Nu este deloc miloas\u0103 opinia public\u0103 cu un om politic\u201d, a ad\u0103ugat el.<\/span><\/p>\n<p data-index=\"3\">\u201e<span>\u00cen ce-l prive\u0219te pe dl. Ghi\u021b\u0103, aici lucrurile sunt \u0219i mai grave din punct de vedere al imaginii. E o situa\u021bie similar\u0103, \u00eentr-adev\u0103r, cu situa\u021bia B\u0103sescu-Udrea. \u0218i mai mult dec\u00e2t situa\u021bia B\u0103sescu-Udrea, PDL-Udrea, PSD-Ghi\u021b\u0103-Ponta. Pentru c\u0103 domnul acesta, Ghi\u021b\u0103 &#8211; nu \u0219tiu, vedem \u00een ce m\u0103sur\u0103 e vinovat, e urm\u0103rit penal -, a t\u0103iat \u0219i a sp\u00e2nzurat \u00een PSD vreme de vreo doi \u0219i dac\u0103 i-ar fi reu\u0219it combina\u021bia s\u0103 \u00eel pun\u0103 pe Victor Ponta pre\u0219edinte, la ora asta era \u0219eful \u021b\u0103rii. Respiram din 2 \u00een 2, la comanda dlui Ghi\u021b\u0103, acum, dac\u0103 ajungea Victor Ponta pre\u0219edinte,\u201d, a spus jurnalistul.<\/span><\/p>\n<p data-index=\"4\">\u201e<span>C\u00e2nd o astfel de persoan\u0103 care a acces \u00eentr-o asemenea pozi\u021bie \u00een PSD este cercetat\u0103 pentru infrac\u021biuni de deturnare de fonduri, lovitura de imagine e nu numai pentru Ponta care l-a promovat, care a fost cu el, t\u00e2mpl\u0103 fierbinte l\u00e2ng\u0103 t\u00e2mpl\u0103, \u00een Dubai, ci \u0219i pentru PSD\u201d, a ad\u0103ugat el.<\/span><\/p>\n<\/div>\n<p> Source URL: https:\/\/www.digi24.ro\/stiri\/actualitate\/politica\/c-t-popescu-lovituri-de-maciuca-pentru-imaginea-lui-victor-ponta-360816<\/p>\n","protected":false},"excerpt":{"rendered":"<p>\u201ePonta prime\u0219te ni\u0219te lovituri de m\u0103ciuc\u0103 la imagine. C\u00e2nd e\u0219ti premierul Rom\u00e2niei \u0219i sunt implicate \u00eentr-o asemenea afacere, \u00een\u021beleg chiar de deturnare de fonduri europene, mama, sora, cumnatul, a\u0219a ceva spune opiniei publice foarte mult. Nu po\u021bi s\u0103 blochezi percep\u021bia \u00eentr-o astfel de situa\u021bie c\u0103 Ponta e responsabil pentru membrii familiei sale, oric\u00e2t ar spune: [&hellip;]<\/p>\n","protected":false},"author":1,"featured_media":186315,"comment_status":"open","ping_status":"","sticky":false,"template":"","format":"standard","meta":{"footnotes":""},"categories":[2],"tags":[11],"class_list":["post-186314","post","type-post","status-publish","format-standard","has-post-thumbnail","hentry","category-politics","tag-digi24"],"_links":{"self":[{"href":"https:\/\/analyse.optim.biz\/index.php?rest_route=\/wp\/v2\/posts\/186314","targetHints":{"allow":["GET"]}}],"collection":[{"href":"https:\/\/analyse.optim.biz\/index.php?rest_route=\/wp\/v2\/posts"}],"about":[{"href":"https:\/\/analyse.optim.biz\/index.php?rest_route=\/wp\/v2\/types\/post"}],"author":[{"embeddable":true,"href":"https:\/\/analyse.optim.biz\/index.php?rest_route=\/wp\/v2\/users\/1"}],"replies":[{"embeddable":true,"href":"https:\/\/analyse.optim.biz\/index.php?rest_route=%2Fwp%2Fv2%2Fcomments&post=186314"}],"version-history":[{"count":0,"href":"https:\/\/analyse.optim.biz\/index.php?rest_route=\/wp\/v2\/posts\/186314\/revisions"}],"wp:featuredmedia":[{"embeddable":true,"href":"https:\/\/analyse.optim.biz\/index.php?rest_route=\/wp\/v2\/media\/186315"}],"wp:attachment":[{"href":"https:\/\/analyse.optim.biz\/index.php?rest_route=%2Fwp%2Fv2%2Fmedia&parent=186314"}],"wp:term":[{"taxonomy":"category","embeddable":true,"href":"https:\/\/analyse.optim.biz\/index.php?rest_route=%2Fwp%2Fv2%2Fcategories&post=186314"},{"taxonomy":"post_tag","embeddable":true,"href":"https:\/\/analyse.optim.biz\/index.php?rest_route=%2Fwp%2Fv2%2Ftags&post=186314"}],"curies":[{"name":"wp","href":"https:\/\/api.w.org\/{rel}","templated":true}]}}