{"id":1863034,"date":"2026-04-02T10:45:44","date_gmt":"2026-04-02T07:45:44","guid":{"rendered":"https:\/\/analyse.optim.biz\/?p=1863034"},"modified":"2026-04-02T10:45:44","modified_gmt":"2026-04-02T07:45:44","slug":"facturile-explodeaza-dupa-criza-petrolului-solutia-la-care-apeleaza-tot-mai-multi-romani-ca-sa-isi-scada-costurile","status":"publish","type":"post","link":"https:\/\/analyse.optim.biz\/?p=1863034","title":{"rendered":"Facturile explodeaz\u0103, dup\u0103 criza petrolului! Solu\u021bia la care apeleaz\u0103 tot mai mul\u021bi rom\u00e2ni, ca s\u0103 \u00ee\u0219i scad\u0103 costurile"},"content":{"rendered":"<p>[analyse_image type=&#8221;featured&#8221; src=&#8221;https:\/\/www.sursadevest.ro\/wp-content\/uploads\/2026\/04\/termostat-caldura.gif&#8221;]<\/p>\n<p><main id=\"tm-main\"><\/p>\n<div class=\"uk-section-default uk-section\">\n<div class=\"uk-grid-margin uk-container uk-container-xsmall\">\n<div class=\"uk-grid tm-grid-expand uk-child-width-1-1\">\n<div class=\"uk-width-1-1\">\n<h1 class=\"uk-h2 uk-margin uk-text-center\">        Facturile explodeaz\u0103, dup\u0103 criza petrolului! Solu\u021bia la care apeleaz\u0103 tot mai mul\u021bi rom\u00e2ni, ca s\u0103 \u00ee\u0219i scad\u0103 costurile    <\/h1>\n<div class=\"uk-panel uk-margin uk-text-center\"><time datetime=\"2026-04-02T12:45:44+02:00\">2 aprilie, 2026<\/time> | <a href=\"https:\/\/www.sursadevest.ro\/author\/petronela\/\">Sursa de Vest<\/a> | <a href=\"https:\/\/www.sursadevest.ro\/categorie\/stiri\/eveniment\/\" rel=\"tag\">Eveniment<\/a>, <a href=\"https:\/\/www.sursadevest.ro\/categorie\/stiri\/\" rel=\"tag\">\u0218tiri<\/a> | <a href=\"https:\/\/www.sursadevest.ro\/facturile-explodeaza-dupa-criza-petrolului-solutia-la-care-apeleaza-tot-mai-multi-romani-ca-sa-isi-scada-costurile\/#respond\">Niciun comentariu<span class=\"screen-reader-text\"> la Facturile explodeaz\u0103, dup\u0103 criza petrolului! Solu\u021bia la care apeleaz\u0103 tot mai mul\u021bi rom\u00e2ni, ca s\u0103 \u00ee\u0219i scad\u0103 costurile<\/span><\/a><\/div>\n<\/div>\n<\/div>\n<\/div>\n<div class=\"uk-margin-large uk-container\">\n<div class=\"uk-grid tm-grid-expand uk-grid-column-large\">\n<div class=\"uk-width-2-3@m\">\n<nav aria-label=\"Breadcrumb\" class=\"uk-margin-small\">\n<ul class=\"uk-breadcrumb uk-margin-remove-bottom\">\n<li><\/li>\n<li><a href=\"https:\/\/www.sursadevest.ro\/categorie\/stiri\/\"><span>\u0218tiri<\/span><\/a><\/li>\n<li><a href=\"https:\/\/www.sursadevest.ro\/categorie\/stiri\/eveniment\/\"><span>Eveniment<\/span><\/a><\/li>\n<\/ul>\n<\/nav>\n<div class=\"uk-margin\"><img decoding=\"async\" src=\"https:\/\/www.sursadevest.ro\/wp-content\/uploads\/2026\/04\/termostat-caldura.gif\" width=\"900\" height=\"500\" class=\"el-image\" alt loading=\"lazy\"><\/div>\n<div class=\"uk-margin-remove-vertical uk-hidden@m\">\n<div class=\"uk-grid uk-child-width-1-1 uk-child-width-1-2@s uk-grid-small uk-grid-match\">\n<div>\n<div class=\"el-item uk-panel\"><a href=\"https:\/\/xpilatesspa.ro\" target=\"_blank\"><\/p>\n<div class=\"uk-inline-clip uk-transition-toggle\">\n<source type=\"image\/webp\" srcset=\"\/wp-content\/themes\/yootheme\/cache\/1c\/WhatsApp-Image-2025-07-16-at-153218_b2c81b10-1ca7cccd.webp 768w, \/wp-content\/themes\/yootheme\/cache\/1d\/WhatsApp-Image-2025-07-16-at-153218_b2c81b10-1daa2a1f.webp 1024w, \/wp-content\/themes\/yootheme\/cache\/ff\/WhatsApp-Image-2025-07-16-at-153218_b2c81b10-ff5994c5.webp 1366w, \/wp-content\/themes\/yootheme\/cache\/4b\/WhatsApp-Image-2025-07-16-at-153218_b2c81b10-4b0246ed.webp 1600w\" sizes=\"(min-width: 1600px) 1600px\" \/><\/div>\n<p><\/a><\/p>\n<div class=\"uk-padding-small uk-margin-remove-first-child\">\n<div class=\"el-meta uk-text-meta uk-margin-small-top\">XPilates &amp; Spa<\/div>\n<div class=\"uk-margin-small-top\"><a href=\"https:\/\/xpilatesspa.ro\" target=\"_blank\" class=\"el-link uk-button uk-button-text\">Vezi detalii<\/a><\/div>\n<\/div>\n<\/div>\n<\/div>\n<\/div>\n<\/div>\n<div class=\"uk-panel uk-margin-medium uk-margin-remove-top\">\n<p>Criza petrolului, generat\u0103 de conflictul din Orientul Mijlociu \u0219i de blocajele ap\u0103rute \u00een str\u00e2mtorile strategice pentru transportul de petrol, au \u00eenceput deja s\u0103 produc\u0103 efecte vizibile \u0219i pe pia\u021ba din Rom\u00e2nia.<\/p>\n<p>Cre\u0219terea accelerat\u0103 a pre\u021burilor la combustibili a determinat o schimbare rapid\u0103 \u00een comportamentul consumatorilor, orient\u00e2ndu-i c\u0103tre solu\u021bii alternative de eficien\u021b\u0103 energetic\u0103.<\/p>\n<p>Astfel, \u00een luna martie 2026, compania Walton Rom\u00e2nia a \u00eenregistrat o cre\u0219tere de aproximativ 25% a solicit\u0103rilor pentru sisteme de \u00eenc\u0103lzire \u00een pardoseal\u0103 \u0219i panouri fotovoltaice, comparativ cu aceea\u0219i perioad\u0103 a anului trecut. <\/p>\n<p>Tendin\u021ba este una ascendent\u0103 \u0219i se estimeaz\u0103 c\u0103 va continua \u00een lunile urm\u0103toare, pe fondul incertitudinii \u0219i al unei st\u0103ri generale de panic\u0103 \u0219i precau\u021bie \u00een r\u00e2ndul consumatorilor.<\/p>\n<p><em>\u201eObserv\u0103m o reac\u021bie a pie\u021bei la instabilitatea extern\u0103. Cre\u0219terea pre\u021burilor la combustibili genereaz\u0103 o form\u0103 de panic\u0103, dar \u0219i o con\u0219tientizare a nevoii de independen\u021b\u0103 energetic\u0103. Clien\u021bii caut\u0103 solu\u021bii pe termen lung, care s\u0103 le ofere predictibilitate \u0219i control asupra costurilor. Dac\u0103 \u00een noiembrie anul trecut, decizia de a \u00eencepe o lucrare de acest tip era mult mai greu de luat, acum clien\u021bii gr\u0103besc ei lucrurile, iau decizii rapid, uneori precipitat pentru a evita o supra\u00eenc\u0103rcare a facturilor deja modificate substan\u021bial,\u201d <\/em>declar\u0103 Iulian Diaconu, director tehnic \u2013 Walton Rom\u00e2nia.<\/p>\n<p>\u00cen ceea ce prive\u0219te evolu\u021bia pre\u021burilor, acesta subliniaz\u0103 c\u0103, de\u0219i exist\u0103 presiuni asupra lan\u021burilor de aprovizionare, investi\u021biile \u00een astfel de sisteme r\u0103m\u00e2n avantajoase.<\/p>\n<p>\u201e<em>Este adev\u0103rat c\u0103 anumite componente au \u00eenregistrat scumpiri moderate, \u00eens\u0103 randamentul acestor sisteme compenseaz\u0103 rapid investi\u021bia ini\u021bial\u0103. \u00cen special \u00een contextul actual, unde volatilitatea pre\u021burilor la energie este ridicat\u0103, solu\u021biile eficiente energetic devin nu doar o op\u021biune, ci o necesitate\u201d, <\/em>mai spune Diaconu. <\/p>\n<p>\u00cenc\u0103lzirea \u00een pardoseal\u0103 este considerat\u0103 una dintre cele mai eficiente metode de \u00eenc\u0103lzire disponibile, datorit\u0103 distribu\u021biei uniforme a c\u0103ldurii \u0219i consumului redus de energie. <\/p>\n<p>\u00cen combina\u021bie cu panourile fotovoltaice, aceasta poate contribui semnificativ la reducerea dependen\u021bei de sursele tradi\u021bionale de energie \u0219i la stabilizarea costurilor lunare.<\/p>\n<p><em>\u201e\u00cen vremuri tulburi din punct de vedere financiar, avantajul major al acestor sisteme este predictibilitatea. Practic, clien\u021bii \u00ee\u0219i securizeaz\u0103 o parte din consumul energetic, reduc\u00e2nd impactul fluctua\u021biilor de pe pia\u021b\u0103. Este o decizie strategic\u0103, nu doar una tehnic\u0103,\u201d <\/em>precizeaz\u0103 directorul tehnic al Walton Rom\u00e2nia.<\/p>\n<p>Walton Rom\u00e2nia estimeaz\u0103 c\u0103 interesul pentru solu\u021bii sustenabile \u0219i eficiente energetic va continua s\u0103 creasc\u0103 pe tot parcursul anului, pe m\u0103sur\u0103 ce consumatorii devin tot mai aten\u021bi la gestionarea<\/p>\n<p><em>Walton Romania a fost \u00eenfiin\u021bat\u0103 \u00een 2018. Este o companie specializat\u0103 \u00een solu\u021bii de eficien\u021b\u0103 energetic\u0103, cu speciali\u0219ti care au peste 20 de ani de experien\u021b\u0103 \u00een domeniul instala\u021biilor electrice \u0219i al sistemelor de \u00eenc\u0103lzire electric\u0103 \u00een pardoseal\u0103. Compania ofer\u0103 solu\u021bii dezvoltate \u00een parteneriat cu produc\u0103tori din Norvegia, Coreea de Sud \u0219i Germania.<\/em><\/p>\n<p><em>Portofoliul include sisteme de \u00eenc\u0103lzire \u00een pardoseal\u0103, \u00a0panouri fotovoltaice si sisteme de degivrare, adaptate nevoilor actuale ale pietei.. Echipa\u00a0 Walton Romania este format\u0103 din 10 speciali\u0219ti, iar \u00een 2025 a \u00eenregistrat o cifr\u0103 de afaceri de aproximativ 2 milioane de lei.<\/em><\/p>\n<\/div>\n<nav class=\"uk-text-center\">\n<ul class=\"uk-pagination uk-margin-remove-bottom uk-flex-center\">\n<li><a href=\"https:\/\/www.sursadevest.ro\/intre-farsa-si-urgenta-reala-un-apel-de-1-aprilie-a-dus-la-salvarea-unei-femei-de-85-de-ani-imobilizata-in-locuinta\/\"> Anterior<\/a><\/li>\n<li><a href=\"https:\/\/www.sursadevest.ro\/cornelia-micicoi-la-sase-luni-de-la-preluarea-mandatului-de-prefect-al-judetului-timis-a-fost-o-perioada-plina-de-provocari-si-de-probleme-neprevazute\/\">Urm\u0103tor <\/a><\/li>\n<\/ul>\n<\/nav>\n<h3 class=\"uk-h5\">        Distribuie pe re\u021bele de socializare    <\/h3>\n<div class=\"uk-margin\">\n<div id=\"respond\" class=\"comment-respond\">\n<h2 id=\"reply-title\" class=\"el-title uk-h3 uk-heading-bullet\">Las\u0103 un r\u0103spuns <small><a rel=\"nofollow\" id=\"cancel-comment-reply-link\" class=\"uk-link-muted\" href=\"https:\/\/www.sursadevest.ro\/facturile-explodeaza-dupa-criza-petrolului-solutia-la-care-apeleaza-tot-mai-multi-romani-ca-sa-isi-scada-costurile\/#respond\">Anuleaz\u0103 r\u0103spunsul<\/a><\/small><\/h2>\n<p class=\"comment-notes\">Adresa ta de email nu va fi publicat\u0103. C\u00e2mpurile obligatorii sunt marcate cu <span class=\"required\">*<\/span><\/p>\n<div class=\"gglcptch gglcptch_v3\"><\/p>\n<div class=\"gglcptch_error_text\">Perioada de verificare reCAPTCHA a expirat. V\u0103 rug\u0103m s\u0103 re\u00eenc\u0103rca\u021bi pagina.<\/div>\n<\/div>\n<\/div>\n<\/div>\n<hr class=\"uk-margin-large\">\n<h2 class=\"uk-h3 uk-text-left@m uk-text-center\">        Alte articole    <\/h2>\n<div id=\"template-OEvUe7Lh#0\" class=\"uk-margin\">\n<div class=\"uk-grid uk-child-width-1-1 uk-child-width-1-2@s uk-grid-column-medium uk-grid-match\">\n<div>\n<div class=\"el-item uk-panel uk-margin-remove-first-child\"><a href=\"https:\/\/www.sursadevest.ro\/cciat-si-cjpc-timis-organizeaza-o-sesiune-de-informare-dedicata-firmelor-din-judet-privind-legislatia-in-domeniul-protectiei-consumatorilor\/\"><br \/>\n<source type=\"image\/webp\" srcset=\"https:\/\/www.sursadevest.ro\/wp-json\/yootheme\/image?src=%7B%22file%22%3A%22wp-content%2Fuploads%2F2024%2F06%2Fseminar-cciat-opc-4.jpg%22%2C%22type%22%3A%22webp%2C85%22%2C%22thumbnail%22%3A%22610%2C%2C%22%7D&amp;hash=9e616ab0 610w, https:\/\/www.sursadevest.ro\/wp-json\/yootheme\/image?src=%7B%22file%22%3A%22wp-content%2Fuploads%2F2024%2F06%2Fseminar-cciat-opc-4.jpg%22%2C%22type%22%3A%22webp%2C85%22%2C%22thumbnail%22%3A%22768%2C410%2C%22%7D&amp;hash=b3cf253f 768w, https:\/\/www.sursadevest.ro\/wp-json\/yootheme\/image?src=%7B%22file%22%3A%22wp-content%2Fuploads%2F2024%2F06%2Fseminar-cciat-opc-4.jpg%22%2C%22type%22%3A%22webp%2C85%22%2C%22thumbnail%22%3A%221024%2C547%2C%22%7D&amp;hash=404f800b 1024w, https:\/\/www.sursadevest.ro\/wp-json\/yootheme\/image?src=%7B%22file%22%3A%22wp-content%2Fuploads%2F2024%2F06%2Fseminar-cciat-opc-4.jpg%22%2C%22type%22%3A%22webp%2C85%22%2C%22thumbnail%22%3A%221220%2C652%2C%22%7D&amp;hash=74f89ab8 1220w\" sizes=\"(min-width: 610px) 610px\" \/><\/a><\/p>\n<div class=\"el-meta uk-h6 uk-text-primary uk-margin-top uk-margin-remove-bottom\"><time datetime=\"2026-04-03T08:27:00+02:00\">3 aprilie, 2026<\/time> | <a href=\"https:\/\/www.sursadevest.ro\/author\/petronela\/\">Sursa de Vest<\/a> | <a href=\"https:\/\/www.sursadevest.ro\/categorie\/stiri\/economic\/\" rel=\"tag\">Economic<\/a>, <a href=\"https:\/\/www.sursadevest.ro\/categorie\/stiri\/\" rel=\"tag\">\u0218tiri<\/a> | <a href=\"https:\/\/www.sursadevest.ro\/cciat-si-cjpc-timis-organizeaza-o-sesiune-de-informare-dedicata-firmelor-din-judet-privind-legislatia-in-domeniul-protectiei-consumatorilor\/#respond\">Niciun comentariu<span class=\"screen-reader-text\"> la CCIAT \u0219i CJPC Timi\u0219 organizeaz\u0103 o sesiune de informare dedicat\u0103 firmelor din jude\u021b privind legisla\u021bia \u00een domeniul protec\u021biei consumatorilor!<\/span><\/a><\/div>\n<h3 class=\"el-title uk-h4 uk-link-reset uk-margin-small-top uk-margin-remove-bottom\"><a href=\"https:\/\/www.sursadevest.ro\/cciat-si-cjpc-timis-organizeaza-o-sesiune-de-informare-dedicata-firmelor-din-judet-privind-legislatia-in-domeniul-protectiei-consumatorilor\/\">CCIAT \u0219i CJPC Timi\u0219 organizeaz\u0103 o sesiune de informare dedicat\u0103 firmelor din jude\u021b privind legisla\u021bia \u00een domeniul protec\u021biei consumatorilor!<\/a><\/h3>\n<div class=\"el-content uk-panel uk-margin-small-top\">Agen\u021bii economici din jude\u021bul Timi\u0219 sunt invita\u021bi s\u0103 participe la o sesiune de informare dedicat\u0103 legisla\u021biei privind protec\u021bia consumatorilor, organizat\u0103 de Camera de Comer\u021b, Industrie \u0219i Agricultur\u0103 Timi\u0219, \u00een parteneriat cu Comisariatul Jude\u021bean pentru Protec\u021bia Consumatorilor Timi\u0219, sub egida Institu\u021biei Prefectului Jude\u021bul Timi\u0219. Sursa de Vest See Full Bio<\/div>\n<div class=\"uk-margin-top\"><a href=\"https:\/\/www.sursadevest.ro\/cciat-si-cjpc-timis-organizeaza-o-sesiune-de-informare-dedicata-firmelor-din-judet-privind-legislatia-in-domeniul-protectiei-consumatorilor\/\" class=\"el-link uk-button uk-button-text\">Vezi detalii<\/a><\/div>\n<\/div>\n<\/div>\n<div>\n<div class=\"el-item uk-panel uk-margin-remove-first-child\"><a href=\"https:\/\/www.sursadevest.ro\/atentie-timisoreni-apar-modificari-in-circulatia-mai-multor-linii-de-tramvai-altele-se-suspenda-temporar\/\"><br \/>\n<source type=\"image\/webp\" srcset=\"\/wp-content\/themes\/yootheme\/cache\/f9\/tramvai-1-f9265a17.webp 610w, \/wp-content\/themes\/yootheme\/cache\/7a\/tramvai-1-7a7e5d51.webp 768w, \/wp-content\/themes\/yootheme\/cache\/8a\/tramvai-1-8a2839e9.webp 900w\" sizes=\"(min-width: 610px) 610px\" \/><\/a><\/p>\n<div class=\"el-meta uk-h6 uk-text-primary uk-margin-top uk-margin-remove-bottom\"><time datetime=\"2026-04-02T15:43:51+02:00\">2 aprilie, 2026<\/time> | <a href=\"https:\/\/www.sursadevest.ro\/author\/petronela\/\">Sursa de Vest<\/a> | <a href=\"https:\/\/www.sursadevest.ro\/categorie\/stiri\/eveniment\/\" rel=\"tag\">Eveniment<\/a>, <a href=\"https:\/\/www.sursadevest.ro\/categorie\/stiri\/\" rel=\"tag\">\u0218tiri<\/a> | <a href=\"https:\/\/www.sursadevest.ro\/atentie-timisoreni-apar-modificari-in-circulatia-mai-multor-linii-de-tramvai-altele-se-suspenda-temporar\/#respond\">Niciun comentariu<span class=\"screen-reader-text\"> la Aten\u021bie, timi\u0219oreni! Apar modific\u0103ri \u00een circula\u021bia mai multor linii de tramvai! Altele se suspend\u0103 temporar<\/span><\/a><\/div>\n<h3 class=\"el-title uk-h4 uk-link-reset uk-margin-small-top uk-margin-remove-bottom\"><a href=\"https:\/\/www.sursadevest.ro\/atentie-timisoreni-apar-modificari-in-circulatia-mai-multor-linii-de-tramvai-altele-se-suspenda-temporar\/\">Aten\u021bie, timi\u0219oreni! Apar modific\u0103ri \u00een circula\u021bia mai multor linii de tramvai! Altele se suspend\u0103 temporar<\/a><\/h3>\n<div class=\"el-content uk-panel uk-margin-small-top\">Societatea de Transport Public Timi\u0219oara anun\u021b\u0103 modific\u0103ri \u00een circula\u021bia mai multor linii de tramvai. Sursa de Vest See Full Bio<\/div>\n<div class=\"uk-margin-top\"><a href=\"https:\/\/www.sursadevest.ro\/atentie-timisoreni-apar-modificari-in-circulatia-mai-multor-linii-de-tramvai-altele-se-suspenda-temporar\/\" class=\"el-link uk-button uk-button-text\">Vezi detalii<\/a><\/div>\n<\/div>\n<\/div>\n<div>\n<div class=\"el-item uk-panel uk-margin-remove-first-child\"><a href=\"https:\/\/www.sursadevest.ro\/cinci-victime-dintre-care-patru-copii-in-urma-unui-accident-trei-masini-s-au-ciocnit-la-timisoara\/\"><img decoding=\"async\" src=\"https:\/\/www.sursadevest.ro\/wp-content\/uploads\/2026\/04\/accident.gif\" width=\"610\" height=\"381\" alt loading=\"lazy\" class=\"el-image uk-border-rounded\"><\/a><\/p>\n<div class=\"el-meta uk-h6 uk-text-primary uk-margin-top uk-margin-remove-bottom\"><time datetime=\"2026-04-02T15:01:11+02:00\">2 aprilie, 2026<\/time> | <a href=\"https:\/\/www.sursadevest.ro\/author\/petronela\/\">Sursa de Vest<\/a> | <a href=\"https:\/\/www.sursadevest.ro\/categorie\/stiri\/eveniment\/\" rel=\"tag\">Eveniment<\/a>, <a href=\"https:\/\/www.sursadevest.ro\/categorie\/stiri\/\" rel=\"tag\">\u0218tiri<\/a> | <a href=\"https:\/\/www.sursadevest.ro\/cinci-victime-dintre-care-patru-copii-in-urma-unui-accident-trei-masini-s-au-ciocnit-la-timisoara\/#respond\">Niciun comentariu<span class=\"screen-reader-text\"> la Cinci victime, dintre care patru copii, \u00een urma unui accident! Trei ma\u0219ini s-au ciocnit la Timi\u0219oara<\/span><\/a><\/div>\n<h3 class=\"el-title uk-h4 uk-link-reset uk-margin-small-top uk-margin-remove-bottom\"><a href=\"https:\/\/www.sursadevest.ro\/cinci-victime-dintre-care-patru-copii-in-urma-unui-accident-trei-masini-s-au-ciocnit-la-timisoara\/\">Cinci victime, dintre care patru copii, \u00een urma unui accident! Trei ma\u0219ini s-au ciocnit la Timi\u0219oara<\/a><\/h3>\n<div class=\"el-content uk-panel uk-margin-small-top\">S-a dat alarma la Timi\u0219oara, \u00een urm\u0103 cu pu\u021bin timp, dup\u0103 un apel la 112 care anun\u021ba un accident rutier grav. Sursa de Vest See Full Bio<\/div>\n<div class=\"uk-margin-top\"><a href=\"https:\/\/www.sursadevest.ro\/cinci-victime-dintre-care-patru-copii-in-urma-unui-accident-trei-masini-s-au-ciocnit-la-timisoara\/\" class=\"el-link uk-button uk-button-text\">Vezi detalii<\/a><\/div>\n<\/div>\n<\/div>\n<div>\n<div class=\"el-item uk-panel uk-margin-remove-first-child\"><a href=\"https:\/\/www.sursadevest.ro\/timisoara-va-avea-primul-parc-fotovoltaic-primaria-a-lansat-licitatia-pentru-proiectare-si-executie\/\"><br \/>\n<source type=\"image\/webp\" srcset=\"\/wp-content\/themes\/yootheme\/cache\/12\/parc-fotovoltaic-1208ae27.webp 610w, \/wp-content\/themes\/yootheme\/cache\/86\/parc-fotovoltaic-8695ff35.webp 768w, \/wp-content\/themes\/yootheme\/cache\/a4\/parc-fotovoltaic-a460be41.webp 800w\" sizes=\"(min-width: 610px) 610px\" \/><\/a><\/p>\n<div class=\"el-meta uk-h6 uk-text-primary uk-margin-top uk-margin-remove-bottom\"><time datetime=\"2026-04-02T14:50:19+02:00\">2 aprilie, 2026<\/time> | <a href=\"https:\/\/www.sursadevest.ro\/author\/petronela\/\">Sursa de Vest<\/a> | <a href=\"https:\/\/www.sursadevest.ro\/categorie\/stiri\/eveniment\/\" rel=\"tag\">Eveniment<\/a>, <a href=\"https:\/\/www.sursadevest.ro\/categorie\/stiri\/\" rel=\"tag\">\u0218tiri<\/a> | <a href=\"https:\/\/www.sursadevest.ro\/timisoara-va-avea-primul-parc-fotovoltaic-primaria-a-lansat-licitatia-pentru-proiectare-si-executie\/#respond\">Niciun comentariu<span class=\"screen-reader-text\"> la Timi\u0219oara va avea primul parc fotovoltaic! Prim\u0103ria a lansat licita\u021bia pentru proiectare \u0219i execu\u021bie<\/span><\/a><\/div>\n<h3 class=\"el-title uk-h4 uk-link-reset uk-margin-small-top uk-margin-remove-bottom\"><a href=\"https:\/\/www.sursadevest.ro\/timisoara-va-avea-primul-parc-fotovoltaic-primaria-a-lansat-licitatia-pentru-proiectare-si-executie\/\">Timi\u0219oara va avea primul parc fotovoltaic! Prim\u0103ria a lansat licita\u021bia pentru proiectare \u0219i execu\u021bie<\/a><\/h3>\n<div class=\"el-content uk-panel uk-margin-small-top\">Prim\u0103ria Timi\u0219oara a lansat procedura de licita\u021bie pentru proiectarea \u0219i execu\u021bia unui parc fotovoltaic, o investi\u021bie major\u0103 menit\u0103 s\u0103 creasc\u0103 independen\u021ba energetic\u0103 a ora\u0219ului \u0219i s\u0103 reduc\u0103 costurile cu energia electric\u0103. Sursa de Vest See Full Bio<\/div>\n<div class=\"uk-margin-top\"><a href=\"https:\/\/www.sursadevest.ro\/timisoara-va-avea-primul-parc-fotovoltaic-primaria-a-lansat-licitatia-pentru-proiectare-si-executie\/\" class=\"el-link uk-button uk-button-text\">Vezi detalii<\/a><\/div>\n<\/div>\n<\/div>\n<div>\n<div class=\"el-item uk-panel uk-margin-remove-first-child\"><a href=\"https:\/\/www.sursadevest.ro\/spitalul-judetean-timisoara-si-umf-desfasoara-o-campanie-de-testare-gratuita-pentru-depistarea-virusului-hpv-bucal\/\"><br \/>\n<source type=\"image\/webp\" srcset=\"\/wp-content\/themes\/yootheme\/cache\/fd\/testare-hpv-fd7446e2.webp 610w, \/wp-content\/themes\/yootheme\/cache\/da\/testare-hpv-dae09ad4.webp 768w, \/wp-content\/themes\/yootheme\/cache\/8a\/testare-hpv-8ac9ce88.webp 985w, \/wp-content\/themes\/yootheme\/cache\/60\/testare-hpv-604f13ea.webp 986w\" sizes=\"(min-width: 610px) 610px\" \/><\/a><\/p>\n<div class=\"el-meta uk-h6 uk-text-primary uk-margin-top uk-margin-remove-bottom\"><time datetime=\"2026-04-02T14:32:20+02:00\">2 aprilie, 2026<\/time> | <a href=\"https:\/\/www.sursadevest.ro\/author\/petronela\/\">Sursa de Vest<\/a> | <a href=\"https:\/\/www.sursadevest.ro\/categorie\/stiri\/eveniment\/\" rel=\"tag\">Eveniment<\/a>, <a href=\"https:\/\/www.sursadevest.ro\/categorie\/stiri\/sanatate\/\" rel=\"tag\">S\u0103n\u0103tate<\/a>, <a href=\"https:\/\/www.sursadevest.ro\/categorie\/stiri\/\" rel=\"tag\">\u0218tiri<\/a> | <a href=\"https:\/\/www.sursadevest.ro\/spitalul-judetean-timisoara-si-umf-desfasoara-o-campanie-de-testare-gratuita-pentru-depistarea-virusului-hpv-bucal\/#respond\">Niciun comentariu<span class=\"screen-reader-text\"> la Spitalul Jude\u021bean Timi\u0219oara \u0219i UMF desf\u0103\u0219oar\u0103 o campanie de testare gratuit\u0103 pentru depistarea virusului HPV bucal<\/span><\/a><\/div>\n<h3 class=\"el-title uk-h4 uk-link-reset uk-margin-small-top uk-margin-remove-bottom\"><a href=\"https:\/\/www.sursadevest.ro\/spitalul-judetean-timisoara-si-umf-desfasoara-o-campanie-de-testare-gratuita-pentru-depistarea-virusului-hpv-bucal\/\">Spitalul Jude\u021bean Timi\u0219oara \u0219i UMF desf\u0103\u0219oar\u0103 o campanie de testare gratuit\u0103 pentru depistarea virusului HPV bucal<\/a><\/h3>\n<div class=\"el-content uk-panel uk-margin-small-top\">Spitalul Clinic Jude\u021bean de Urgen\u021b\u0103 \u201ePius Br\u00eenzeu\u201d Timi\u0219oara, \u00een colaborare cu Universitatea de Medicin\u0103 \u0219i Farmacie \u201eVictor Babe\u0219\u201d Timi\u0219oara, anun\u021b\u0103 demararea unei campanii de testare gratuit\u0103 pentru HPV oral (bucal). Sursa de Vest See Full Bio<\/div>\n<div class=\"uk-margin-top\"><a href=\"https:\/\/www.sursadevest.ro\/spitalul-judetean-timisoara-si-umf-desfasoara-o-campanie-de-testare-gratuita-pentru-depistarea-virusului-hpv-bucal\/\" class=\"el-link uk-button uk-button-text\">Vezi detalii<\/a><\/div>\n<\/div>\n<\/div>\n<div>\n<div class=\"el-item uk-panel uk-margin-remove-first-child\"><a href=\"https:\/\/www.sursadevest.ro\/atentie-la-ambrozie-cand-si-cum-se-distruge-buruiana\/\"><br \/>\n<source type=\"image\/webp\" srcset=\"\/wp-content\/themes\/yootheme\/cache\/ab\/ambrozie-abc0fd19.webp 610w, \/wp-content\/themes\/yootheme\/cache\/fb\/ambrozie-fbfe8c20.webp 768w, \/wp-content\/themes\/yootheme\/cache\/0b\/ambrozie-0ba8e898.webp 900w\" sizes=\"(min-width: 610px) 610px\" \/><\/a><\/p>\n<div class=\"el-meta uk-h6 uk-text-primary uk-margin-top uk-margin-remove-bottom\"><time datetime=\"2026-04-02T14:01:55+02:00\">2 aprilie, 2026<\/time> | <a href=\"https:\/\/www.sursadevest.ro\/author\/petronela\/\">Sursa de Vest<\/a> | <a href=\"https:\/\/www.sursadevest.ro\/categorie\/stiri\/eveniment\/\" rel=\"tag\">Eveniment<\/a>, <a href=\"https:\/\/www.sursadevest.ro\/categorie\/stiri\/\" rel=\"tag\">\u0218tiri<\/a> | <a href=\"https:\/\/www.sursadevest.ro\/atentie-la-ambrozie-cand-si-cum-se-distruge-buruiana\/#respond\">Niciun comentariu<span class=\"screen-reader-text\"> la Aten\u021bie la ambrozie! C\u00e2nd \u0219i cum se distruge buruiana?<\/span><\/a><\/div>\n<h3 class=\"el-title uk-h4 uk-link-reset uk-margin-small-top uk-margin-remove-bottom\"><a href=\"https:\/\/www.sursadevest.ro\/atentie-la-ambrozie-cand-si-cum-se-distruge-buruiana\/\">Aten\u021bie la ambrozie! C\u00e2nd \u0219i cum se distruge buruiana?<\/a><\/h3>\n<div class=\"el-content uk-panel uk-margin-small-top\">Agen\u0163ia pentru Protec\u0163ia Mediului Timi\u0219 atrage aten\u021bia asupra necesit\u0103\u021bii combaterii abroziei, cunoscut\u0103 ca iarba p\u00e2rloagelor. Sursa de Vest See Full Bio<\/div>\n<div class=\"uk-margin-top\"><a href=\"https:\/\/www.sursadevest.ro\/atentie-la-ambrozie-cand-si-cum-se-distruge-buruiana\/\" class=\"el-link uk-button uk-button-text\">Vezi detalii<\/a><\/div>\n<\/div>\n<\/div>\n<div>\n<div class=\"el-item uk-panel uk-margin-remove-first-child\"><a href=\"https:\/\/www.sursadevest.ro\/aquatim-instaleaza-noi-contoare-inteligente-in-timisoara-vezi-aici-strazile-vizate\/\"><br \/>\n<source type=\"image\/webp\" srcset=\"\/wp-content\/themes\/yootheme\/cache\/8f\/contor-aquatim-8fc6bfe4.webp 610w, \/wp-content\/themes\/yootheme\/cache\/0e\/contor-aquatim-0ea90392.webp 768w, \/wp-content\/themes\/yootheme\/cache\/fe\/contor-aquatim-feff672a.webp 900w\" sizes=\"(min-width: 610px) 610px\" \/><\/a><\/p>\n<div class=\"el-meta uk-h6 uk-text-primary uk-margin-top uk-margin-remove-bottom\"><time datetime=\"2026-04-02T13:31:48+02:00\">2 aprilie, 2026<\/time> | <a href=\"https:\/\/www.sursadevest.ro\/author\/petronela\/\">Sursa de Vest<\/a> | <a href=\"https:\/\/www.sursadevest.ro\/categorie\/stiri\/eveniment\/\" rel=\"tag\">Eveniment<\/a>, <a href=\"https:\/\/www.sursadevest.ro\/categorie\/stiri\/\" rel=\"tag\">\u0218tiri<\/a> | <a href=\"https:\/\/www.sursadevest.ro\/aquatim-instaleaza-noi-contoare-inteligente-in-timisoara-vezi-aici-strazile-vizate\/#respond\">Niciun comentariu<span class=\"screen-reader-text\"> la Aquatim instaleaz\u0103 noi contoare inteligente, \u00een Timi\u0219oara. Vezi aici str\u0103zile vizate!<\/span><\/a><\/div>\n<h3 class=\"el-title uk-h4 uk-link-reset uk-margin-small-top uk-margin-remove-bottom\"><a href=\"https:\/\/www.sursadevest.ro\/aquatim-instaleaza-noi-contoare-inteligente-in-timisoara-vezi-aici-strazile-vizate\/\">Aquatim instaleaz\u0103 noi contoare inteligente, \u00een Timi\u0219oara. Vezi aici str\u0103zile vizate!<\/a><\/h3>\n<div class=\"el-content uk-panel uk-margin-small-top\">Aquatim, prin intermediul unei firme specializate, continu\u0103 procesul de digitalizare a contoarelor de bran\u0219ament \u00een cartierele din Timi\u0219oara. Sursa de Vest See Full Bio<\/div>\n<div class=\"uk-margin-top\"><a href=\"https:\/\/www.sursadevest.ro\/aquatim-instaleaza-noi-contoare-inteligente-in-timisoara-vezi-aici-strazile-vizate\/\" class=\"el-link uk-button uk-button-text\">Vezi detalii<\/a><\/div>\n<\/div>\n<\/div>\n<div>\n<div class=\"el-item uk-panel uk-margin-remove-first-child\"><a href=\"https:\/\/www.sursadevest.ro\/un-sofer-neatent-a-lovit-in-plin-o-ambulanta-aflata-in-misiune\/\"><br \/>\n<source type=\"image\/webp\" srcset=\"\/wp-content\/themes\/yootheme\/cache\/47\/acc-ambulanta-47aa3e53.webp 610w, \/wp-content\/themes\/yootheme\/cache\/d9\/acc-ambulanta-d95309c3.webp 768w, \/wp-content\/themes\/yootheme\/cache\/d2\/acc-ambulanta-d2bf2313.webp 1024w, https:\/\/www.sursadevest.ro\/wp-json\/yootheme\/image?src=%7B%22file%22%3A%22wp-content%2Fuploads%2F2026%2F04%2Facc-ambulanta.jpg%22%2C%22type%22%3A%22webp%2C85%22%2C%22thumbnail%22%3A%221044%2C591%2C%22%7D&amp;hash=16788a8e 1044w, \/wp-content\/themes\/yootheme\/cache\/7e\/acc-ambulanta-7e1b98a2.webp 1045w\" sizes=\"(min-width: 610px) 610px\" \/><\/a><\/p>\n<div class=\"el-meta uk-h6 uk-text-primary uk-margin-top uk-margin-remove-bottom\"><time datetime=\"2026-04-02T13:21:32+02:00\">2 aprilie, 2026<\/time> | <a href=\"https:\/\/www.sursadevest.ro\/author\/petronela\/\">Sursa de Vest<\/a> | <a href=\"https:\/\/www.sursadevest.ro\/categorie\/stiri\/eveniment\/\" rel=\"tag\">Eveniment<\/a>, <a href=\"https:\/\/www.sursadevest.ro\/categorie\/stiri\/\" rel=\"tag\">\u0218tiri<\/a> | <a href=\"https:\/\/www.sursadevest.ro\/un-sofer-neatent-a-lovit-in-plin-o-ambulanta-aflata-in-misiune\/#respond\">Niciun comentariu<span class=\"screen-reader-text\"> la VIDEO Un \u0219ofer neatent a lovit \u00een plin o ambulan\u021b\u0103 aflat\u0103 \u00een misiune! Momentul a fost surprins de camerele de supraveghere<\/span><\/a><\/div>\n<h3 class=\"el-title uk-h4 uk-link-reset uk-margin-small-top uk-margin-remove-bottom\"><a href=\"https:\/\/www.sursadevest.ro\/un-sofer-neatent-a-lovit-in-plin-o-ambulanta-aflata-in-misiune\/\">VIDEO Un \u0219ofer neatent a lovit \u00een plin o ambulan\u021b\u0103 aflat\u0103 \u00een misiune! Momentul a fost surprins de camerele de supraveghere<\/a><\/h3>\n<div class=\"el-content uk-panel uk-margin-small-top\">O ambulan\u021b\u0103 aflat\u0103 \u00eem misiune a fost izbit\u0103 \u00een plin de o ma\u0219in\u0103. Sursa de Vest See Full Bio<\/div>\n<div class=\"uk-margin-top\"><a href=\"https:\/\/www.sursadevest.ro\/un-sofer-neatent-a-lovit-in-plin-o-ambulanta-aflata-in-misiune\/\" class=\"el-link uk-button uk-button-text\">Vezi detalii<\/a><\/div>\n<\/div>\n<\/div>\n<div>\n<div class=\"el-item uk-panel uk-margin-remove-first-child\"><a href=\"https:\/\/www.sursadevest.ro\/peste-35-milioane-de-euro-investiti-in-digitalizarea-educatiei-si-cercetarii-medicale-la-universitatea-de-medicina-si-farmacie-din-timisoara\/\"><br \/>\n<source type=\"image\/webp\" srcset=\"\/wp-content\/themes\/yootheme\/cache\/27\/umft-272683e9.webp 610w, \/wp-content\/themes\/yootheme\/cache\/7b\/umft-7bfc0a7b.webp 768w, \/wp-content\/themes\/yootheme\/cache\/ec\/umft-ec0f8253.webp 800w\" sizes=\"(min-width: 610px) 610px\" \/><\/a><\/p>\n<div class=\"el-meta uk-h6 uk-text-primary uk-margin-top uk-margin-remove-bottom\"><time datetime=\"2026-04-02T13:08:56+02:00\">2 aprilie, 2026<\/time> | <a href=\"https:\/\/www.sursadevest.ro\/author\/petronela\/\">Sursa de Vest<\/a> | <a href=\"https:\/\/www.sursadevest.ro\/categorie\/stiri\/eveniment\/\" rel=\"tag\">Eveniment<\/a>, <a href=\"https:\/\/www.sursadevest.ro\/categorie\/stiri\/\" rel=\"tag\">\u0218tiri<\/a> | <a href=\"https:\/\/www.sursadevest.ro\/peste-35-milioane-de-euro-investiti-in-digitalizarea-educatiei-si-cercetarii-medicale-la-universitatea-de-medicina-si-farmacie-din-timisoara\/#respond\">Niciun comentariu<span class=\"screen-reader-text\"> la Peste 3,5 milioane de euro, investi\u021bi \u00een digitalizarea educa\u021biei \u0219i cercet\u0103rii medicale la Universitatea de Medicin\u0103 \u0219i Farmacie din Timi\u0219oara<\/span><\/a><\/div>\n<h3 class=\"el-title uk-h4 uk-link-reset uk-margin-small-top uk-margin-remove-bottom\"><a href=\"https:\/\/www.sursadevest.ro\/peste-35-milioane-de-euro-investiti-in-digitalizarea-educatiei-si-cercetarii-medicale-la-universitatea-de-medicina-si-farmacie-din-timisoara\/\">Peste 3,5 milioane de euro, investi\u021bi \u00een digitalizarea educa\u021biei \u0219i cercet\u0103rii medicale la Universitatea de Medicin\u0103 \u0219i Farmacie din Timi\u0219oara<\/a><\/h3>\n<div class=\"el-content uk-panel uk-margin-small-top\">Universitatea de Medicin\u0103 \u0219i Farmacie \u201eVictor Babe\u0219\u201d din Timi\u0219oara anun\u021b\u0103 finalizarea unui proiect finan\u021bat prin PNRR, care a consolidat infrastructura digital\u0103 pentru educa\u021bie \u0219i cercetare \u00een domeniul medical. Sursa de Vest See Full Bio<\/div>\n<div class=\"uk-margin-top\"><a href=\"https:\/\/www.sursadevest.ro\/peste-35-milioane-de-euro-investiti-in-digitalizarea-educatiei-si-cercetarii-medicale-la-universitatea-de-medicina-si-farmacie-din-timisoara\/\" class=\"el-link uk-button uk-button-text\">Vezi detalii<\/a><\/div>\n<\/div>\n<\/div>\n<div>\n<div class=\"el-item uk-panel uk-margin-remove-first-child\"><a href=\"https:\/\/www.sursadevest.ro\/cornelia-micicoi-la-sase-luni-de-la-preluarea-mandatului-de-prefect-al-judetului-timis-a-fost-o-perioada-plina-de-provocari-si-de-probleme-neprevazute\/\"><img decoding=\"async\" src=\"https:\/\/www.sursadevest.ro\/wp-content\/uploads\/2026\/04\/elena-micicoi.gif\" width=\"610\" height=\"381\" alt loading=\"lazy\" class=\"el-image uk-border-rounded\"><\/a><\/p>\n<div class=\"el-meta uk-h6 uk-text-primary uk-margin-top uk-margin-remove-bottom\"><time datetime=\"2026-04-02T12:57:21+02:00\">2 aprilie, 2026<\/time> | <a href=\"https:\/\/www.sursadevest.ro\/author\/petronela\/\">Sursa de Vest<\/a> | <a href=\"https:\/\/www.sursadevest.ro\/categorie\/stiri\/eveniment\/\" rel=\"tag\">Eveniment<\/a>, <a href=\"https:\/\/www.sursadevest.ro\/categorie\/stiri\/\" rel=\"tag\">\u0218tiri<\/a> | <a href=\"https:\/\/www.sursadevest.ro\/cornelia-micicoi-la-sase-luni-de-la-preluarea-mandatului-de-prefect-al-judetului-timis-a-fost-o-perioada-plina-de-provocari-si-de-probleme-neprevazute\/#respond\">Niciun comentariu<span class=\"screen-reader-text\"> la Cornelia Micicoi, la \u0219ase luni de la preluarea mandatului de prefect al jude\u021bului Timi\u0219: A fost o perioad\u0103 plin\u0103 de provoc\u0103ri \u0219i de probleme neprev\u0103zute<\/span><\/a><\/div>\n<h3 class=\"el-title uk-h4 uk-link-reset uk-margin-small-top uk-margin-remove-bottom\"><a href=\"https:\/\/www.sursadevest.ro\/cornelia-micicoi-la-sase-luni-de-la-preluarea-mandatului-de-prefect-al-judetului-timis-a-fost-o-perioada-plina-de-provocari-si-de-probleme-neprevazute\/\">Cornelia Micicoi, la \u0219ase luni de la preluarea mandatului de prefect al jude\u021bului Timi\u0219: A fost o perioad\u0103 plin\u0103 de provoc\u0103ri \u0219i de probleme neprev\u0103zute<\/a><\/h3>\n<div class=\"el-content uk-panel uk-margin-small-top\">Declararea st\u0103rii de urgen\u021b\u0103 din cauza gunoaielor, descoperirea de groaz\u0103 de la C\u0103minul de b\u0103tr\u00e2ni din Lenauheim sau a rampelor ilegale de de\u0219euri, acestea sunt doar c\u00e2teva dintre probleme gestionate de prefectul jude\u021bului Timi\u0219, \u00een primele \u0219ase luni de mandat. Sursa de Vest See Full Bio<\/div>\n<div class=\"uk-margin-top\"><a href=\"https:\/\/www.sursadevest.ro\/cornelia-micicoi-la-sase-luni-de-la-preluarea-mandatului-de-prefect-al-judetului-timis-a-fost-o-perioada-plina-de-provocari-si-de-probleme-neprevazute\/\" class=\"el-link uk-button uk-button-text\">Vezi detalii<\/a><\/div>\n<\/div>\n<\/div>\n<div>\n<div class=\"el-item uk-panel uk-margin-remove-first-child\"><a href=\"https:\/\/www.sursadevest.ro\/facturile-explodeaza-dupa-criza-petrolului-solutia-la-care-apeleaza-tot-mai-multi-romani-ca-sa-isi-scada-costurile\/\"><img decoding=\"async\" src=\"https:\/\/www.sursadevest.ro\/wp-content\/uploads\/2026\/04\/termostat-caldura.gif\" width=\"610\" height=\"339\" alt loading=\"lazy\" class=\"el-image uk-border-rounded\"><\/a><\/p>\n<div class=\"el-meta uk-h6 uk-text-primary uk-margin-top uk-margin-remove-bottom\"><time datetime=\"2026-04-02T12:45:44+02:00\">2 aprilie, 2026<\/time> | <a href=\"https:\/\/www.sursadevest.ro\/author\/petronela\/\">Sursa de Vest<\/a> | <a href=\"https:\/\/www.sursadevest.ro\/categorie\/stiri\/eveniment\/\" rel=\"tag\">Eveniment<\/a>, <a href=\"https:\/\/www.sursadevest.ro\/categorie\/stiri\/\" rel=\"tag\">\u0218tiri<\/a> | <a href=\"https:\/\/www.sursadevest.ro\/facturile-explodeaza-dupa-criza-petrolului-solutia-la-care-apeleaza-tot-mai-multi-romani-ca-sa-isi-scada-costurile\/#respond\">Niciun comentariu<span class=\"screen-reader-text\"> la Facturile explodeaz\u0103, dup\u0103 criza petrolului! Solu\u021bia la care apeleaz\u0103 tot mai mul\u021bi rom\u00e2ni, ca s\u0103 \u00ee\u0219i scad\u0103 costurile<\/span><\/a><\/div>\n<h3 class=\"el-title uk-h4 uk-link-reset uk-margin-small-top uk-margin-remove-bottom\"><a href=\"https:\/\/www.sursadevest.ro\/facturile-explodeaza-dupa-criza-petrolului-solutia-la-care-apeleaza-tot-mai-multi-romani-ca-sa-isi-scada-costurile\/\">Facturile explodeaz\u0103, dup\u0103 criza petrolului! Solu\u021bia la care apeleaz\u0103 tot mai mul\u021bi rom\u00e2ni, ca s\u0103 \u00ee\u0219i scad\u0103 costurile<\/a><\/h3>\n<div class=\"el-content uk-panel uk-margin-small-top\">Criza petrolului, generat\u0103 de conflictul din Orientul Mijlociu \u0219i de blocajele ap\u0103rute \u00een str\u00e2mtorile strategice pentru transportul de petrol, au \u00eenceput deja s\u0103 produc\u0103 efecte vizibile \u0219i pe pia\u021ba din Rom\u00e2nia. Cre\u0219terea accelerat\u0103 a pre\u021burilor la combustibili a determinat o schimbare rapid\u0103 \u00een comportamentul consumatorilor, orient\u00e2ndu-i c\u0103tre solu\u021bii alternative de eficien\u021b\u0103 energetic\u0103. Astfel, \u00een luna [\u2026]<\/div>\n<div class=\"uk-margin-top\"><a href=\"https:\/\/www.sursadevest.ro\/facturile-explodeaza-dupa-criza-petrolului-solutia-la-care-apeleaza-tot-mai-multi-romani-ca-sa-isi-scada-costurile\/\" class=\"el-link uk-button uk-button-text\">Vezi detalii<\/a><\/div>\n<\/div>\n<\/div>\n<div>\n<div class=\"el-item uk-panel uk-margin-remove-first-child\"><a href=\"https:\/\/www.sursadevest.ro\/intre-farsa-si-urgenta-reala-un-apel-de-1-aprilie-a-dus-la-salvarea-unei-femei-de-85-de-ani-imobilizata-in-locuinta\/\"><br \/>\n<source type=\"image\/webp\" srcset=\"\/wp-content\/themes\/yootheme\/cache\/ad\/batrana-ad28f8ca.webp 610w, \/wp-content\/themes\/yootheme\/cache\/d0\/batrana-d0a8f371.webp 768w, \/wp-content\/themes\/yootheme\/cache\/46\/batrana-468f69d3.webp 770w\" sizes=\"(min-width: 610px) 610px\" \/><\/a><\/p>\n<div class=\"el-meta uk-h6 uk-text-primary uk-margin-top uk-margin-remove-bottom\"><time datetime=\"2026-04-02T11:10:36+02:00\">2 aprilie, 2026<\/time> | <a href=\"https:\/\/www.sursadevest.ro\/author\/petronela\/\">Sursa de Vest<\/a> | <a href=\"https:\/\/www.sursadevest.ro\/categorie\/stiri\/eveniment\/\" rel=\"tag\">Eveniment<\/a>, <a href=\"https:\/\/www.sursadevest.ro\/categorie\/stiri\/\" rel=\"tag\">\u0218tiri<\/a> | <a href=\"https:\/\/www.sursadevest.ro\/intre-farsa-si-urgenta-reala-un-apel-de-1-aprilie-a-dus-la-salvarea-unei-femei-de-85-de-ani-imobilizata-in-locuinta\/#respond\">Niciun comentariu<span class=\"screen-reader-text\"> la \u00centre fars\u0103 \u0219i urgen\u021b\u0103 real\u0103! Un apel de 1 aprilie a dus la salvarea unei femei de 85 de ani, imobilizat\u0103 \u00een locuin\u021b\u0103<\/span><\/a><\/div>\n<h3 class=\"el-title uk-h4 uk-link-reset uk-margin-small-top uk-margin-remove-bottom\"><a href=\"https:\/\/www.sursadevest.ro\/intre-farsa-si-urgenta-reala-un-apel-de-1-aprilie-a-dus-la-salvarea-unei-femei-de-85-de-ani-imobilizata-in-locuinta\/\">\u00centre fars\u0103 \u0219i urgen\u021b\u0103 real\u0103! Un apel de 1 aprilie a dus la salvarea unei femei de 85 de ani, imobilizat\u0103 \u00een locuin\u021b\u0103<\/a><\/h3>\n<div class=\"el-content uk-panel uk-margin-small-top\">Un apel primit ieri, \u00een dispeceratul Spitalului Jude\u021bean din Timi\u0219oara, a f\u0103cut diferen\u021ba \u00eentre via\u021b\u0103 \u0219i moarte. Sursa de Vest See Full Bio<\/div>\n<div class=\"uk-margin-top\"><a href=\"https:\/\/www.sursadevest.ro\/intre-farsa-si-urgenta-reala-un-apel-de-1-aprilie-a-dus-la-salvarea-unei-femei-de-85-de-ani-imobilizata-in-locuinta\/\" class=\"el-link uk-button uk-button-text\">Vezi detalii<\/a><\/div>\n<\/div>\n<\/div>\n<div>\n<div class=\"el-item uk-panel uk-margin-remove-first-child\"><a href=\"https:\/\/www.sursadevest.ro\/jaf-de-proportii-in-timis-hotii-au-furat-un-seif-cu-aproape-40-000-de-euro-dupa-ce-au-sustras-banii-au-abandonat-cutia-de-valori-pe-camp\/\"><br \/>\n<source type=\"image\/webp\" srcset=\"\/wp-content\/themes\/yootheme\/cache\/93\/Politie-1-936a2858.webp 610w, \/wp-content\/themes\/yootheme\/cache\/27\/Politie-1-2782673d.webp 768w, \/wp-content\/themes\/yootheme\/cache\/d7\/Politie-1-d7d40385.webp 900w\" sizes=\"(min-width: 610px) 610px\" \/><\/a><\/p>\n<div class=\"el-meta uk-h6 uk-text-primary uk-margin-top uk-margin-remove-bottom\"><time datetime=\"2026-04-02T09:33:19+02:00\">2 aprilie, 2026<\/time> | <a href=\"https:\/\/www.sursadevest.ro\/author\/petronela\/\">Sursa de Vest<\/a> | <a href=\"https:\/\/www.sursadevest.ro\/categorie\/stiri\/eveniment\/\" rel=\"tag\">Eveniment<\/a>, <a href=\"https:\/\/www.sursadevest.ro\/categorie\/stiri\/\" rel=\"tag\">\u0218tiri<\/a> | <a href=\"https:\/\/www.sursadevest.ro\/jaf-de-proportii-in-timis-hotii-au-furat-un-seif-cu-aproape-40-000-de-euro-dupa-ce-au-sustras-banii-au-abandonat-cutia-de-valori-pe-camp\/#respond\">Niciun comentariu<span class=\"screen-reader-text\"> la Jaf de propor\u021bii, \u00een Timi\u0219! Ho\u021bii au furat un seif cu aproape 40.000 de euro! Dup\u0103 ce au sustras banii, au abandonat cutia de valori, pe c\u00e2mp<\/span><\/a><\/div>\n<h3 class=\"el-title uk-h4 uk-link-reset uk-margin-small-top uk-margin-remove-bottom\"><a href=\"https:\/\/www.sursadevest.ro\/jaf-de-proportii-in-timis-hotii-au-furat-un-seif-cu-aproape-40-000-de-euro-dupa-ce-au-sustras-banii-au-abandonat-cutia-de-valori-pe-camp\/\">Jaf de propor\u021bii, \u00een Timi\u0219! Ho\u021bii au furat un seif cu aproape 40.000 de euro! Dup\u0103 ce au sustras banii, au abandonat cutia de valori, pe c\u00e2mp<\/a><\/h3>\n<div class=\"el-content uk-panel uk-margin-small-top\">Anchet[ de propor\u021bii, \u00een jude\u021bul Timi\u0219, dup\u0103 ce asear\u0103, \u00een jurul orei 18:25, un apel la 112 a semnalat o descoperire surprinz\u0103toare. Sursa de Vest See Full Bio<\/div>\n<div class=\"uk-margin-top\"><a href=\"https:\/\/www.sursadevest.ro\/jaf-de-proportii-in-timis-hotii-au-furat-un-seif-cu-aproape-40-000-de-euro-dupa-ce-au-sustras-banii-au-abandonat-cutia-de-valori-pe-camp\/\" class=\"el-link uk-button uk-button-text\">Vezi detalii<\/a><\/div>\n<\/div>\n<\/div>\n<div>\n<div class=\"el-item uk-panel uk-margin-remove-first-child\"><a href=\"https:\/\/www.sursadevest.ro\/prima-misiune-economica-a-ccia-timis-in-peru-si-columbia-deschide-noi-oportunitati-pentru-companiile-timisene\/\"><img decoding=\"async\" src=\"https:\/\/www.sursadevest.ro\/wp-content\/uploads\/2026\/04\/cciat-peru2.gif\" width=\"610\" height=\"381\" alt loading=\"lazy\" class=\"el-image uk-border-rounded\"><\/a><\/p>\n<div class=\"el-meta uk-h6 uk-text-primary uk-margin-top uk-margin-remove-bottom\"><time datetime=\"2026-04-02T08:37:55+02:00\">2 aprilie, 2026<\/time> | <a href=\"https:\/\/www.sursadevest.ro\/author\/petronela\/\">Sursa de Vest<\/a> | <a href=\"https:\/\/www.sursadevest.ro\/categorie\/stiri\/economic\/\" rel=\"tag\">Economic<\/a>, <a href=\"https:\/\/www.sursadevest.ro\/categorie\/stiri\/eveniment\/\" rel=\"tag\">Eveniment<\/a>, <a href=\"https:\/\/www.sursadevest.ro\/categorie\/stiri\/\" rel=\"tag\">\u0218tiri<\/a> | <a href=\"https:\/\/www.sursadevest.ro\/prima-misiune-economica-a-ccia-timis-in-peru-si-columbia-deschide-noi-oportunitati-pentru-companiile-timisene\/#respond\">Niciun comentariu<span class=\"screen-reader-text\"> la Prima misiune economic\u0103 a CCIA Timi\u0219 \u00een Peru \u0219i Columbia deschide noi oportunit\u0103\u021bi pentru companiile timi\u0219ene<\/span><\/a><\/div>\n<h3 class=\"el-title uk-h4 uk-link-reset uk-margin-small-top uk-margin-remove-bottom\"><a href=\"https:\/\/www.sursadevest.ro\/prima-misiune-economica-a-ccia-timis-in-peru-si-columbia-deschide-noi-oportunitati-pentru-companiile-timisene\/\">Prima misiune economic\u0103 a CCIA Timi\u0219 \u00een Peru \u0219i Columbia deschide noi oportunit\u0103\u021bi pentru companiile timi\u0219ene<\/a><\/h3>\n<div class=\"el-content uk-panel uk-margin-small-top\">O delega\u021bie de afaceri din jude\u021bul Timi\u0219 a participat la prima misiune economic\u0103 de documentare \u0219i prospectare organizat\u0103 \u00een Peru \u0219i Columbia. Sursa de Vest See Full Bio<\/div>\n<div class=\"uk-margin-top\"><a href=\"https:\/\/www.sursadevest.ro\/prima-misiune-economica-a-ccia-timis-in-peru-si-columbia-deschide-noi-oportunitati-pentru-companiile-timisene\/\" class=\"el-link uk-button uk-button-text\">Vezi detalii<\/a><\/div>\n<\/div>\n<\/div>\n<div>\n<div class=\"el-item uk-panel uk-margin-remove-first-child\"><a href=\"https:\/\/www.sursadevest.ro\/interventie-contracronometru-pentru-salvarea-unui-barbat-prins-sub-un-utilaj-de-foraj-a-fost-solicitat-elicopterul-smurd\/\"><br \/>\n<source type=\"image\/webp\" srcset=\"\/wp-content\/themes\/yootheme\/cache\/fd\/elicopter-smurd-fdaf7dc4.webp 610w, \/wp-content\/themes\/yootheme\/cache\/19\/elicopter-smurd-1920c32d.webp 660w\" sizes=\"(min-width: 610px) 610px\" \/><\/a><\/p>\n<div class=\"el-meta uk-h6 uk-text-primary uk-margin-top uk-margin-remove-bottom\"><time datetime=\"2026-04-01T15:25:04+02:00\">1 aprilie, 2026<\/time> | <a href=\"https:\/\/www.sursadevest.ro\/author\/petronela\/\">Sursa de Vest<\/a> | <a href=\"https:\/\/www.sursadevest.ro\/categorie\/stiri\/eveniment\/\" rel=\"tag\">Eveniment<\/a>, <a href=\"https:\/\/www.sursadevest.ro\/categorie\/stiri\/\" rel=\"tag\">\u0218tiri<\/a> | <a href=\"https:\/\/www.sursadevest.ro\/interventie-contracronometru-pentru-salvarea-unui-barbat-prins-sub-un-utilaj-de-foraj-a-fost-solicitat-elicopterul-smurd\/#respond\">Niciun comentariu<span class=\"screen-reader-text\"> la Interven\u021bie contracronometru pentru salvarea unui b\u0103rbat prins sub un utilaj de foraj! A fost solicitat elicopterul SMURD<\/span><\/a><\/div>\n<h3 class=\"el-title uk-h4 uk-link-reset uk-margin-small-top uk-margin-remove-bottom\"><a href=\"https:\/\/www.sursadevest.ro\/interventie-contracronometru-pentru-salvarea-unui-barbat-prins-sub-un-utilaj-de-foraj-a-fost-solicitat-elicopterul-smurd\/\">Interven\u021bie contracronometru pentru salvarea unui b\u0103rbat prins sub un utilaj de foraj! A fost solicitat elicopterul SMURD<\/a><\/h3>\n<div class=\"el-content uk-panel uk-margin-small-top\">Mobilizare de for\u021be, \u00een aceast\u0103 dup\u0103-amiaz\u0103 pentru salvarea unui b\u0103rbat, surprins sub un utilaj de foraj, \u00eentr-un loc greu accesibil. Sursa de Vest See Full Bio<\/div>\n<div class=\"uk-margin-top\"><a href=\"https:\/\/www.sursadevest.ro\/interventie-contracronometru-pentru-salvarea-unui-barbat-prins-sub-un-utilaj-de-foraj-a-fost-solicitat-elicopterul-smurd\/\" class=\"el-link uk-button uk-button-text\">Vezi detalii<\/a><\/div>\n<\/div>\n<\/div>\n<div>\n<div class=\"el-item uk-panel uk-margin-remove-first-child\"><a href=\"https:\/\/www.sursadevest.ro\/timisoara-obiectiv-cinema-revine-in-2026-cu-finantari-pentru-proiecte-cinematografice\/\"><br \/>\n<source type=\"image\/webp\" srcset=\"\/wp-content\/themes\/yootheme\/cache\/79\/cinema-victoria-791bd760.webp 610w, \/wp-content\/themes\/yootheme\/cache\/6f\/cinema-victoria-6f8fedbc.webp 768w, \/wp-content\/themes\/yootheme\/cache\/72\/cinema-victoria-723b725f.webp 1024w, \/wp-content\/themes\/yootheme\/cache\/e3\/cinema-victoria-e3274723.webp 1220w\" sizes=\"(min-width: 610px) 610px\" \/><\/a><\/p>\n<div class=\"el-meta uk-h6 uk-text-primary uk-margin-top uk-margin-remove-bottom\"><time datetime=\"2026-04-01T14:25:14+02:00\">1 aprilie, 2026<\/time> | <a href=\"https:\/\/www.sursadevest.ro\/author\/petronela\/\">Sursa de Vest<\/a> | <a href=\"https:\/\/www.sursadevest.ro\/categorie\/stiri\/eveniment\/\" rel=\"tag\">Eveniment<\/a>, <a href=\"https:\/\/www.sursadevest.ro\/categorie\/stiri\/\" rel=\"tag\">\u0218tiri<\/a> | <a href=\"https:\/\/www.sursadevest.ro\/timisoara-obiectiv-cinema-revine-in-2026-cu-finantari-pentru-proiecte-cinematografice\/#respond\">Niciun comentariu<span class=\"screen-reader-text\"> la \u201eTimi\u0219oara \u2013 Obiectiv Cinema\u201d revine \u00een 2026 cu finan\u021b\u0103ri pentru proiecte cinematografice!<\/span><\/a><\/div>\n<h3 class=\"el-title uk-h4 uk-link-reset uk-margin-small-top uk-margin-remove-bottom\"><a href=\"https:\/\/www.sursadevest.ro\/timisoara-obiectiv-cinema-revine-in-2026-cu-finantari-pentru-proiecte-cinematografice\/\">\u201eTimi\u0219oara \u2013 Obiectiv Cinema\u201d revine \u00een 2026 cu finan\u021b\u0103ri pentru proiecte cinematografice!<\/a><\/h3>\n<div class=\"el-content uk-panel uk-margin-small-top\">Centrul de Proiecte anun\u021b\u0103 lansarea edi\u021biei 2026 a programului \u201eTimi\u0219oara \u2013 Obiectiv Cinema\u201d, singurul din Rom\u00e2nia dedicat exclusiv sus\u021binerii evenimentelor cinematografice. Sursa de Vest See Full Bio<\/div>\n<div class=\"uk-margin-top\"><a href=\"https:\/\/www.sursadevest.ro\/timisoara-obiectiv-cinema-revine-in-2026-cu-finantari-pentru-proiecte-cinematografice\/\" class=\"el-link uk-button uk-button-text\">Vezi detalii<\/a><\/div>\n<\/div>\n<\/div>\n<div>\n<div class=\"el-item uk-panel uk-margin-remove-first-child\"><a href=\"https:\/\/www.sursadevest.ro\/traseul-mitei-de-la-arr-procurorii-dna-devoaleaza-activitatea-infractionala-condusa-de-cristian-anton-interceptarile-il-surprind-numarand-banii\/\"><br \/>\n<source type=\"image\/webp\" srcset=\"\/wp-content\/themes\/yootheme\/cache\/de\/cristian-anton-de74b898.webp 610w, \/wp-content\/themes\/yootheme\/cache\/e7\/cristian-anton-e76299dd.webp 768w, \/wp-content\/themes\/yootheme\/cache\/35\/cristian-anton-35e48813.webp 1024w, \/wp-content\/themes\/yootheme\/cache\/a4\/cristian-anton-a40e267c.webp 1186w\" sizes=\"(min-width: 610px) 610px\" \/><\/a><\/p>\n<div class=\"el-meta uk-h6 uk-text-primary uk-margin-top uk-margin-remove-bottom\"><time datetime=\"2026-04-01T13:41:00+02:00\">1 aprilie, 2026<\/time> | <a href=\"https:\/\/www.sursadevest.ro\/author\/petronela\/\">Sursa de Vest<\/a> | <a href=\"https:\/\/www.sursadevest.ro\/categorie\/stiri\/eveniment\/\" rel=\"tag\">Eveniment<\/a>, <a href=\"https:\/\/www.sursadevest.ro\/categorie\/stiri\/\" rel=\"tag\">\u0218tiri<\/a> | <a href=\"https:\/\/www.sursadevest.ro\/traseul-mitei-de-la-arr-procurorii-dna-devoaleaza-activitatea-infractionala-condusa-de-cristian-anton-interceptarile-il-surprind-numarand-banii\/#comments\">1 comentariu<span class=\"screen-reader-text\"> la Traseul mitei de la ARR! Procurorii DNA devoaleaz\u0103 activitatea infrac\u021bional\u0103 condus\u0103 de  Cristian Anton! Intercept\u0103rile \u00eel surprind num\u0103r\u00e2nd banii<\/span><\/a><\/div>\n<h3 class=\"el-title uk-h4 uk-link-reset uk-margin-small-top uk-margin-remove-bottom\"><a href=\"https:\/\/www.sursadevest.ro\/traseul-mitei-de-la-arr-procurorii-dna-devoaleaza-activitatea-infractionala-condusa-de-cristian-anton-interceptarile-il-surprind-numarand-banii\/\">Traseul mitei de la ARR! Procurorii DNA devoaleaz\u0103 activitatea infrac\u021bional\u0103 condus\u0103 de  Cristian Anton! Intercept\u0103rile \u00eel surprind num\u0103r\u00e2nd banii<\/a><\/h3>\n<div class=\"el-content uk-panel uk-margin-small-top\">Directorul general al Autorit\u0103\u021bii Rutiere Rom\u00e2ne, Cristian Anton a fost re\u021binut de procurorii DNA, fiind acuzat de luare de mit\u0103 \u0219i constituirea unui grup infrac\u021bional organizat. Sursa de Vest See Full Bio<\/div>\n<div class=\"uk-margin-top\"><a href=\"https:\/\/www.sursadevest.ro\/traseul-mitei-de-la-arr-procurorii-dna-devoaleaza-activitatea-infractionala-condusa-de-cristian-anton-interceptarile-il-surprind-numarand-banii\/\" class=\"el-link uk-button uk-button-text\">Vezi detalii<\/a><\/div>\n<\/div>\n<\/div>\n<div>\n<div class=\"el-item uk-panel uk-margin-remove-first-child\"><a href=\"https:\/\/www.sursadevest.ro\/a-fost-reluat-transportul-public-pe-bega-primele-curse-ale-vaporaselor-intampinate-cu-entuziasm-de-copii-parinti-si-bunici\/\"><img decoding=\"async\" src=\"https:\/\/www.sursadevest.ro\/wp-content\/uploads\/2026\/04\/vaporas.gif\" width=\"610\" height=\"381\" alt loading=\"lazy\" class=\"el-image uk-border-rounded\"><\/a><\/p>\n<div class=\"el-meta uk-h6 uk-text-primary uk-margin-top uk-margin-remove-bottom\"><time datetime=\"2026-04-01T13:19:41+02:00\">1 aprilie, 2026<\/time> | <a href=\"https:\/\/www.sursadevest.ro\/author\/petronela\/\">Sursa de Vest<\/a> | <a href=\"https:\/\/www.sursadevest.ro\/categorie\/stiri\/eveniment\/\" rel=\"tag\">Eveniment<\/a>, <a href=\"https:\/\/www.sursadevest.ro\/categorie\/stiri\/\" rel=\"tag\">\u0218tiri<\/a> | <a href=\"https:\/\/www.sursadevest.ro\/a-fost-reluat-transportul-public-pe-bega-primele-curse-ale-vaporaselor-intampinate-cu-entuziasm-de-copii-parinti-si-bunici\/#respond\">Niciun comentariu<span class=\"screen-reader-text\"> la A fost reluat transportul public pe Bega! Primele curse ale vapora\u0219elor, \u00eent\u00e2mpinate cu entuziasm de copii, p\u0103rin\u021bi \u0219i bunici<\/span><\/a><\/div>\n<h3 class=\"el-title uk-h4 uk-link-reset uk-margin-small-top uk-margin-remove-bottom\"><a href=\"https:\/\/www.sursadevest.ro\/a-fost-reluat-transportul-public-pe-bega-primele-curse-ale-vaporaselor-intampinate-cu-entuziasm-de-copii-parinti-si-bunici\/\">A fost reluat transportul public pe Bega! Primele curse ale vapora\u0219elor, \u00eent\u00e2mpinate cu entuziasm de copii, p\u0103rin\u021bi \u0219i bunici<\/a><\/h3>\n<div class=\"el-content uk-panel uk-margin-small-top\">Vapora\u0219ele \u0219i-au reluat oficial, \u00een aceast\u0103 diminea\u021b\u0103, cursele pe canalul navigabil Bega. Sursa de Vest See Full Bio<\/div>\n<div class=\"uk-margin-top\"><a href=\"https:\/\/www.sursadevest.ro\/a-fost-reluat-transportul-public-pe-bega-primele-curse-ale-vaporaselor-intampinate-cu-entuziasm-de-copii-parinti-si-bunici\/\" class=\"el-link uk-button uk-button-text\">Vezi detalii<\/a><\/div>\n<\/div>\n<\/div>\n<\/div>\n<\/div>\n<\/div>\n<div class=\"uk-width-1-3@m\">\n<h2 class=\"uk-h4\">        Alte articole    <\/h2>\n<div class=\"uk-margin\">\n<div class=\"uk-grid uk-child-width-1-1 uk-child-width-1-2@s uk-child-width-1-1@m uk-grid-small uk-grid-divider uk-grid-match\">\n<div>\n<div class=\"el-item uk-panel\">\n<div class=\"uk-grid-column-small\">\n<div class=\"uk-width-auto\"><a href=\"https:\/\/www.sursadevest.ro\/cciat-si-cjpc-timis-organizeaza-o-sesiune-de-informare-dedicata-firmelor-din-judet-privind-legislatia-in-domeniul-protectiei-consumatorilor\/\"><br \/>\n<source type=\"image\/webp\" srcset=\"https:\/\/www.sursadevest.ro\/wp-json\/yootheme\/image?src=%7B%22file%22%3A%22wp-content%2Fuploads%2F2024%2F06%2Fseminar-cciat-opc-4.jpg%22%2C%22type%22%3A%22webp%2C85%22%2C%22thumbnail%22%3A%2275%2C75%2C%22%7D&amp;hash=77811f57 75w, https:\/\/www.sursadevest.ro\/wp-json\/yootheme\/image?src=%7B%22file%22%3A%22wp-content%2Fuploads%2F2024%2F06%2Fseminar-cciat-opc-4.jpg%22%2C%22type%22%3A%22webp%2C85%22%2C%22thumbnail%22%3A%22150%2C150%2C%22%7D&amp;hash=f7361766 150w\" sizes=\"(min-width: 75px) 75px\" \/><\/a><\/div>\n<div class=\"uk-width-expand uk-margin-remove-first-child\">\n<div class=\"el-meta uk-h6 uk-text-primary uk-margin-top uk-margin-remove-bottom\">3 aprilie, 2026<\/div>\n<h3 class=\"el-title uk-h5 uk-link-reset uk-margin-remove-top uk-margin-remove-bottom\"><a href=\"https:\/\/www.sursadevest.ro\/cciat-si-cjpc-timis-organizeaza-o-sesiune-de-informare-dedicata-firmelor-din-judet-privind-legislatia-in-domeniul-protectiei-consumatorilor\/\">CCIAT \u0219i CJPC Timi\u0219 organizeaz\u0103 o sesiune de informare dedicat\u0103 firmelor din jude\u021b privind legisla\u021bia \u00een domeniul protec\u021biei consumatorilor!<\/a><\/h3>\n<div class=\"uk-margin-small-top\"><a href=\"https:\/\/www.sursadevest.ro\/cciat-si-cjpc-timis-organizeaza-o-sesiune-de-informare-dedicata-firmelor-din-judet-privind-legislatia-in-domeniul-protectiei-consumatorilor\/\" class=\"el-link uk-button uk-button-text\">Vezi detalii<\/a><\/div>\n<\/div>\n<\/div>\n<\/div>\n<\/div>\n<div>\n<div class=\"el-item uk-panel\">\n<div class=\"uk-grid-column-small\">\n<div class=\"uk-width-auto\"><a href=\"https:\/\/www.sursadevest.ro\/atentie-timisoreni-apar-modificari-in-circulatia-mai-multor-linii-de-tramvai-altele-se-suspenda-temporar\/\"><br \/>\n<source type=\"image\/webp\" srcset=\"\/wp-content\/themes\/yootheme\/cache\/76\/tramvai-1-768765d1.webp 75w, \/wp-content\/themes\/yootheme\/cache\/ce\/tramvai-1-cecf90ed.webp 150w\" sizes=\"(min-width: 75px) 75px\" \/><\/a><\/div>\n<div class=\"uk-width-expand uk-margin-remove-first-child\">\n<div class=\"el-meta uk-h6 uk-text-primary uk-margin-top uk-margin-remove-bottom\">2 aprilie, 2026<\/div>\n<h3 class=\"el-title uk-h5 uk-link-reset uk-margin-remove-top uk-margin-remove-bottom\"><a href=\"https:\/\/www.sursadevest.ro\/atentie-timisoreni-apar-modificari-in-circulatia-mai-multor-linii-de-tramvai-altele-se-suspenda-temporar\/\">Aten\u021bie, timi\u0219oreni! Apar modific\u0103ri \u00een circula\u021bia mai multor linii de tramvai! Altele se suspend\u0103 temporar<\/a><\/h3>\n<div class=\"uk-margin-small-top\"><a href=\"https:\/\/www.sursadevest.ro\/atentie-timisoreni-apar-modificari-in-circulatia-mai-multor-linii-de-tramvai-altele-se-suspenda-temporar\/\" class=\"el-link uk-button uk-button-text\">Vezi detalii<\/a><\/div>\n<\/div>\n<\/div>\n<\/div>\n<\/div>\n<div>\n<div class=\"el-item uk-panel\">\n<div class=\"uk-grid-column-small\">\n<div class=\"uk-width-auto\"><a href=\"https:\/\/www.sursadevest.ro\/cinci-victime-dintre-care-patru-copii-in-urma-unui-accident-trei-masini-s-au-ciocnit-la-timisoara\/\"><img decoding=\"async\" src=\"https:\/\/www.sursadevest.ro\/wp-content\/uploads\/2026\/04\/accident.gif\" width=\"75\" height=\"75\" alt loading=\"lazy\" class=\"el-image uk-object-cover\"><\/a><\/div>\n<div class=\"uk-width-expand uk-margin-remove-first-child\">\n<div class=\"el-meta uk-h6 uk-text-primary uk-margin-top uk-margin-remove-bottom\">2 aprilie, 2026<\/div>\n<h3 class=\"el-title uk-h5 uk-link-reset uk-margin-remove-top uk-margin-remove-bottom\"><a href=\"https:\/\/www.sursadevest.ro\/cinci-victime-dintre-care-patru-copii-in-urma-unui-accident-trei-masini-s-au-ciocnit-la-timisoara\/\">Cinci victime, dintre care patru copii, \u00een urma unui accident! Trei ma\u0219ini s-au ciocnit la Timi\u0219oara<\/a><\/h3>\n<div class=\"uk-margin-small-top\"><a href=\"https:\/\/www.sursadevest.ro\/cinci-victime-dintre-care-patru-copii-in-urma-unui-accident-trei-masini-s-au-ciocnit-la-timisoara\/\" class=\"el-link uk-button uk-button-text\">Vezi detalii<\/a><\/div>\n<\/div>\n<\/div>\n<\/div>\n<\/div>\n<div>\n<div class=\"el-item uk-panel\">\n<div class=\"uk-grid-column-small\">\n<div class=\"uk-width-auto\"><a href=\"https:\/\/www.sursadevest.ro\/timisoara-va-avea-primul-parc-fotovoltaic-primaria-a-lansat-licitatia-pentru-proiectare-si-executie\/\"><br \/>\n<source type=\"image\/webp\" srcset=\"\/wp-content\/themes\/yootheme\/cache\/cf\/parc-fotovoltaic-cf0b713d.webp 75w, \/wp-content\/themes\/yootheme\/cache\/75\/parc-fotovoltaic-75f382d7.webp 150w\" sizes=\"(min-width: 75px) 75px\" \/><\/a><\/div>\n<div class=\"uk-width-expand uk-margin-remove-first-child\">\n<div class=\"el-meta uk-h6 uk-text-primary uk-margin-top uk-margin-remove-bottom\">2 aprilie, 2026<\/div>\n<h3 class=\"el-title uk-h5 uk-link-reset uk-margin-remove-top uk-margin-remove-bottom\"><a href=\"https:\/\/www.sursadevest.ro\/timisoara-va-avea-primul-parc-fotovoltaic-primaria-a-lansat-licitatia-pentru-proiectare-si-executie\/\">Timi\u0219oara va avea primul parc fotovoltaic! Prim\u0103ria a lansat licita\u021bia pentru proiectare \u0219i execu\u021bie<\/a><\/h3>\n<div class=\"uk-margin-small-top\"><a href=\"https:\/\/www.sursadevest.ro\/timisoara-va-avea-primul-parc-fotovoltaic-primaria-a-lansat-licitatia-pentru-proiectare-si-executie\/\" class=\"el-link uk-button uk-button-text\">Vezi detalii<\/a><\/div>\n<\/div>\n<\/div>\n<\/div>\n<\/div>\n<\/div>\n<\/div>\n<div class=\"uk-margin-remove-vertical\">\n<div class=\"uk-grid uk-child-width-1-1 uk-grid-small uk-grid-divider uk-grid-match\">\n<div>\n<div class=\"el-item uk-panel\"><a href=\"https:\/\/xpilatesspa.ro\" target=\"_blank\"><\/p>\n<div class=\"uk-inline-clip uk-transition-toggle\">\n<source type=\"image\/webp\" srcset=\"\/wp-content\/themes\/yootheme\/cache\/1c\/WhatsApp-Image-2025-07-16-at-153218_b2c81b10-1ca7cccd.webp 768w, \/wp-content\/themes\/yootheme\/cache\/1d\/WhatsApp-Image-2025-07-16-at-153218_b2c81b10-1daa2a1f.webp 1024w, \/wp-content\/themes\/yootheme\/cache\/ff\/WhatsApp-Image-2025-07-16-at-153218_b2c81b10-ff5994c5.webp 1366w, \/wp-content\/themes\/yootheme\/cache\/4b\/WhatsApp-Image-2025-07-16-at-153218_b2c81b10-4b0246ed.webp 1600w\" sizes=\"(min-width: 1600px) 1600px\" \/><\/div>\n<p><\/a><\/p>\n<div class=\"uk-padding-small uk-margin-remove-first-child\">\n<div class=\"el-meta uk-text-meta uk-margin-small-top\">XPilates &amp; Spa<\/div>\n<div class=\"uk-margin-small-top\"><a href=\"https:\/\/xpilatesspa.ro\" target=\"_blank\" class=\"el-link uk-button uk-button-text\">Vezi detalii<\/a><\/div>\n<\/div>\n<\/div>\n<\/div>\n<div>\n<div class=\"el-item uk-panel\"><a href=\"https:\/\/retim.ro\/utile-timis\/abonamentul-verde\/\" target=\"_blank\"><\/p>\n<div class=\"uk-inline-clip uk-transition-toggle\"><img fetchpriority=\"high\" decoding=\"async\" src=\"https:\/\/www.sursadevest.ro\/wp-content\/uploads\/2024\/10\/ReTIM-Abonamentul-Verde-Google-Ads-300x250px.gif\" width=\"300\" height=\"250\" alt loading=\"eager\" class=\"el-image uk-transition-scale-down uk-transition-opaque\"><\/div>\n<p><\/a><\/p>\n<div class=\"uk-padding-small uk-margin-remove-first-child\">\n<div class=\"el-meta uk-text-meta uk-margin-small-top\">Retim Ecologic Service<\/div>\n<div class=\"uk-margin-small-top\"><a href=\"https:\/\/retim.ro\/utile-timis\/abonamentul-verde\/\" target=\"_blank\" class=\"el-link uk-button uk-button-text\">Vezi detalii<\/a><\/div>\n<\/div>\n<\/div>\n<\/div>\n<div>\n<div class=\"el-item uk-panel\"><a href=\"https:\/\/rmnimagisticas.ro\/\" target=\"_blank\"><\/p>\n<div class=\"uk-inline-clip uk-transition-toggle\">\n<source type=\"image\/webp\" srcset=\"\/wp-content\/themes\/yootheme\/cache\/60\/RMN-Imagistica-602f462a.webp 450w\" sizes=\"(min-width: 450px) 450px\" \/><\/div>\n<p><\/a><\/p>\n<div class=\"uk-padding-small uk-margin-remove-first-child\">\n<div class=\"el-meta uk-text-meta uk-margin-small-top\">RMN ImagisticAS<\/div>\n<div class=\"uk-margin-small-top\"><a href=\"https:\/\/rmnimagisticas.ro\/\" target=\"_blank\" class=\"el-link uk-button uk-button-text\">Vezi detalii<\/a><\/div>\n<\/div>\n<\/div>\n<\/div>\n<div>\n<div class=\"el-item uk-panel\"><a href=\"https:\/\/ro.san-marco.com\/\" target=\"_blank\"><\/p>\n<div class=\"uk-inline-clip uk-transition-toggle\">\n<source type=\"image\/webp\" srcset=\"\/wp-content\/themes\/yootheme\/cache\/dc\/sanmarco-dc386b49.webp 450w\" sizes=\"(min-width: 450px) 450px\" \/><\/div>\n<p><\/a><\/p>\n<div class=\"uk-padding-small uk-margin-remove-first-child\">\n<div class=\"el-meta uk-text-meta uk-margin-small-top\">San Marco<\/div>\n<div class=\"uk-margin-small-top\"><a href=\"https:\/\/ro.san-marco.com\/\" target=\"_blank\" class=\"el-link uk-button uk-button-text\">Vezi detalii<\/a><\/div>\n<\/div>\n<\/div>\n<\/div>\n<div>\n<div class=\"el-item uk-panel\"><a href=\"https:\/\/afiom.ro\/doneaza\" target=\"_blank\"><\/p>\n<div class=\"uk-inline-clip uk-transition-toggle\"><img decoding=\"async\" src=\"https:\/\/www.sursadevest.ro\/wp-content\/uploads\/2024\/12\/AfiOM_Sites_350x350_Mamici.gif\" width=\"350\" height=\"350\" alt loading=\"eager\" class=\"el-image uk-transition-scale-down uk-transition-opaque\"><\/div>\n<p><\/a><\/p>\n<div class=\"uk-padding-small uk-margin-remove-first-child\">\n<div class=\"el-meta uk-text-meta uk-margin-small-top\">A fi om!<\/div>\n<div class=\"uk-margin-small-top\"><a href=\"https:\/\/afiom.ro\/doneaza\" target=\"_blank\" class=\"el-link uk-button uk-button-text\">Vezi detalii<\/a><\/div>\n<\/div>\n<\/div>\n<\/div>\n<div>\n<div class=\"el-item uk-panel\"><a href=\"https:\/\/afiom.ro\/doneaza\" target=\"_blank\"><\/p>\n<div class=\"uk-inline-clip uk-transition-toggle\"><img decoding=\"async\" src=\"https:\/\/www.sursadevest.ro\/wp-content\/uploads\/2024\/12\/AfiOM_Sites_350x350_Sport.gif\" width=\"350\" height=\"350\" alt loading=\"eager\" class=\"el-image uk-transition-scale-down uk-transition-opaque\"><\/div>\n<p><\/a><\/p>\n<div class=\"uk-padding-small uk-margin-remove-first-child\">\n<div class=\"el-meta uk-text-meta uk-margin-small-top\">A fi om!<\/div>\n<div class=\"uk-margin-small-top\"><a href=\"https:\/\/afiom.ro\/doneaza\" target=\"_blank\" class=\"el-link uk-button uk-button-text\">Vezi detalii<\/a><\/div>\n<\/div>\n<\/div>\n<\/div>\n<div>\n<div class=\"el-item uk-panel uk-margin-remove-first-child\">\n<div class=\"el-meta uk-text-meta uk-margin-small-top\">For\u021ba Dreptei<\/div>\n<\/div>\n<\/div>\n<div>\n<div class=\"el-item uk-panel\"><a href=\"https:\/\/www.igard.ro\" target=\"_blank\"><\/p>\n<div class=\"uk-inline-clip uk-transition-toggle\">\n<source type=\"image\/webp\" srcset=\"\/wp-content\/themes\/yootheme\/cache\/c1\/iGard-0124-02-c1683a27.webp 768w, \/wp-content\/themes\/yootheme\/cache\/d2\/iGard-0124-02-d2eb5fb4.webp 1024w, \/wp-content\/themes\/yootheme\/cache\/e7\/iGard-0124-02-e7cc7cce.webp 1080w\" sizes=\"(min-width: 1080px) 1080px\" \/><\/div>\n<p><\/a><\/p>\n<div class=\"uk-padding-small uk-margin-remove-first-child\">\n<div class=\"el-meta uk-text-meta uk-margin-small-top\">iGard panouri de gard \u2013 www.igard.ro<\/div>\n<div class=\"uk-margin-small-top\"><a href=\"https:\/\/www.igard.ro\" target=\"_blank\" class=\"el-link uk-button uk-button-text\">Vezi detalii<\/a><\/div>\n<\/div>\n<\/div>\n<\/div>\n<div>\n<div class=\"el-item uk-panel\">\n<div class=\"uk-inline-clip uk-transition-toggle\">\n<source type=\"image\/webp\" srcset=\"\/wp-content\/themes\/yootheme\/cache\/d7\/atc-small-d7cb9ab8.webp 600w\" sizes=\"(min-width: 600px) 600px\" \/><\/div>\n<div class=\"uk-padding-small uk-margin-remove-first-child\">\n<div class=\"el-meta uk-text-meta uk-margin-small-top\">ATC BAUDESIGN<\/div>\n<\/div>\n<\/div>\n<\/div>\n<\/div>\n<\/div>\n<\/div>\n<\/div>\n<\/div>\n<\/div>\n<div class=\"aioseo-author-bio-compact\">\n<div class=\"aioseo-author-bio-compact-left\"><img decoding=\"async\" class=\"aioseo-author-bio-compact-image\" src=\"https:\/\/secure.gravatar.com\/avatar\/501cbb41fb946fd7475cb910bea8645fcd5f3c573a38078115f3b3b589fd7a2a?s=300&amp;d=mm&amp;r=g\" alt=\"author avatar\"><\/div>\n<div class=\"aioseo-author-bio-compact-right\">\n<div class=\"aioseo-author-bio-compact-header\"><span class=\"author-name\">Sursa de Vest<\/span><\/div>\n<div class=\"aioseo-author-bio-compact-main\">\n<div class=\"author-bio-link\"><a href=\"https:\/\/www.sursadevest.ro\/author\/petronela\/\">See Full Bio<\/a><\/div>\n<\/div>\n<\/div>\n<\/div>\n<p><\/main><\/p>\n<p>[analyse_source url=&#8221;https:\/\/www.sursadevest.ro\/facturile-explodeaza-dupa-criza-petrolului-solutia-la-care-apeleaza-tot-mai-multi-romani-ca-sa-isi-scada-costurile\/&#8221;]<\/p>\n","protected":false},"excerpt":{"rendered":"<p>[analyse_image type=&#8221;featured&#8221; src=&#8221;https:\/\/www.sursadevest.ro\/wp-content\/uploads\/2026\/04\/termostat-caldura.gif&#8221;] Facturile explodeaz\u0103, dup\u0103 criza petrolului! Solu\u021bia la care apeleaz\u0103 tot mai mul\u021bi rom\u00e2ni, ca s\u0103 \u00ee\u0219i scad\u0103 costurile 2 aprilie, 2026 | Sursa de Vest | Eveniment, \u0218tiri | Niciun comentariu la Facturile explodeaz\u0103, dup\u0103 criza petrolului! Solu\u021bia la care apeleaz\u0103 tot mai mul\u021bi rom\u00e2ni, ca s\u0103 \u00ee\u0219i scad\u0103 costurile \u0218tiri Eveniment [&hellip;]<\/p>\n","protected":false},"author":1,"featured_media":0,"comment_status":"open","ping_status":"","sticky":false,"template":"","format":"standard","meta":{"footnotes":""},"categories":[89],"tags":[226,200],"class_list":["post-1863034","post","type-post","status-publish","format-standard","hentry","category-romania","tag-crawlmanager","tag-sursadevest-ro"],"_links":{"self":[{"href":"https:\/\/analyse.optim.biz\/index.php?rest_route=\/wp\/v2\/posts\/1863034","targetHints":{"allow":["GET"]}}],"collection":[{"href":"https:\/\/analyse.optim.biz\/index.php?rest_route=\/wp\/v2\/posts"}],"about":[{"href":"https:\/\/analyse.optim.biz\/index.php?rest_route=\/wp\/v2\/types\/post"}],"author":[{"embeddable":true,"href":"https:\/\/analyse.optim.biz\/index.php?rest_route=\/wp\/v2\/users\/1"}],"replies":[{"embeddable":true,"href":"https:\/\/analyse.optim.biz\/index.php?rest_route=%2Fwp%2Fv2%2Fcomments&post=1863034"}],"version-history":[{"count":0,"href":"https:\/\/analyse.optim.biz\/index.php?rest_route=\/wp\/v2\/posts\/1863034\/revisions"}],"wp:attachment":[{"href":"https:\/\/analyse.optim.biz\/index.php?rest_route=%2Fwp%2Fv2%2Fmedia&parent=1863034"}],"wp:term":[{"taxonomy":"category","embeddable":true,"href":"https:\/\/analyse.optim.biz\/index.php?rest_route=%2Fwp%2Fv2%2Fcategories&post=1863034"},{"taxonomy":"post_tag","embeddable":true,"href":"https:\/\/analyse.optim.biz\/index.php?rest_route=%2Fwp%2Fv2%2Ftags&post=1863034"}],"curies":[{"name":"wp","href":"https:\/\/api.w.org\/{rel}","templated":true}]}}