{"id":186303,"date":"2015-02-17T22:34:48","date_gmt":"2015-02-17T19:34:48","guid":{"rendered":"https:\/\/analyse.optim.biz\/?p=186303"},"modified":"2015-02-17T22:34:48","modified_gmt":"2015-02-17T19:34:48","slug":"emil-hurezeanu-papusarii-din-spatele-elenei-udrea-si-cei-din-spatele-lui-victor-ponta-si-au-reglat-tirul","status":"publish","type":"post","link":"https:\/\/analyse.optim.biz\/?p=186303","title":{"rendered":"Emil Hurezeanu: P\u0103pu\u0219arii din spatele Elenei Udrea \u0219i cei din spatele lui Victor Ponta \u0219i-au reglat tirul"},"content":{"rendered":"<div class=\"entry data-app-meta data-app-meta-article\" data-embed-base-url-canonical=\"https:\/\/www.digi24.ro\/embed\/stiri\/actualitate\/politica\/emil-hurezeanu-papusarii-din-spatele-elenei-udrea-si-cei-din-spatele-lui-victor-ponta-si-au-reglat-tirul-360819\">\n<p data-index=\"1\">\u201e<span>Este interesant ce se \u00eent\u00e2mpl\u0103, este neobi\u0219nuit de interesant ce se \u00eent\u00e2mpl\u0103<em><strong>. Este imposibil ca ceea ce s-a \u00eent\u00e2mplat ast\u0103zi s\u0103 nu aib\u0103 de-a face, \u00een primul r\u00e2nd, cu p\u0103pu\u0219ari din spate,<\/strong><\/em> care \u0219i-au reglat tirul unul cu cel\u0103lalt \u0219i care au propria lor decontare\u201d, a declarat Emil Hurezeanu, \u00een \u201eJurnalul de Sear\u0103\u201d.<\/span><\/p>\n<p data-index=\"2\"><strong>\u201e<\/strong><span><em><strong>\u00cen spatele doamnei Udrea \u0219i \u00een spatele domnului Ghi\u021b\u0103, \u00een spatele domnului B\u0103sescu \u0219i \u00een spatele domnului Ponta, \u00een spatele domnului Coldea sunt \u0219i al\u021bii. Sunt formule de lucru ale statului, ale punerii \u00een \u0219ah a adversarului. Pentru c\u0103, altminteri, nu v\u0103d un sens al acestei pove\u0219ti\u201d<\/strong><\/em>, a mai spus jurnalistul.\u00a0<\/span><\/p>\n<p data-index=\"3\">Elena Udrea<a href=\"https:\/\/www.digi24.ro\/Stiri\/Digi24\/Actualitate\/Justitie\/Inalta+Curte+de+Casatie+si+Justitie+Magistratii+decid+daca+deput\" target=\"_blank\" data-skip-linkfix=\"1\" rel=\"noopener\"><strong> a fost eliberat\u0103<\/strong><\/a>din arestul Poli\u021biei Capitalei \u0219i va fi plasat\u0103 \u00een arest la domiciliu, a decis \u00cenalta Curte de Casa\u021bie \u0219i Justi\u021bie. Fostul ministru nu are voie s\u0103 plece de acas\u0103 f\u0103r\u0103 acordul autorit\u0103\u021bilor judiciare \u0219i nu poate lua leg\u0103tura direct sau indirect cu persoanele implicate \u00een dosarul Microsoft. De asemenea, ea nu poate posta pe Facebook \u0219i nu poate da interviuri \u00een leg\u0103tur\u0103 cu acest dosar.<\/p>\n<p data-index=\"4\">Pe de alt\u0103 parte, cumnatul premierului, Iulian Her\u0163anu, deputatul Sebastian Ghi\u0163\u0103 &#8211; un apropiat al \u015fefului Guvernului, Mircea Cosma &#8211; pre\u015fedintele Consiliului Jude\u0163ean Prahova, precum \u015fi fiul s\u0103u, Vlad, deputat PSD, <a href=\"https:\/\/www.digi24.ro\/Stiri\/Digi24\/Actualitate\/Justitie\/Perchezitii+la+suspecti+de+frauda+cu+fonduri+europene+Surse+ar+f\" target=\"_blank\" data-skip-linkfix=\"1\" rel=\"noopener\"><strong>au ajuns \u00een fa\u0163a procurorilor DNA.<\/strong><\/a><\/p>\n<\/div>\n<p> Source URL: https:\/\/www.digi24.ro\/stiri\/actualitate\/politica\/emil-hurezeanu-papusarii-din-spatele-elenei-udrea-si-cei-din-spatele-lui-victor-ponta-si-au-reglat-tirul-360819<\/p>\n","protected":false},"excerpt":{"rendered":"<p>\u201eEste interesant ce se \u00eent\u00e2mpl\u0103, este neobi\u0219nuit de interesant ce se \u00eent\u00e2mpl\u0103. Este imposibil ca ceea ce s-a \u00eent\u00e2mplat ast\u0103zi s\u0103 nu aib\u0103 de-a face, \u00een primul r\u00e2nd, cu p\u0103pu\u0219ari din spate, care \u0219i-au reglat tirul unul cu cel\u0103lalt \u0219i care au propria lor decontare\u201d, a declarat Emil Hurezeanu, \u00een \u201eJurnalul de Sear\u0103\u201d. \u201e\u00cen spatele [&hellip;]<\/p>\n","protected":false},"author":1,"featured_media":186304,"comment_status":"open","ping_status":"","sticky":false,"template":"","format":"standard","meta":{"footnotes":""},"categories":[2],"tags":[11],"class_list":["post-186303","post","type-post","status-publish","format-standard","has-post-thumbnail","hentry","category-politics","tag-digi24"],"_links":{"self":[{"href":"https:\/\/analyse.optim.biz\/index.php?rest_route=\/wp\/v2\/posts\/186303","targetHints":{"allow":["GET"]}}],"collection":[{"href":"https:\/\/analyse.optim.biz\/index.php?rest_route=\/wp\/v2\/posts"}],"about":[{"href":"https:\/\/analyse.optim.biz\/index.php?rest_route=\/wp\/v2\/types\/post"}],"author":[{"embeddable":true,"href":"https:\/\/analyse.optim.biz\/index.php?rest_route=\/wp\/v2\/users\/1"}],"replies":[{"embeddable":true,"href":"https:\/\/analyse.optim.biz\/index.php?rest_route=%2Fwp%2Fv2%2Fcomments&post=186303"}],"version-history":[{"count":0,"href":"https:\/\/analyse.optim.biz\/index.php?rest_route=\/wp\/v2\/posts\/186303\/revisions"}],"wp:featuredmedia":[{"embeddable":true,"href":"https:\/\/analyse.optim.biz\/index.php?rest_route=\/wp\/v2\/media\/186304"}],"wp:attachment":[{"href":"https:\/\/analyse.optim.biz\/index.php?rest_route=%2Fwp%2Fv2%2Fmedia&parent=186303"}],"wp:term":[{"taxonomy":"category","embeddable":true,"href":"https:\/\/analyse.optim.biz\/index.php?rest_route=%2Fwp%2Fv2%2Fcategories&post=186303"},{"taxonomy":"post_tag","embeddable":true,"href":"https:\/\/analyse.optim.biz\/index.php?rest_route=%2Fwp%2Fv2%2Ftags&post=186303"}],"curies":[{"name":"wp","href":"https:\/\/api.w.org\/{rel}","templated":true}]}}