{"id":186292,"date":"2015-02-17T22:36:22","date_gmt":"2015-02-17T19:36:22","guid":{"rendered":"https:\/\/analyse.optim.biz\/?p=186292"},"modified":"2015-02-17T22:36:22","modified_gmt":"2015-02-17T19:36:22","slug":"c-t-popescu-elena-udrea-poate-folosi-arestul-la-domiciliu-pentru-imaginea-sa","status":"publish","type":"post","link":"https:\/\/analyse.optim.biz\/?p=186292","title":{"rendered":"C. T. Popescu: Elena Udrea poate folosi arestul la domiciliu pentru imaginea sa"},"content":{"rendered":"<div class=\"entry data-app-meta data-app-meta-article\" data-embed-base-url-canonical=\"https:\/\/www.digi24.ro\/embed\/stiri\/actualitate\/politica\/c-t-popescu-elena-udrea-poate-folosi-arestul-la-domiciliu-pentru-imaginea-sa-360822\">\n<p data-index=\"1\">\u201e<span>Doamna Udrea poate s\u0103 utilizeze aceast\u0103 eliberare din arest \u00een scopul retoricii personale de imagine pe care a declan\u015fat-o \u00een Parlamentul Rom\u00e2niei, dar asta nu \u00eei schimb\u0103 efectiv situa\u0163ia, pozi\u0163ia \u00een clipa de fa\u0163\u0103 \u00een raport cu justi\u0163ia. Urmeaz\u0103 alte dosare \u00een care se cere arestarea sa\u201d, a spus Cristian Tudor Popescu.<\/span><\/p>\n<p data-index=\"2\">\u201e<span>Dna Udrea nu va mai face astfel de declara\u021bii, a\u0219a cum a aruncat \u00eenainte de a fi arestat\u0103, dar a\u0219 vrea s\u0103 \u0219tiu dac\u0103 \u0219i-a schimbat opinia cum c\u0103 judec\u0103torii nu vor putea, potrivit declara\u021biei domniei sale cum c\u0103 Rom\u00e2nia era o \u021bar\u0103 nazisto-comunist\u0103, d\u00e2nsa spunea c\u0103 judec\u0103torii nu vor fi capabili s\u0103 reziste presiunii exercitate de acoperi\u021bii SRI din pres\u0103, chiar de c\u0103tre SRI \u0219i DNA\u201d, a amintit Cristian Tudor Popescu.<\/span><\/p>\n<p data-index=\"3\">\u201e<span>Nu vor reu\u0219i s\u0103 reziste acestei presiuni, a\u015fa spunea. Imagina\u0163i-v\u0103 cum s\u0103 judece obiectiv corect acei judec\u0103tori? Acum, acei judec\u0103tori, acest sistem de justi\u0163ie pe care l-a incriminat vreme de zece zile \u00een care a prezentat o conspira\u0163ie na\u0163ional\u0103 a SRI, DNA \u015fi a Parlamentului \u015fi a judec\u0103torilor din aceast\u0103 \u0163ar\u0103 \u00eempotriva ei. \u00ce\u015fi mai men\u0163ine o asemenea viziune dup\u0103 ce \u00cenalta Curte a hot\u0103r\u00e2t s\u0103 \u00eei transforme arestul la sec\u0163ia de Poli\u0163ie, \u00een arest la domiciliu?\u201d, a spus jurnalistul.\u00a0<\/span><\/p>\n<\/div>\n<p> Source URL: https:\/\/www.digi24.ro\/stiri\/actualitate\/politica\/c-t-popescu-elena-udrea-poate-folosi-arestul-la-domiciliu-pentru-imaginea-sa-360822<\/p>\n","protected":false},"excerpt":{"rendered":"<p>\u201eDoamna Udrea poate s\u0103 utilizeze aceast\u0103 eliberare din arest \u00een scopul retoricii personale de imagine pe care a declan\u015fat-o \u00een Parlamentul Rom\u00e2niei, dar asta nu \u00eei schimb\u0103 efectiv situa\u0163ia, pozi\u0163ia \u00een clipa de fa\u0163\u0103 \u00een raport cu justi\u0163ia. Urmeaz\u0103 alte dosare \u00een care se cere arestarea sa\u201d, a spus Cristian Tudor Popescu. \u201eDna Udrea nu [&hellip;]<\/p>\n","protected":false},"author":1,"featured_media":186293,"comment_status":"open","ping_status":"","sticky":false,"template":"","format":"standard","meta":{"footnotes":""},"categories":[2],"tags":[11],"class_list":["post-186292","post","type-post","status-publish","format-standard","has-post-thumbnail","hentry","category-politics","tag-digi24"],"_links":{"self":[{"href":"https:\/\/analyse.optim.biz\/index.php?rest_route=\/wp\/v2\/posts\/186292","targetHints":{"allow":["GET"]}}],"collection":[{"href":"https:\/\/analyse.optim.biz\/index.php?rest_route=\/wp\/v2\/posts"}],"about":[{"href":"https:\/\/analyse.optim.biz\/index.php?rest_route=\/wp\/v2\/types\/post"}],"author":[{"embeddable":true,"href":"https:\/\/analyse.optim.biz\/index.php?rest_route=\/wp\/v2\/users\/1"}],"replies":[{"embeddable":true,"href":"https:\/\/analyse.optim.biz\/index.php?rest_route=%2Fwp%2Fv2%2Fcomments&post=186292"}],"version-history":[{"count":0,"href":"https:\/\/analyse.optim.biz\/index.php?rest_route=\/wp\/v2\/posts\/186292\/revisions"}],"wp:featuredmedia":[{"embeddable":true,"href":"https:\/\/analyse.optim.biz\/index.php?rest_route=\/wp\/v2\/media\/186293"}],"wp:attachment":[{"href":"https:\/\/analyse.optim.biz\/index.php?rest_route=%2Fwp%2Fv2%2Fmedia&parent=186292"}],"wp:term":[{"taxonomy":"category","embeddable":true,"href":"https:\/\/analyse.optim.biz\/index.php?rest_route=%2Fwp%2Fv2%2Fcategories&post=186292"},{"taxonomy":"post_tag","embeddable":true,"href":"https:\/\/analyse.optim.biz\/index.php?rest_route=%2Fwp%2Fv2%2Ftags&post=186292"}],"curies":[{"name":"wp","href":"https:\/\/api.w.org\/{rel}","templated":true}]}}