{"id":1862422,"date":"2026-04-02T14:48:27","date_gmt":"2026-04-02T11:48:27","guid":{"rendered":"https:\/\/analyse.optim.biz\/?p=1862422"},"modified":"2026-04-02T14:48:27","modified_gmt":"2026-04-02T11:48:27","slug":"primaria-comunei-baia-continua-traditia-de-a-rasplati-varstnicii-care-isi-aniverseaza-momente-importante-din-viata","status":"publish","type":"post","link":"https:\/\/analyse.optim.biz\/?p=1862422","title":{"rendered":"Prim\u0103ria Comunei Baia continu\u0103 tradi\u021bia de a r\u0103spl\u0103ti v\u00e2rstnicii care \u00ee\u0219i aniverseaz\u0103 momente importante din via\u021b\u0103"},"content":{"rendered":"<p>[analyse_image type=&#8221;featured&#8221; src=&#8221;https:\/\/dobrogeanews.b-cdn.net\/wp-content\/uploads\/2026\/04\/actiune-varstnici1.jpg&#8221;]<\/p>\n<div id=\"post-69657\" class=\"entry single-default post-69657 post type-post status-publish format-standard has-post-thumbnail hentry category-info\">\n<div>\n<div class=\"ss-follow-wrapper ss-clearfix ss-regular-buttons ss-columns-1 ss-default-style\">\n<div class=\"ss-follow-column\" data-ss-sf-network-id='\"facebook\"'><a href=\"https:\/\/www.facebook.com\/dobrogeanews\" class=\"ss-follow-network ss-facebook-color\" rel=\"nofollow noopener\" aria-label=\"facebook\" target=\"_blank\"><span class=\"ss-follow-network-label\">Urm\u0103re\u015fte-ne \u015fi pe Facebook!<\/span><span class=\"ss-follow-network-count\"><span class=\"ss-follow-network-count-number\">57K<\/span><span class=\"ss-follow-network-count-label\">Followers<\/span><\/span><\/a><\/div>\n<\/div>\n<\/div>\n<p>Prim\u0103ria Comunei Baia continu\u0103 tradi\u021bia de a r\u0103spl\u0103ti v\u00e2rstnicii care \u00ee\u0219i aniverseaz\u0103 momente importante din via\u021b\u0103: 80 de ani de existen\u021b\u0103 \u0219i so\u021bii care au petrecut \u00eempreun\u0103 50 de ani de c\u0103s\u0103torie. Vorbim despre 110 persoane care au \u00eemplinit 80 de ani de via\u021b\u0103 \u0219i 64 de cupluri care \u00eemplinesc 50 de ani de c\u0103s\u0103torie. Sunt v\u00e2rstnici din Comuna Baia, Jude\u021bul Tulcea cu toate satele sale, respectiv, Baia (re\u0219edin\u021ba), Camena, Caugagia, Ceamurlia de Sus \u0219i Panduru. \u00a0<\/p>\n<figure class=\"wp-block-image size-full is-resized\">\n<source type=\"image\/webp\" data-lazy-srcset=\"https:\/\/dobrogeanews.b-cdn.net\/wp-content\/uploads\/2026\/04\/actiune-varstnici1.jpg.webp 2560w, https:\/\/dobrogeanews.b-cdn.net\/wp-content\/uploads\/2026\/04\/actiune-varstnici1-300x246.jpg.webp 300w, https:\/\/dobrogeanews.b-cdn.net\/wp-content\/uploads\/2026\/04\/actiune-varstnici1-1024x840.jpg.webp 1024w, https:\/\/dobrogeanews.b-cdn.net\/wp-content\/uploads\/2026\/04\/actiune-varstnici1-768x630.jpg.webp 768w, https:\/\/dobrogeanews.b-cdn.net\/wp-content\/uploads\/2026\/04\/actiune-varstnici1-1536x1260.jpg.webp 1536w, https:\/\/dobrogeanews.b-cdn.net\/wp-content\/uploads\/2026\/04\/actiune-varstnici1-2048x1680.jpg.webp 2048w\" sizes=\"(max-width: 640px) 100vw, 640px\" \/><br \/>\n<img loading=\"lazy\" decoding=\"async\" src=\"https:\/\/dobrogeanews.b-cdn.net\/wp-content\/uploads\/2026\/04\/actiune-varstnici1.jpg\" alt=\"\" width=\"640\" height=\"525\"><\/figure>\n<p>\u201e\u00cenainte de s\u0103rb\u0103torile Pascale m-am \u00eent\u00e2lnit cu seniorii comunit\u0103\u021bii, bunicii no\u0219tri, ai tuturor, pentru c\u0103 vorbim despre v\u00e2rstnicii care au \u00eemplinit frumoasa v\u00e2rst\u0103 de 80 de ani dar \u0219i despre cei care au reu\u0219it s\u0103 petreac\u0103 \u00eempreun\u0103 50 de ani de c\u0103s\u0103torie. Am reg\u0103sit oameni frumo\u0219i, \u00een\u021belep\u021bi, oameni dornici s\u0103 ne povesteasc\u0103 despre familii \u0219i despre rela\u021biile dintre ele de-a lungul timpului. <\/p>\n<p>Bunicii comunit\u0103\u021bii sunt gata \u00een orice moment s\u0103 vin\u0103 cu idei, cu sfaturi, cu o vorb\u0103 bun\u0103 \u0219i un z\u00e2mbet pe care-l \u0219tii din copil\u0103rie. <\/p>\n<p>Am preg\u0103tit, \u00eempreun\u0103 cu colegii mei, diplome pentru contribu\u021bia pe care au avut-o la via\u021ba comunit\u0103\u021bii \u0219i un spijin financiar \u00een semn de recuno\u0219tin\u021b\u0103 pentru \u00een\u021belepciunea, bun\u0103tatea lor, \u00a0pentru exemplul de demnitate oferit genera\u021biilor tinere. <\/p>\n<figure class=\"wp-block-image size-full is-resized\">\n<source type=\"image\/webp\" data-lazy-srcset=\"https:\/\/dobrogeanews.b-cdn.net\/wp-content\/uploads\/2026\/04\/actiune-varstnici2.jpg.webp 2560w, https:\/\/dobrogeanews.b-cdn.net\/wp-content\/uploads\/2026\/04\/actiune-varstnici2-300x246.jpg.webp 300w, https:\/\/dobrogeanews.b-cdn.net\/wp-content\/uploads\/2026\/04\/actiune-varstnici2-1024x840.jpg.webp 1024w, https:\/\/dobrogeanews.b-cdn.net\/wp-content\/uploads\/2026\/04\/actiune-varstnici2-768x630.jpg.webp 768w, https:\/\/dobrogeanews.b-cdn.net\/wp-content\/uploads\/2026\/04\/actiune-varstnici2-1536x1260.jpg.webp 1536w, https:\/\/dobrogeanews.b-cdn.net\/wp-content\/uploads\/2026\/04\/actiune-varstnici2-2048x1680.jpg.webp 2048w\" sizes=\"(max-width: 640px) 100vw, 640px\" \/><br \/>\n<img loading=\"lazy\" decoding=\"async\" src=\"https:\/\/dobrogeanews.b-cdn.net\/wp-content\/uploads\/2026\/04\/actiune-varstnici2.jpg\" alt=\"\" width=\"640\" height=\"525\"><\/figure>\n<p>Este una dintre ac\u021biunile noastre concrete de sprijin, incluziune social\u0103 \u0219i valorificare a experien\u021bei lor de via\u021b\u0103, pe care le avem \u00een vedere \u00een fiecare an. Le doresc mult\u0103 s\u0103n\u0103tate, putere, zile senine \u0219i nop\u021bi lini\u0219tite, iubire \u0219i respect din partea comunit\u0103\u021bii\u201d <\/p>\n<p>a declarat Liliana Marinescu, primarul comunei Baia, Jude\u021bul Tulcea.<\/p>\n<div class=\"monsterinsights-inline-popular-posts monsterinsights-inline-popular-posts-charlie monsterinsights-popular-posts-styled\">\n<div class=\"monsterinsights-inline-popular-posts-text\"><span class=\"monsterinsights-inline-popular-posts-label\">Vezi \u0219i:<\/span><\/p>\n<div class=\"monsterinsights-inline-popular-posts-post\"><a class=\"monsterinsights-inline-popular-posts-title\" href=\"https:\/\/www.dobrogeanews.ro\/la-baia-taxa-de-habitat-a-ramas-15-lei-luna-pers-adica-180-lei-an-am-votat-aplicarea-cotelor-minime-permise\/\">La Baia, taxa de habitat a r\u0103mas 15 lei\/lun\u0103\/pers, adic\u0103, 180 lei\/an. \u201eAm votat aplicarea cotelor minime permise\u201d<\/a><\/div>\n<div class=\"monsterinsights-inline-popular-posts-post\"><a class=\"monsterinsights-inline-popular-posts-title\" href=\"https:\/\/www.dobrogeanews.ro\/primaria-tulcea-amenajeaza-un-parc-urban-de-peste-3-700-mp-in-zona-aquaserv-pe-strada-babadag-proiect-finantat-din-fonduri-europene\/\">Prim\u0103ria Tulcea amenajeaz\u0103 un Parc Urban de peste 3.700 mp \u00een zona Aquaserv, pe strada Babadag. Proiect finan\u021bat din fonduri europene<\/a><\/div>\n<div class=\"monsterinsights-inline-popular-posts-post\"><a class=\"monsterinsights-inline-popular-posts-title\" href=\"https:\/\/www.dobrogeanews.ro\/cine-este-fata-de-18-ani-care-s-a-sinucis-la-tulcea-soapte-intre-lumi\/\">Cine este fata de 18 ani care s-a sinucis la Tulcea. \u0218oapte \u00eentre lumi \u2026<\/a><\/div>\n<\/div>\n<\/div>\n<p class=\"has-text-align-center has-white-color has-text-color has-background\"><span><a href=\"https:\/\/news.google.com\/publications\/CAAqBwgKMIu5pgsw88O-Aw?ceid=RO:ro&amp;oc=3\">Urm\u0103ri\u0163i \u015etirile Dobrogeanews \u015fi pe Google News<\/a><\/span><\/p>\n<\/div>\n<div id=\"post-69657\" class=\"entry single-default post-69657 post type-post status-publish format-standard has-post-thumbnail hentry category-info\">\n<div>\n<div class=\"ss-follow-wrapper ss-clearfix ss-regular-buttons ss-columns-1 ss-default-style\">\n<div class=\"ss-follow-column\" data-ss-sf-network-id='\"facebook\"'><a href=\"https:\/\/www.facebook.com\/dobrogeanews\" class=\"ss-follow-network ss-facebook-color\" rel=\"nofollow noopener\" aria-label=\"facebook\" target=\"_blank\"><span class=\"ss-follow-network-label\">Urm\u0103re\u015fte-ne \u015fi pe Facebook!<\/span><span class=\"ss-follow-network-count\"><span class=\"ss-follow-network-count-number\">57K<\/span><span class=\"ss-follow-network-count-label\">Followers<\/span><\/span><\/a><\/div>\n<\/div>\n<\/div>\n<p>Prim\u0103ria Comunei Baia continu\u0103 tradi\u021bia de a r\u0103spl\u0103ti v\u00e2rstnicii care \u00ee\u0219i aniverseaz\u0103 momente importante din via\u021b\u0103: 80 de ani de existen\u021b\u0103 \u0219i so\u021bii care au petrecut \u00eempreun\u0103 50 de ani de c\u0103s\u0103torie. Vorbim despre 110 persoane care au \u00eemplinit 80 de ani de via\u021b\u0103 \u0219i 64 de cupluri care \u00eemplinesc 50 de ani de c\u0103s\u0103torie. Sunt v\u00e2rstnici din Comuna Baia, Jude\u021bul Tulcea cu toate satele sale, respectiv, Baia (re\u0219edin\u021ba), Camena, Caugagia, Ceamurlia de Sus \u0219i Panduru. \u00a0<\/p>\n<figure class=\"wp-block-image size-full is-resized\">\n<source type=\"image\/webp\" data-lazy-srcset=\"https:\/\/dobrogeanews.b-cdn.net\/wp-content\/uploads\/2026\/04\/actiune-varstnici1.jpg.webp 2560w, https:\/\/dobrogeanews.b-cdn.net\/wp-content\/uploads\/2026\/04\/actiune-varstnici1-300x246.jpg.webp 300w, https:\/\/dobrogeanews.b-cdn.net\/wp-content\/uploads\/2026\/04\/actiune-varstnici1-1024x840.jpg.webp 1024w, https:\/\/dobrogeanews.b-cdn.net\/wp-content\/uploads\/2026\/04\/actiune-varstnici1-768x630.jpg.webp 768w, https:\/\/dobrogeanews.b-cdn.net\/wp-content\/uploads\/2026\/04\/actiune-varstnici1-1536x1260.jpg.webp 1536w, https:\/\/dobrogeanews.b-cdn.net\/wp-content\/uploads\/2026\/04\/actiune-varstnici1-2048x1680.jpg.webp 2048w\" sizes=\"(max-width: 640px) 100vw, 640px\" \/><br \/>\n<img loading=\"lazy\" decoding=\"async\" src=\"https:\/\/dobrogeanews.b-cdn.net\/wp-content\/uploads\/2026\/04\/actiune-varstnici1.jpg\" alt=\"\" width=\"640\" height=\"525\"><\/figure>\n<p>\u201e\u00cenainte de s\u0103rb\u0103torile Pascale m-am \u00eent\u00e2lnit cu seniorii comunit\u0103\u021bii, bunicii no\u0219tri, ai tuturor, pentru c\u0103 vorbim despre v\u00e2rstnicii care au \u00eemplinit frumoasa v\u00e2rst\u0103 de 80 de ani dar \u0219i despre cei care au reu\u0219it s\u0103 petreac\u0103 \u00eempreun\u0103 50 de ani de c\u0103s\u0103torie. Am reg\u0103sit oameni frumo\u0219i, \u00een\u021belep\u021bi, oameni dornici s\u0103 ne povesteasc\u0103 despre familii \u0219i despre rela\u021biile dintre ele de-a lungul timpului. <\/p>\n<p>Bunicii comunit\u0103\u021bii sunt gata \u00een orice moment s\u0103 vin\u0103 cu idei, cu sfaturi, cu o vorb\u0103 bun\u0103 \u0219i un z\u00e2mbet pe care-l \u0219tii din copil\u0103rie. <\/p>\n<p>Am preg\u0103tit, \u00eempreun\u0103 cu colegii mei, diplome pentru contribu\u021bia pe care au avut-o la via\u021ba comunit\u0103\u021bii \u0219i un spijin financiar \u00een semn de recuno\u0219tin\u021b\u0103 pentru \u00een\u021belepciunea, bun\u0103tatea lor, \u00a0pentru exemplul de demnitate oferit genera\u021biilor tinere. <\/p>\n<figure class=\"wp-block-image size-full is-resized\">\n<source type=\"image\/webp\" data-lazy-srcset=\"https:\/\/dobrogeanews.b-cdn.net\/wp-content\/uploads\/2026\/04\/actiune-varstnici2.jpg.webp 2560w, https:\/\/dobrogeanews.b-cdn.net\/wp-content\/uploads\/2026\/04\/actiune-varstnici2-300x246.jpg.webp 300w, https:\/\/dobrogeanews.b-cdn.net\/wp-content\/uploads\/2026\/04\/actiune-varstnici2-1024x840.jpg.webp 1024w, https:\/\/dobrogeanews.b-cdn.net\/wp-content\/uploads\/2026\/04\/actiune-varstnici2-768x630.jpg.webp 768w, https:\/\/dobrogeanews.b-cdn.net\/wp-content\/uploads\/2026\/04\/actiune-varstnici2-1536x1260.jpg.webp 1536w, https:\/\/dobrogeanews.b-cdn.net\/wp-content\/uploads\/2026\/04\/actiune-varstnici2-2048x1680.jpg.webp 2048w\" sizes=\"(max-width: 640px) 100vw, 640px\" \/><br \/>\n<img loading=\"lazy\" decoding=\"async\" src=\"https:\/\/dobrogeanews.b-cdn.net\/wp-content\/uploads\/2026\/04\/actiune-varstnici2.jpg\" alt=\"\" width=\"640\" height=\"525\"><\/figure>\n<p>Este una dintre ac\u021biunile noastre concrete de sprijin, incluziune social\u0103 \u0219i valorificare a experien\u021bei lor de via\u021b\u0103, pe care le avem \u00een vedere \u00een fiecare an. Le doresc mult\u0103 s\u0103n\u0103tate, putere, zile senine \u0219i nop\u021bi lini\u0219tite, iubire \u0219i respect din partea comunit\u0103\u021bii\u201d <\/p>\n<p>a declarat Liliana Marinescu, primarul comunei Baia, Jude\u021bul Tulcea.<\/p>\n<div class=\"monsterinsights-inline-popular-posts monsterinsights-inline-popular-posts-charlie monsterinsights-popular-posts-styled\">\n<div class=\"monsterinsights-inline-popular-posts-text\"><span class=\"monsterinsights-inline-popular-posts-label\">Vezi \u0219i:<\/span><\/p>\n<div class=\"monsterinsights-inline-popular-posts-post\"><a class=\"monsterinsights-inline-popular-posts-title\" href=\"https:\/\/www.dobrogeanews.ro\/la-baia-taxa-de-habitat-a-ramas-15-lei-luna-pers-adica-180-lei-an-am-votat-aplicarea-cotelor-minime-permise\/\">La Baia, taxa de habitat a r\u0103mas 15 lei\/lun\u0103\/pers, adic\u0103, 180 lei\/an. \u201eAm votat aplicarea cotelor minime permise\u201d<\/a><\/div>\n<div class=\"monsterinsights-inline-popular-posts-post\"><a class=\"monsterinsights-inline-popular-posts-title\" href=\"https:\/\/www.dobrogeanews.ro\/primaria-tulcea-amenajeaza-un-parc-urban-de-peste-3-700-mp-in-zona-aquaserv-pe-strada-babadag-proiect-finantat-din-fonduri-europene\/\">Prim\u0103ria Tulcea amenajeaz\u0103 un Parc Urban de peste 3.700 mp \u00een zona Aquaserv, pe strada Babadag. Proiect finan\u021bat din fonduri europene<\/a><\/div>\n<div class=\"monsterinsights-inline-popular-posts-post\"><a class=\"monsterinsights-inline-popular-posts-title\" href=\"https:\/\/www.dobrogeanews.ro\/cine-este-fata-de-18-ani-care-s-a-sinucis-la-tulcea-soapte-intre-lumi\/\">Cine este fata de 18 ani care s-a sinucis la Tulcea. \u0218oapte \u00eentre lumi \u2026<\/a><\/div>\n<\/div>\n<\/div>\n<p class=\"has-text-align-center has-white-color has-text-color has-background\"><span><a href=\"https:\/\/news.google.com\/publications\/CAAqBwgKMIu5pgsw88O-Aw?ceid=RO:ro&amp;oc=3\">Urm\u0103ri\u0163i \u015etirile Dobrogeanews \u015fi pe Google News<\/a><\/span><\/p>\n<\/div>\n<p>[analyse_source url=&#8221;https:\/\/www.dobrogeanews.ro\/primaria-comunei-baia-continua-traditia-de-a-rasplati-varstnicii-care-isi-aniverseaza-momente-importante-din-viata\/&#8221;]<\/p>\n","protected":false},"excerpt":{"rendered":"<p>[analyse_image type=&#8221;featured&#8221; src=&#8221;https:\/\/dobrogeanews.b-cdn.net\/wp-content\/uploads\/2026\/04\/actiune-varstnici1.jpg&#8221;] Urm\u0103re\u015fte-ne \u015fi pe Facebook!57KFollowers Prim\u0103ria Comunei Baia continu\u0103 tradi\u021bia de a r\u0103spl\u0103ti v\u00e2rstnicii care \u00ee\u0219i aniverseaz\u0103 momente importante din via\u021b\u0103: 80 de ani de existen\u021b\u0103 \u0219i so\u021bii care au petrecut \u00eempreun\u0103 50 de ani de c\u0103s\u0103torie. Vorbim despre 110 persoane care au \u00eemplinit 80 de ani de via\u021b\u0103 \u0219i 64 de cupluri [&hellip;]<\/p>\n","protected":false},"author":1,"featured_media":0,"comment_status":"open","ping_status":"","sticky":false,"template":"","format":"standard","meta":{"footnotes":""},"categories":[89],"tags":[226,223],"class_list":["post-1862422","post","type-post","status-publish","format-standard","hentry","category-romania","tag-crawlmanager","tag-dobrogeanews-ro"],"_links":{"self":[{"href":"https:\/\/analyse.optim.biz\/index.php?rest_route=\/wp\/v2\/posts\/1862422","targetHints":{"allow":["GET"]}}],"collection":[{"href":"https:\/\/analyse.optim.biz\/index.php?rest_route=\/wp\/v2\/posts"}],"about":[{"href":"https:\/\/analyse.optim.biz\/index.php?rest_route=\/wp\/v2\/types\/post"}],"author":[{"embeddable":true,"href":"https:\/\/analyse.optim.biz\/index.php?rest_route=\/wp\/v2\/users\/1"}],"replies":[{"embeddable":true,"href":"https:\/\/analyse.optim.biz\/index.php?rest_route=%2Fwp%2Fv2%2Fcomments&post=1862422"}],"version-history":[{"count":0,"href":"https:\/\/analyse.optim.biz\/index.php?rest_route=\/wp\/v2\/posts\/1862422\/revisions"}],"wp:attachment":[{"href":"https:\/\/analyse.optim.biz\/index.php?rest_route=%2Fwp%2Fv2%2Fmedia&parent=1862422"}],"wp:term":[{"taxonomy":"category","embeddable":true,"href":"https:\/\/analyse.optim.biz\/index.php?rest_route=%2Fwp%2Fv2%2Fcategories&post=1862422"},{"taxonomy":"post_tag","embeddable":true,"href":"https:\/\/analyse.optim.biz\/index.php?rest_route=%2Fwp%2Fv2%2Ftags&post=1862422"}],"curies":[{"name":"wp","href":"https:\/\/api.w.org\/{rel}","templated":true}]}}