{"id":1862295,"date":"2026-03-30T19:37:01","date_gmt":"2026-03-30T16:37:01","guid":{"rendered":"https:\/\/analyse.optim.biz\/?p=1862295"},"modified":"2026-03-30T19:37:01","modified_gmt":"2026-03-30T16:37:01","slug":"alunecari-de-teren-dupa-ultimele-precipitatii","status":"publish","type":"post","link":"https:\/\/analyse.optim.biz\/?p=1862295","title":{"rendered":"Alunec\u0103ri de teren dup\u0103 ultimele precipita\u0163ii"},"content":{"rendered":"<p>[analyse_image type=&#8221;featured&#8221; src=&#8221;https:\/\/www.tvbuzau.ro\/wp-content\/uploads\/2026\/03\/hqdefault-57.jpghttps:\/\/www.tvbuzau.ro\/wp-content\/uploads\/2026\/03\/hqdefault-57.jpg&#8221;]<\/p>\n<div class=\"td-ss-main-content\">\n<article id=\"post-118571\" class=\"post-118571 post type-post status-publish format-video has-post-thumbnail hentry category-actualitate post_format-post-format-video\">\n<div class=\"td-post-header\">\n<ul class=\"td-category\">\n<li class=\"entry-category\"><a href=\"https:\/\/www.tvbuzau.ro\/category\/actualitate\/\">Actualitate<\/a><\/li>\n<\/ul>\n<header class=\"td-post-title\">\n<h1 class=\"entry-title\">Alunec\u0103ri de teren dup\u0103 ultimele precipita\u0163ii<\/h1>\n<div class=\"td-module-meta-info\">\n<div class=\"td-post-author-name\">De c\u0103tre <a href=\"https:\/\/www.tvbuzau.ro\/author\/mihai-vasilescu\/\">TV Buz\u0103u<\/a> &#8211; <\/div>\n<p><span class=\"td-post-date\"><time class=\"entry-date updated td-module-date\" datetime=\"2026-03-30T19:37:01+00:00\">martie 30, 2026<\/time><\/span><\/p>\n<div class=\"td-post-comments\"><a href=\"https:\/\/www.tvbuzau.ro\/alunecari-de-teren-dupa-ultimele-precipitatii\/#respond\">0<\/a><\/div>\n<div class=\"td-post-views\"><span class=\"td-nr-views-118571\">16<\/span><\/div>\n<\/div>\n<\/header>\n<\/div>\n<div class=\"td-post-sharing td-post-sharing-top td-with-like\">\n<div class=\"td-default-sharing\"><a class=\"td-social-sharing-buttons td-social-facebook\" href=\"http:\/\/www.facebook.com\/sharer.php?u=https%3A%2F%2Fwww.tvbuzau.ro%2Falunecari-de-teren-dupa-ultimele-precipitatii%2F\"><\/p>\n<div class=\"td-social-but-text\">Distribui\u021bi pe Facebook<\/div>\n<p><\/a><a class=\"td-social-sharing-buttons td-social-twitter\" href=\"https:\/\/twitter.com\/intent\/tweet?text=Alunec%C4%83ri+de+teren+dup%C4%83+ultimele+precipita%C5%A3ii&amp;url=https%3A%2F%2Fwww.tvbuzau.ro%2Falunecari-de-teren-dupa-ultimele-precipitatii%2F&amp;via=TV+Buz%C4%83u\"><\/p>\n<div class=\"td-social-but-text\">Distribui\u021bi pe Twitter<\/div>\n<p><\/a><\/div>\n<div class=\"td-classic-sharing\">\n<ul>\n<li class=\"td-classic-facebook\"><iframe frameborder src=\"https:\/\/www.facebook.com\/plugins\/like.php?href=https:\/\/www.tvbuzau.ro\/alunecari-de-teren-dupa-ultimele-precipitatii\/&amp;layout=button_count&amp;show_faces=false&amp;width=105&amp;action=like&amp;colorscheme=light&amp;height=21\"><\/iframe><\/li>\n<li class=\"td-classic-twitter\"><a href=\"https:\/\/twitter.com\/share\" class=\"twitter-share-button\" data-url=\"https:\/\/www.tvbuzau.ro\/alunecari-de-teren-dupa-ultimele-precipitatii\/\" data-text=\"Alunec\u0103ri de teren dup\u0103 ultimele precipita\u0163ii\" data-via data-lang=\"en\">tweet<\/a><\/li>\n<\/ul>\n<\/div>\n<\/div>\n<div class=\"td-post-content\">\n<div class=\"td-featured-image-rec\">\n<div class=\"wpb_video_wrapper\">\n                    <iframe loading=\"lazy\" id=\"td_youtube_player\" width=\"600\" height=\"560\" src=\"https:\/\/www.youtube.com\/embed\/ax7SWWIguac?enablejsapi=1&amp;feature=oembed&amp;wmode=opaque&amp;vq=hd720\" frameborder allowfullscreen><\/iframe><\/p><\/div>\n<\/div>\n<p>Mai multe drumuri au fost afectate, inclusiv la Moteoru<br \/>\nPrecipita\u0163iile abundente din ultimele ore au determinat producerea unor alunec\u0103ri de teren. Mai multe drumuri au fost afectate, inclusiv cel din Monteoru care a fost \u015fi \u00eenchis.<br \/>\nTotodat\u0103, mai multe pode\u0163e din comuna Lop\u0103tari au fost rupte de ape, f\u0103c\u00e2nd imposibil accesul cu autovehiculele c\u0103tre comunit\u0103\u0163ile din zonele respective.<br \/>\nAutorit\u0103\u0163ile monitorizeaz\u0103 \u00een continuare situa\u0163ia \u0163in\u00e2nd cond c\u0103 sunt anun\u0163ate \u00een contiuare precipita\u0163ii.<\/p>\n<div class=\"post-views post-118571 entry-meta\"><span class=\"post-views-label\">Post Views: <\/span><span class=\"post-views-count\">240<\/span><\/div>\n<\/div>\n<footer>\n<div class=\"td-post-sharing td-post-sharing-bottom td-with-like\"><span class=\"td-post-share-title\">DISTRIBUI\u021aI<\/span><\/p>\n<div class=\"td-default-sharing\"><a class=\"td-social-sharing-buttons td-social-facebook\" href=\"http:\/\/www.facebook.com\/sharer.php?u=https%3A%2F%2Fwww.tvbuzau.ro%2Falunecari-de-teren-dupa-ultimele-precipitatii%2F\"><\/p>\n<div class=\"td-social-but-text\">Facebook<\/div>\n<p><\/a><a class=\"td-social-sharing-buttons td-social-twitter\" href=\"https:\/\/twitter.com\/intent\/tweet?text=Alunec%C4%83ri+de+teren+dup%C4%83+ultimele+precipita%C5%A3ii&amp;url=https%3A%2F%2Fwww.tvbuzau.ro%2Falunecari-de-teren-dupa-ultimele-precipitatii%2F&amp;via=TV+Buz%C4%83u\"><\/p>\n<div class=\"td-social-but-text\">Twitter<\/div>\n<p><\/a><\/div>\n<div class=\"td-classic-sharing\">\n<ul>\n<li class=\"td-classic-facebook\"><iframe frameborder src=\"https:\/\/www.facebook.com\/plugins\/like.php?href=https:\/\/www.tvbuzau.ro\/alunecari-de-teren-dupa-ultimele-precipitatii\/&amp;layout=button_count&amp;show_faces=false&amp;width=105&amp;action=like&amp;colorscheme=light&amp;height=21\"><\/iframe><\/li>\n<li class=\"td-classic-twitter\"><a href=\"https:\/\/twitter.com\/share\" class=\"twitter-share-button\" data-url=\"https:\/\/www.tvbuzau.ro\/alunecari-de-teren-dupa-ultimele-precipitatii\/\" data-text=\"Alunec\u0103ri de teren dup\u0103 ultimele precipita\u0163ii\" data-via data-lang=\"en\">tweet<\/a><\/li>\n<\/ul>\n<\/div>\n<\/div>\n<div class=\"td-author-name vcard author\"><span class=\"fn\"><a href=\"https:\/\/www.tvbuzau.ro\/author\/mihai-vasilescu\/\">TV Buz\u0103u<\/a><\/span><\/div>\n<p><span><\/span><span><span><\/span><\/span><span><\/span><\/footer>\n<\/article>\n<div class=\"td_block_wrap td_block_related_posts td_uid_1_69cec9d9ddb2c_rand td_with_ajax_pagination td-pb-border-top\" data-td-block-uid=\"td_uid_1_69cec9d9ddb2c\">\n<h4 class=\"td-related-title\"><a id=\"td_uid_2_69cec9d9e3730\" class=\"td-related-left td-cur-simple-item\" data-td_filter_value data-td_block_id=\"td_uid_1_69cec9d9ddb2c\" href=\"https:\/\/www.tvbuzau.ro\/alunecari-de-teren-dupa-ultimele-precipitatii\/\">ARTICOLE SIMILARE<\/a><a id=\"td_uid_3_69cec9d9e376c\" class=\"td-related-right\" data-td_filter_value=\"td_related_more_from_author\" data-td_block_id=\"td_uid_1_69cec9d9ddb2c\" href=\"https:\/\/www.tvbuzau.ro\/alunecari-de-teren-dupa-ultimele-precipitatii\/\">DE LA ACELA\u0218I AUTOR<\/a><\/h4>\n<div id=\"td_uid_1_69cec9d9ddb2c\" class=\"td_block_inner\">\n<div class=\"td-related-row\">\n<div class=\"td-related-span4\">\n<div class=\"td_module_related_posts td-animation-stack td_mod_related_posts\">\n<div class=\"td-module-image\">\n<div class=\"td-module-thumb\"><a href=\"https:\/\/www.tvbuzau.ro\/satul-buda-craciunesti-in-pericol-de-a-ramane-izolat\/\" rel=\"bookmark\" title=\"Satul Buda-Cr\u0103ciune\u0219ti \u00een pericol de a r\u0103m\u00e2ne izolat\"><img loading=\"lazy\" decoding=\"async\" width=\"218\" height=\"150\" class=\"entry-thumb\" src=\"https:\/\/www.tvbuzau.ro\/wp-content\/uploads\/2026\/04\/sddefault-3-218x150.jpg\" alt title=\"Satul Buda-Cr\u0103ciune\u0219ti \u00een pericol de a r\u0103m\u00e2ne izolat\"><span class=\"td-video-play-ico\"><img loading=\"lazy\" decoding=\"async\" width=\"40\" height=\"40\" class=\"td-retina\" src=\"https:\/\/www.tvbuzau.ro\/wp-content\/themes\/Newspaper\/images\/icons\/ico-video-large.png\" alt=\"video\"><\/span><\/a><\/div>\n<p><a href=\"https:\/\/www.tvbuzau.ro\/category\/actualitate\/\" class=\"td-post-category\">Actualitate<\/a><\/div>\n<div class=\"item-details\">\n<h3 class=\"entry-title td-module-title\"><a href=\"https:\/\/www.tvbuzau.ro\/satul-buda-craciunesti-in-pericol-de-a-ramane-izolat\/\" rel=\"bookmark\" title=\"Satul Buda-Cr\u0103ciune\u0219ti \u00een pericol de a r\u0103m\u00e2ne izolat\">Satul Buda-Cr\u0103ciune\u0219ti \u00een pericol de a r\u0103m\u00e2ne izolat<\/a><\/h3>\n<\/div>\n<\/div>\n<\/div>\n<div class=\"td-related-span4\">\n<div class=\"td_module_related_posts td-animation-stack td_mod_related_posts\">\n<div class=\"td-module-image\">\n<div class=\"td-module-thumb\"><a href=\"https:\/\/www.tvbuzau.ro\/ziua-prefecturii-cu-o-veste-buna-si-una-mai-putin-buna\/\" rel=\"bookmark\" title=\"Ziua Prefecturii cu o veste bun\u0103 \u015fi una mai pu\u0163in bun\u0103\"><img loading=\"lazy\" decoding=\"async\" width=\"218\" height=\"150\" class=\"entry-thumb\" src=\"https:\/\/www.tvbuzau.ro\/wp-content\/uploads\/2026\/04\/sddefault-2-218x150.jpg\" alt title=\"Ziua Prefecturii cu o veste bun\u0103 \u015fi una mai pu\u0163in bun\u0103\"><span class=\"td-video-play-ico\"><img loading=\"lazy\" decoding=\"async\" width=\"40\" height=\"40\" class=\"td-retina\" src=\"https:\/\/www.tvbuzau.ro\/wp-content\/themes\/Newspaper\/images\/icons\/ico-video-large.png\" alt=\"video\"><\/span><\/a><\/div>\n<p><a href=\"https:\/\/www.tvbuzau.ro\/category\/actualitate\/\" class=\"td-post-category\">Actualitate<\/a><\/div>\n<div class=\"item-details\">\n<h3 class=\"entry-title td-module-title\"><a href=\"https:\/\/www.tvbuzau.ro\/ziua-prefecturii-cu-o-veste-buna-si-una-mai-putin-buna\/\" rel=\"bookmark\" title=\"Ziua Prefecturii cu o veste bun\u0103 \u015fi una mai pu\u0163in bun\u0103\">Ziua Prefecturii cu o veste bun\u0103 \u015fi una mai pu\u0163in bun\u0103<\/a><\/h3>\n<\/div>\n<\/div>\n<\/div>\n<div class=\"td-related-span4\">\n<div class=\"td_module_related_posts td-animation-stack td_mod_related_posts\">\n<div class=\"td-module-image\">\n<div class=\"td-module-thumb\"><a href=\"https:\/\/www.tvbuzau.ro\/trans-bus-ar-putea-functiona-in-tot-judetul\/\" rel=\"bookmark\" title=\"Trans Bus ar putea func\u0163iona \u00een tot jude\u0163ul\"><img loading=\"lazy\" decoding=\"async\" width=\"218\" height=\"150\" class=\"entry-thumb\" src=\"https:\/\/www.tvbuzau.ro\/wp-content\/uploads\/2026\/04\/hqdefault-7-218x150.jpg\" alt title=\"Trans Bus ar putea func\u0163iona \u00een tot jude\u0163ul\"><span class=\"td-video-play-ico\"><img loading=\"lazy\" decoding=\"async\" width=\"40\" height=\"40\" class=\"td-retina\" src=\"https:\/\/www.tvbuzau.ro\/wp-content\/themes\/Newspaper\/images\/icons\/ico-video-large.png\" alt=\"video\"><\/span><\/a><\/div>\n<p><a href=\"https:\/\/www.tvbuzau.ro\/category\/actualitate\/\" class=\"td-post-category\">Actualitate<\/a><\/div>\n<div class=\"item-details\">\n<h3 class=\"entry-title td-module-title\"><a href=\"https:\/\/www.tvbuzau.ro\/trans-bus-ar-putea-functiona-in-tot-judetul\/\" rel=\"bookmark\" title=\"Trans Bus ar putea func\u0163iona \u00een tot jude\u0163ul\">Trans Bus ar putea func\u0163iona \u00een tot jude\u0163ul<\/a><\/h3>\n<\/div>\n<\/div>\n<\/div>\n<\/div>\n<div class=\"td-related-row\">\n<div class=\"td-related-span4\">\n<div class=\"td_module_related_posts td-animation-stack td_mod_related_posts\">\n<div class=\"td-module-image\">\n<div class=\"td-module-thumb\"><a href=\"https:\/\/www.tvbuzau.ro\/primaria-buzau-vrea-sa-obtina-67-de-locuinte\/\" rel=\"bookmark\" title=\"Prim\u0103ria Buz\u0103u vrea s\u0103 ob\u0163in\u0103 67 de locuin\u0163e\"><img loading=\"lazy\" decoding=\"async\" width=\"218\" height=\"150\" class=\"entry-thumb\" src=\"https:\/\/www.tvbuzau.ro\/wp-content\/uploads\/2026\/04\/sddefault-1-218x150.jpg\" alt title=\"Prim\u0103ria Buz\u0103u vrea s\u0103 ob\u0163in\u0103 67 de locuin\u0163e\"><span class=\"td-video-play-ico\"><img loading=\"lazy\" decoding=\"async\" width=\"40\" height=\"40\" class=\"td-retina\" src=\"https:\/\/www.tvbuzau.ro\/wp-content\/themes\/Newspaper\/images\/icons\/ico-video-large.png\" alt=\"video\"><\/span><\/a><\/div>\n<p><a href=\"https:\/\/www.tvbuzau.ro\/category\/actualitate\/\" class=\"td-post-category\">Actualitate<\/a><\/div>\n<div class=\"item-details\">\n<h3 class=\"entry-title td-module-title\"><a href=\"https:\/\/www.tvbuzau.ro\/primaria-buzau-vrea-sa-obtina-67-de-locuinte\/\" rel=\"bookmark\" title=\"Prim\u0103ria Buz\u0103u vrea s\u0103 ob\u0163in\u0103 67 de locuin\u0163e\">Prim\u0103ria Buz\u0103u vrea s\u0103 ob\u0163in\u0103 67 de locuin\u0163e<\/a><\/h3>\n<\/div>\n<\/div>\n<\/div>\n<div class=\"td-related-span4\">\n<div class=\"td_module_related_posts td-animation-stack td_mod_related_posts\">\n<div class=\"td-module-image\">\n<div class=\"td-module-thumb\"><a href=\"https:\/\/www.tvbuzau.ro\/izvoare-de-lumina-icoane-si-oua-incondeiate\/\" rel=\"bookmark\" title=\"\u201eIzvoare de lumin\u0103: icoane \u0219i ou\u0103 \u00eencondeiate\u201d\"><img loading=\"lazy\" decoding=\"async\" width=\"218\" height=\"150\" class=\"entry-thumb\" src=\"https:\/\/www.tvbuzau.ro\/wp-content\/uploads\/2026\/04\/hqdefault-6-218x150.jpg\" alt title=\"\u201eIzvoare de lumin\u0103: icoane \u0219i ou\u0103 \u00eencondeiate\u201d\"><span class=\"td-video-play-ico\"><img loading=\"lazy\" decoding=\"async\" width=\"40\" height=\"40\" class=\"td-retina\" src=\"https:\/\/www.tvbuzau.ro\/wp-content\/themes\/Newspaper\/images\/icons\/ico-video-large.png\" alt=\"video\"><\/span><\/a><\/div>\n<p><a href=\"https:\/\/www.tvbuzau.ro\/category\/actualitate\/\" class=\"td-post-category\">Actualitate<\/a><\/div>\n<div class=\"item-details\">\n<h3 class=\"entry-title td-module-title\"><a href=\"https:\/\/www.tvbuzau.ro\/izvoare-de-lumina-icoane-si-oua-incondeiate\/\" rel=\"bookmark\" title=\"\u201eIzvoare de lumin\u0103: icoane \u0219i ou\u0103 \u00eencondeiate\u201d\">\u201eIzvoare de lumin\u0103: icoane \u0219i ou\u0103 \u00eencondeiate\u201d<\/a><\/h3>\n<\/div>\n<\/div>\n<\/div>\n<div class=\"td-related-span4\">\n<div class=\"td_module_related_posts td-animation-stack td_mod_related_posts\">\n<div class=\"td-module-image\">\n<div class=\"td-module-thumb\"><a href=\"https:\/\/www.tvbuzau.ro\/disponibilzari-cu-picatura\/\" rel=\"bookmark\" title=\"Disponibilz\u0103ri cu pic\u0103tura\"><img loading=\"lazy\" decoding=\"async\" width=\"218\" height=\"150\" class=\"entry-thumb\" src=\"https:\/\/www.tvbuzau.ro\/wp-content\/uploads\/2026\/04\/hqdefault-5-218x150.jpg\" alt title=\"Disponibilz\u0103ri cu pic\u0103tura\"><span class=\"td-video-play-ico\"><img loading=\"lazy\" decoding=\"async\" width=\"40\" height=\"40\" class=\"td-retina\" src=\"https:\/\/www.tvbuzau.ro\/wp-content\/themes\/Newspaper\/images\/icons\/ico-video-large.png\" alt=\"video\"><\/span><\/a><\/div>\n<p><a href=\"https:\/\/www.tvbuzau.ro\/category\/actualitate\/\" class=\"td-post-category\">Actualitate<\/a><\/div>\n<div class=\"item-details\">\n<h3 class=\"entry-title td-module-title\"><a href=\"https:\/\/www.tvbuzau.ro\/disponibilzari-cu-picatura\/\" rel=\"bookmark\" title=\"Disponibilz\u0103ri cu pic\u0103tura\">Disponibilz\u0103ri cu pic\u0103tura<\/a><\/h3>\n<\/div>\n<\/div>\n<\/div>\n<\/div>\n<\/div>\n<\/div>\n<div class=\"comments\" id=\"comments\">\n<div id=\"respond\" class=\"comment-respond\">\n<h3 id=\"reply-title\" class=\"comment-reply-title\">L\u0102SA\u021aI UN MESAJ <small><a rel=\"nofollow\" id=\"cancel-comment-reply-link\" href=\"https:\/\/www.tvbuzau.ro\/alunecari-de-teren-dupa-ultimele-precipitatii\/#respond\">Renun\u021ba\u021bi la r\u0103spuns<\/a><\/small><\/h3>\n<\/div>\n<\/div>\n<\/div>\n<div class=\"td-post-content\">\n<div class=\"td-featured-image-rec\">\n<div class=\"wpb_video_wrapper\">\n                    <iframe loading=\"lazy\" id=\"td_youtube_player\" width=\"600\" height=\"560\" src=\"https:\/\/www.youtube.com\/embed\/ax7SWWIguac?enablejsapi=1&amp;feature=oembed&amp;wmode=opaque&amp;vq=hd720\" frameborder allowfullscreen><\/iframe><\/p><\/div>\n<\/div>\n<p>Mai multe drumuri au fost afectate, inclusiv la Moteoru<br \/>\nPrecipita\u0163iile abundente din ultimele ore au determinat producerea unor alunec\u0103ri de teren. Mai multe drumuri au fost afectate, inclusiv cel din Monteoru care a fost \u015fi \u00eenchis.<br \/>\nTotodat\u0103, mai multe pode\u0163e din comuna Lop\u0103tari au fost rupte de ape, f\u0103c\u00e2nd imposibil accesul cu autovehiculele c\u0103tre comunit\u0103\u0163ile din zonele respective.<br \/>\nAutorit\u0103\u0163ile monitorizeaz\u0103 \u00een continuare situa\u0163ia \u0163in\u00e2nd cond c\u0103 sunt anun\u0163ate \u00een contiuare precipita\u0163ii.<\/p>\n<div class=\"post-views post-118571 entry-meta\"><span class=\"post-views-label\">Post Views: <\/span><span class=\"post-views-count\">240<\/span><\/div>\n<\/div>\n<p>[analyse_source url=&#8221;https:\/\/www.tvbuzau.ro\/alunecari-de-teren-dupa-ultimele-precipitatii\/&#8221;]<\/p>\n","protected":false},"excerpt":{"rendered":"<p>[analyse_image type=&#8221;featured&#8221; src=&#8221;https:\/\/www.tvbuzau.ro\/wp-content\/uploads\/2026\/03\/hqdefault-57.jpghttps:\/\/www.tvbuzau.ro\/wp-content\/uploads\/2026\/03\/hqdefault-57.jpg&#8221;] Actualitate Alunec\u0103ri de teren dup\u0103 ultimele precipita\u0163ii De c\u0103tre TV Buz\u0103u &#8211; martie 30, 2026 0 16 Distribui\u021bi pe Facebook Distribui\u021bi pe Twitter tweet Mai multe drumuri au fost afectate, inclusiv la Moteoru Precipita\u0163iile abundente din ultimele ore au determinat producerea unor alunec\u0103ri de teren. Mai multe drumuri au fost afectate, inclusiv [&hellip;]<\/p>\n","protected":false},"author":1,"featured_media":0,"comment_status":"open","ping_status":"","sticky":false,"template":"","format":"standard","meta":{"footnotes":""},"categories":[2],"tags":[226,116],"class_list":["post-1862295","post","type-post","status-publish","format-standard","hentry","category-politics","tag-crawlmanager","tag-tvbuzau-ro"],"_links":{"self":[{"href":"https:\/\/analyse.optim.biz\/index.php?rest_route=\/wp\/v2\/posts\/1862295","targetHints":{"allow":["GET"]}}],"collection":[{"href":"https:\/\/analyse.optim.biz\/index.php?rest_route=\/wp\/v2\/posts"}],"about":[{"href":"https:\/\/analyse.optim.biz\/index.php?rest_route=\/wp\/v2\/types\/post"}],"author":[{"embeddable":true,"href":"https:\/\/analyse.optim.biz\/index.php?rest_route=\/wp\/v2\/users\/1"}],"replies":[{"embeddable":true,"href":"https:\/\/analyse.optim.biz\/index.php?rest_route=%2Fwp%2Fv2%2Fcomments&post=1862295"}],"version-history":[{"count":0,"href":"https:\/\/analyse.optim.biz\/index.php?rest_route=\/wp\/v2\/posts\/1862295\/revisions"}],"wp:attachment":[{"href":"https:\/\/analyse.optim.biz\/index.php?rest_route=%2Fwp%2Fv2%2Fmedia&parent=1862295"}],"wp:term":[{"taxonomy":"category","embeddable":true,"href":"https:\/\/analyse.optim.biz\/index.php?rest_route=%2Fwp%2Fv2%2Fcategories&post=1862295"},{"taxonomy":"post_tag","embeddable":true,"href":"https:\/\/analyse.optim.biz\/index.php?rest_route=%2Fwp%2Fv2%2Ftags&post=1862295"}],"curies":[{"name":"wp","href":"https:\/\/api.w.org\/{rel}","templated":true}]}}