{"id":186198,"date":"2015-02-19T20:50:41","date_gmt":"2015-02-19T17:50:41","guid":{"rendered":"https:\/\/analyse.optim.biz\/?p=186198"},"modified":"2015-02-19T20:50:41","modified_gmt":"2015-02-19T17:50:41","slug":"interviu-exclusiv-digi24-klaus-iohannis-exista-o-sansa-rezonabila-ca-printr-o-motiune-de-cenzura-sa-se-schimbe-guvernul","status":"publish","type":"post","link":"https:\/\/analyse.optim.biz\/?p=186198","title":{"rendered":"INTERVIU EXCLUSIV Digi24. Klaus Iohannis:\u00a0Exist\u0103 o \u0219ans\u0103 rezonabil\u0103 ca printr-o mo\u021biune de cenzur\u0103 s\u0103 se schimbe Guvernul"},"content":{"rendered":"<div class=\"entry data-app-meta data-app-meta-article\" data-embed-base-url-canonical=\"https:\/\/www.digi24.ro\/embed\/stiri\/actualitate\/politica\/interviu-exclusiv-digi24-klaus-iohannis-exista-o-sansa-rezonabila-ca-printr-o-motiune-de-cenzura-sa-se-schimbe-guvernul-361711\">\n<p data-index=\"1\"><img decoding=\"async\" src=\"https:\/\/analyse.optim.biz\/wp-content\/uploads\/2024\/09\/uecmdz04mdamagfzad1hyjawoty5otm0nwe5zdi1zja0njhlndyzzduxzty2zq-thumb_.jpg\" data-skip-htmlfix=\"1\" title=\"uecmdz04mdamagfzad1hyjawoty5otm0nwe5zdi1zja0njhlndyzzduxzty2zq-thumb_\"><\/p>\n<h5>Despre numirea lui Eduard Hellvig la conducerea SRI:<\/h5>\n<p data-index=\"2\">Am decis s\u0103 fac o nominalizare pentru conducerea SRI fiindc\u0103 situa\u021bia general\u0103, dup\u0103 p\u0103rerea mea, necesita o clarificare \u0219i aceasta este o clarificare care depinde de mine. Am judecat destul de mult pe cine s\u0103 nominalizez \u0219i am ajuns la Hellvig, care este o persoan\u0103 \u0219i preg\u0103tit\u0103, \u0219i suficient de calm\u0103 pentru a ocupa aceast\u0103 pozi\u021bie. Cred c\u0103 \u00een etapa \u00een care ne afl\u0103m acum, calmul e un lucru important.<\/p>\n<p data-index=\"3\">L-am \u00eentrebat dac\u0103 e de acord s\u0103 fie nominalizat. A fost de acord \u0219i am semnat \u00een aceast\u0103 sear\u0103 scrisoarea c\u0103tre pre\u0219edin\u021bii Camerelor Parlamentului, \u00een care i-am anun\u021bat c\u0103 asta e nominalizarea mea, urm\u00e2nd ca s\u0103pt\u0103m\u00e2na viitoare s\u0103 intre \u00een parcurs parlamentar.<\/p>\n<p data-index=\"4\">Cu emo\u021biile nu rezolv\u0103m nimic. Am c\u0103utat o solu\u021bie \u0219i am g\u0103sit aceast\u0103 solu\u021bie, sper s\u0103 fie pe placul politicienilor, al parlamentarilor. E bine de \u0219tiut c\u0103 <strong>am vorbit cu to\u021bi liderii de forma\u021biuni politice parlamentare. Am dorit s\u0103 afle de la mine aceast\u0103 propunere de nominalizare. I-am \u00eent\u00e2lnit pe to\u021bi \u00een cursul zilei de azi.<\/strong> Unii au fost direct de acord. Al\u021bii au spus c\u0103 vor s\u0103 se mai consulte cu partidul, ceea ce mi se pare absolut normal normal.<\/p>\n<p data-index=\"5\"><strong>Nu a fost niciunul din liderii politici care s\u0103-mi fi spus c\u0103 nu e de acord sau c\u0103 nu crede c\u0103 e de acord.<\/strong><\/p>\n<p data-index=\"6\"><em>\u00centrebare: Ce a\u0219tept\u0103ri ave\u021bi de la \u0219eful SRI?<\/em><\/p>\n<p data-index=\"7\">E nevoie de un director la SRI care duce mai departe SRI-ul \u00een zona european\u0103. Nu dorim s\u0103 ajungem \u00een alt\u0103 zon\u0103. SRI a parcurs un proces de reformare. A devenit una din institu\u021biile cele mai respectate \u0219i e nevoie de cineva care duce mai departe lucrurile.<\/p>\n<p data-index=\"8\">Este nevoie, pe de alt\u0103 parte, de cineva care are suficient\u0103 autoritate \u0219i imagine suficient de bun\u0103 ca s\u0103 ajute SRI \u00een acest demers. Eduard Hellvig are aceste calit\u0103\u021bi.<\/p>\n<p data-index=\"9\"><em>\u00centrebare: V-a\u021bi g\u00e2ndit la altcineva?<\/em><\/p>\n<p data-index=\"10\">Este secundar\u0103 aceast\u0103 chestiune. M-am decis asupra persoanei lui Hellvig. Am vorbit cu el, am comunicat aceast\u0103 propunere. Nu e cazul s\u0103 discut\u0103m cine al\u021bii ar mai fi fost.<\/p>\n<p data-index=\"11\"><strong>Florian Coldea e adjunct al SRI \u0219i r\u0103m\u00e2ne adjunct al SRI.<\/strong> Nu exist\u0103 din partea mea \u0219i nici de la Hellvig acum o inten\u021bie de schimbare brusc\u0103, dar nici nu am discutat aceast\u0103 chestiune.<\/p>\n<p data-index=\"12\"><em>\u00centrebare: Hellvig e germanofil?<\/em><\/p>\n<p data-index=\"13\">Eu sunt etnic german. Recunosc \u0219i din c\u00e2te \u0219tiu \u0219i \u00een familia lui sunt ceva etnici germani.<\/p>\n<h5>Despre demisia lui George Maior:<\/h5>\n<p data-index=\"14\">George Maior \u0219i-a scris demisia, mi-a \u00eenaintat-o \u0219i am acceptat-o.<\/p>\n<p data-index=\"15\">Am discutat, dup\u0103 care Maior mi-a zis c\u0103 \u00ee\u0219i depune demisia. Cum s\u0103 ceri cuiva o demisie? Demisia se scrie sau nu. E un act unilateral de voin\u021b\u0103.<\/p>\n<h5>Despre numirea \u0219efului SIE:<\/h5>\n<p data-index=\"16\"><img decoding=\"async\" src=\"https:\/\/analyse.optim.biz\/wp-content\/uploads\/2024\/09\/zdaymty2mtblzmi5nzuynzq5yzu3oda3ntq0nq-thumb_.jpg\" data-skip-htmlfix=\"1\" title=\"zdaymty2mtblzmi5nzuynzq5yzu3oda3ntq0nq-thumb_\"><\/p>\n<p data-index=\"17\">Nu am vrut s\u0103 amestec aceste dou\u0103 lucruri, fiindc\u0103 fiecare serviciu are specificul lui, problemele lui, domeniul de activitate. Am considerat c\u0103 dintre cele dou\u0103 servicii e nevoie de clarificare acum, prima dat\u0103, la SRI, dup\u0103 care voi aborda \u0219i SIE.<\/p>\n<p data-index=\"18\">N-a\u0219 putea s\u0103 v\u0103 dau un cadru temporal. Sper s\u0103 nu dureze foarte mult. O s\u0103 afla\u021bi c\u00e2nd fac o nominalizare.<\/p>\n<p data-index=\"19\"><em>\u00centrebare: Va fi o persoan\u0103 din lumea politic\u0103, la fel ca Hellvig? N-a\u021bi numit pe cineva de la opozi\u021bie&#8230;<\/em><\/p>\n<p data-index=\"20\">Ba da. PNL e \u00een opozi\u021bie.<\/p>\n<p data-index=\"21\">Pentru mine au contat calit\u0103\u021bile pe care le-am enumerat la \u00eenceput \u0219i acela\u0219i lucru e valabil \u0219i pentru SIE. <strong>Eu sunt ultimul care vrea s\u0103 politizeze servicile. Eu vreau s\u0103 nominalizez persoane civile care au capacitatea s\u0103 conduc\u0103 bine serviciile secrete. Acestea sunt argumentele principale. Nu am c\u0103utat cu predilec\u021bie un anumit profil politic. Acolo vreau un profil de civil care mie \u00eemi d\u0103 o garan\u021bie c\u0103 va conduce bine \u0219i \u00een sensul europeniz\u0103rii acestui serviciu.<\/strong><\/p>\n<p data-index=\"22\"><em>\u00centrebare: E nevoie de control mai bun al comisiilor parlamentare asupra servicilor?<\/em><\/p>\n<p data-index=\"23\">Aceast\u0103 chestiune s-a dezb\u0103tut foarte mult \u00een ultimele s\u0103pt\u0103m\u00e2ni \u0219i cu siguran\u021b\u0103 varianta optim\u0103 ar fi un control foarte eficient din partea Parlamentului, \u00eens\u0103 nu am f\u0103cut eu \u00eenc\u0103 o analiz\u0103, m\u0103car pentru mine, fiindc\u0103 nu trebuie s\u0103 dau eu note cuiva de la Parlament. Nu am f\u0103cut o analiz\u0103 dac\u0103 \u0219i cum ar trebui schimbat\u0103 aceast\u0103 abordare.<\/p>\n<p data-index=\"24\">Putem s\u0103 observ\u0103m cu to\u021bii c\u0103 exist\u0103 un pachet de legi privind siguran\u021ba na\u021bional\u0103 care stau de mult \u00een Parlament \u0219i cred c\u0103 \u00een aceste legi s-a abordat \u0219i partea de control parlamentar. P\u00e2n\u0103 la urm\u0103 nu doar Parlamentul vrea un control mai eficient, ci \u0219i serviciile. \u0218i unii, \u0219i al\u021bii mi-au zis c\u0103 \u00ee\u0219i doresc un control eficient.<\/p>\n<p data-index=\"25\">Atunci nu apar tot felul de pove\u0219ti. Dac\u0103 exist\u0103 un control clar \u0219i transparent, atunci nu va veni nimeni s\u0103 spun\u0103 o poveste ca din filmele cu spioni \u0219i s\u0103 fie \u0219i crezut. Aici nu vorbim de institu\u021bii oculte, ci de institu\u021bii de baz\u0103 ale statului care s-au reformat, s-au modernizat. O conducere civil\u0103 bun\u0103 \u0219i un control parlamentar bun, eficient, corect i-ar ajuta \u0219i pe unii \u0219i pe al\u021bii.<\/p>\n<p data-index=\"26\"><strong>Trebuie s\u0103 ie\u0219im o dat\u0103 \u0219i o dat\u0103 din aceast\u0103 sfer\u0103 \u00een care \u00een continuare unii au impresia c\u0103 la servicii se \u00eent\u00e2mpl\u0103 lucruri absolut curioase \u0219i nelalocul lor. Se \u00eent\u00e2mpl\u0103 lucruri ca \u00eentre profesioni\u0219ti.<\/strong><\/p>\n<p data-index=\"27\"><em>\u00centrebare: Sunte\u021bi convins c\u0103 nu se \u00eent\u00e2mpl\u0103 nimic nelalocul lui \u00een servicii?<\/em><\/p>\n<p data-index=\"28\">Da. Eu sunt convins. Dar nu eu coordonez serviciile. Controlul este parlamentar \u0219i atunci e normal ca acest control s\u0103 fie \u00een func\u021biune, s\u0103 fie eficient, spre beneficiul ambelor p\u0103r\u021bi.<\/p>\n<p data-index=\"29\">Este nevoie de un control eficient. C\u00e2nd voi avea o analiz\u0103 intern\u0103 \u0219i doar pentru mine a modului cum se \u00eent\u00e2mpl\u0103 acum, a\u0219 putea s\u0103 spun dac\u0103 mai eficient sau mult mai eficient.<\/p>\n<p data-index=\"30\">Nu se poate face repede \u0219i p\u00e2n\u0103 c\u00e2nd nu sunt noi directori pe func\u021bie, nu cred c\u0103 e rezonabil s\u0103 ne apuc\u0103m de un astfel de demers. Un astfel de demers vine \u0219i \u00een sprijinul noilor directori care trebuie s\u0103 vad\u0103 care e starea acum, ce trebuie \u00eembun\u0103t\u0103\u021bit.<\/p>\n<h5>Despre schimbarea clasei politice:<\/h5>\n<p data-index=\"31\"><em>\u00centrebare: Cum v-a\u021bi sim\u021bit dup\u0103 ce Varujan Vosganian a vorbit \u00een plenul Parlamentului?<\/em><\/p>\n<p data-index=\"32\">U\u0219or iritat. Nu m-am a\u0219teptat. Am \u0219i comunicat imediat. Am avut impresia, \u00eenc\u0103 mai am impresia, c\u0103 lumea \u00ee\u0219i dore\u0219te o deschidere, o transparentizare. De ce s-a votat a\u0219a? Se pot face multe analize, dar cu certitudine nu a\u0219a reu\u0219im s\u0103 reabilit\u0103m Parlamentul. Nu a\u0219a putem s\u0103 reabilit\u0103m imaginea Parlamentului \u00een fa\u021ba aleg\u0103torului.<\/p>\n<p data-index=\"33\"><em>\u00centrebare: S-a terminat luna de miere \u00eentre dvs \u0219i Parlament?<\/em><\/p>\n<p data-index=\"34\">Nu. Nu am luat-o personal, chit c\u0103 \u0219tiu c\u0103 mai mul\u021bi anali\u0219ti au \u0219i spus c\u0103 Parlamentul mi-a dat o lec\u021bie. Nu cred c\u0103 este a\u0219a. Este vorba mai degrab\u0103 de rela\u021bii personale mai vechi \u00een Senat, de o abordare poate \u0219i un pic foarte sentimental\u0103, dar nu am luat-o ca o palm\u0103 pe care mi-a dat-o mie Parlamentul.<\/p>\n<h5>Despre reformele electorale:<\/h5>\n<p data-index=\"35\">Eu pot s\u0103 v\u0103 spun ce am discutat cu delega\u021biile partidelor. To\u021bi au spsus c\u0103 da, se dore\u0219te acest lucru. Dincolo de asta, o s\u0103 vedem cum se mi\u0219c\u0103 lucrurile \u00een Parlament. Sunt convins c\u0103 sunt mul\u021bi politicieni care vor, care \u00ee\u0219i doresc schimbarea pentru c\u0103 \u0219i-au dat seama c\u0103 a\u0219a nu se mai poate&#8230; Un nou stil de politic\u0103, mai multe rezultate, deschidere, transparen\u021b\u0103. Cum sunt convins c\u0103 mai sunt c\u00e2\u021biva care nu vor acest lucru. Eu am speran\u021ba c\u0103 acei politicieni care vor o schimbare \u00een bine sunt mai mul\u021bi dec\u00e2t cei care \u00ee\u0219i doresc mai degrab\u0103 un fel de laissez-faire.<\/p>\n<p data-index=\"36\"><em>\u00centrebare: Este momentul pentru o nou\u0103 majoritate?<\/em><\/p>\n<p data-index=\"37\">Ar fi foarte bine, doar c\u0103 aceste majorit\u0103\u021bi se fac \u00een Parlament. Nu prin pre\u0219edinte.<\/p>\n<h5>Despre colaborarea cu Victor Ponta:<\/h5>\n<p data-index=\"38\"><img decoding=\"async\" src=\"https:\/\/analyse.optim.biz\/wp-content\/uploads\/2024\/09\/ptgwmczoyxnopti1ytk1nmvlytu2m2m1zmrmyjzimwi4yzrjmdyyymu4-thumb_.jpg\" data-skip-htmlfix=\"1\" title=\"ptgwmczoyxnopti1ytk1nmvlytu2m2m1zmrmyjzimwi4yzrjmdyyymu4-thumb_\"><\/p>\n<p data-index=\"39\"><strong>A\u0219a cum am promis, institu\u021bional corect. Nici mai mult, nici mai pu\u021bin.<\/strong> Sunt probleme care trebuie discutate. A\u0219a cum a fost cu nominalizarea. Mi s-ar fi p\u0103rut gre\u0219it s\u0103 fac aceast\u0103 nominalizare f\u0103r\u0103 s\u0103 \u00eei informez pe prim-ministru \u0219i pe \u0219efii partidelor politice. Sunt probleme destul de multe unde este nevoie de acordul ambelor p\u0103r\u021bi, a\u0219a e legisla\u021bia \u00een vigoare. Trebuie s\u0103 fie de acord \u0219i Guvernul, \u0219i pre\u0219edinte. Unele lucruri trebuie discutate \u00eenainte. Asta e situa\u021bia \u00een care colabor\u0103m.<\/p>\n<p data-index=\"40\"><strong>Nu exist\u0103 niciun fel de colaborare politic\u0103<\/strong> \u0219i nici nu cred c\u0103 s-ar fi a\u0219teptat cineva, pentru c\u0103 provenim din zone doctrinare destul de diferite, \u00eens\u0103 problemele pe care le rezolv\u0103m \u0219i pe care le discut\u0103m sunt foarte concrete, care \u021bin de Rom\u00e2nia.<\/p>\n<p data-index=\"41\"><em>\u00centrebare: Premierul a fost de acord cu Hellvig?<\/em><\/p>\n<p data-index=\"42\">Cred c\u0103 asta ar merge prea departe, daca v-a\u0219 spune acest lucru.<\/p>\n<p data-index=\"43\"><strong><em>\u00centrebare: Traian B\u0103sescu spunea c\u0103 sunte\u021bi bl\u00e2nd cu Guvernul, c\u0103 trebuia s\u0103 pune\u021bi presiune&#8230;<\/em><\/strong><\/p>\n<p data-index=\"44\"><strong>Cum a f\u0103cut domnia sa. C\u0103 a \u0219i rezolvat problema&#8230;<\/strong><\/p>\n<p data-index=\"45\">Fiecare cu stilul lui. \u0218i dup\u0103 un timp, dup\u0103 ani, se pot face compara\u021bii dac\u0103 un stil a fost mai eficient sau cel\u0103lalt. Acesta este stilul meu. Acela a fost stilul predecesorului meu. Nu cred c\u0103 trebuie s\u0103 facem compara\u021bii. Suntem foarte diferi\u021bi prin modul de abordare, prin comportament.<\/p>\n<p data-index=\"46\">Asta nu \u00eenseamn\u0103 c\u0103 unul e mai bun dec\u00e2t cel\u0103lalt. Suntem diferi\u021bi. Dac\u0103 pentru Rom\u00e2nia un model sau altul a fost mai bun vom afla din c\u0103r\u021bile de istorie.<\/p>\n<h5>Despre o posibil\u0103 schimbare de Guvern:<\/h5>\n<p data-index=\"47\">Clipa de fa\u021b\u0103 trece repede. <strong>Cel t\u00e2rziu \u00een 2016 a trecut clipa, pentru c\u0103 vom avea alegeri parlamentare. Toate sondajele indic\u0103 o schimbare la putere.<\/strong> Nu cred c\u0103 cineva are alte date. Acesta este trendul. A fost dat de votul din 16 noimebrie.<\/p>\n<p data-index=\"48\">Dac\u0103 s-ar putea face schimbarea (\u00eenainte de 2016, n.r.), mi-ar conveni \u0219i m\u00e2ine s\u0103 se fac\u0103. Numai c\u0103 nu depinde de mine, ci de majoritatea din Parlament. \u0218i dac\u0103 vorbim de aceste lucruri, trebuie s\u0103 facem o diferen\u021b\u0103.<\/p>\n<p data-index=\"49\">Schimbarea puterii este un act eminamente politic, care se petrece \u00een Parlament. Colaborarea \u00eentre pre\u0219edinte \u0219i premier \u00een aceast\u0103 situa\u021bie este un act administrativ. Sunt dou\u0103 lucruri diferite. <strong>Ca politician, \u00eemi doresc un guvern pe care pot s\u0103 \u00eel numesc al meu, condus de PNL, dar pentru Rom\u00e2nia nu ar fi bine s\u0103 existe o ceart\u0103 permanent\u0103 la v\u00e2rful statului \u0219i \u00eemi asum, chiar dac\u0103 \u0219tiu c\u0103 mul\u021bi nu v\u0103d a\u0219a, \u00eemi asum colaborarea institu\u021bional\u0103 p\u00e2n\u0103 c\u00e2nd se schimb\u0103 Guvernul.<\/strong><\/p>\n<p data-index=\"50\">Pre\u0219edintele nu este pus s\u0103 fac\u0103 politica de partid, cum nu este pus s\u0103 fac\u0103 \u0219i s\u0103 desfac\u0103 majorit\u0103\u021bi \u00een Parlament. Acest film l-am avut \u0219i nu a func\u021bionat, pre\u0219edintele este pus s\u0103 medieze \u00eentre institu\u021biile statului \u0219i atunci c\u00e2nd e cazul s\u0103 fie arbitru s\u0103 spun\u0103: <em>stop, aici s-a gre\u0219it<\/em>, dar <strong>pre\u0219edintele nu e pus s\u0103 fac\u0103 sau s\u0103 desfac\u0103 majorit\u0103\u021bile.<\/strong><\/p>\n<p data-index=\"51\">Dar c\u00e2nd este o nou\u0103 majoritate, este chemat s\u0103 nominalizeze prim-ministrul, \u0103sta e rolul pre\u0219edintelui \u00een viziunea mea \u0219i fi\u021bi sigur c\u0103 o s\u0103 \u00eel umplu.<\/p>\n<p data-index=\"52\"><em>\u00centrebare: Ve\u021bi avea Guvern \u00eenainte de 2016?<\/em><\/p>\n<p data-index=\"53\">Situa\u021bia evolueaz\u0103 de a\u0219a natur\u0103 c\u0103 <strong>exist\u0103 o \u0219ans\u0103 rezonabil\u0103 ca printr-o mo\u021biune de cenzur\u0103 s\u0103 se schimbe Guvernul.<\/strong><\/p>\n<p data-index=\"54\"><em>\u00centrebare: P\u00e2n\u0103 la finalul sesiunii parlamentare?<\/em><\/p>\n<p data-index=\"55\">E o \u00eentrebare la care nu v-a\u0219 r\u0103spunde, pentru c\u0103 nu a\u0219 vrea s\u0103 fac specula\u021bii.<\/p>\n<h5>Despre modificarea Codului Fiscal:<\/h5>\n<p data-index=\"56\"><em>\u00centrebare: V\u0103 consulta\u021bi cu premierul, el a vorbit cu dvs. \u00eenainte de a anun\u021ba propunerile de modificare a Codului Fiscal?<\/em><\/p>\n<p data-index=\"57\">Nu am vorbit despre aceste lucruri, este un lucru pe care \u0219i l-a asumat Guvernul, este un lucru interesant ca \u0219i exerci\u021biu teoretic, <strong>ca exerci\u021biu practic am mari semne de \u00eentrebare.<\/strong><\/p>\n<p data-index=\"58\">Per ansamblu, aceste idei sunt luate din propunerile PNL sau ale mele, au fost enun\u021bate \u00een programul meu, ale PNL.<\/p>\n<p data-index=\"59\"><em>\u00centrebare: V\u0103 copiaz\u0103?<\/em><\/p>\n<p data-index=\"60\">Asta r\u0103m\u00e2ne de v\u0103zut, r\u0103m\u00e2ne de v\u0103zut dupa rezultat, e foarte frumos, venim \u00een fa\u021ba electoratului \u0219i spunem: nu mai pl\u0103ti\u021bi impozite, atunci cineva vine \u0219i \u00eentreab\u0103: statul cu ce bani func\u021bioneaz\u0103, po\u021bi s\u0103 scazi orice, dar apare o problem\u0103 \u00een buget, nu \u0219tiu, nu mai finan\u021bezi spitalele, \u0219colile.<\/p>\n<p data-index=\"61\">Aceste lucruri trebuie f\u0103cute dup\u0103 o analiz\u0103 foarte atent\u0103, nu se face \u00eentr-o s\u0103pt\u0103m\u00e2n\u0103, dou\u0103, \u00een luni de zile, cu speciali\u0219ti, se fac simul\u0103ri, e o situa\u021bie ca \u00een toamna trecut\u0103 c\u00e2nd de azi pe m\u00e2ine s-a redus CAS cu 5%. M\u0103sura e ok, dar nu \u0219tim ce efect are.<\/p>\n<p data-index=\"62\">Ca \u0219i acum, reducem TVA, cota unic\u0103, accizele, \u0219i atunci <strong>de unde se colecteaz\u0103 banii la buget<\/strong>? Exist\u0103 solu\u021bii, au fost prezentate \u0219i de mine \u0219i echipa PNL \u0219i \u00een campanie \u0219i \u00eenainte de campanie, \u0219i semnul mare de \u00eentrebare pe care trebuie s\u0103 mi-l pun e <strong>cum poate veni Guvernul cu un program de reducere de impozite \u0219i taxe f\u0103r\u0103 s\u0103 ne spun\u0103 cum gestioneaz\u0103 impozitele \u0219i taxele, lipse\u0219te partea mai nepl\u0103cut\u0103, cum astupi gaura.<\/strong><\/p>\n<p data-index=\"63\">Eu cred c\u0103 au f\u0103cut-o din motive de imagine, d\u0103 bine, aceste lucruri, cel pu\u021bin aparent, dau bine, pentru cei ini\u021bia\u021bi apare semnul de \u00eentrebare.<\/p>\n<p data-index=\"64\"><em>\u00centrebare: V\u0103 pune \u00eentr-o pozi\u021bie defensiv\u0103, ei vor spune: am propus sc\u0103derea taxelor \u0219i pre\u0219edintele spune nu.<\/em><\/p>\n<p data-index=\"65\">Nu am spus <em>nu<\/em>, am spus c\u0103 am mari semne de \u00eentrebare. Nu a ajuns la mine niciun fel de draft, act normativ, b\u0103nuiesc c\u0103 va ajunge \u0219i voi face o analiz\u0103 mai detaliat\u0103.<\/p>\n<p data-index=\"66\">Deocamdat\u0103 s-a discutat \u00een \u0219edin\u021ba de Guvern \u0219i documentul va fi \u00eenaintat spre Parlament.<\/p>\n<p data-index=\"67\">Fi\u021bi asigura\u021bi c\u0103 <strong>mai curge mult\u0103 ap\u0103 p\u00e2n\u0103 c\u00e2nd ajungem s\u0103 avem o lege care prevede aceste reduceri!<\/strong><\/p>\n<p data-index=\"68\"><em>\u00centrebare: A\u021bi aflat \u00een acela\u0219i timp cu noi despre proiect?<\/em><\/p>\n<p data-index=\"69\">Recunosc c\u0103 am aflat un pic \u00eenainte, dar nu de la Guvern. Din sursele mele. Am consilieri buni care vorbesc cu oameni, este o art\u0103 \u0219i a vorbi. F\u0103r\u0103 s\u0103 vorbim, gre\u0219im.<\/p>\n<h5>Despre un nou acord cu FMI:<\/h5>\n<p data-index=\"70\">Dac\u0103 e nevoie de un acord cu FMI sau nu e una din chestiunile care trebuie foarte bine g\u00e2ndite \u00eentre mai mul\u021bi actori, mi se pare c\u0103 nu e doar treaba Guvernului s\u0103 hot\u0103rasc\u0103 dac\u0103 mai trebuie sau nu acord cu FMI.<\/p>\n<p data-index=\"71\">Chestiunea nu e simpl\u0103, sunt argumente foarte serioase pro \u0219i contra. Dac\u0103 discu\u021bia se duce mai departe e mai u\u0219or de g\u0103sit o solu\u021bie.<\/p>\n<p data-index=\"72\">Dac\u0103 ar fi venit Ministrul Finan\u021belor sau cine se ocup\u0103 acolo \u0219i s\u0103 spun\u0103: noi ne preg\u0103tim s\u0103 intr\u0103m \u00een zona euro \u0219i termenul asumat e 2019, nu po\u021bi intra direct \u00een zona euro, trebuie doi ani de preg\u0103tire, de rata fix\u0103 la schimb, ajungem foarte repede \u00een 2016, 2017, s\u0103 spun\u0103: nu vrem acord cu FMI, pentru c\u0103 \u00eenlocuim arca FMI cu ancora ERM2, a\u0219a se nume\u0219te proiectul. \u0218i pentru c\u0103 vrem \u00een zona euro nu mai vrem cu FMI pentru c\u0103 nu mai trebuie. <strong>Rom\u00e2nia nu mai are nevoie de ancora de \u021bar\u0103 \u00een dezvoltare, ci de o ancor\u0103 nou\u0103.<\/strong> Asta ar fi o explica\u021bie pe care a\u0219 fi g\u0103sit-o bun\u0103, dar <strong>a\u0219a, pur \u0219i simplu, s\u0103 spun\u0103 c\u0103 nu mai are nevoie de acord&#8230; Ok, dar de ce nu mai este nevoie? M\u0103 \u00eentreb \u0219i eu, s\u0103 ia un Guvern decizii doar a\u0219a, f\u0103r\u0103 a cunoa\u0219te motiva\u021biile? Ar fi destul de grav.<\/strong><\/p>\n<p data-index=\"73\"><img decoding=\"async\" src=\"https:\/\/analyse.optim.biz\/wp-content\/uploads\/2024\/09\/mdk4mmy1zmyxyzc3zwjhmgq1mwuwmdkymdmwoty1mw-thumb_.jpg\" data-skip-htmlfix=\"1\" title=\"mdk4mmy1zmyxyzc3zwjhmgq1mwuwmdkymdmwoty1mw-thumb_\"><\/p>\n<h5>Despre justi\u021bie:<\/h5>\n<p data-index=\"74\"><em>\u00centrebare: Via\u021ba politic\u0103 e din nou ritmat\u0103 de condamn\u0103ri, re\u021bineri, arest\u0103ri. Cu ce efecte asupra credibilit\u0103\u021bii clasei politice?<\/em><\/p>\n<p data-index=\"75\">Cred c\u0103 va cre\u0219te credibilitatea clasei politice, avem aici a\u0219a-numitele dosare grele care ajung acum s\u0103 fie lucrate \u0219i acum se face lumin\u0103. Dup\u0103 ce se termin\u0103 vom avea mai pu\u021bini politicieni cunoscu\u021bi \u0219i este loc pentru ce se nume\u0219te \u00eennoirea clasei politice.<\/p>\n<p data-index=\"76\"><strong>Mul\u021bi pe care i-am v\u0103zut ani de zile la televizor vor fi \u00een alt\u0103 parte sau vor sta acas\u0103, \u00een cel mai bun caz, \u0219i se va face loc pentru noi lideri, noi politicieni, pentru o nou\u0103 credibilitate.<\/strong><\/p>\n<p data-index=\"77\">E o faz\u0103 foarte ur\u00e2t\u0103, dar f\u0103r\u0103 asta nu cred c\u0103 putem vorbi la modul serios de recredibilizarea clasei politice, nu este suficent s\u0103 existe transparen\u021b\u0103 \u0219i credibilitate \u00een Parlament, cei care au gre\u0219it trebuie tra\u0219i la r\u0103spundere.<\/p>\n<p data-index=\"78\"><em>\u00centrebare: Crede\u021bi c\u0103 Parlamentul va adopta m\u0103surile pentru a accentua \u00eenceperea urm\u0103ririi penale?<\/em><\/p>\n<p data-index=\"79\">\u00cen fapt se \u00eent\u00e2mpla deja, am v\u0103zut c\u0103 s-au prelucrat foarte repede solicit\u0103rile venite din partea justi\u021biei. Este un cadru propice pentru a reformula legisla\u021bia \u0219i regulamentele, aceast\u0103 chestiune e ca \u0219i rezolvat\u0103.<\/p>\n<p data-index=\"80\"><em>\u00centrebare: Sunt oameni care denun\u021b\u0103 ceea ce ar fi \u201erepublica procurorilor\u201d&#8230;<\/em><\/p>\n<p data-index=\"81\">Sentimentul meu e c\u0103 cine afirm\u0103 a\u0219a ceva are o evaluare fundamental eronat\u0103, procurorii sunt cei care cerceteaz\u0103 cazurile de corup\u021bie, de evaziune, dar de acolo p\u00e2n\u0103 la no\u021biunea de \u201erepublica procurorilor\u201d&#8230; Nu, suntem o democra\u021bie a instu\u021biilor democratice, dar s-au cam adunat multe cazuri care trebuie rezolvate.<\/p>\n<p data-index=\"82\"><em>\u00centrebare: Sunte\u021bi \u00eempotriva telejusti\u021biei. Ce s-a \u00eent\u00e2mplat cu Elena Udrea, ce se \u00eent\u00e2mpl\u0103 \u0219i cu al\u021bii, vi se pare un fel de telejusti\u021bie sau nu?<\/em><\/p>\n<p data-index=\"83\">Cred c\u0103 anumite aspecte ar fi putut fi atenuate. Adic\u0103 <strong>s\u0103 vedem mai pu\u021bin zorn\u0103it de c\u0103tu\u0219e \u0219i s\u0103 afl\u0103m prin comunicate seci ce s-a \u00eent\u00e2mplat.<\/strong><\/p>\n<p data-index=\"84\">E nevoie de schimbare \u00een legisla\u021bie, \u00een procedur\u0103 \u0219i e nevoie de un act de voin\u021b\u0103 din partea celor implica\u021bi \u00een aceste acte. Nu vreau s\u0103 arunc vina asupra unuia sau a altuia, nu am niciun indiciu c\u0103 ar exista o scurgere ilegal\u0103 de informa\u021bii, asta nu se \u00eent\u00e2mpl\u0103, dar e nevoie de o \u00eembun\u0103t\u0103\u021bire inclusiv a respectului de sine la to\u021bi cei care vin \u00een contact cu aceste cauze \u0219i <strong>unii cu siguran\u021b\u0103 atunci ajung la concluzia c\u0103 nu trebuie s\u0103 dea o copie a dosarului la cinci minute dup\u0103 primirea dosarului jurnali\u0219tilor<\/strong><\/p>\n<p data-index=\"85\">A\u0219 prefera s\u0103 am o discu\u021bie cu CSM \u0219i atunci de acolo cu siguran\u021b\u0103 vor veni propuneri rezonabile.<\/p>\n<p data-index=\"86\"><em>\u00centrebare: Au fost voci la v\u00e2rful PNL care au cerut demisia lui Victor Ponta, dup\u0103 ce cumnatul s\u0103u a fost arestat preventiv. Mai poate fi Victor Ponta premier?<\/em><\/p>\n<p data-index=\"87\">Deocamdat\u0103 suntem foarte la \u00eenceputul acestor verific\u0103ri \u0219i prefer s\u0103 nu m\u0103 pronun\u021b \u00een aceast\u0103 chestiune. Dac\u0103 se prelunge\u0219te aceast\u0103 faz\u0103 se va pune tot mai mult \u00een spa\u021biul public \u00eentrebarea. R\u0103spunsul poate veni doar de la cel \u00een cauz\u0103.<\/p>\n<p data-index=\"88\">Am avut o situa\u021bie similar\u0103, m-am ferit atunci, cu toate c\u0103 era campanie electoral\u0103, s\u0103 m\u0103 erijez \u00een cineva care d\u0103 sfaturi, dar <strong>am spus c\u0103 dac\u0103 a\u0219 fi fost eu \u00een situa\u021bia, aia a\u0219 fi demisionat.<\/strong><\/p>\n<p data-index=\"89\"><em>\u00centrebare: Dac\u0103 a\u021bi fi \u00een cazul lui Victor Ponta a\u021bi demisiona?<\/em><\/p>\n<p data-index=\"90\">Suntem foarte la \u00eenceputul verific\u0103rilor, prefer s\u0103 nu m\u0103 pronun\u021b.<\/p>\n<p data-index=\"91\"><img decoding=\"async\" src=\"https:\/\/analyse.optim.biz\/wp-content\/uploads\/2024\/09\/jnc9odawjmhhc2g9mjhlnju1ngfkodnmmze5mzc5odljytgwyjrmy2njnja-thumb_.jpg\" data-skip-htmlfix=\"1\" title=\"jnc9odawjmhhc2g9mjhlnju1ngfkodnmmze5mzc5odljytgwyjrmy2njnja-thumb_\"><\/p>\n<h5>Despre strategia de ap\u0103rare:<em>\u00a0<\/em><\/h5>\n<p data-index=\"92\">Cu siguran\u021b\u0103 trebuie s\u0103 v\u0103 a\u0219epta\u021bi la o abordare care \u021bine de situa\u021bia geopolitic\u0103, de noile amenin\u021b\u0103ri, de modul numit r\u0103zboi hibrid prin care ac\u021bioneaz\u0103 Federa\u021bia Rus\u0103, de exemplu. Vom \u021bine cont de toate aceste evolu\u021bii \u0219i vom avea propuneri din partea institu\u021biilor care se ocup\u0103 de a\u0219a ceva. Strategia de ap\u0103rare nu e elaborat\u0103 de consilierul meu, el coordoneaz\u0103 echipa. Sunt mul\u021bi oameni care lucreaz\u0103 inclusiv cu mine, toate institu\u021biile de for\u021b\u0103 vor r\u0103m\u00e2ne implicate \u00een strategia asta, s\u0103 avem o strategie care chiar ne ajut\u0103 \u00een perioda urm\u0103toare, care nu se anun\u021b\u0103 u\u0219oar\u0103 deloc.<\/p>\n<p data-index=\"93\"><em>\u00centrebare: Spunea\u021bi la Consiliul European c\u0103 Rom\u00e2nia se va implica \u00een solu\u021bionarea conflictului din Ucraina. Cum se va \u00eent\u00e2mpla acest lucru?<\/em><\/p>\n<p data-index=\"94\">\u00cempreun\u0103 cu partenerii, ca \u0219i p\u00e2n\u0103 acum. Nu cred c\u0103 e cazul s\u0103 facem noi anumi\u021bi pa\u0219i, singuri. Implicarea const\u0103 \u00eentr-o colaborare tot mai bun\u0103 cu partea ucrainean\u0103, o corelare tot mai str\u00e2ns\u0103 cu partenerii americani, const\u0103, de exemplu, \u00eentr-o <strong>vizit\u0103 de-a mea pe care o voi face pe 17 martie \u00een Ucraina<\/strong>, o vizit\u0103 oficial\u0103, const\u0103 \u00een faptul c\u0103 SRI sprijin\u0103 securitatea informatic\u0103 \u0219i dezvoltarea unui concept de securitate informatic\u0103 \u00een Ucraina.<\/p>\n<p data-index=\"95\">Sunt multe aspecte \u00een care ne implic\u0103m nu doar declarativ, cu toate c\u0103 \u0219i partea declarativ\u0103 are o implica\u021bie destul de mare. Dac\u0103 Rom\u00e2nia spune cu o singur\u0103 voce c\u0103 noi dorim s\u0103 se respecte suveranitatea, independen\u021ba \u0219i grani\u021bele recunoscute ale Ucrainei, e o afirma\u021bie foarte puternic\u0103, chiar dac\u0103 pentru cineva neavizat sun\u0103 ca o limb\u0103 de lemn, nu este. \u00cen afara acestora suntem implica\u021bi \u00een ac\u021biuni foarte concrete, vrem s\u0103 sprijinim Ucraina, este vecinul nostru.<\/p>\n<p data-index=\"96\"><em>\u00centrebare: Care e percep\u021bia dvs. la c\u00e2teva zile de la semnarea acordului de la Minsk? Vor rezista, va fi lini\u0219te?<\/em><\/p>\n<p data-index=\"97\">Nimeni nu v\u0103 poate da acest r\u0103spuns \u0219i nici eu, dar cu to\u021bii, \u00een cadrul \u00eent\u00e2lnirii pe care am avut-o la Bruxelles, ne-am exprimat speran\u021ba c\u0103 acordul va \u021bine. Este, cum s-a exprimat foarte frumos cineva, o raz\u0103 de speran\u021b\u0103, mai mult deocamdat\u0103 nu, dar dac\u0103 se p\u0103streaz\u0103 poate duce la rezultate palpabile.<\/p>\n<p data-index=\"98\"><em>\u00centrebare: Ave\u021bi vreo temere c\u0103 acest conflict va ajunge la frontiera Rom\u00e2niei?<\/em><\/p>\n<p data-index=\"99\">Nu, nu cred c\u0103 va ajunge conflictul propriu-zis la grani\u021ba Rom\u00e2niei, dar deja s-a ajuns prea departe, daca vorbim de implicarea militar\u0103, chiar dac\u0103 unii \u0219i al\u021bii spun c\u0103 sunt separati\u0219tii care ap\u0103r\u0103 acolo, cum s-a exprimat foarte pitoresc un premier european, acele tancuri \u0219i armament nu se pot cump\u0103ra pe eBay, ci vin de la cineva de l\u00e2ng\u0103.<\/p>\n<p data-index=\"100\">Dup\u0103 p\u0103rerea mea, op\u021biunea (livr\u0103rii de arme, n.r.) trebuie l\u0103sat\u0103 pentru mult mai \u00eencolo. Livr\u0103rile de armanent duc la o amplificare a conflictului, nu credem c\u0103 este acum o solu\u021bie. Trebuie s\u0103 ne l\u0103s\u0103m un spa\u021biu de manevr\u0103, dac\u0103 situa\u021bia se schimb\u0103 \u00een mult mai r\u0103u, atunci e posibil ca \u00eempreun\u0103 cu partenerii s\u0103 se reevalueze aceast\u0103 chestiune.<\/p>\n<p data-index=\"101\">Etnicii rom\u00e2ni din Ucraina sunt afecta\u021bi de acest conflict ca \u0219i ucrainenii, ca \u0219i etnicii maghiari, de exemplu, ca \u0219i to\u021bi cei care tr\u0103iesc \u00een Ucraina. \u00cens\u0103 din datele pe care le-am primit nu am putut s\u0103 constat c\u0103 exist\u0103 o ap\u0103sare cu conota\u021bie etnic\u0103, c\u0103 unii sunt mai degrab\u0103 chema\u021bi la arme dec\u00e2t al\u021bii. Afirma\u021bii s-au f\u0103cut, dar ele nu se sus\u021bin \u00een teren.<\/p>\n<p data-index=\"102\">Dar e clar c\u0103 trebuie s\u0103 fie o preocupare predilect\u0103 a noastr\u0103 ce se \u00eent\u00e2mpl\u0103 cu rom\u00e2nii din Ucraina \u0219i este una din temele pe care le voi aborda c\u00e2nd voi face vizita \u00een Ucraina.<\/p>\n<h5>Despre Republica Moldova:<\/h5>\n<p data-index=\"103\">Este bine c\u0103 exist\u0103 un guvern fiindc\u0103 aceast\u0103 tranzi\u021bie a durat mult. Am spus-o \u0219i r\u0103m\u00e2n la p\u0103rerea mea, varianta pe care am v\u0103zut-o noi, nu doar eu, cea mai bun\u0103 ar fi fost ca partidele proeuropene, care au fost votate de o majoritate, s\u0103 formeze acest guvern. Nu a fost \u0219i s-a ajuns la aceast\u0103 solu\u021bie de compromis.<\/p>\n<p data-index=\"104\">Eu \u00eemi voi exprima speran\u021ba &#8211; <strong>mar\u021bi fac o vizit\u0103 \u00een Republica Moldova<\/strong> &#8211; \u00eemi voi exprima speran\u021ba c\u0103 acest nou guvern cu un premier t\u00e2n\u0103r, antreprenor, va duce Republica Moldova mai departe \u00een direc\u021bia Vest.<\/p>\n<p data-index=\"105\"><em>\u00centrebare: Ave\u021bi \u00eencredere c\u0103 acest guvern va duce Republica Moldova c\u0103tre Uniunea European\u0103?<\/em><\/p>\n<p data-index=\"106\">Cu siguran\u021b\u0103 sunt \u0219anse bune, av\u00e2nd \u00een vedere c\u0103 acordul de asociere semnat de UE cu Republica Moldova a fost un real sprijin pentru Moldova \u0219i un semnal puternic. Cred c\u0103 orice guvern responsabil \u00ee\u0219i d\u0103 seama c\u0103 dac\u0103 o majoritate a votat pro-Europa \u0219i exist\u0103 aceast\u0103 posibilitate, aia trebuie s\u0103 fie pentru viitor \u0219i direc\u021bia predilect\u0103.<\/p>\n<\/div>\n<p> Source URL: https:\/\/www.digi24.ro\/stiri\/actualitate\/politica\/interviu-exclusiv-digi24-klaus-iohannis-exista-o-sansa-rezonabila-ca-printr-o-motiune-de-cenzura-sa-se-schimbe-guvernul-361711<\/p>\n","protected":false},"excerpt":{"rendered":"<p>Despre numirea lui Eduard Hellvig la conducerea SRI: Am decis s\u0103 fac o nominalizare pentru conducerea SRI fiindc\u0103 situa\u021bia general\u0103, dup\u0103 p\u0103rerea mea, necesita o clarificare \u0219i aceasta este o clarificare care depinde de mine. Am judecat destul de mult pe cine s\u0103 nominalizez \u0219i am ajuns la Hellvig, care este o persoan\u0103 \u0219i preg\u0103tit\u0103, [&hellip;]<\/p>\n","protected":false},"author":1,"featured_media":186199,"comment_status":"open","ping_status":"","sticky":false,"template":"","format":"standard","meta":{"footnotes":""},"categories":[2],"tags":[11],"class_list":["post-186198","post","type-post","status-publish","format-standard","has-post-thumbnail","hentry","category-politics","tag-digi24"],"_links":{"self":[{"href":"https:\/\/analyse.optim.biz\/index.php?rest_route=\/wp\/v2\/posts\/186198","targetHints":{"allow":["GET"]}}],"collection":[{"href":"https:\/\/analyse.optim.biz\/index.php?rest_route=\/wp\/v2\/posts"}],"about":[{"href":"https:\/\/analyse.optim.biz\/index.php?rest_route=\/wp\/v2\/types\/post"}],"author":[{"embeddable":true,"href":"https:\/\/analyse.optim.biz\/index.php?rest_route=\/wp\/v2\/users\/1"}],"replies":[{"embeddable":true,"href":"https:\/\/analyse.optim.biz\/index.php?rest_route=%2Fwp%2Fv2%2Fcomments&post=186198"}],"version-history":[{"count":0,"href":"https:\/\/analyse.optim.biz\/index.php?rest_route=\/wp\/v2\/posts\/186198\/revisions"}],"wp:featuredmedia":[{"embeddable":true,"href":"https:\/\/analyse.optim.biz\/index.php?rest_route=\/wp\/v2\/media\/186199"}],"wp:attachment":[{"href":"https:\/\/analyse.optim.biz\/index.php?rest_route=%2Fwp%2Fv2%2Fmedia&parent=186198"}],"wp:term":[{"taxonomy":"category","embeddable":true,"href":"https:\/\/analyse.optim.biz\/index.php?rest_route=%2Fwp%2Fv2%2Fcategories&post=186198"},{"taxonomy":"post_tag","embeddable":true,"href":"https:\/\/analyse.optim.biz\/index.php?rest_route=%2Fwp%2Fv2%2Ftags&post=186198"}],"curies":[{"name":"wp","href":"https:\/\/api.w.org\/{rel}","templated":true}]}}