{"id":1861968,"date":"2026-04-01T19:36:23","date_gmt":"2026-04-01T16:36:23","guid":{"rendered":"https:\/\/analyse.optim.biz\/?p=1861968"},"modified":"2026-04-01T19:36:23","modified_gmt":"2026-04-01T16:36:23","slug":"locurile-de-munca-din-ce-in-ce-mai-rare","status":"publish","type":"post","link":"https:\/\/analyse.optim.biz\/?p=1861968","title":{"rendered":"Locurile de munc\u0103, din ce \u00een ce mai rare"},"content":{"rendered":"<p>[analyse_image type=&#8221;featured&#8221; src=&#8221;https:\/\/www.tvbuzau.ro\/wp-content\/uploads\/2026\/04\/hqdefault.jpghttps:\/\/www.tvbuzau.ro\/wp-content\/uploads\/2026\/04\/hqdefault.jpg&#8221;]<\/p>\n<div class=\"td-ss-main-content\">\n<article id=\"post-118593\" class=\"post-118593 post type-post status-publish format-video has-post-thumbnail hentry category-actualitate post_format-post-format-video\">\n<div class=\"td-post-header\">\n<ul class=\"td-category\">\n<li class=\"entry-category\"><a href=\"https:\/\/www.tvbuzau.ro\/category\/actualitate\/\">Actualitate<\/a><\/li>\n<\/ul>\n<header class=\"td-post-title\">\n<h1 class=\"entry-title\">Locurile de munc\u0103, din ce \u00een ce mai rare<\/h1>\n<div class=\"td-module-meta-info\">\n<div class=\"td-post-author-name\">De c\u0103tre <a href=\"https:\/\/www.tvbuzau.ro\/author\/mihai-vasilescu\/\">TV Buz\u0103u<\/a> &#8211; <\/div>\n<p><span class=\"td-post-date\"><time class=\"entry-date updated td-module-date\" datetime=\"2026-04-01T19:36:23+00:00\">aprilie 1, 2026<\/time><\/span><\/p>\n<div class=\"td-post-comments\"><a href=\"https:\/\/www.tvbuzau.ro\/locurile-de-munca-din-ce-in-ce-mai-rare\/#respond\">0<\/a><\/div>\n<div class=\"td-post-views\"><span class=\"td-nr-views-118593\">15<\/span><\/div>\n<\/div>\n<\/header>\n<\/div>\n<div class=\"td-post-sharing td-post-sharing-top td-with-like\">\n<div class=\"td-default-sharing\"><a class=\"td-social-sharing-buttons td-social-facebook\" href=\"http:\/\/www.facebook.com\/sharer.php?u=https%3A%2F%2Fwww.tvbuzau.ro%2Flocurile-de-munca-din-ce-in-ce-mai-rare%2F\"><\/p>\n<div class=\"td-social-but-text\">Distribui\u021bi pe Facebook<\/div>\n<p><\/a><a class=\"td-social-sharing-buttons td-social-twitter\" href=\"https:\/\/twitter.com\/intent\/tweet?text=Locurile+de+munc%C4%83%2C+din+ce+%C3%AEn+ce+mai+rare&amp;url=https%3A%2F%2Fwww.tvbuzau.ro%2Flocurile-de-munca-din-ce-in-ce-mai-rare%2F&amp;via=TV+Buz%C4%83u\"><\/p>\n<div class=\"td-social-but-text\">Distribui\u021bi pe Twitter<\/div>\n<p><\/a><\/div>\n<div class=\"td-classic-sharing\">\n<ul>\n<li class=\"td-classic-facebook\"><iframe frameborder src=\"https:\/\/www.facebook.com\/plugins\/like.php?href=https:\/\/www.tvbuzau.ro\/locurile-de-munca-din-ce-in-ce-mai-rare\/&amp;layout=button_count&amp;show_faces=false&amp;width=105&amp;action=like&amp;colorscheme=light&amp;height=21\"><\/iframe><\/li>\n<li class=\"td-classic-twitter\"><a href=\"https:\/\/twitter.com\/share\" class=\"twitter-share-button\" data-url=\"https:\/\/www.tvbuzau.ro\/locurile-de-munca-din-ce-in-ce-mai-rare\/\" data-text=\"Locurile de munc\u0103, din ce \u00een ce mai rare\" data-via data-lang=\"en\">tweet<\/a><\/li>\n<\/ul>\n<\/div>\n<\/div>\n<div class=\"td-post-content\">\n<div class=\"td-featured-image-rec\">\n<div class=\"wpb_video_wrapper\">\n                    <iframe loading=\"lazy\" id=\"td_youtube_player\" width=\"600\" height=\"560\" src=\"https:\/\/www.youtube.com\/embed\/7xdvFqkDe-c?enablejsapi=1&amp;feature=oembed&amp;wmode=opaque&amp;vq=hd720\" frameborder allowfullscreen><\/iframe><\/p><\/div>\n<\/div>\n<p>Ce spune AJOFM Buz\u0103u<br \/>\nDebutul prim\u0103verii \u015fi \u00een special sezonul estival echivaleaz\u0103 cu perioada \u00een care cei interesa\u0163i \u00ee\u015fi pot g\u0103si mai u\u015for un loc de munc\u0103. Totu\u015fi \u00een acest an, atrage aten\u0163ia Agen\u0163ia Jude\u0163ean\u0103 pentru Ocuparea For\u0163ei de Munc\u0103, se constat\u0103 o sc\u0103dere a ofertei pe pia\u0163a muncii.<br \/>\nSc\u0103derea ofertei locurilor de munc\u0103 este pus\u0103 pe seama incertitudinilor economice.<br \/>\nZilnic pe site-ul AJOFM Buz\u0103u persoanele interesate pot consulta lista locurilor de munc\u0103 vacante, at\u00e2t cele din jude\u0163ul Buz\u0103u c\u00e2t \u015fi din str\u0103in\u0103tate.<\/p>\n<div class=\"post-views post-118593 entry-meta\"><span class=\"post-views-label\">Post Views: <\/span><span class=\"post-views-count\">136<\/span><\/div>\n<\/div>\n<footer>\n<div class=\"td-post-sharing td-post-sharing-bottom td-with-like\"><span class=\"td-post-share-title\">DISTRIBUI\u021aI<\/span><\/p>\n<div class=\"td-default-sharing\"><a class=\"td-social-sharing-buttons td-social-facebook\" href=\"http:\/\/www.facebook.com\/sharer.php?u=https%3A%2F%2Fwww.tvbuzau.ro%2Flocurile-de-munca-din-ce-in-ce-mai-rare%2F\"><\/p>\n<div class=\"td-social-but-text\">Facebook<\/div>\n<p><\/a><a class=\"td-social-sharing-buttons td-social-twitter\" href=\"https:\/\/twitter.com\/intent\/tweet?text=Locurile+de+munc%C4%83%2C+din+ce+%C3%AEn+ce+mai+rare&amp;url=https%3A%2F%2Fwww.tvbuzau.ro%2Flocurile-de-munca-din-ce-in-ce-mai-rare%2F&amp;via=TV+Buz%C4%83u\"><\/p>\n<div class=\"td-social-but-text\">Twitter<\/div>\n<p><\/a><\/div>\n<div class=\"td-classic-sharing\">\n<ul>\n<li class=\"td-classic-facebook\"><iframe frameborder src=\"https:\/\/www.facebook.com\/plugins\/like.php?href=https:\/\/www.tvbuzau.ro\/locurile-de-munca-din-ce-in-ce-mai-rare\/&amp;layout=button_count&amp;show_faces=false&amp;width=105&amp;action=like&amp;colorscheme=light&amp;height=21\"><\/iframe><\/li>\n<li class=\"td-classic-twitter\"><a href=\"https:\/\/twitter.com\/share\" class=\"twitter-share-button\" data-url=\"https:\/\/www.tvbuzau.ro\/locurile-de-munca-din-ce-in-ce-mai-rare\/\" data-text=\"Locurile de munc\u0103, din ce \u00een ce mai rare\" data-via data-lang=\"en\">tweet<\/a><\/li>\n<\/ul>\n<\/div>\n<\/div>\n<div class=\"td-author-name vcard author\"><span class=\"fn\"><a href=\"https:\/\/www.tvbuzau.ro\/author\/mihai-vasilescu\/\">TV Buz\u0103u<\/a><\/span><\/div>\n<p><span><\/span><span><span><\/span><\/span><span><\/span><\/footer>\n<\/article>\n<div class=\"td_block_wrap td_block_related_posts td_uid_1_69ce9d4289ad3_rand td_with_ajax_pagination td-pb-border-top\" data-td-block-uid=\"td_uid_1_69ce9d4289ad3\">\n<h4 class=\"td-related-title\"><a id=\"td_uid_2_69ce9d428fa87\" class=\"td-related-left td-cur-simple-item\" data-td_filter_value data-td_block_id=\"td_uid_1_69ce9d4289ad3\" href=\"https:\/\/www.tvbuzau.ro\/locurile-de-munca-din-ce-in-ce-mai-rare\/\">ARTICOLE SIMILARE<\/a><a id=\"td_uid_3_69ce9d428fac2\" class=\"td-related-right\" data-td_filter_value=\"td_related_more_from_author\" data-td_block_id=\"td_uid_1_69ce9d4289ad3\" href=\"https:\/\/www.tvbuzau.ro\/locurile-de-munca-din-ce-in-ce-mai-rare\/\">DE LA ACELA\u0218I AUTOR<\/a><\/h4>\n<div id=\"td_uid_1_69ce9d4289ad3\" class=\"td_block_inner\">\n<div class=\"td-related-row\">\n<div class=\"td-related-span4\">\n<div class=\"td_module_related_posts td-animation-stack td_mod_related_posts\">\n<div class=\"td-module-image\">\n<div class=\"td-module-thumb\"><a href=\"https:\/\/www.tvbuzau.ro\/constantin-toma-despre-reabilitarea-blocurilor-din-municipiu\/\" rel=\"bookmark\" title=\"Constantin Toma despre reabilitarea blocurilor din municipiu\"><img loading=\"lazy\" decoding=\"async\" width=\"218\" height=\"150\" class=\"entry-thumb\" src=\"https:\/\/www.tvbuzau.ro\/wp-content\/uploads\/2026\/04\/hqdefault-4-218x150.jpg\" alt title=\"Constantin Toma despre reabilitarea blocurilor din municipiu\"><span class=\"td-video-play-ico\"><img loading=\"lazy\" decoding=\"async\" width=\"40\" height=\"40\" class=\"td-retina\" src=\"https:\/\/www.tvbuzau.ro\/wp-content\/themes\/Newspaper\/images\/icons\/ico-video-large.png\" alt=\"video\"><\/span><\/a><\/div>\n<p><a href=\"https:\/\/www.tvbuzau.ro\/category\/actualitate\/\" class=\"td-post-category\">Actualitate<\/a><\/div>\n<div class=\"item-details\">\n<h3 class=\"entry-title td-module-title\"><a href=\"https:\/\/www.tvbuzau.ro\/constantin-toma-despre-reabilitarea-blocurilor-din-municipiu\/\" rel=\"bookmark\" title=\"Constantin Toma despre reabilitarea blocurilor din municipiu\">Constantin Toma despre reabilitarea blocurilor din municipiu<\/a><\/h3>\n<\/div>\n<\/div>\n<\/div>\n<div class=\"td-related-span4\">\n<div class=\"td_module_related_posts td-animation-stack td_mod_related_posts\">\n<div class=\"td-module-image\">\n<div class=\"td-module-thumb\"><a href=\"https:\/\/www.tvbuzau.ro\/primaria-buzau-va-amenaja-un-parc-in-zona-simileasca\/\" rel=\"bookmark\" title=\"Prim\u0103ria Buz\u0103u va amenaja un parc \u00een zona Simileasca\"><img loading=\"lazy\" decoding=\"async\" width=\"218\" height=\"150\" class=\"entry-thumb\" src=\"https:\/\/www.tvbuzau.ro\/wp-content\/uploads\/2026\/04\/hqdefault-3-218x150.jpg\" alt title=\"Prim\u0103ria Buz\u0103u va amenaja un parc \u00een zona Simileasca\"><span class=\"td-video-play-ico\"><img loading=\"lazy\" decoding=\"async\" width=\"40\" height=\"40\" class=\"td-retina\" src=\"https:\/\/www.tvbuzau.ro\/wp-content\/themes\/Newspaper\/images\/icons\/ico-video-large.png\" alt=\"video\"><\/span><\/a><\/div>\n<p><a href=\"https:\/\/www.tvbuzau.ro\/category\/actualitate\/\" class=\"td-post-category\">Actualitate<\/a><\/div>\n<div class=\"item-details\">\n<h3 class=\"entry-title td-module-title\"><a href=\"https:\/\/www.tvbuzau.ro\/primaria-buzau-va-amenaja-un-parc-in-zona-simileasca\/\" rel=\"bookmark\" title=\"Prim\u0103ria Buz\u0103u va amenaja un parc \u00een zona Simileasca\">Prim\u0103ria Buz\u0103u va amenaja un parc \u00een zona Simileasca<\/a><\/h3>\n<\/div>\n<\/div>\n<\/div>\n<div class=\"td-related-span4\">\n<div class=\"td_module_related_posts td-animation-stack td_mod_related_posts\">\n<div class=\"td-module-image\">\n<div class=\"td-module-thumb\"><a href=\"https:\/\/www.tvbuzau.ro\/200-de-blocuri-in-asteptarea-reabilitarii\/\" rel=\"bookmark\" title=\"200 de blocuri \u00een a\u015fteptarea reabilit\u0103rii\"><img loading=\"lazy\" decoding=\"async\" width=\"218\" height=\"150\" class=\"entry-thumb\" src=\"https:\/\/www.tvbuzau.ro\/wp-content\/uploads\/2026\/04\/hqdefault-2-218x150.jpg\" alt title=\"200 de blocuri \u00een a\u015fteptarea reabilit\u0103rii\"><span class=\"td-video-play-ico\"><img loading=\"lazy\" decoding=\"async\" width=\"40\" height=\"40\" class=\"td-retina\" src=\"https:\/\/www.tvbuzau.ro\/wp-content\/themes\/Newspaper\/images\/icons\/ico-video-large.png\" alt=\"video\"><\/span><\/a><\/div>\n<p><a href=\"https:\/\/www.tvbuzau.ro\/category\/actualitate\/\" class=\"td-post-category\">Actualitate<\/a><\/div>\n<div class=\"item-details\">\n<h3 class=\"entry-title td-module-title\"><a href=\"https:\/\/www.tvbuzau.ro\/200-de-blocuri-in-asteptarea-reabilitarii\/\" rel=\"bookmark\" title=\"200 de blocuri \u00een a\u015fteptarea reabilit\u0103rii\">200 de blocuri \u00een a\u015fteptarea reabilit\u0103rii<\/a><\/h3>\n<\/div>\n<\/div>\n<\/div>\n<\/div>\n<div class=\"td-related-row\">\n<div class=\"td-related-span4\">\n<div class=\"td_module_related_posts td-animation-stack td_mod_related_posts\">\n<div class=\"td-module-image\">\n<div class=\"td-module-thumb\"><a href=\"https:\/\/www.tvbuzau.ro\/centru-integrat-de-oncologie-la-buzau\/\" rel=\"bookmark\" title=\"Centru integrat de oncologie la Buz\u0103u\"><img loading=\"lazy\" decoding=\"async\" width=\"218\" height=\"150\" class=\"entry-thumb\" src=\"https:\/\/www.tvbuzau.ro\/wp-content\/uploads\/2026\/04\/hqdefault-1-218x150.jpg\" alt title=\"Centru integrat de oncologie la Buz\u0103u\"><span class=\"td-video-play-ico\"><img loading=\"lazy\" decoding=\"async\" width=\"40\" height=\"40\" class=\"td-retina\" src=\"https:\/\/www.tvbuzau.ro\/wp-content\/themes\/Newspaper\/images\/icons\/ico-video-large.png\" alt=\"video\"><\/span><\/a><\/div>\n<p><a href=\"https:\/\/www.tvbuzau.ro\/category\/actualitate\/\" class=\"td-post-category\">Actualitate<\/a><\/div>\n<div class=\"item-details\">\n<h3 class=\"entry-title td-module-title\"><a href=\"https:\/\/www.tvbuzau.ro\/centru-integrat-de-oncologie-la-buzau\/\" rel=\"bookmark\" title=\"Centru integrat de oncologie la Buz\u0103u\">Centru integrat de oncologie la Buz\u0103u<\/a><\/h3>\n<\/div>\n<\/div>\n<\/div>\n<div class=\"td-related-span4\">\n<div class=\"td_module_related_posts td-animation-stack td_mod_related_posts\">\n<div class=\"td-module-image\">\n<div class=\"td-module-thumb\"><a href=\"https:\/\/www.tvbuzau.ro\/investitie-de-7-302-450-euro-finalizata-in-judetul-buzau\/\" rel=\"bookmark\" title=\"Investi\u021bie de 7.302.450 euro finalizat\u0103 \u00een jude\u021bul Buz\u0103u\"><img loading=\"lazy\" decoding=\"async\" width=\"218\" height=\"150\" class=\"entry-thumb\" src=\"https:\/\/www.tvbuzau.ro\/wp-content\/uploads\/2026\/04\/sddefault-218x150.jpg\" alt title=\"Investi\u021bie de 7.302.450 euro finalizat\u0103 \u00een jude\u021bul Buz\u0103u\"><span class=\"td-video-play-ico\"><img loading=\"lazy\" decoding=\"async\" width=\"40\" height=\"40\" class=\"td-retina\" src=\"https:\/\/www.tvbuzau.ro\/wp-content\/themes\/Newspaper\/images\/icons\/ico-video-large.png\" alt=\"video\"><\/span><\/a><\/div>\n<p><a href=\"https:\/\/www.tvbuzau.ro\/category\/actualitate\/\" class=\"td-post-category\">Actualitate<\/a><\/div>\n<div class=\"item-details\">\n<h3 class=\"entry-title td-module-title\"><a href=\"https:\/\/www.tvbuzau.ro\/investitie-de-7-302-450-euro-finalizata-in-judetul-buzau\/\" rel=\"bookmark\" title=\"Investi\u021bie de 7.302.450 euro finalizat\u0103 \u00een jude\u021bul Buz\u0103u\">Investi\u021bie de 7.302.450 euro finalizat\u0103 \u00een jude\u021bul Buz\u0103u<\/a><\/h3>\n<\/div>\n<\/div>\n<\/div>\n<div class=\"td-related-span4\">\n<div class=\"td_module_related_posts td-animation-stack td_mod_related_posts\">\n<div class=\"td-module-image\">\n<div class=\"td-module-thumb\"><a href=\"https:\/\/www.tvbuzau.ro\/s-au-redeschis-si-santierele-pe-strazile-buzoiene\/\" rel=\"bookmark\" title=\"S-au redeschis \u0219i \u0219antierele pe str\u0103zile buzoiene\"><img loading=\"lazy\" decoding=\"async\" width=\"218\" height=\"150\" class=\"entry-thumb\" src=\"https:\/\/www.tvbuzau.ro\/wp-content\/uploads\/2026\/03\/hqdefault-61-218x150.jpg\" alt title=\"S-au redeschis \u0219i \u0219antierele pe str\u0103zile buzoiene\"><span class=\"td-video-play-ico\"><img loading=\"lazy\" decoding=\"async\" width=\"40\" height=\"40\" class=\"td-retina\" src=\"https:\/\/www.tvbuzau.ro\/wp-content\/themes\/Newspaper\/images\/icons\/ico-video-large.png\" alt=\"video\"><\/span><\/a><\/div>\n<p><a href=\"https:\/\/www.tvbuzau.ro\/category\/actualitate\/\" class=\"td-post-category\">Actualitate<\/a><\/div>\n<div class=\"item-details\">\n<h3 class=\"entry-title td-module-title\"><a href=\"https:\/\/www.tvbuzau.ro\/s-au-redeschis-si-santierele-pe-strazile-buzoiene\/\" rel=\"bookmark\" title=\"S-au redeschis \u0219i \u0219antierele pe str\u0103zile buzoiene\">S-au redeschis \u0219i \u0219antierele pe str\u0103zile buzoiene<\/a><\/h3>\n<\/div>\n<\/div>\n<\/div>\n<\/div>\n<\/div>\n<\/div>\n<div class=\"comments\" id=\"comments\">\n<div id=\"respond\" class=\"comment-respond\">\n<h3 id=\"reply-title\" class=\"comment-reply-title\">L\u0102SA\u021aI UN MESAJ <small><a rel=\"nofollow\" id=\"cancel-comment-reply-link\" href=\"https:\/\/www.tvbuzau.ro\/locurile-de-munca-din-ce-in-ce-mai-rare\/#respond\">Renun\u021ba\u021bi la r\u0103spuns<\/a><\/small><\/h3>\n<\/div>\n<\/div>\n<\/div>\n<div class=\"td-post-content\">\n<div class=\"td-featured-image-rec\">\n<div class=\"wpb_video_wrapper\">\n                    <iframe loading=\"lazy\" id=\"td_youtube_player\" width=\"600\" height=\"560\" src=\"https:\/\/www.youtube.com\/embed\/7xdvFqkDe-c?enablejsapi=1&amp;feature=oembed&amp;wmode=opaque&amp;vq=hd720\" frameborder allowfullscreen><\/iframe><\/p><\/div>\n<\/div>\n<p>Ce spune AJOFM Buz\u0103u<br \/>\nDebutul prim\u0103verii \u015fi \u00een special sezonul estival echivaleaz\u0103 cu perioada \u00een care cei interesa\u0163i \u00ee\u015fi pot g\u0103si mai u\u015for un loc de munc\u0103. Totu\u015fi \u00een acest an, atrage aten\u0163ia Agen\u0163ia Jude\u0163ean\u0103 pentru Ocuparea For\u0163ei de Munc\u0103, se constat\u0103 o sc\u0103dere a ofertei pe pia\u0163a muncii.<br \/>\nSc\u0103derea ofertei locurilor de munc\u0103 este pus\u0103 pe seama incertitudinilor economice.<br \/>\nZilnic pe site-ul AJOFM Buz\u0103u persoanele interesate pot consulta lista locurilor de munc\u0103 vacante, at\u00e2t cele din jude\u0163ul Buz\u0103u c\u00e2t \u015fi din str\u0103in\u0103tate.<\/p>\n<div class=\"post-views post-118593 entry-meta\"><span class=\"post-views-label\">Post Views: <\/span><span class=\"post-views-count\">136<\/span><\/div>\n<\/div>\n<p>[analyse_source url=&#8221;https:\/\/www.tvbuzau.ro\/locurile-de-munca-din-ce-in-ce-mai-rare\/&#8221;]<\/p>\n","protected":false},"excerpt":{"rendered":"<p>[analyse_image type=&#8221;featured&#8221; src=&#8221;https:\/\/www.tvbuzau.ro\/wp-content\/uploads\/2026\/04\/hqdefault.jpghttps:\/\/www.tvbuzau.ro\/wp-content\/uploads\/2026\/04\/hqdefault.jpg&#8221;] Actualitate Locurile de munc\u0103, din ce \u00een ce mai rare De c\u0103tre TV Buz\u0103u &#8211; aprilie 1, 2026 0 15 Distribui\u021bi pe Facebook Distribui\u021bi pe Twitter tweet Ce spune AJOFM Buz\u0103u Debutul prim\u0103verii \u015fi \u00een special sezonul estival echivaleaz\u0103 cu perioada \u00een care cei interesa\u0163i \u00ee\u015fi pot g\u0103si mai u\u015for un loc [&hellip;]<\/p>\n","protected":false},"author":1,"featured_media":0,"comment_status":"open","ping_status":"","sticky":false,"template":"","format":"standard","meta":{"footnotes":""},"categories":[2],"tags":[226,116],"class_list":["post-1861968","post","type-post","status-publish","format-standard","hentry","category-politics","tag-crawlmanager","tag-tvbuzau-ro"],"_links":{"self":[{"href":"https:\/\/analyse.optim.biz\/index.php?rest_route=\/wp\/v2\/posts\/1861968","targetHints":{"allow":["GET"]}}],"collection":[{"href":"https:\/\/analyse.optim.biz\/index.php?rest_route=\/wp\/v2\/posts"}],"about":[{"href":"https:\/\/analyse.optim.biz\/index.php?rest_route=\/wp\/v2\/types\/post"}],"author":[{"embeddable":true,"href":"https:\/\/analyse.optim.biz\/index.php?rest_route=\/wp\/v2\/users\/1"}],"replies":[{"embeddable":true,"href":"https:\/\/analyse.optim.biz\/index.php?rest_route=%2Fwp%2Fv2%2Fcomments&post=1861968"}],"version-history":[{"count":0,"href":"https:\/\/analyse.optim.biz\/index.php?rest_route=\/wp\/v2\/posts\/1861968\/revisions"}],"wp:attachment":[{"href":"https:\/\/analyse.optim.biz\/index.php?rest_route=%2Fwp%2Fv2%2Fmedia&parent=1861968"}],"wp:term":[{"taxonomy":"category","embeddable":true,"href":"https:\/\/analyse.optim.biz\/index.php?rest_route=%2Fwp%2Fv2%2Fcategories&post=1861968"},{"taxonomy":"post_tag","embeddable":true,"href":"https:\/\/analyse.optim.biz\/index.php?rest_route=%2Fwp%2Fv2%2Ftags&post=1861968"}],"curies":[{"name":"wp","href":"https:\/\/api.w.org\/{rel}","templated":true}]}}