{"id":1861962,"date":"2026-04-01T19:38:27","date_gmt":"2026-04-01T16:38:27","guid":{"rendered":"https:\/\/analyse.optim.biz\/?p=1861962"},"modified":"2026-04-01T19:38:27","modified_gmt":"2026-04-01T16:38:27","slug":"200-de-blocuri-in-asteptarea-reabilitarii","status":"publish","type":"post","link":"https:\/\/analyse.optim.biz\/?p=1861962","title":{"rendered":"200 de blocuri \u00een a\u015fteptarea reabilit\u0103rii"},"content":{"rendered":"<p>[analyse_image type=&#8221;featured&#8221; src=&#8221;https:\/\/www.tvbuzau.ro\/wp-content\/uploads\/2026\/04\/hqdefault-2.jpghttps:\/\/www.tvbuzau.ro\/wp-content\/uploads\/2026\/04\/hqdefault-2.jpg&#8221;]<\/p>\n<div class=\"td-ss-main-content\">\n<article id=\"post-118599\" class=\"post-118599 post type-post status-publish format-video has-post-thumbnail hentry category-actualitate post_format-post-format-video\">\n<div class=\"td-post-header\">\n<ul class=\"td-category\">\n<li class=\"entry-category\"><a href=\"https:\/\/www.tvbuzau.ro\/category\/actualitate\/\">Actualitate<\/a><\/li>\n<\/ul>\n<header class=\"td-post-title\">\n<h1 class=\"entry-title\">200 de blocuri \u00een a\u015fteptarea reabilit\u0103rii<\/h1>\n<div class=\"td-module-meta-info\">\n<div class=\"td-post-author-name\">De c\u0103tre <a href=\"https:\/\/www.tvbuzau.ro\/author\/mihai-vasilescu\/\">TV Buz\u0103u<\/a> &#8211; <\/div>\n<p><span class=\"td-post-date\"><time class=\"entry-date updated td-module-date\" datetime=\"2026-04-01T19:38:27+00:00\">aprilie 1, 2026<\/time><\/span><\/p>\n<div class=\"td-post-comments\"><a href=\"https:\/\/www.tvbuzau.ro\/200-de-blocuri-in-asteptarea-reabilitarii\/#respond\">0<\/a><\/div>\n<div class=\"td-post-views\"><span class=\"td-nr-views-118599\">5<\/span><\/div>\n<\/div>\n<\/header>\n<\/div>\n<div class=\"td-post-sharing td-post-sharing-top td-with-like\">\n<div class=\"td-default-sharing\"><a class=\"td-social-sharing-buttons td-social-facebook\" href=\"http:\/\/www.facebook.com\/sharer.php?u=https%3A%2F%2Fwww.tvbuzau.ro%2F200-de-blocuri-in-asteptarea-reabilitarii%2F\"><\/p>\n<div class=\"td-social-but-text\">Distribui\u021bi pe Facebook<\/div>\n<p><\/a><a class=\"td-social-sharing-buttons td-social-twitter\" href=\"https:\/\/twitter.com\/intent\/tweet?text=200+de+blocuri+%C3%AEn+a%C5%9Fteptarea+reabilit%C4%83rii&amp;url=https%3A%2F%2Fwww.tvbuzau.ro%2F200-de-blocuri-in-asteptarea-reabilitarii%2F&amp;via=TV+Buz%C4%83u\"><\/p>\n<div class=\"td-social-but-text\">Distribui\u021bi pe Twitter<\/div>\n<p><\/a><\/div>\n<div class=\"td-classic-sharing\">\n<ul>\n<li class=\"td-classic-facebook\"><iframe frameborder src=\"https:\/\/www.facebook.com\/plugins\/like.php?href=https:\/\/www.tvbuzau.ro\/200-de-blocuri-in-asteptarea-reabilitarii\/&amp;layout=button_count&amp;show_faces=false&amp;width=105&amp;action=like&amp;colorscheme=light&amp;height=21\"><\/iframe><\/li>\n<li class=\"td-classic-twitter\"><a href=\"https:\/\/twitter.com\/share\" class=\"twitter-share-button\" data-url=\"https:\/\/www.tvbuzau.ro\/200-de-blocuri-in-asteptarea-reabilitarii\/\" data-text=\"200 de blocuri \u00een a\u015fteptarea reabilit\u0103rii\" data-via data-lang=\"en\">tweet<\/a><\/li>\n<\/ul>\n<\/div>\n<\/div>\n<div class=\"td-post-content\">\n<div class=\"td-featured-image-rec\">\n<div class=\"wpb_video_wrapper\">\n                    <iframe loading=\"lazy\" id=\"td_youtube_player\" width=\"600\" height=\"560\" src=\"https:\/\/www.youtube.com\/embed\/s7cyuILbXRw?enablejsapi=1&amp;feature=oembed&amp;wmode=opaque&amp;vq=hd720\" frameborder allowfullscreen><\/iframe><\/p><\/div>\n<\/div>\n<p>Zeci de blocuri au intrat deja \u00een modernizare<br \/>\nPrim\u0103ria Buz\u0103u a anun\u0163at recent c\u0103 \u00een jur de 40 de blocuri din municipiu vor face obiectul sau deja sunt incluse \u00een programe de reabilitare. \u00centre ele se num\u0103r\u0103 \u015fi blocuri aflate \u00een risc seismic. \u00cen contextul dat, mai multe asocia\u0163ii de locatari \u015fi-au ar\u0103tat interesul de a participa la program.<br \/>\nInterven\u021biile la cele peste 40 de blocuri deja intrate \u00een programul de reabilitare  au ca obiectiv reducerea consumului de energie \u0219i a costurilor de \u00eentre\u021binere pentru locatari,<br \/>\ncre\u0219terea confortului locativ, prelungirea duratei de via\u021b\u0103 a cl\u0103dirilor \u015fi cre\u0219terea siguran\u021bei structurale \u0219i a valorii fondului construit.<br \/>\nProgramul desf\u0103\u015furat de prim\u0103rie se ridic\u0103 la peste 150 milione euro.<\/p>\n<div class=\"post-views post-118599 entry-meta\"><span class=\"post-views-label\">Post Views: <\/span><span class=\"post-views-count\">112<\/span><\/div>\n<\/div>\n<footer>\n<div class=\"td-post-sharing td-post-sharing-bottom td-with-like\"><span class=\"td-post-share-title\">DISTRIBUI\u021aI<\/span><\/p>\n<div class=\"td-default-sharing\"><a class=\"td-social-sharing-buttons td-social-facebook\" href=\"http:\/\/www.facebook.com\/sharer.php?u=https%3A%2F%2Fwww.tvbuzau.ro%2F200-de-blocuri-in-asteptarea-reabilitarii%2F\"><\/p>\n<div class=\"td-social-but-text\">Facebook<\/div>\n<p><\/a><a class=\"td-social-sharing-buttons td-social-twitter\" href=\"https:\/\/twitter.com\/intent\/tweet?text=200+de+blocuri+%C3%AEn+a%C5%9Fteptarea+reabilit%C4%83rii&amp;url=https%3A%2F%2Fwww.tvbuzau.ro%2F200-de-blocuri-in-asteptarea-reabilitarii%2F&amp;via=TV+Buz%C4%83u\"><\/p>\n<div class=\"td-social-but-text\">Twitter<\/div>\n<p><\/a><\/div>\n<div class=\"td-classic-sharing\">\n<ul>\n<li class=\"td-classic-facebook\"><iframe frameborder src=\"https:\/\/www.facebook.com\/plugins\/like.php?href=https:\/\/www.tvbuzau.ro\/200-de-blocuri-in-asteptarea-reabilitarii\/&amp;layout=button_count&amp;show_faces=false&amp;width=105&amp;action=like&amp;colorscheme=light&amp;height=21\"><\/iframe><\/li>\n<li class=\"td-classic-twitter\"><a href=\"https:\/\/twitter.com\/share\" class=\"twitter-share-button\" data-url=\"https:\/\/www.tvbuzau.ro\/200-de-blocuri-in-asteptarea-reabilitarii\/\" data-text=\"200 de blocuri \u00een a\u015fteptarea reabilit\u0103rii\" data-via data-lang=\"en\">tweet<\/a><\/li>\n<\/ul>\n<\/div>\n<\/div>\n<div class=\"td-author-name vcard author\"><span class=\"fn\"><a href=\"https:\/\/www.tvbuzau.ro\/author\/mihai-vasilescu\/\">TV Buz\u0103u<\/a><\/span><\/div>\n<p><span><\/span><span><span><\/span><\/span><span><\/span><\/footer>\n<\/article>\n<div class=\"td_block_wrap td_block_related_posts td_uid_1_69ce9cbb1f51b_rand td_with_ajax_pagination td-pb-border-top\" data-td-block-uid=\"td_uid_1_69ce9cbb1f51b\">\n<h4 class=\"td-related-title\"><a id=\"td_uid_2_69ce9cbb25113\" class=\"td-related-left td-cur-simple-item\" data-td_filter_value data-td_block_id=\"td_uid_1_69ce9cbb1f51b\" href=\"https:\/\/www.tvbuzau.ro\/200-de-blocuri-in-asteptarea-reabilitarii\/\">ARTICOLE SIMILARE<\/a><a id=\"td_uid_3_69ce9cbb2514e\" class=\"td-related-right\" data-td_filter_value=\"td_related_more_from_author\" data-td_block_id=\"td_uid_1_69ce9cbb1f51b\" href=\"https:\/\/www.tvbuzau.ro\/200-de-blocuri-in-asteptarea-reabilitarii\/\">DE LA ACELA\u0218I AUTOR<\/a><\/h4>\n<div id=\"td_uid_1_69ce9cbb1f51b\" class=\"td_block_inner\">\n<div class=\"td-related-row\">\n<div class=\"td-related-span4\">\n<div class=\"td_module_related_posts td-animation-stack td_mod_related_posts\">\n<div class=\"td-module-image\">\n<div class=\"td-module-thumb\"><a href=\"https:\/\/www.tvbuzau.ro\/constantin-toma-despre-reabilitarea-blocurilor-din-municipiu\/\" rel=\"bookmark\" title=\"Constantin Toma despre reabilitarea blocurilor din municipiu\"><img loading=\"lazy\" decoding=\"async\" width=\"218\" height=\"150\" class=\"entry-thumb\" src=\"https:\/\/www.tvbuzau.ro\/wp-content\/uploads\/2026\/04\/hqdefault-4-218x150.jpg\" alt title=\"Constantin Toma despre reabilitarea blocurilor din municipiu\"><span class=\"td-video-play-ico\"><img loading=\"lazy\" decoding=\"async\" width=\"40\" height=\"40\" class=\"td-retina\" src=\"https:\/\/www.tvbuzau.ro\/wp-content\/themes\/Newspaper\/images\/icons\/ico-video-large.png\" alt=\"video\"><\/span><\/a><\/div>\n<p><a href=\"https:\/\/www.tvbuzau.ro\/category\/actualitate\/\" class=\"td-post-category\">Actualitate<\/a><\/div>\n<div class=\"item-details\">\n<h3 class=\"entry-title td-module-title\"><a href=\"https:\/\/www.tvbuzau.ro\/constantin-toma-despre-reabilitarea-blocurilor-din-municipiu\/\" rel=\"bookmark\" title=\"Constantin Toma despre reabilitarea blocurilor din municipiu\">Constantin Toma despre reabilitarea blocurilor din municipiu<\/a><\/h3>\n<\/div>\n<\/div>\n<\/div>\n<div class=\"td-related-span4\">\n<div class=\"td_module_related_posts td-animation-stack td_mod_related_posts\">\n<div class=\"td-module-image\">\n<div class=\"td-module-thumb\"><a href=\"https:\/\/www.tvbuzau.ro\/primaria-buzau-va-amenaja-un-parc-in-zona-simileasca\/\" rel=\"bookmark\" title=\"Prim\u0103ria Buz\u0103u va amenaja un parc \u00een zona Simileasca\"><img loading=\"lazy\" decoding=\"async\" width=\"218\" height=\"150\" class=\"entry-thumb\" src=\"https:\/\/www.tvbuzau.ro\/wp-content\/uploads\/2026\/04\/hqdefault-3-218x150.jpg\" alt title=\"Prim\u0103ria Buz\u0103u va amenaja un parc \u00een zona Simileasca\"><span class=\"td-video-play-ico\"><img loading=\"lazy\" decoding=\"async\" width=\"40\" height=\"40\" class=\"td-retina\" src=\"https:\/\/www.tvbuzau.ro\/wp-content\/themes\/Newspaper\/images\/icons\/ico-video-large.png\" alt=\"video\"><\/span><\/a><\/div>\n<p><a href=\"https:\/\/www.tvbuzau.ro\/category\/actualitate\/\" class=\"td-post-category\">Actualitate<\/a><\/div>\n<div class=\"item-details\">\n<h3 class=\"entry-title td-module-title\"><a href=\"https:\/\/www.tvbuzau.ro\/primaria-buzau-va-amenaja-un-parc-in-zona-simileasca\/\" rel=\"bookmark\" title=\"Prim\u0103ria Buz\u0103u va amenaja un parc \u00een zona Simileasca\">Prim\u0103ria Buz\u0103u va amenaja un parc \u00een zona Simileasca<\/a><\/h3>\n<\/div>\n<\/div>\n<\/div>\n<div class=\"td-related-span4\">\n<div class=\"td_module_related_posts td-animation-stack td_mod_related_posts\">\n<div class=\"td-module-image\">\n<div class=\"td-module-thumb\"><a href=\"https:\/\/www.tvbuzau.ro\/centru-integrat-de-oncologie-la-buzau\/\" rel=\"bookmark\" title=\"Centru integrat de oncologie la Buz\u0103u\"><img loading=\"lazy\" decoding=\"async\" width=\"218\" height=\"150\" class=\"entry-thumb\" src=\"https:\/\/www.tvbuzau.ro\/wp-content\/uploads\/2026\/04\/hqdefault-1-218x150.jpg\" alt title=\"Centru integrat de oncologie la Buz\u0103u\"><span class=\"td-video-play-ico\"><img loading=\"lazy\" decoding=\"async\" width=\"40\" height=\"40\" class=\"td-retina\" src=\"https:\/\/www.tvbuzau.ro\/wp-content\/themes\/Newspaper\/images\/icons\/ico-video-large.png\" alt=\"video\"><\/span><\/a><\/div>\n<p><a href=\"https:\/\/www.tvbuzau.ro\/category\/actualitate\/\" class=\"td-post-category\">Actualitate<\/a><\/div>\n<div class=\"item-details\">\n<h3 class=\"entry-title td-module-title\"><a href=\"https:\/\/www.tvbuzau.ro\/centru-integrat-de-oncologie-la-buzau\/\" rel=\"bookmark\" title=\"Centru integrat de oncologie la Buz\u0103u\">Centru integrat de oncologie la Buz\u0103u<\/a><\/h3>\n<\/div>\n<\/div>\n<\/div>\n<\/div>\n<div class=\"td-related-row\">\n<div class=\"td-related-span4\">\n<div class=\"td_module_related_posts td-animation-stack td_mod_related_posts\">\n<div class=\"td-module-image\">\n<div class=\"td-module-thumb\"><a href=\"https:\/\/www.tvbuzau.ro\/locurile-de-munca-din-ce-in-ce-mai-rare\/\" rel=\"bookmark\" title=\"Locurile de munc\u0103, din ce \u00een ce mai rare\"><img loading=\"lazy\" decoding=\"async\" width=\"218\" height=\"150\" class=\"entry-thumb\" src=\"https:\/\/www.tvbuzau.ro\/wp-content\/uploads\/2026\/04\/hqdefault-218x150.jpg\" alt title=\"Locurile de munc\u0103, din ce \u00een ce mai rare\"><span class=\"td-video-play-ico\"><img loading=\"lazy\" decoding=\"async\" width=\"40\" height=\"40\" class=\"td-retina\" src=\"https:\/\/www.tvbuzau.ro\/wp-content\/themes\/Newspaper\/images\/icons\/ico-video-large.png\" alt=\"video\"><\/span><\/a><\/div>\n<p><a href=\"https:\/\/www.tvbuzau.ro\/category\/actualitate\/\" class=\"td-post-category\">Actualitate<\/a><\/div>\n<div class=\"item-details\">\n<h3 class=\"entry-title td-module-title\"><a href=\"https:\/\/www.tvbuzau.ro\/locurile-de-munca-din-ce-in-ce-mai-rare\/\" rel=\"bookmark\" title=\"Locurile de munc\u0103, din ce \u00een ce mai rare\">Locurile de munc\u0103, din ce \u00een ce mai rare<\/a><\/h3>\n<\/div>\n<\/div>\n<\/div>\n<div class=\"td-related-span4\">\n<div class=\"td_module_related_posts td-animation-stack td_mod_related_posts\">\n<div class=\"td-module-image\">\n<div class=\"td-module-thumb\"><a href=\"https:\/\/www.tvbuzau.ro\/investitie-de-7-302-450-euro-finalizata-in-judetul-buzau\/\" rel=\"bookmark\" title=\"Investi\u021bie de 7.302.450 euro finalizat\u0103 \u00een jude\u021bul Buz\u0103u\"><img loading=\"lazy\" decoding=\"async\" width=\"218\" height=\"150\" class=\"entry-thumb\" src=\"https:\/\/www.tvbuzau.ro\/wp-content\/uploads\/2026\/04\/sddefault-218x150.jpg\" alt title=\"Investi\u021bie de 7.302.450 euro finalizat\u0103 \u00een jude\u021bul Buz\u0103u\"><span class=\"td-video-play-ico\"><img loading=\"lazy\" decoding=\"async\" width=\"40\" height=\"40\" class=\"td-retina\" src=\"https:\/\/www.tvbuzau.ro\/wp-content\/themes\/Newspaper\/images\/icons\/ico-video-large.png\" alt=\"video\"><\/span><\/a><\/div>\n<p><a href=\"https:\/\/www.tvbuzau.ro\/category\/actualitate\/\" class=\"td-post-category\">Actualitate<\/a><\/div>\n<div class=\"item-details\">\n<h3 class=\"entry-title td-module-title\"><a href=\"https:\/\/www.tvbuzau.ro\/investitie-de-7-302-450-euro-finalizata-in-judetul-buzau\/\" rel=\"bookmark\" title=\"Investi\u021bie de 7.302.450 euro finalizat\u0103 \u00een jude\u021bul Buz\u0103u\">Investi\u021bie de 7.302.450 euro finalizat\u0103 \u00een jude\u021bul Buz\u0103u<\/a><\/h3>\n<\/div>\n<\/div>\n<\/div>\n<div class=\"td-related-span4\">\n<div class=\"td_module_related_posts td-animation-stack td_mod_related_posts\">\n<div class=\"td-module-image\">\n<div class=\"td-module-thumb\"><a href=\"https:\/\/www.tvbuzau.ro\/s-au-redeschis-si-santierele-pe-strazile-buzoiene\/\" rel=\"bookmark\" title=\"S-au redeschis \u0219i \u0219antierele pe str\u0103zile buzoiene\"><img loading=\"lazy\" decoding=\"async\" width=\"218\" height=\"150\" class=\"entry-thumb\" src=\"https:\/\/www.tvbuzau.ro\/wp-content\/uploads\/2026\/03\/hqdefault-61-218x150.jpg\" alt title=\"S-au redeschis \u0219i \u0219antierele pe str\u0103zile buzoiene\"><span class=\"td-video-play-ico\"><img loading=\"lazy\" decoding=\"async\" width=\"40\" height=\"40\" class=\"td-retina\" src=\"https:\/\/www.tvbuzau.ro\/wp-content\/themes\/Newspaper\/images\/icons\/ico-video-large.png\" alt=\"video\"><\/span><\/a><\/div>\n<p><a href=\"https:\/\/www.tvbuzau.ro\/category\/actualitate\/\" class=\"td-post-category\">Actualitate<\/a><\/div>\n<div class=\"item-details\">\n<h3 class=\"entry-title td-module-title\"><a href=\"https:\/\/www.tvbuzau.ro\/s-au-redeschis-si-santierele-pe-strazile-buzoiene\/\" rel=\"bookmark\" title=\"S-au redeschis \u0219i \u0219antierele pe str\u0103zile buzoiene\">S-au redeschis \u0219i \u0219antierele pe str\u0103zile buzoiene<\/a><\/h3>\n<\/div>\n<\/div>\n<\/div>\n<\/div>\n<\/div>\n<\/div>\n<div class=\"comments\" id=\"comments\">\n<div id=\"respond\" class=\"comment-respond\">\n<h3 id=\"reply-title\" class=\"comment-reply-title\">L\u0102SA\u021aI UN MESAJ <small><a rel=\"nofollow\" id=\"cancel-comment-reply-link\" href=\"https:\/\/www.tvbuzau.ro\/200-de-blocuri-in-asteptarea-reabilitarii\/#respond\">Renun\u021ba\u021bi la r\u0103spuns<\/a><\/small><\/h3>\n<\/div>\n<\/div>\n<\/div>\n<div class=\"td-post-content\">\n<div class=\"td-featured-image-rec\">\n<div class=\"wpb_video_wrapper\">\n                    <iframe loading=\"lazy\" id=\"td_youtube_player\" width=\"600\" height=\"560\" src=\"https:\/\/www.youtube.com\/embed\/s7cyuILbXRw?enablejsapi=1&amp;feature=oembed&amp;wmode=opaque&amp;vq=hd720\" frameborder allowfullscreen><\/iframe><\/p><\/div>\n<\/div>\n<p>Zeci de blocuri au intrat deja \u00een modernizare<br \/>\nPrim\u0103ria Buz\u0103u a anun\u0163at recent c\u0103 \u00een jur de 40 de blocuri din municipiu vor face obiectul sau deja sunt incluse \u00een programe de reabilitare. \u00centre ele se num\u0103r\u0103 \u015fi blocuri aflate \u00een risc seismic. \u00cen contextul dat, mai multe asocia\u0163ii de locatari \u015fi-au ar\u0103tat interesul de a participa la program.<br \/>\nInterven\u021biile la cele peste 40 de blocuri deja intrate \u00een programul de reabilitare  au ca obiectiv reducerea consumului de energie \u0219i a costurilor de \u00eentre\u021binere pentru locatari,<br \/>\ncre\u0219terea confortului locativ, prelungirea duratei de via\u021b\u0103 a cl\u0103dirilor \u015fi cre\u0219terea siguran\u021bei structurale \u0219i a valorii fondului construit.<br \/>\nProgramul desf\u0103\u015furat de prim\u0103rie se ridic\u0103 la peste 150 milione euro.<\/p>\n<div class=\"post-views post-118599 entry-meta\"><span class=\"post-views-label\">Post Views: <\/span><span class=\"post-views-count\">112<\/span><\/div>\n<\/div>\n<p>[analyse_source url=&#8221;https:\/\/www.tvbuzau.ro\/200-de-blocuri-in-asteptarea-reabilitarii\/&#8221;]<\/p>\n","protected":false},"excerpt":{"rendered":"<p>[analyse_image type=&#8221;featured&#8221; src=&#8221;https:\/\/www.tvbuzau.ro\/wp-content\/uploads\/2026\/04\/hqdefault-2.jpghttps:\/\/www.tvbuzau.ro\/wp-content\/uploads\/2026\/04\/hqdefault-2.jpg&#8221;] Actualitate 200 de blocuri \u00een a\u015fteptarea reabilit\u0103rii De c\u0103tre TV Buz\u0103u &#8211; aprilie 1, 2026 0 5 Distribui\u021bi pe Facebook Distribui\u021bi pe Twitter tweet Zeci de blocuri au intrat deja \u00een modernizare Prim\u0103ria Buz\u0103u a anun\u0163at recent c\u0103 \u00een jur de 40 de blocuri din municipiu vor face obiectul sau deja sunt [&hellip;]<\/p>\n","protected":false},"author":1,"featured_media":0,"comment_status":"open","ping_status":"","sticky":false,"template":"","format":"standard","meta":{"footnotes":""},"categories":[2],"tags":[226,116],"class_list":["post-1861962","post","type-post","status-publish","format-standard","hentry","category-politics","tag-crawlmanager","tag-tvbuzau-ro"],"_links":{"self":[{"href":"https:\/\/analyse.optim.biz\/index.php?rest_route=\/wp\/v2\/posts\/1861962","targetHints":{"allow":["GET"]}}],"collection":[{"href":"https:\/\/analyse.optim.biz\/index.php?rest_route=\/wp\/v2\/posts"}],"about":[{"href":"https:\/\/analyse.optim.biz\/index.php?rest_route=\/wp\/v2\/types\/post"}],"author":[{"embeddable":true,"href":"https:\/\/analyse.optim.biz\/index.php?rest_route=\/wp\/v2\/users\/1"}],"replies":[{"embeddable":true,"href":"https:\/\/analyse.optim.biz\/index.php?rest_route=%2Fwp%2Fv2%2Fcomments&post=1861962"}],"version-history":[{"count":0,"href":"https:\/\/analyse.optim.biz\/index.php?rest_route=\/wp\/v2\/posts\/1861962\/revisions"}],"wp:attachment":[{"href":"https:\/\/analyse.optim.biz\/index.php?rest_route=%2Fwp%2Fv2%2Fmedia&parent=1861962"}],"wp:term":[{"taxonomy":"category","embeddable":true,"href":"https:\/\/analyse.optim.biz\/index.php?rest_route=%2Fwp%2Fv2%2Fcategories&post=1861962"},{"taxonomy":"post_tag","embeddable":true,"href":"https:\/\/analyse.optim.biz\/index.php?rest_route=%2Fwp%2Fv2%2Ftags&post=1861962"}],"curies":[{"name":"wp","href":"https:\/\/api.w.org\/{rel}","templated":true}]}}