{"id":186196,"date":"2015-02-19T21:37:02","date_gmt":"2015-02-19T18:37:02","guid":{"rendered":"https:\/\/analyse.optim.biz\/?p=186196"},"modified":"2015-02-19T21:37:02","modified_gmt":"2015-02-19T18:37:02","slug":"traian-basescu-reactie-dura-dupa-nominalizarea-lui-eduard-hellvig-la-sri","status":"publish","type":"post","link":"https:\/\/analyse.optim.biz\/?p=186196","title":{"rendered":"Traian B\u0103sescu, reac\u021bie dur\u0103 dup\u0103 nominalizarea lui Eduard Hellvig la SRI"},"content":{"rendered":"<div class=\"entry data-app-meta data-app-meta-article\" data-embed-base-url-canonical=\"https:\/\/www.digi24.ro\/embed\/stiri\/actualitate\/politica\/traian-basescu-reactie-dura-dupa-nominalizarea-lui-eduard-hellvig-la-sri-361724\">\n<div class=\"fb-post\">\n<div class=\"fb-xfbml-parse-ignore\"><a href=\"https:\/\/www.facebook.com\/PresedinteleTraianBasescu\/posts\/1001675559845995\" data-skip-linkfix=\"1\">Post<\/a> by <a href=\"https:\/\/www.facebook.com\/PresedinteleTraianBasescu\" data-skip-linkfix=\"1\">Traian B\u0103sescu<\/a>.<\/div>\n<\/div>\n<p data-index=\"2\">\u201ePremierul de la Grivco\u201d reu\u015fe\u015fte s\u0103 nominalizeze pentru \u015fefia SRI un om al lui Voiculescu. \u015eocant !!!\u201d, spune fostul \u0219ef al statului pe Facebook, dup\u0103 ce pre\u0219edintele <a href=\"https:\/\/www.digi24.ro\/Stiri\/Digi24\/Actualitate\/Stiri\/Surse+Eduard+Hellvig+noul+sef+al+SRI\" target=\"_blank\" data-skip-linkfix=\"1\" rel=\"noopener\">Klaus Iohannis l-a propus pe Eduard Hellvig la \u0219efia SRI<\/a>.<\/p>\n<p data-index=\"3\">Fostul pre\u0219edinte face aluzie la \u00eent\u00e2lnirea care ar fi avut loc \u00een 2009 la sediul Grivco, firma lui Dan Voiculescu, unde \u00eempreun\u0103 cu Crin Antonescu \u0219i Victor Ponta s-ar fi stabilit ca primarul &#8211; pe atunci &#8211; al Sibiului, Klaus Iohannis, s\u0103-i fie impus lui Traian B\u0103sescu drept premier, \u00een virtutea majorit\u0103\u021bii pe care PNL \u0219i PSD o formau \u00een Parlament.<\/p>\n<p data-index=\"4\">Traian B\u0103sescu s-a referit prima oar\u0103 la Klaus Iohannis drept \u201epremierul de la Grivco\u201d \u00eenainte de campania electoral\u0103 de anul trecut, \u00eentr-un interviu la postul public de televiziune.\u00a0Pre\u015fedintele Traian B\u0103sescu a spus despre candidatul ACL la alegerile preziden\u0163iale c\u0103 este \u201eo necunoscut\u0103\u201d pentru el \u015fi un om \u201eascuns\u201d \u015fi \u201eneclar\u201d, <a href=\"https:\/\/www.digi24.ro\/Stiri\/Digi24\/Actualitate\/Politica\/Traian+Basescu+Klaus+Iohannis+o+necunoscuta+un+om+ascuns+neclar+\" target=\"_blank\" data-skip-linkfix=\"1\" rel=\"noopener\">numindu-l \u201epremierul Grivco\u201d \u015fi un \u201einstrument al lui Voiculescu \u015fi Antonescu\u201d.<\/a><\/p>\n<p data-index=\"5\">Citi\u021bi \u0219i:\u00a0<\/p>\n<h5><a href=\"https:\/\/www.digi24.ro\/Stiri\/Digi24\/Actualitate\/Politica\/Guvernul+din+umbra+La+Grivco+s-au+luat+deciziile+importante+din+\" target=\"_blank\" data-skip-linkfix=\"1\" rel=\"noopener\"><span>Guvernul din umbr\u0103. La Grivco s-au luat decizii importante \u00een politic\u0103 timp de zece ani<\/span><\/a><\/h5>\n<\/div>\n<p> Source URL: https:\/\/www.digi24.ro\/stiri\/actualitate\/politica\/traian-basescu-reactie-dura-dupa-nominalizarea-lui-eduard-hellvig-la-sri-361724<\/p>\n","protected":false},"excerpt":{"rendered":"<p>Post by Traian B\u0103sescu. \u201ePremierul de la Grivco\u201d reu\u015fe\u015fte s\u0103 nominalizeze pentru \u015fefia SRI un om al lui Voiculescu. \u015eocant !!!\u201d, spune fostul \u0219ef al statului pe Facebook, dup\u0103 ce pre\u0219edintele Klaus Iohannis l-a propus pe Eduard Hellvig la \u0219efia SRI. Fostul pre\u0219edinte face aluzie la \u00eent\u00e2lnirea care ar fi avut loc \u00een 2009 la [&hellip;]<\/p>\n","protected":false},"author":1,"featured_media":186197,"comment_status":"open","ping_status":"","sticky":false,"template":"","format":"standard","meta":{"footnotes":""},"categories":[2],"tags":[11],"class_list":["post-186196","post","type-post","status-publish","format-standard","has-post-thumbnail","hentry","category-politics","tag-digi24"],"_links":{"self":[{"href":"https:\/\/analyse.optim.biz\/index.php?rest_route=\/wp\/v2\/posts\/186196","targetHints":{"allow":["GET"]}}],"collection":[{"href":"https:\/\/analyse.optim.biz\/index.php?rest_route=\/wp\/v2\/posts"}],"about":[{"href":"https:\/\/analyse.optim.biz\/index.php?rest_route=\/wp\/v2\/types\/post"}],"author":[{"embeddable":true,"href":"https:\/\/analyse.optim.biz\/index.php?rest_route=\/wp\/v2\/users\/1"}],"replies":[{"embeddable":true,"href":"https:\/\/analyse.optim.biz\/index.php?rest_route=%2Fwp%2Fv2%2Fcomments&post=186196"}],"version-history":[{"count":0,"href":"https:\/\/analyse.optim.biz\/index.php?rest_route=\/wp\/v2\/posts\/186196\/revisions"}],"wp:featuredmedia":[{"embeddable":true,"href":"https:\/\/analyse.optim.biz\/index.php?rest_route=\/wp\/v2\/media\/186197"}],"wp:attachment":[{"href":"https:\/\/analyse.optim.biz\/index.php?rest_route=%2Fwp%2Fv2%2Fmedia&parent=186196"}],"wp:term":[{"taxonomy":"category","embeddable":true,"href":"https:\/\/analyse.optim.biz\/index.php?rest_route=%2Fwp%2Fv2%2Fcategories&post=186196"},{"taxonomy":"post_tag","embeddable":true,"href":"https:\/\/analyse.optim.biz\/index.php?rest_route=%2Fwp%2Fv2%2Ftags&post=186196"}],"curies":[{"name":"wp","href":"https:\/\/api.w.org\/{rel}","templated":true}]}}