{"id":186194,"date":"2015-02-19T22:04:10","date_gmt":"2015-02-19T19:04:10","guid":{"rendered":"https:\/\/analyse.optim.biz\/?p=186194"},"modified":"2015-02-19T22:04:10","modified_gmt":"2015-02-19T19:04:10","slug":"elena-udrea-reactie-la-nominalizarea-lui-hellvig-il-felicit-pe-dan-voiculescu","status":"publish","type":"post","link":"https:\/\/analyse.optim.biz\/?p=186194","title":{"rendered":"Elena Udrea, reac\u021bie la nominalizarea lui Hellvig: \u00cel felicit pe Dan Voiculescu!"},"content":{"rendered":"<div class=\"entry data-app-meta data-app-meta-article\" data-embed-base-url-canonical=\"https:\/\/www.digi24.ro\/embed\/stiri\/actualitate\/politica\/elena-udrea-reactie-la-nominalizarea-lui-hellvig-il-felicit-pe-dan-voiculescu-361729\">\n<div class=\"fb-post\">\n<div class=\"fb-xfbml-parse-ignore\"><a href=\"https:\/\/www.facebook.com\/EUdrea\/posts\/10152881925039584:0\" data-skip-linkfix=\"1\">Post<\/a> by <a href=\"https:\/\/www.facebook.com\/EUdrea\" data-skip-linkfix=\"1\">Elena Udrea<\/a>.<\/div>\n<\/div>\n<p data-index=\"2\">\u201eAm spus \u00een denun\u0163ul pe care l-am f\u0103cut la Parchet c\u0103 viitorul \u015fef SRI va fi ales de Coldea. Iat\u0103 c\u0103 a\u015fa este! Singurul lucru pe care Eduard Hellvig \u00eel va face acolo este s\u0103 ia pozi\u0163ie de drep\u0163i \u00een fa\u0163a adjunctului s\u0103u cu patru stele. De altfel, este obi\u015fnuit cu aceasta ipostaz\u0103 din campania electoral\u0103 pentru preziden\u0163iale\u201d, acuz\u0103<strong> Elena Udrea, pe Facebook<\/strong>.<\/p>\n<p data-index=\"3\">\u201e\u00cel rog pe domnul Ion Cristoiu s\u0103 fac\u0103 publice \u00eensemn\u0103rile din jurnalul meu referitoare la Hellvig \u015fi Coldea ca s\u0103 vede\u0163i c\u0103 lucrurile se \u00eent\u00e2mpl\u0103 exact a\u015fa cum am spus eu c\u0103 se vor \u00eent\u00e2mpla \u00eenc\u0103 din noiembrie\u201d, mai spune Elena Udrea.<\/p>\n<p data-index=\"4\">Ea are \u0219i un post-scriptum la postarea de pe Facebook: \u201ePS. Ca s\u0103 nu existe trepida\u0163ii la Rom\u00e2niaTv \u015fi Antena3, fac precizarea c\u0103 am voie s\u0103 comunic pe orice alte teme dec\u00e2t cele legate de cauza penal\u0103 \u00een care s-a dispus arestul la domiciliu\u201d, precizeaz\u0103 Elena Udrea.<\/p>\n<p data-index=\"5\">Interven\u021biile Elenei Udrea \u00een media \u2013 \u00een perioada c\u00e2nd era cercetat\u0103 sub control judiciar \u2013 au dus la arestarea preventiv\u0103 a deputatului, DNA consider\u00e2nd c\u0103 a \u00eenc\u0103lcat condi\u021biile controlului judiciar.<\/p>\n<p data-index=\"6\">Elena Udrea a fost eliberat\u0103 \u00eentre timp la decizia instan\u021bei supreme.<\/p>\n<p data-index=\"7\">Declara\u0163iile f\u0103cute de ea \u00een timpul anchetei \u00eei face acum pe procurori s\u0103 cear\u0103 <a href=\"https:\/\/www.digi24.ro\/Stiri\/Digi24\/Actualitate\/Justitie\/CSM+discuta+despre+interzicerea+afirmatiilor+publice+in+cazul+ce\" target=\"_blank\" data-skip-linkfix=\"1\" rel=\"noopener\">reguli noi \u015fi mai dure pentru suspec\u0163ii investiga\u0163i.<\/a> Vor s\u0103 modifice Codul de procedur\u0103 Penal\u0103 astfel \u00eenc\u00e2t cei afla\u0163i sub anchet\u0103 s\u0103 aib\u0103 interdic\u0163ie s\u0103 vorbeasc\u0103 despre caz. Nici m\u0103car pe Facebook nu trebuie s\u0103 comenteze, spun oamenii legii.<\/p>\n<\/div>\n<p> Source URL: https:\/\/www.digi24.ro\/stiri\/actualitate\/politica\/elena-udrea-reactie-la-nominalizarea-lui-hellvig-il-felicit-pe-dan-voiculescu-361729<\/p>\n","protected":false},"excerpt":{"rendered":"<p>Post by Elena Udrea. \u201eAm spus \u00een denun\u0163ul pe care l-am f\u0103cut la Parchet c\u0103 viitorul \u015fef SRI va fi ales de Coldea. Iat\u0103 c\u0103 a\u015fa este! Singurul lucru pe care Eduard Hellvig \u00eel va face acolo este s\u0103 ia pozi\u0163ie de drep\u0163i \u00een fa\u0163a adjunctului s\u0103u cu patru stele. De altfel, este obi\u015fnuit cu [&hellip;]<\/p>\n","protected":false},"author":1,"featured_media":186195,"comment_status":"open","ping_status":"","sticky":false,"template":"","format":"standard","meta":{"footnotes":""},"categories":[2],"tags":[11],"class_list":["post-186194","post","type-post","status-publish","format-standard","has-post-thumbnail","hentry","category-politics","tag-digi24"],"_links":{"self":[{"href":"https:\/\/analyse.optim.biz\/index.php?rest_route=\/wp\/v2\/posts\/186194","targetHints":{"allow":["GET"]}}],"collection":[{"href":"https:\/\/analyse.optim.biz\/index.php?rest_route=\/wp\/v2\/posts"}],"about":[{"href":"https:\/\/analyse.optim.biz\/index.php?rest_route=\/wp\/v2\/types\/post"}],"author":[{"embeddable":true,"href":"https:\/\/analyse.optim.biz\/index.php?rest_route=\/wp\/v2\/users\/1"}],"replies":[{"embeddable":true,"href":"https:\/\/analyse.optim.biz\/index.php?rest_route=%2Fwp%2Fv2%2Fcomments&post=186194"}],"version-history":[{"count":0,"href":"https:\/\/analyse.optim.biz\/index.php?rest_route=\/wp\/v2\/posts\/186194\/revisions"}],"wp:featuredmedia":[{"embeddable":true,"href":"https:\/\/analyse.optim.biz\/index.php?rest_route=\/wp\/v2\/media\/186195"}],"wp:attachment":[{"href":"https:\/\/analyse.optim.biz\/index.php?rest_route=%2Fwp%2Fv2%2Fmedia&parent=186194"}],"wp:term":[{"taxonomy":"category","embeddable":true,"href":"https:\/\/analyse.optim.biz\/index.php?rest_route=%2Fwp%2Fv2%2Fcategories&post=186194"},{"taxonomy":"post_tag","embeddable":true,"href":"https:\/\/analyse.optim.biz\/index.php?rest_route=%2Fwp%2Fv2%2Ftags&post=186194"}],"curies":[{"name":"wp","href":"https:\/\/api.w.org\/{rel}","templated":true}]}}