{"id":1861868,"date":"2026-03-31T02:26:00","date_gmt":"2026-03-30T23:26:00","guid":{"rendered":"https:\/\/analyse.optim.biz\/?p=1861868"},"modified":"2026-03-31T02:26:00","modified_gmt":"2026-03-30T23:26:00","slug":"laura-dern-enquetera-sur-laffaire-epstein-dans-une-nouvelle-serie","status":"publish","type":"post","link":"https:\/\/analyse.optim.biz\/?p=1861868","title":{"rendered":"Laura Dern enqu\u00eatera sur l\u2019affaire Epstein dans une nouvelle s\u00e9rie"},"content":{"rendered":"<div class=\"entry-content\">\n<section class=\"single-header padding-top-s\">\n<div class=\"container\">\n<div class=\"row justify-content-between\">\n<div class=\"col-lg-9 col-xl-8\">\n<div class=\"video-container\">\n\t\t\t\t\t\t\t\t\t\t\t\t\t<\/div>\n<div class=\"container-img desktop\">\n\t\t\t\t\t\t\t\t<img decoding=\"async\" width=\"640\" height=\"408\" src=\"https:\/\/numero.com\/wp-content\/uploads\/2026\/04\/push-laura-dern-768x490.jpg\" class=\"img-fluid\" alt=\"Laura Dern.\" loading=\"lazy\">\t\t\t\t\t\t\t\t<\/p>\n<p class=\"number big\">2<\/p>\n<\/p><\/div>\n<div class=\"container-img mobile\">\n\t\t\t\t\t\t\t\t<img decoding=\"async\" width=\"640\" height=\"804\" src=\"https:\/\/numero.com\/wp-content\/uploads\/2026\/04\/thumb-laura-dern-768x965.jpg\" class=\"img-fluid\" alt=\"Laura Dern.\" loading=\"lazy\">\t\t\t\t\t\t\t\t<\/p>\n<p class=\"number big\">2<\/p>\n<\/p><\/div>\n<\/p><\/div>\n<div class=\"col col-lg-3 col-xl-4 desktop\">\n<div class=\"ad grand-angle desktop\">\n    <!-- \/21730003857\/numero-ad-unit\/numero-grand-angle --><\/p>\n<div id=\"div-gpt-ad-1757063143832-0\" class=\"px-0\">\n<p>            googletag.cmd.push(function () {<br \/>\n                googletag.display(&#8216;div-gpt-ad-1757063143832-0&#8217;);<br \/>\n            });<\/p><\/div>\n<\/div><\/div>\n<\/p><\/div>\n<\/p><\/div>\n<\/section>\n<section class=\"post-content\">\n<div class=\"container\">\n<div class=\"row g-0 justify-content-between\">\n<div class=\"col-lg-9 col-xl-8 padding-top-s\">\n<p class=\"share-widget\" id=\"share-widget\"><img decoding=\"async\" src=\"https:\/\/numero.com\/wp-content\/themes\/%09%09%09understrap-child-main\/src\/public\/images\/share.svg\" alt=\"share-widget\"><\/p>\n<div class=\"share-icons\" id=\"share-icons\">\n<p class=\"copy-link\"><img decoding=\"async\" src=\"https:\/\/numero.com\/wp-content\/themes\/understrap-child-main\/src\/public\/images\/copy-link.svg\" alt=\"copy-link\"><\/p>\n<p>\t\t\t\t\t\t\t<a href=\"https:\/\/www.facebook.com\/sharer\/sharer.php?u=https:\/\/numero.com\/culture\/series\/affaire-jeffrey-epstein-laura-dern\/\" class=\"facebook\" target=\"_blank\" rel=\"noopener\"><img decoding=\"async\" src=\"https:\/\/numero.com\/wp-content\/themes\/understrap-child-main\/src\/public\/images\/facebook.svg\" alt=\"facebook\"><\/a><br \/>\n\t\t\t\t\t\t\t<a href=\"https:\/\/twitter.com\/share?url=https:\/\/numero.com\/culture\/series\/affaire-jeffrey-epstein-laura-dern\/\" class=\"twitter\" target=\"_blank\" rel=\"noopener\"><img decoding=\"async\" src=\"https:\/\/numero.com\/wp-content\/themes\/understrap-child-main\/src\/public\/images\/twitter.svg\" alt=\"twitter\"><\/a>\n\t\t\t\t\t\t<\/div>\n<p>\t\t\t\t\t\t<span class id=\"custom-tooltip\">Lien copi\u00e9<\/span><\/p>\n<div class=\"col-lg-10\">\n<div class=\"meta d-flex justify-content-between align-items-center\">\n<div class=\"cat\">\n\t\t\t\t\t\t\t\t\t<a class=\"cat-title\" href=\"https:\/\/numero.com\/category\/culture\/series\/\">S\u00e9ries<\/a>\t\t\t\t\t\t\t\t<\/div>\n<p class=\"date\">\n\t\t\t\t\t\t\t\t\t2 avr 2026\t\t\t\t\t\t\t\t<\/p>\n<\/p><\/div>\n<h1>Laura Dern enqu\u00eatera sur l\u2019affaire Epstein dans une nouvelle s\u00e9rie<\/h1>\n<div class=\"introduction\">\n<p>Sony Pictures Television va d\u00e9velopper la toute premi\u00e8re \u0153uvre de fiction consacr\u00e9e \u00e0 l\u2019affaire Jeffrey Epstein. Dans une mini-s\u00e9rie disponible prochainement, l\u2019actrice am\u00e9ricaine Laura Dern incarnera Julie K. Brown, journaliste am\u00e9ricaine qui a men\u00e9 l\u2019enqu\u00eate sur le criminel.<\/p>\n<\/div>\n<li class=\"credits d-flex\">\n<p>\n\t\t\t\t\t\t\t\t\t\t\tpar\t\t\t\t\t\t\t\t\t\t\t\t\t\t\t\t\t\t\t\t\t\t\t<a href=\"https:\/\/numero.com\/contributeur\/la-redaction\/\">La r\u00e9daction<\/a>.\t\t\t\t\t\t\t\t\t\t\t\t\t\t\t\t\t\t\t\t\t<\/p>\n<\/li>\n<div id=\"ads03\" class=\"mobile\">\n<div class=\"ad-wrapper\">\n<div class=\"ad interscroller desktop\">\n<\/div>\n<p><!-- \/21730003857\/numero-ad-unit\/numero-interscroller --><\/p>\n<div id=\"div-gpt-ad-1757521738078-0\">\n<p>        googletag.cmd.push(function () {<br \/>\n            googletag.display(&#8216;div-gpt-ad-1757521738078-0&#8217;);<br \/>\n        });<\/p>\n<\/div><\/div>\n<\/p><\/div>\n<p>\t\t\t\t\t\t\t&lt;!&#8211; <\/p>\n<div class=\"padding-bottom-s\">\n\t\t\t\t\t\t\t\t\t\t\t\t\t\t\t<\/div>\n<p> &#8211;&gt;<\/p>\n<figure class=\"wp-block-embed is-type-video is-provider-youtube wp-block-embed-youtube wp-embed-aspect-16-9 wp-has-aspect-ratio\">\n<div class=\"wp-block-embed__wrapper\">\n<div class=\"cookieconsent-optout-statistics cookieconsent-optout-marketing\"><\/div>\n<\/div><figcaption class=\"wp-element-caption\">La bande-annonce du documentaire <em>Jeffrey Epstein : Pouvoir, argent et perversion<\/em> (2020) de Lisa Bryant.<\/figcaption><\/figure>\n<h2 class=\"wp-block-heading\">L\u2019affaire Epstein au c\u0153ur d\u2019une s\u00e9rie<\/h2>\n<p>L\u2019annonce est tomb\u00e9e le 30 mars 2026. Sony Pictures Television va d\u00e9velopper une mini-s\u00e9rie directement adapt\u00e9e de l\u2019ouvrage <em><strong>Perversion of Justice: The Jeffrey Epstein Story<\/strong> <\/em>(2021), enqu\u00eate explosive sign\u00e9e par la journaliste du <em>Miami Herald, <\/em><strong>Julie K. Brown<\/strong>. L\u2019Am\u00e9ricaine y retrace plusieurs ann\u00e9es d\u2019investigation, au cours desquelles elle a identifi\u00e9 de nombreuses victimes de l\u2019homme d\u2019affaires <strong>Jeffrey Epstein<\/strong>, parvenant m\u00eame \u00e0 convaincre plusieurs d\u2019entre elles \u00e0 t\u00e9moigner publiquement. <\/p>\n<p>Elle r\u00e9v\u00e9lera au passage l\u2019existence d\u2019un accord secret pass\u00e9 en 2008 entre Jeffrey Epstein et le procureur f\u00e9d\u00e9ral de Floride. Une entente qui avait alors permis au criminel d\u2019\u00e9chapper \u00e0 toute poursuite f\u00e9d\u00e9rale en \u00e9change d\u2019un simple plaider-coupable pour deux d\u00e9lits mineurs au niveau de l\u2019\u00c9tat. <\/p>\n<p>D\u00e9c\u00e9d\u00e9 en prison en ao\u00fbt 2019 dans des circonstances toujours contest\u00e9es, l\u2019homme d\u2019affaires dirigeait un r\u00e9seau impliquant certaines des personnalit\u00e9s les plus influentes de la plan\u00e8te. Viols et agressions sexuelles sur mineures, trafic d\u2019\u00eatres humains\u2026 Pendant des ann\u00e9es, ses crimes sont rest\u00e9s dans l\u2019ombre, couverts par un syst\u00e8me de silence et de complicit\u00e9s au plus haut niveau. Son ex-compagne <strong>Ghislaine Maxwell<\/strong>, reconnue coupable en 2021, purge aujourd\u2019hui une peine de vingt ans de r\u00e9clusion.<\/p>\n<figure class=\"wp-block-image size-full\"><img loading=\"lazy\" decoding=\"async\" width=\"667\" height=\"1000\" src=\"https:\/\/numero.com\/wp-content\/uploads\/2026\/04\/laura-dern.jpg\" alt=\"Laura Dern lors de la c\u00e9r\u00e9monie des Movies for Grownups Awards, le 10 janvier 2026 \u00e0 Beverly Hills. \u00a9 Maarten De Boer\/Getty Images pour l'AARP.\" class=\"wp-image-824257\"><figcaption class=\"wp-element-caption\">Laura Dern lors de la c\u00e9r\u00e9monie des Movies for Grownups Awards, le 10 janvier 2026 \u00e0 Beverly Hills. \u00a9 Maarten De Boer\/Getty Images pour l\u2019AARP.<\/figcaption><\/figure>\n<h2 class=\"wp-block-heading\">La premi\u00e8re fiction sur l\u2019affaire Epstein<\/h2>\n<p>Plusieurs documentaires ont abord\u00e9 le scandale international, notamment <strong><em>Jeffrey Epstein :<\/em> <em>pouvoir, argent et perversion<\/em><\/strong><em> (<\/em>2020), diffus\u00e9 sur Netflix et <em>Affaire Epstein : la chute de Ghislaine Maxwell <\/em>(2021). Mais jusqu\u2019\u00e0 pr\u00e9sent, aucune \u0153uvre de fiction n\u2019avait encore os\u00e9 s\u2019attaquer \u00e0 ce sujet aussi complexe. Toutefois, le timing n\u2019est pas anodin, car en janvier 2026, le d\u00e9partement de la Justice am\u00e9ricain a r\u00e9v\u00e9l\u00e9 publiquement plus de trois millions de documents li\u00e9s \u00e0 l\u2019affaire, relan\u00e7ant les investigations dans plusieurs pays.<\/p>\n<figure class=\"wp-block-embed is-type-video is-provider-youtube wp-block-embed-youtube wp-embed-aspect-16-9 wp-has-aspect-ratio\">\n<div class=\"wp-block-embed__wrapper\">\n<div class=\"cookieconsent-optout-statistics cookieconsent-optout-marketing\"><\/div>\n<\/div><figcaption class=\"wp-element-caption\">La bande-annonce d\u2019<em>Is This Thing On ? <\/em>(2026) de Bradley Cooper.<\/figcaption><\/figure>\n<h2 class=\"wp-block-heading\">L\u2019actrice Laura Dern dans la peau de la journaliste d\u2019investigation<\/h2>\n<p>Dans la s\u00e9rie de Sony Pictures, ce sera une immense com\u00e9dienne am\u00e9ricaine qui campera cette journaliste \u00e9m\u00e9rite. C\u2019est finalement <strong><a href=\"https:\/\/numero.com\/culture\/cinema\/les-meilleurs-roles-de-laura-dern\/\">Laura Dern<\/a><\/strong>, 59 ans, <strong>Oscar de la meilleure actrice dans un second r\u00f4le<\/strong> pour le long-m\u00e9trage <em><a href=\"https:\/\/numero.com\/culture\/cinema\/adam-driver-films-portrait\/\">Marriage Story<\/a><\/em> (2019) de <strong>Noah Baumbach<\/strong> qui endossera le r\u00f4le. La laur\u00e9ate d\u2019un Emmy Award pour sa performance dans le programme culte <em>Big Little Lies<\/em> (2017), elle enfilera \u00e9galement la casquette de productrice ex\u00e9cutive aux c\u00f4t\u00e9s du cin\u00e9aste <strong>Adam McKay<\/strong> (<em>Don\u2019t Look Up<\/em>) et de Julie K. Brown en personne.<\/p>\n<p>L\u2019\u00e9criture du sc\u00e9nario revient \u00e0 <strong>Sharon Hoffman<\/strong>, d\u00e9j\u00e0 aux manettes de <em>House of Cards<\/em> (2018) et <em>The Morning Show<\/em> (2019). Laura Dern, de son c\u00f4t\u00e9, n\u2019en est pas \u00e0 un projet pr\u00e8s, car on l\u2019a retrouv\u00e9e il y a peu dans <em><strong>Is This Thing On? <\/strong>(2026),<\/em> <a href=\"https:\/\/numero.com\/culture\/cinema\/bradley-cooper-laura-dern-andra-day\/\">un long-m\u00e9trage r\u00e9alis\u00e9 par <strong>Bradley Cooper<\/strong><\/a>.<\/p>\n<p><em>La s\u00e9rie sur Jeffrey Epstein<\/em> c<em>r\u00e9\u00e9e par\u00a0Sharon Hoffman et\u00a0Eileen Myers<\/em> <em>n\u2019a pas encore de date de sortie.<\/em><\/p>\n<\/p><\/div>\n<\/p><\/div>\n<div class=\"col-lg-3\">\n<div class=\"suggested-posts padding-top-s\">\n<div class=\"title\">Recommand\u00e9<\/div>\n<div class=\"post-card\">\n\t\t\t\t\t\t\t\t\t\t<a class=\"post-link d-flex\" href=\"https:\/\/numero.com\/culture\/series\/peaked-molly-gordon-dua-lipa\/\"><\/p>\n<div class=\"container-img\">\n\t\t\t\t\t\t\t\t\t\t\t\t<img decoding=\"async\" width=\"640\" height=\"804\" src=\"https:\/\/numero.com\/wp-content\/uploads\/2026\/03\/Dua-Lipa-2-768x965.jpg\" class=\"img-fluid\" alt=\"Dua Lipa \u00e0 la soir\u00e9e Vanity Fair des Oscars 2026, le 15 mars 2026 \u00e0 Los Angeles. \u00a9 Jamie McCarthy\/WireImage.\" loading=\"lazy\">\t\t\t\t\t\t\t\t\t\t\t\t<\/p>\n<p class=\"number\">30<\/p>\n<\/p><\/div>\n<div class=\"card-info d-flex\">\n<div>\n<p class=\"cat-title\">S\u00e9ries<\/p>\n<h3 class=\"post-title\">Quel film A24 r\u00e9unira Dua Lipa et Connor Storrie ?\u00a0<\/h3>\n<\/p><\/div>\n<p class=\"date\">\n\t\t\t\t\t\t\t\t\t\t\t\t\t30 mars 2026\t\t\t\t\t\t\t\t\t\t\t\t<\/p>\n<\/p><\/div>\n<p>\t\t\t\t\t\t\t\t\t\t<\/a>\n\t\t\t\t\t\t\t\t\t<\/div>\n<div class=\"post-card\">\n\t\t\t\t\t\t\t\t\t\t<a class=\"post-link d-flex\" href=\"https:\/\/numero.com\/culture\/cinema\/les-meilleurs-roles-de-laura-dern\/\"><\/p>\n<div class=\"container-img\">\n\t\t\t\t\t\t\t\t\t\t\t\t<img decoding=\"async\" width=\"640\" height=\"804\" src=\"https:\/\/numero.com\/wp-content\/uploads\/2026\/02\/Laura-Dern-4-768x965.jpg\" class=\"img-fluid\" alt=\"Laura Dern et Will Arnet dans le film Is This Thing On ? (2026). \u00a9 Searchlight Pictures All Rights Reserved.\" loading=\"lazy\">\t\t\t\t\t\t\t\t\t\t\t\t<\/p>\n<p class=\"number\">26<\/p>\n<\/p><\/div>\n<div class=\"card-info d-flex\">\n<div>\n<p class=\"cat-title\">Cin\u00e9ma<\/p>\n<h3 class=\"post-title\">Les meilleurs r\u00f4les de Laura Dern, star du film Is This Thing On?<\/h3>\n<\/p><\/div>\n<p class=\"date\">\n\t\t\t\t\t\t\t\t\t\t\t\t\t26 f\u00e9v 2026\t\t\t\t\t\t\t\t\t\t\t\t<\/p>\n<\/p><\/div>\n<p>\t\t\t\t\t\t\t\t\t\t<\/a>\n\t\t\t\t\t\t\t\t\t<\/div>\n<div class=\"post-card\">\n\t\t\t\t\t\t\t\t\t\t<a class=\"post-link d-flex\" href=\"https:\/\/numero.com\/culture\/cinema\/jay-kelly-film-george-clooney-noah-baumbach\/\"><\/p>\n<div class=\"container-img\">\n\t\t\t\t\t\t\t\t\t\t\t\t<img decoding=\"async\" width=\"640\" height=\"804\" src=\"https:\/\/numero.com\/wp-content\/uploads\/2025\/08\/thumb-george-clooney-jay-klly-film-numero-magazine-copie-768x965.jpg\" class=\"img-fluid\" alt=\"George Clooney dans le film Jay Kelly (2025) de Noah Baumbach.\" loading=\"lazy\">\t\t\t\t\t\t\t\t\t\t\t\t<\/p>\n<p class=\"number\">3<\/p>\n<\/p><\/div>\n<div class=\"card-info d-flex\">\n<div>\n<p class=\"cat-title\">Cin\u00e9ma<\/p>\n<h3 class=\"post-title\">Que nous r\u00e9serve le road trip de Noah Baumbach avec George Clooney ?<\/h3>\n<\/p><\/div>\n<p class=\"date\">\n\t\t\t\t\t\t\t\t\t\t\t\t\t3 d\u00e9c 2025\t\t\t\t\t\t\t\t\t\t\t\t<\/p>\n<\/p><\/div>\n<p>\t\t\t\t\t\t\t\t\t\t<\/a>\n\t\t\t\t\t\t\t\t\t<\/div>\n<div class=\"post-card\">\n\t\t\t\t\t\t\t\t\t\t<a class=\"post-link d-flex\" href=\"https:\/\/numero.com\/culture\/cinema\/bradley-cooper-laura-dern-andra-day\/\"><\/p>\n<div class=\"container-img\">\n\t\t\t\t\t\t\t\t\t\t\t\t<img decoding=\"async\" width=\"640\" height=\"804\" src=\"https:\/\/numero.com\/wp-content\/uploads\/2025\/11\/Laura-Dern-et-Andra-Day-dans-Is-This-Thing-On-2026-%C2%A9-Searchlight-Pictures-2-768x965.jpg\" class=\"img-fluid\" alt=\"Laura Dern et Andra Day dans Is This Thing On? (2026) \u00a9 Searchlight Pictures.\" loading=\"lazy\">\t\t\t\t\t\t\t\t\t\t\t\t<\/p>\n<p class=\"number\">23<\/p>\n<\/p><\/div>\n<div class=\"card-info d-flex\">\n<div>\n<p class=\"cat-title\">Cin\u00e9ma<\/p>\n<h3 class=\"post-title\">Laura Dern et Andra Day nous racontent le nouveau film passionnant de Bradley Cooper<\/h3>\n<\/p><\/div>\n<p class=\"date\">\n\t\t\t\t\t\t\t\t\t\t\t\t\t23 f\u00e9v 2026\t\t\t\t\t\t\t\t\t\t\t\t<\/p>\n<\/p><\/div>\n<p>\t\t\t\t\t\t\t\t\t\t<\/a>\n\t\t\t\t\t\t\t\t\t<\/div>\n<\/p><\/div>\n<\/p><\/div>\n<\/p><\/div>\n<div class=\"padding-top-s\">\n<div class=\"ad banner desktop\">\n<div class=\"container\">\n<div class=\"row\">\n            <!-- \/21730003857\/numero-ad-unit\/numero-banner-1 --><\/p>\n<div id=\"div-gpt-ad-1757006327907-0\" style=\"min-width: 350px\">\n<p>                    googletag.cmd.push(function () {<br \/>\n                        googletag.display(&#8216;div-gpt-ad-1757006327907-0&#8217;);<br \/>\n                    });<\/p><\/div>\n<\/p><\/div>\n<\/p><\/div>\n<\/div><\/div>\n<\/p><\/div>\n<\/section>\n<p>        <button class=\"btn-newsletter btn-outline-white my-5\" id=\"open-modal-newsletter\">Inscrivez-vous \u00e0 la newsletter<\/button>\t\t<\/p>\n<section class=\"related-posts post-list padding-top-m padding-bottom-s\">\n<div class=\"container\">\n<h2 class=\"title mx-auto\">\u00c0 lire aussi<\/h2>\n<div class=\"row\">\n<div class=\"col-lg-3\">\n<div class=\"post-card desktop\">\n\t\t\t\t\t\t\t\t\t\t<a class=\"post-link\" href=\"https:\/\/numero.com\/mode\/les-meilleurs-looks-de-la-serie-euphoria\/\"><\/p>\n<div class=\"container-img\">\n\t\t\t\t\t\t\t\t\t\t\t\t<img decoding=\"async\" width=\"640\" height=\"804\" src=\"https:\/\/numero.com\/wp-content\/uploads\/2025\/04\/Alexa-Demie-dans-la-3-dEuphoria-768x965.jpg\" class=\"img-fluid\" alt=\"Alexa Demie dans la 3 d'Euphoria\" loading=\"lazy\">\t\t\t\t\t\t\t\t\t\t\t\t<\/p>\n<div class=\"number\">01<\/div>\n<\/p><\/div>\n<div class=\"card-info\">\n<div class=\"meta d-flex justify-content-between\">\n<p class=\"cat-title\">Mode<\/p>\n<p class=\"date\">\n\t\t\t\t\t\t\t\t\t\t\t\t\t\t1 avr 2026\t\t\t\t\t\t\t\t\t\t\t\t\t<\/p>\n<\/p><\/div>\n<div class=\"post-title\">Les meilleurs looks des h\u00e9ro\u00efnes d\u2019Euphoria<\/div>\n<\/p><\/div>\n<p>\t\t\t\t\t\t\t\t\t\t<\/a>\n\t\t\t\t\t\t\t\t\t<\/div>\n<div class=\"post-card mobile\">\n\t\t\t\t\t\t\t\t\t\t<a class=\"post-link d-flex\" href=\"https:\/\/numero.com\/mode\/les-meilleurs-looks-de-la-serie-euphoria\/\"><\/p>\n<div class=\"container-img\">\n\t\t\t\t\t\t\t\t\t\t\t\t<img decoding=\"async\" width=\"640\" height=\"804\" src=\"https:\/\/numero.com\/wp-content\/uploads\/2025\/04\/Alexa-Demie-dans-la-3-dEuphoria-768x965.jpg\" class=\"img-fluid\" alt=\"Alexa Demie dans la 3 d'Euphoria\" loading=\"lazy\">\t\t\t\t\t\t\t\t\t\t\t\t<\/p>\n<div class=\"number\">01<\/div>\n<\/p><\/div>\n<div class=\"card-info d-flex\">\n<div>\n<p class=\"cat-title\">Mode<\/p>\n<h3 class=\"post-title\">Les meilleurs looks des h\u00e9ro\u00efnes d\u2019Euphoria<\/h3>\n<\/p><\/div>\n<p class=\"date\">\n\t\t\t\t\t\t\t\t\t\t\t\t\t1 avr 2026\t\t\t\t\t\t\t\t\t\t\t\t<\/p>\n<\/p><\/div>\n<p>\t\t\t\t\t\t\t\t\t\t<\/a>\n\t\t\t\t\t\t\t\t\t<\/div>\n<\/p><\/div>\n<div class=\"col-lg-3\">\n<div class=\"post-card desktop\">\n\t\t\t\t\t\t\t\t\t\t<a class=\"post-link\" href=\"https:\/\/numero.com\/culture\/cinema\/les-meilleurs-films-et-series-sur-les-sectes\/\"><\/p>\n<div class=\"container-img\">\n\t\t\t\t\t\t\t\t\t\t\t\t<img decoding=\"async\" width=\"640\" height=\"803\" src=\"https:\/\/numero.com\/wp-content\/uploads\/2026\/03\/films-sectes-gourous-le-testament-ann-lee-numero-magazine-2-768x963.jpg\" class=\"img-fluid\" alt=\"Photo d'Amanda Seyfried en gourou dans le film Le Testament d'Ann Lee (2026) de Mona Fastvold.\" loading=\"lazy\">\t\t\t\t\t\t\t\t\t\t\t\t<\/p>\n<div class=\"number\">01<\/div>\n<\/p><\/div>\n<div class=\"card-info\">\n<div class=\"meta d-flex justify-content-between\">\n<p class=\"cat-title\">Cin\u00e9ma<\/p>\n<p class=\"date\">\n\t\t\t\t\t\t\t\t\t\t\t\t\t\t1 avr 2026\t\t\t\t\t\t\t\t\t\t\t\t\t<\/p>\n<\/p><\/div>\n<div class=\"post-title\">7 films et s\u00e9ries \u00e0 (re)voir sur les gourous et les sectes<\/div>\n<\/p><\/div>\n<p>\t\t\t\t\t\t\t\t\t\t<\/a>\n\t\t\t\t\t\t\t\t\t<\/div>\n<div class=\"post-card mobile\">\n\t\t\t\t\t\t\t\t\t\t<a class=\"post-link d-flex\" href=\"https:\/\/numero.com\/culture\/cinema\/les-meilleurs-films-et-series-sur-les-sectes\/\"><\/p>\n<div class=\"container-img\">\n\t\t\t\t\t\t\t\t\t\t\t\t<img decoding=\"async\" width=\"640\" height=\"803\" src=\"https:\/\/numero.com\/wp-content\/uploads\/2026\/03\/films-sectes-gourous-le-testament-ann-lee-numero-magazine-2-768x963.jpg\" class=\"img-fluid\" alt=\"Photo d'Amanda Seyfried en gourou dans le film Le Testament d'Ann Lee (2026) de Mona Fastvold.\" loading=\"lazy\">\t\t\t\t\t\t\t\t\t\t\t\t<\/p>\n<div class=\"number\">01<\/div>\n<\/p><\/div>\n<div class=\"card-info d-flex\">\n<div>\n<p class=\"cat-title\">Cin\u00e9ma<\/p>\n<h3 class=\"post-title\">7 films et s\u00e9ries \u00e0 (re)voir sur les gourous et les sectes<\/h3>\n<\/p><\/div>\n<p class=\"date\">\n\t\t\t\t\t\t\t\t\t\t\t\t\t1 avr 2026\t\t\t\t\t\t\t\t\t\t\t\t<\/p>\n<\/p><\/div>\n<p>\t\t\t\t\t\t\t\t\t\t<\/a>\n\t\t\t\t\t\t\t\t\t<\/div>\n<\/p><\/div>\n<div class=\"col-lg-3\">\n<div class=\"post-card desktop\">\n\t\t\t\t\t\t\t\t\t\t<a class=\"post-link\" href=\"https:\/\/numero.com\/culture\/cinema\/quand-les-films-voient-le-mariage-comme-un-enfer\/\"><\/p>\n<div class=\"container-img\">\n\t\t\t\t\t\t\t\t\t\t\t\t<img decoding=\"async\" width=\"640\" height=\"804\" src=\"https:\/\/numero.com\/wp-content\/uploads\/2026\/03\/un-tres-mauvais-pressentiment3-768x965.jpg\" class=\"img-fluid\" alt=\"Camila Morrone dans Un tr\u00e8s mauvais pressentiment.\" loading=\"lazy\">\t\t\t\t\t\t\t\t\t\t\t\t<\/p>\n<div class=\"number\">31<\/div>\n<\/p><\/div>\n<div class=\"card-info\">\n<div class=\"meta d-flex justify-content-between\">\n<p class=\"cat-title\">Cin\u00e9ma<\/p>\n<p class=\"date\">\n\t\t\t\t\t\t\t\t\t\t\t\t\t\t31 mars 2026\t\t\t\t\t\t\t\t\t\t\t\t\t<\/p>\n<\/p><\/div>\n<div class=\"post-title\">Pourquoi les films et les s\u00e9ries voient le mariage comme un enfer<\/div>\n<\/p><\/div>\n<p>\t\t\t\t\t\t\t\t\t\t<\/a>\n\t\t\t\t\t\t\t\t\t<\/div>\n<div class=\"post-card mobile\">\n\t\t\t\t\t\t\t\t\t\t<a class=\"post-link d-flex\" href=\"https:\/\/numero.com\/culture\/cinema\/quand-les-films-voient-le-mariage-comme-un-enfer\/\"><\/p>\n<div class=\"container-img\">\n\t\t\t\t\t\t\t\t\t\t\t\t<img decoding=\"async\" width=\"640\" height=\"804\" src=\"https:\/\/numero.com\/wp-content\/uploads\/2026\/03\/un-tres-mauvais-pressentiment3-768x965.jpg\" class=\"img-fluid\" alt=\"Camila Morrone dans Un tr\u00e8s mauvais pressentiment.\" loading=\"lazy\">\t\t\t\t\t\t\t\t\t\t\t\t<\/p>\n<div class=\"number\">31<\/div>\n<\/p><\/div>\n<div class=\"card-info d-flex\">\n<div>\n<p class=\"cat-title\">Cin\u00e9ma<\/p>\n<h3 class=\"post-title\">Pourquoi les films et les s\u00e9ries voient le mariage comme un enfer<\/h3>\n<\/p><\/div>\n<p class=\"date\">\n\t\t\t\t\t\t\t\t\t\t\t\t\t31 mars 2026\t\t\t\t\t\t\t\t\t\t\t\t<\/p>\n<\/p><\/div>\n<p>\t\t\t\t\t\t\t\t\t\t<\/a>\n\t\t\t\t\t\t\t\t\t<\/div>\n<\/p><\/div>\n<div class=\"col-lg-3\">\n<div class=\"post-card desktop\">\n\t\t\t\t\t\t\t\t\t\t<a class=\"post-link\" href=\"https:\/\/numero.com\/culture\/cinema\/films-series-programme-streaming-2026\/\"><\/p>\n<div class=\"container-img\">\n\t\t\t\t\t\t\t\t\t\t\t\t<img decoding=\"async\" width=\"640\" height=\"804\" src=\"https:\/\/numero.com\/wp-content\/uploads\/2026\/03\/Euphoria-Saison-3-768x965.jpg\" class=\"img-fluid\" alt=\"Hunter Schafer dans la saison 3 d\u2019Euphoria (2026). \u00a9 HBO\" loading=\"lazy\">\t\t\t\t\t\t\t\t\t\t\t\t<\/p>\n<div class=\"number\">31<\/div>\n<\/p><\/div>\n<div class=\"card-info\">\n<div class=\"meta d-flex justify-content-between\">\n<p class=\"cat-title\">Cin\u00e9ma<\/p>\n<p class=\"date\">\n\t\t\t\t\t\t\t\t\t\t\t\t\t\t31 mars 2026\t\t\t\t\t\t\t\t\t\t\t\t\t<\/p>\n<\/p><\/div>\n<div class=\"post-title\">Les films et les s\u00e9ries \u00e0 voir en streaming en avril 2026<\/div>\n<\/p><\/div>\n<p>\t\t\t\t\t\t\t\t\t\t<\/a>\n\t\t\t\t\t\t\t\t\t<\/div>\n<div class=\"post-card mobile\">\n\t\t\t\t\t\t\t\t\t\t<a class=\"post-link d-flex\" href=\"https:\/\/numero.com\/culture\/cinema\/films-series-programme-streaming-2026\/\"><\/p>\n<div class=\"container-img\">\n\t\t\t\t\t\t\t\t\t\t\t\t<img decoding=\"async\" width=\"640\" height=\"804\" src=\"https:\/\/numero.com\/wp-content\/uploads\/2026\/03\/Euphoria-Saison-3-768x965.jpg\" class=\"img-fluid\" alt=\"Hunter Schafer dans la saison 3 d\u2019Euphoria (2026). \u00a9 HBO\" loading=\"lazy\">\t\t\t\t\t\t\t\t\t\t\t\t<\/p>\n<div class=\"number\">31<\/div>\n<\/p><\/div>\n<div class=\"card-info d-flex\">\n<div>\n<p class=\"cat-title\">Cin\u00e9ma<\/p>\n<h3 class=\"post-title\">Les films et les s\u00e9ries \u00e0 voir en streaming en avril 2026<\/h3>\n<\/p><\/div>\n<p class=\"date\">\n\t\t\t\t\t\t\t\t\t\t\t\t\t31 mars 2026\t\t\t\t\t\t\t\t\t\t\t\t<\/p>\n<\/p><\/div>\n<p>\t\t\t\t\t\t\t\t\t\t<\/a>\n\t\t\t\t\t\t\t\t\t<\/div>\n<\/p><\/div>\n<\/p><\/div>\n<\/p><\/div>\n<\/section>\n<div class=\"padding-bottom-s\">\n<div class=\"ad banner desktop\">\n<div class=\"container\">\n<div class=\"row\">\n            <!-- \/21730003857\/numero-ad-unit\/numero-banner-1 --><\/p>\n<div id=\"div-gpt-ad-1757006327907-0\" style=\"min-width: 350px\">\n<p>                    googletag.cmd.push(function () {<br \/>\n                        googletag.display(&#8216;div-gpt-ad-1757006327907-0&#8217;);<br \/>\n                    });<\/p><\/div>\n<\/p><\/div>\n<\/p><\/div>\n<\/div><\/div>\n<\/p><\/div>\n","protected":false},"excerpt":{"rendered":"<p>2 2 googletag.cmd.push(function () { googletag.display(&#8216;div-gpt-ad-1757063143832-0&#8217;); }); Lien copi\u00e9 S\u00e9ries 2 avr 2026 Laura Dern enqu\u00eatera sur l\u2019affaire Epstein dans une nouvelle s\u00e9rie Sony Pictures Television va d\u00e9velopper la toute premi\u00e8re \u0153uvre de fiction consacr\u00e9e \u00e0 l\u2019affaire Jeffrey Epstein. Dans une mini-s\u00e9rie disponible prochainement, l\u2019actrice am\u00e9ricaine Laura Dern incarnera Julie K. Brown, journaliste am\u00e9ricaine qui [&hellip;]<\/p>\n","protected":false},"author":1,"featured_media":0,"comment_status":"open","ping_status":"","sticky":false,"template":"","format":"standard","meta":{"footnotes":""},"categories":[1],"tags":[226,258],"class_list":["post-1861868","post","type-post","status-publish","format-standard","hentry","category-uncategorized","tag-crawlmanager","tag-numero-com"],"_links":{"self":[{"href":"https:\/\/analyse.optim.biz\/index.php?rest_route=\/wp\/v2\/posts\/1861868","targetHints":{"allow":["GET"]}}],"collection":[{"href":"https:\/\/analyse.optim.biz\/index.php?rest_route=\/wp\/v2\/posts"}],"about":[{"href":"https:\/\/analyse.optim.biz\/index.php?rest_route=\/wp\/v2\/types\/post"}],"author":[{"embeddable":true,"href":"https:\/\/analyse.optim.biz\/index.php?rest_route=\/wp\/v2\/users\/1"}],"replies":[{"embeddable":true,"href":"https:\/\/analyse.optim.biz\/index.php?rest_route=%2Fwp%2Fv2%2Fcomments&post=1861868"}],"version-history":[{"count":0,"href":"https:\/\/analyse.optim.biz\/index.php?rest_route=\/wp\/v2\/posts\/1861868\/revisions"}],"wp:attachment":[{"href":"https:\/\/analyse.optim.biz\/index.php?rest_route=%2Fwp%2Fv2%2Fmedia&parent=1861868"}],"wp:term":[{"taxonomy":"category","embeddable":true,"href":"https:\/\/analyse.optim.biz\/index.php?rest_route=%2Fwp%2Fv2%2Fcategories&post=1861868"},{"taxonomy":"post_tag","embeddable":true,"href":"https:\/\/analyse.optim.biz\/index.php?rest_route=%2Fwp%2Fv2%2Ftags&post=1861868"}],"curies":[{"name":"wp","href":"https:\/\/api.w.org\/{rel}","templated":true}]}}