{"id":1861674,"date":"2026-04-02T10:52:01","date_gmt":"2026-04-02T07:52:01","guid":{"rendered":"https:\/\/analyse.optim.biz\/?p=1861674"},"modified":"2026-04-02T10:52:01","modified_gmt":"2026-04-02T07:52:01","slug":"fenomen-socant-la-spitalul-judetean-buzau-asistente-nou-angajate-fug-dupa-doua-saptamani-care-este-explicatia-si-ce-riscuri-implica","status":"publish","type":"post","link":"https:\/\/analyse.optim.biz\/?p=1861674","title":{"rendered":"Fenomen \u0219ocant la Spitalul Jude\u021bean Buz\u0103u: asistente nou-angajate fug dup\u0103 dou\u0103 s\u0103pt\u0103m\u00e2ni! Care este explica\u021bia \u0219i ce riscuri implic\u0103"},"content":{"rendered":"<p>[analyse_image type=&#8221;featured&#8221; src=&#8221;https:\/\/sansanews.ro\/wp-content\/uploads\/2020\/04\/Spitalul-Judetean-Buzau.jpghttps:\/\/sansanews.ro\/wp-content\/uploads\/2020\/04\/Spitalul-Judetean-Buzau.jpg&#8221;]<\/p>\n<div class=\"entry-content herald-entry-content\">\n<p>Deficitul de personal la cel mai mare spital din<br \/>\njude\u021bul Buz\u0103u se ad\u00e2nce\u0219te. Mai mult, criza de personal cap\u0103t\u0103 o nou\u0103<br \/>\ndimensiune: angaja\u021bii pleac\u0103 la scurt timp dup\u0103 ce sunt \u00eencadra\u021bi.<\/p>\n<p>Situa\u021bia a fost prezentat\u0103, pe larg, la Focus Tv, de directorul de \u00cengrijiri al Spitalului Jude\u021bean Buz\u0103u, as. Angelica-Loredana Popa. Aceasta a subliniat c\u0103, \u00een prezent, de\u0219i spitalul a fost dotat cu aparatur\u0103 modern\u0103 \u0219i toate materialele necesare, unitatea medical\u0103 se confrunt\u0103 cu un deficit major de personal. Se \u00eent\u00e2mpl\u0103 acest lucru \u00een aproape toate sec\u021biile, de la Medicin\u0103 Intern\u0103 \u0219i Cardiologie p\u00e2n\u0103 la alte compartimente importante. Problema este c\u0103 nu lipsesc doar medici speciali\u0219ti, ci \u0219i asisten\u021bi medicali, infirmiere, \u00eengrijitoare \u0219i brancardieri.<\/p>\n<div class=\"wp-block-image\">\n<figure class=\"alignright is-resized\"><img loading=\"lazy\" decoding=\"async\" src=\"https:\/\/sansanews.ro\/wp-content\/uploads\/2026\/04\/angelica-popa-1024x540.png\" alt class=\"wp-image-118870\" width=\"380\" height=\"200\"><\/figure>\n<\/div>\n<blockquote class=\"wp-block-quote\">\n<p>\u201c\u00centr-adev\u0103r, avem o lips\u0103 major\u0103 de personal auxiliar \u00een foarte multe sec\u021bii, majoritatea sec\u021biilor au deficit de asistente medicale, de infirmiere, de \u00eengrijitoare, de brancardieri. Cred c\u0103 deficitul cel mai mare \u00een momentul de fa\u021b\u0103 se afl\u0103 \u00een sec\u021biile de Medicin\u0103 Intern\u0103, PNF, Cardiologie, cam \u00een toate sec\u021biile.\u201d <\/p>\n<\/blockquote>\n<p>Problema nu este doar lipsa candida\u021bilor, \u00een<br \/>\nmomentul organiz\u0103rii de concursuri, ci \u0219i faptul c\u0103 cei care reu\u0219esc s\u0103 se<br \/>\nangajeze aleg s\u0103 plece foarte repede. La ultimul concurs organizat de spital,<br \/>\ninteresul a fost sc\u0103zut, iar dintre cei admi\u0219i, unii au demisionat \u00een scurt<br \/>\ntimp.<\/p>\n<blockquote class=\"wp-block-quote\">\n<p>\u201cCred c\u0103 salariul nu mai este o atrac\u021bie, cel pu\u021bin asta am v\u0103zut noi \u00een ultima perioad\u0103. La ultimul concurs care a avut loc \u00een unitatea noastr\u0103, \u00een afar\u0103 de faptul c\u0103 nu s-au prezentat asisten\u021bi pentru a ocupa posturile disponibile, cei care au promovat \u0219i-au dat demisia \u00een urm\u0103toarele dou\u0103 s\u0103pt\u0103m\u00e2ni dup\u0103 ce au fost angaja\u021bi \u0219i au sus\u021binut un examen, care nu e deloc u\u0219or.\u201d <\/p>\n<\/blockquote>\n<p>Principalele motive invocate de cei care au<br \/>\ndemisionat au fost volumul foarte mare de munc\u0103 \u0219i presiunea constant\u0103. <\/p>\n<blockquote class=\"wp-block-quote\">\n<p>\u201eDin exterior lucrurile se v\u0103d diferit, \u00eens\u0103 realitatea din spital este alta. Au v\u0103zut volumul foarte mare de munc\u0103 la care suntem supu\u0219i, s-a sim\u021bit lipsa de personal, pentru c\u0103 un asistent \u021bine locul la doi- trei asisten\u021bi lips\u0103 de l\u00e2ng\u0103 el, stresul- pentru c\u0103 avem o patologie de pacien\u021bi mai deosebi\u021bi \u00een unele sec\u021bii. Iar toate astea au dus la aceste demisii pe care nu le a\u0219teptam. Asta este realitatea, \u0103sta a fost motivul principal: volumul foarte mare de munc\u0103, h\u00e2rtiile care le-au ocupat foarte mult timp \u0219i nu aveau practic timp necesar pentru pacient, stresul\u201d, a ad\u0103ugat Angelica Popa.<\/p>\n<\/blockquote>\n<p>\u00cen<br \/>\nprezent, Spitalul Jude\u021bean Buz\u0103u ar mai avea nevoie de peste 100 angaja\u021bi,<br \/>\ndintre care 23 medici, iar restul personal auxiliar. Angaj\u0103rile sunt blocate<br \/>\npentru moment, \u00eens\u0103 conducerea \u00eencearc\u0103 s\u0103 ob\u021bin\u0103 avizul ministerului S\u0103n\u0103t\u0103\u021bii<br \/>\npentru noi angaj\u0103ri.<\/p>\n<div class=\"meta-tags\"><span>Etichete<\/span><a href=\"https:\/\/sansanews.ro\/tag\/deficit-de-personal\/\" rel=\"tag\">deficit de personal<\/a><a href=\"https:\/\/sansanews.ro\/tag\/demisii-la-spitalul-judetean\/\" rel=\"tag\">demisii la spitalul jude\u021bean<\/a><a href=\"https:\/\/sansanews.ro\/tag\/medici-si-asistenti-lipsa\/\" rel=\"tag\">medici \u0219i asisten\u021bi lips\u0103<\/a><a href=\"https:\/\/sansanews.ro\/tag\/spitalul-judetean-buzau\/\" rel=\"tag\">spitalul judetean buzau<\/a><\/div>\n<div class=\"herald-share-content\">\n<div class=\"meks_ess rectangle no-labels outline\"><a class=\"meks_ess-item socicon-facebook\" data-url=\"http:\/\/www.facebook.com\/sharer\/sharer.php?u=https%3A%2F%2Fsansanews.ro%2Ffenomen-socant-la-spitalul-judetean-buzau-asistente-nou-angajate-fug-dupa-doua-saptamani-care-este-explicatia-si-ce-riscuri-implica%2F&amp;t=Fenomen%20%C8%99ocant%20la%20Spitalul%20Jude%C8%9Bean%20Buz%C4%83u%3A%20asistente%20nou-angajate%20fug%20dup%C4%83%20dou%C4%83%20s%C4%83pt%C4%83m%C3%A2ni%21%20Care%20este%20explica%C8%9Bia%20%C8%99i%20ce%20riscuri%20implic%C4%83\"><span>Facebook<\/span><\/a><a href=\"https:\/\/api.whatsapp.com\/send?text=Fenomen%20%C8%99ocant%20la%20Spitalul%20Jude%C8%9Bean%20Buz%C4%83u%3A%20asistente%20nou-angajate%20fug%20dup%C4%83%20dou%C4%83%20s%C4%83pt%C4%83m%C3%A2ni%21%20Care%20este%20explica%C8%9Bia%20%C8%99i%20ce%20riscuri%20implic%C4%83%20https%3A%2F%2Fsansanews.ro%2Ffenomen-socant-la-spitalul-judetean-buzau-asistente-nou-angajate-fug-dupa-doua-saptamani-care-este-explicatia-si-ce-riscuri-implica%2F\" class=\"meks_ess-item socicon-whatsapp prevent-share-popup\"><span>WhatsApp<\/span><\/a><a class=\"meks_ess-item socicon-twitter\" data-url=\"http:\/\/twitter.com\/intent\/tweet?url=https%3A%2F%2Fsansanews.ro%2Ffenomen-socant-la-spitalul-judetean-buzau-asistente-nou-angajate-fug-dupa-doua-saptamani-care-este-explicatia-si-ce-riscuri-implica%2F&amp;text=Fenomen%20%C8%99ocant%20la%20Spitalul%20Jude%C8%9Bean%20Buz%C4%83u%3A%20asistente%20nou-angajate%20fug%20dup%C4%83%20dou%C4%83%20s%C4%83pt%C4%83m%C3%A2ni%21%20Care%20este%20explica%C8%9Bia%20%C8%99i%20ce%20riscuri%20implic%C4%83\"><span>Twitter<\/span><\/a><a class=\"meks_ess-item socicon-pinterest\" data-url=\"http:\/\/pinterest.com\/pin\/create\/button\/?url=https%3A%2F%2Fsansanews.ro%2Ffenomen-socant-la-spitalul-judetean-buzau-asistente-nou-angajate-fug-dupa-doua-saptamani-care-este-explicatia-si-ce-riscuri-implica%2F&amp;media=https%3A%2F%2Fsansanews.ro%2Fwp-content%2Fuploads%2F2020%2F04%2FSpitalul-Judetean-Buzau.jpg&amp;description=Fenomen%20%C8%99ocant%20la%20Spitalul%20Jude%C8%9Bean%20Buz%C4%83u%3A%20asistente%20nou-angajate%20fug%20dup%C4%83%20dou%C4%83%20s%C4%83pt%C4%83m%C3%A2ni%21%20Care%20este%20explica%C8%9Bia%20%C8%99i%20ce%20riscuri%20implic%C4%83\"><span>Pinterest<\/span><\/a><\/div>\n<\/div>\n<\/div>\n<div class=\"entry-content herald-entry-content\">\n<p>Deficitul de personal la cel mai mare spital din<br \/>\njude\u021bul Buz\u0103u se ad\u00e2nce\u0219te. Mai mult, criza de personal cap\u0103t\u0103 o nou\u0103<br \/>\ndimensiune: angaja\u021bii pleac\u0103 la scurt timp dup\u0103 ce sunt \u00eencadra\u021bi.<\/p>\n<p>Situa\u021bia a fost prezentat\u0103, pe larg, la Focus Tv, de directorul de \u00cengrijiri al Spitalului Jude\u021bean Buz\u0103u, as. Angelica-Loredana Popa. Aceasta a subliniat c\u0103, \u00een prezent, de\u0219i spitalul a fost dotat cu aparatur\u0103 modern\u0103 \u0219i toate materialele necesare, unitatea medical\u0103 se confrunt\u0103 cu un deficit major de personal. Se \u00eent\u00e2mpl\u0103 acest lucru \u00een aproape toate sec\u021biile, de la Medicin\u0103 Intern\u0103 \u0219i Cardiologie p\u00e2n\u0103 la alte compartimente importante. Problema este c\u0103 nu lipsesc doar medici speciali\u0219ti, ci \u0219i asisten\u021bi medicali, infirmiere, \u00eengrijitoare \u0219i brancardieri.<\/p>\n<div class=\"wp-block-image\">\n<figure class=\"alignright is-resized\"><img loading=\"lazy\" decoding=\"async\" src=\"https:\/\/sansanews.ro\/wp-content\/uploads\/2026\/04\/angelica-popa-1024x540.png\" alt class=\"wp-image-118870\" width=\"380\" height=\"200\"><\/figure>\n<\/div>\n<blockquote class=\"wp-block-quote\">\n<p>\u201c\u00centr-adev\u0103r, avem o lips\u0103 major\u0103 de personal auxiliar \u00een foarte multe sec\u021bii, majoritatea sec\u021biilor au deficit de asistente medicale, de infirmiere, de \u00eengrijitoare, de brancardieri. Cred c\u0103 deficitul cel mai mare \u00een momentul de fa\u021b\u0103 se afl\u0103 \u00een sec\u021biile de Medicin\u0103 Intern\u0103, PNF, Cardiologie, cam \u00een toate sec\u021biile.\u201d <\/p>\n<\/blockquote>\n<p>Problema nu este doar lipsa candida\u021bilor, \u00een<br \/>\nmomentul organiz\u0103rii de concursuri, ci \u0219i faptul c\u0103 cei care reu\u0219esc s\u0103 se<br \/>\nangajeze aleg s\u0103 plece foarte repede. La ultimul concurs organizat de spital,<br \/>\ninteresul a fost sc\u0103zut, iar dintre cei admi\u0219i, unii au demisionat \u00een scurt<br \/>\ntimp.<\/p>\n<blockquote class=\"wp-block-quote\">\n<p>\u201cCred c\u0103 salariul nu mai este o atrac\u021bie, cel pu\u021bin asta am v\u0103zut noi \u00een ultima perioad\u0103. La ultimul concurs care a avut loc \u00een unitatea noastr\u0103, \u00een afar\u0103 de faptul c\u0103 nu s-au prezentat asisten\u021bi pentru a ocupa posturile disponibile, cei care au promovat \u0219i-au dat demisia \u00een urm\u0103toarele dou\u0103 s\u0103pt\u0103m\u00e2ni dup\u0103 ce au fost angaja\u021bi \u0219i au sus\u021binut un examen, care nu e deloc u\u0219or.\u201d <\/p>\n<\/blockquote>\n<p>Principalele motive invocate de cei care au<br \/>\ndemisionat au fost volumul foarte mare de munc\u0103 \u0219i presiunea constant\u0103. <\/p>\n<blockquote class=\"wp-block-quote\">\n<p>\u201eDin exterior lucrurile se v\u0103d diferit, \u00eens\u0103 realitatea din spital este alta. Au v\u0103zut volumul foarte mare de munc\u0103 la care suntem supu\u0219i, s-a sim\u021bit lipsa de personal, pentru c\u0103 un asistent \u021bine locul la doi- trei asisten\u021bi lips\u0103 de l\u00e2ng\u0103 el, stresul- pentru c\u0103 avem o patologie de pacien\u021bi mai deosebi\u021bi \u00een unele sec\u021bii. Iar toate astea au dus la aceste demisii pe care nu le a\u0219teptam. Asta este realitatea, \u0103sta a fost motivul principal: volumul foarte mare de munc\u0103, h\u00e2rtiile care le-au ocupat foarte mult timp \u0219i nu aveau practic timp necesar pentru pacient, stresul\u201d, a ad\u0103ugat Angelica Popa.<\/p>\n<\/blockquote>\n<p>\u00cen<br \/>\nprezent, Spitalul Jude\u021bean Buz\u0103u ar mai avea nevoie de peste 100 angaja\u021bi,<br \/>\ndintre care 23 medici, iar restul personal auxiliar. Angaj\u0103rile sunt blocate<br \/>\npentru moment, \u00eens\u0103 conducerea \u00eencearc\u0103 s\u0103 ob\u021bin\u0103 avizul ministerului S\u0103n\u0103t\u0103\u021bii<br \/>\npentru noi angaj\u0103ri.<\/p>\n<div class=\"meta-tags\"><span>Etichete<\/span><a href=\"https:\/\/sansanews.ro\/tag\/deficit-de-personal\/\" rel=\"tag\">deficit de personal<\/a><a href=\"https:\/\/sansanews.ro\/tag\/demisii-la-spitalul-judetean\/\" rel=\"tag\">demisii la spitalul jude\u021bean<\/a><a href=\"https:\/\/sansanews.ro\/tag\/medici-si-asistenti-lipsa\/\" rel=\"tag\">medici \u0219i asisten\u021bi lips\u0103<\/a><a href=\"https:\/\/sansanews.ro\/tag\/spitalul-judetean-buzau\/\" rel=\"tag\">spitalul judetean buzau<\/a><\/div>\n<div class=\"herald-share-content\">\n<div class=\"meks_ess rectangle no-labels outline\"><a class=\"meks_ess-item socicon-facebook\" data-url=\"http:\/\/www.facebook.com\/sharer\/sharer.php?u=https%3A%2F%2Fsansanews.ro%2Ffenomen-socant-la-spitalul-judetean-buzau-asistente-nou-angajate-fug-dupa-doua-saptamani-care-este-explicatia-si-ce-riscuri-implica%2F&amp;t=Fenomen%20%C8%99ocant%20la%20Spitalul%20Jude%C8%9Bean%20Buz%C4%83u%3A%20asistente%20nou-angajate%20fug%20dup%C4%83%20dou%C4%83%20s%C4%83pt%C4%83m%C3%A2ni%21%20Care%20este%20explica%C8%9Bia%20%C8%99i%20ce%20riscuri%20implic%C4%83\"><span>Facebook<\/span><\/a><a href=\"https:\/\/api.whatsapp.com\/send?text=Fenomen%20%C8%99ocant%20la%20Spitalul%20Jude%C8%9Bean%20Buz%C4%83u%3A%20asistente%20nou-angajate%20fug%20dup%C4%83%20dou%C4%83%20s%C4%83pt%C4%83m%C3%A2ni%21%20Care%20este%20explica%C8%9Bia%20%C8%99i%20ce%20riscuri%20implic%C4%83%20https%3A%2F%2Fsansanews.ro%2Ffenomen-socant-la-spitalul-judetean-buzau-asistente-nou-angajate-fug-dupa-doua-saptamani-care-este-explicatia-si-ce-riscuri-implica%2F\" class=\"meks_ess-item socicon-whatsapp prevent-share-popup\"><span>WhatsApp<\/span><\/a><a class=\"meks_ess-item socicon-twitter\" data-url=\"http:\/\/twitter.com\/intent\/tweet?url=https%3A%2F%2Fsansanews.ro%2Ffenomen-socant-la-spitalul-judetean-buzau-asistente-nou-angajate-fug-dupa-doua-saptamani-care-este-explicatia-si-ce-riscuri-implica%2F&amp;text=Fenomen%20%C8%99ocant%20la%20Spitalul%20Jude%C8%9Bean%20Buz%C4%83u%3A%20asistente%20nou-angajate%20fug%20dup%C4%83%20dou%C4%83%20s%C4%83pt%C4%83m%C3%A2ni%21%20Care%20este%20explica%C8%9Bia%20%C8%99i%20ce%20riscuri%20implic%C4%83\"><span>Twitter<\/span><\/a><a class=\"meks_ess-item socicon-pinterest\" data-url=\"http:\/\/pinterest.com\/pin\/create\/button\/?url=https%3A%2F%2Fsansanews.ro%2Ffenomen-socant-la-spitalul-judetean-buzau-asistente-nou-angajate-fug-dupa-doua-saptamani-care-este-explicatia-si-ce-riscuri-implica%2F&amp;media=https%3A%2F%2Fsansanews.ro%2Fwp-content%2Fuploads%2F2020%2F04%2FSpitalul-Judetean-Buzau.jpg&amp;description=Fenomen%20%C8%99ocant%20la%20Spitalul%20Jude%C8%9Bean%20Buz%C4%83u%3A%20asistente%20nou-angajate%20fug%20dup%C4%83%20dou%C4%83%20s%C4%83pt%C4%83m%C3%A2ni%21%20Care%20este%20explica%C8%9Bia%20%C8%99i%20ce%20riscuri%20implic%C4%83\"><span>Pinterest<\/span><\/a><\/div>\n<\/div>\n<\/div>\n<p>[analyse_source url=&#8221;https:\/\/sansanews.ro\/fenomen-socant-la-spitalul-judetean-buzau-asistente-nou-angajate-fug-dupa-doua-saptamani-care-este-explicatia-si-ce-riscuri-implica\/&#8221;]<\/p>\n","protected":false},"excerpt":{"rendered":"<p>[analyse_image type=&#8221;featured&#8221; src=&#8221;https:\/\/sansanews.ro\/wp-content\/uploads\/2020\/04\/Spitalul-Judetean-Buzau.jpghttps:\/\/sansanews.ro\/wp-content\/uploads\/2020\/04\/Spitalul-Judetean-Buzau.jpg&#8221;] Deficitul de personal la cel mai mare spital din jude\u021bul Buz\u0103u se ad\u00e2nce\u0219te. Mai mult, criza de personal cap\u0103t\u0103 o nou\u0103 dimensiune: angaja\u021bii pleac\u0103 la scurt timp dup\u0103 ce sunt \u00eencadra\u021bi. Situa\u021bia a fost prezentat\u0103, pe larg, la Focus Tv, de directorul de \u00cengrijiri al Spitalului Jude\u021bean Buz\u0103u, as. Angelica-Loredana Popa. Aceasta [&hellip;]<\/p>\n","protected":false},"author":1,"featured_media":0,"comment_status":"open","ping_status":"","sticky":false,"template":"","format":"standard","meta":{"footnotes":""},"categories":[2],"tags":[226,51],"class_list":["post-1861674","post","type-post","status-publish","format-standard","hentry","category-politics","tag-crawlmanager","tag-sansanews-ro"],"_links":{"self":[{"href":"https:\/\/analyse.optim.biz\/index.php?rest_route=\/wp\/v2\/posts\/1861674","targetHints":{"allow":["GET"]}}],"collection":[{"href":"https:\/\/analyse.optim.biz\/index.php?rest_route=\/wp\/v2\/posts"}],"about":[{"href":"https:\/\/analyse.optim.biz\/index.php?rest_route=\/wp\/v2\/types\/post"}],"author":[{"embeddable":true,"href":"https:\/\/analyse.optim.biz\/index.php?rest_route=\/wp\/v2\/users\/1"}],"replies":[{"embeddable":true,"href":"https:\/\/analyse.optim.biz\/index.php?rest_route=%2Fwp%2Fv2%2Fcomments&post=1861674"}],"version-history":[{"count":0,"href":"https:\/\/analyse.optim.biz\/index.php?rest_route=\/wp\/v2\/posts\/1861674\/revisions"}],"wp:attachment":[{"href":"https:\/\/analyse.optim.biz\/index.php?rest_route=%2Fwp%2Fv2%2Fmedia&parent=1861674"}],"wp:term":[{"taxonomy":"category","embeddable":true,"href":"https:\/\/analyse.optim.biz\/index.php?rest_route=%2Fwp%2Fv2%2Fcategories&post=1861674"},{"taxonomy":"post_tag","embeddable":true,"href":"https:\/\/analyse.optim.biz\/index.php?rest_route=%2Fwp%2Fv2%2Ftags&post=1861674"}],"curies":[{"name":"wp","href":"https:\/\/api.w.org\/{rel}","templated":true}]}}