{"id":1861669,"date":"2026-04-02T11:49:52","date_gmt":"2026-04-02T08:49:52","guid":{"rendered":"https:\/\/analyse.optim.biz\/?p=1861669"},"modified":"2026-04-02T11:49:52","modified_gmt":"2026-04-02T08:49:52","slug":"video-drum-turistic-din-buzau-amenintat-de-alunecarile-de-teren-imagini-cu-pamantul-care-a-luat-o-la-vale","status":"publish","type":"post","link":"https:\/\/analyse.optim.biz\/?p=1861669","title":{"rendered":"(VIDEO) Drum turistic din Buz\u0103u, amenin\u021bat de alunec\u0103rile de teren. Imagini cu p\u0103m\u00e2ntul care a luat-o la vale"},"content":{"rendered":"<p>[analyse_image type=&#8221;featured&#8221; src=&#8221;https:\/\/sansanews.ro\/wp-content\/uploads\/2026\/04\/WhatsApp-Image-2026-04-02-at-04.11.23.jpeghttps:\/\/sansanews.ro\/wp-content\/uploads\/2026\/04\/WhatsApp-Image-2026-04-02-at-04.11.23.jpeg&#8221;]<\/p>\n<div class=\"entry-content herald-entry-content\">\n<p>Vremea capricioas\u0103 continu\u0103 s\u0103 creeze probleme \u00een jude\u021bul Buz\u0103u. Dup\u0103<br \/>\nTrans-Cisl\u0103u, un alt drum de interes turistic este afectat de alunec\u0103rile de<br \/>\nteren. Este vorba despre Drumul Vinului, un drum jude\u021bean ce porne\u0219te din<br \/>\nFin\u021be\u0219ti, N\u0103eni, Breaza \u0219i ajunge p\u00e2n\u0103 \u00een Pietroasele \u0219i Merei, adic\u0103 o<br \/>\npor\u021biune de 50 de kilometri \u00een care sunt incluse obiective specifice domeniului<br \/>\nviticol, dar \u0219i cet\u0103\u021bi, m\u0103n\u0103stiri sau terme romane.<\/p>\n<div class=\"wp-block-image\">\n<figure class=\"aligncenter\"><img decoding=\"async\" src=\"https:\/\/sansanews.ro\/wp-content\/uploads\/2026\/04\/399.Drumul_Cramelor_sau_Drumul_Vinului_12-1024x485.jpg\" alt class=\"wp-image-118893\"><\/figure>\n<\/div>\n<p>Potrivit reprezentan\u021bilor Consiliului Jude\u021bean,<br \/>\ncare au mers ast\u0103zi \u00een teren, o alunecare de teren a fost activat\u0103 din cauza<br \/>\nprecipita\u021biilor puternice pe acest drum jude\u021bean, \u00een dreptul localit\u0103\u021bii<br \/>\nVispe\u0219ti. Din imagini se poate vedea cum p\u0103m\u00e2ntul a luat-o la vale, foarte<br \/>\naproape de \u0219osea, \u0219i tinde s\u0103 urce spre carosabil. Deja se vede o cr\u0103p\u0103tur\u0103 pe<br \/>\nmijlocul \u0219oselei.<\/p>\n<ul class=\"wp-block-gallery columns-3 is-cropped\">\n<li class=\"blocks-gallery-item\">\n<figure><img decoding=\"async\" src=\"https:\/\/sansanews.ro\/wp-content\/uploads\/2026\/04\/WhatsApp-Image-2026-04-02-at-04.11.23-3.jpeg\" alt data-id=\"118894\" data-link=\"https:\/\/sansanews.ro\/?attachment_id=118894\" class=\"wp-image-118894\"><\/figure>\n<\/li>\n<li class=\"blocks-gallery-item\">\n<figure><img decoding=\"async\" src=\"https:\/\/sansanews.ro\/wp-content\/uploads\/2026\/04\/WhatsApp-Image-2026-04-02-at-04.11.23-2.jpeg\" alt data-id=\"118895\" data-link=\"https:\/\/sansanews.ro\/?attachment_id=118895\" class=\"wp-image-118895\"><\/figure>\n<\/li>\n<li class=\"blocks-gallery-item\">\n<figure><img decoding=\"async\" src=\"https:\/\/sansanews.ro\/wp-content\/uploads\/2026\/04\/WhatsApp-Image-2026-04-02-at-04.11.23-1.jpeg\" alt data-id=\"118896\" data-link=\"https:\/\/sansanews.ro\/?attachment_id=118896\" class=\"wp-image-118896\"><\/figure>\n<\/li>\n<\/ul>\n<p>Adrian Drug\u0103, primarul comunei Breaza, a declarat c\u0103 este vorba despre o alunecare de teren reactivat\u0103 dup\u0103 30 de ani, \u00een zon\u0103 exist\u00e2nd \u0219i un torent. Suprafa\u021ba afectat\u0103 este de aproximativ 5.000 de metri p\u0103tra\u021bi, iar peste drum se afl\u0103 patru gospod\u0103rii. Alunecarea s-a declan\u0219at luni \u0219i este \u00een continuare activ\u0103.<\/p>\n<p>De asemenea, acesta a precizat c\u0103 \u00een satul Vi\u0219pe\u0219ti, \u00een zona cunoscut\u0103 drept \u201eSatul de Sus\u201d, locuiesc aproximativ 700 de persoane, iar drumul afectat este singura cale de leg\u0103tur\u0103 cu localitatea Breaza.<\/p>\n<figure class=\"wp-block-audio\"><figcaption>Adrian Drug\u0103<\/figcaption><\/figure>\n<p>Momentan, \u00een zon\u0103, circula\u021bia se desf\u0103\u0219oar\u0103 f\u0103r\u0103 restric\u021bii, \u00eens\u0103 autorit\u0103\u021bile jude\u021bene au anun\u021bat c\u0103 urmeaz\u0103 s\u0103 fie \u00eentocmit un proces-verbal de constatare a pagubelor de c\u0103tre echipa mixt\u0103 format\u0103 din reprezentan\u021bi ISU \u0219i ai Institu\u021biei Prefectului. Ulterior, vor fi anun\u021bate \u0219i interven\u021biile care se pot face \u00een zon\u0103. <\/p>\n<p>Drumul nu a mai fost reabilitat de ani de zile. O por\u021biune<br \/>\n\u00eentre Breaza \u0219i Vispe\u0219ti ar fi fost modernizat\u0103 \u00een urm\u0103 cu 14 ani. <\/p>\n<iframe loading=\"lazy\" width=\"807\" height=\"740\" src=\"https:\/\/www.youtube.com\/embed\/AKVLdetmf8Y\" title=\"alunecare Vispesti\" frameborder allow=\"accelerometer; autoplay; clipboard-write; encrypted-media; gyroscope; picture-in-picture; web-share\" referrerpolicy=\"strict-origin-when-cross-origin\" allowfullscreen><\/iframe>\n<p>De asemenea, \u00een cursul zilei de m\u00e2ine vor fi comunicate \u0219i m\u0103surile pe care Consiliul Jude\u021bean le va lua \u00een cazul alunec\u0103rii de la Buda Cr\u0103ciune\u0219ti, acolo unde jum\u0103tate din \u0219osea, de pe un sens, s-a pr\u0103bu\u0219it, circula\u021bia desf\u0103\u0219ur\u00e2ndu-se, \u00een prezent, doar pe un sens.<\/p>\n<p>Pe<br \/>\nde alt\u0103 parte, ast\u0103zi se fac lucr\u0103ri pe drumul care face leg\u0103tura \u00eentre S\u0103rata<br \/>\nMonteoru \u0219i localitatea Leicule\u0219ti din comuna Tis\u0103u.<\/p>\n<div class=\"meta-tags\"><span>Etichete<\/span><a href=\"https:\/\/sansanews.ro\/tag\/alunecare-teren-vispesti\/\" rel=\"tag\">alunecare teren vispesti<\/a><a href=\"https:\/\/sansanews.ro\/tag\/vispesti\/\" rel=\"tag\">Vispesti<\/a><\/div>\n<div class=\"herald-share-content\">\n<div class=\"meks_ess rectangle no-labels outline\"><a class=\"meks_ess-item socicon-facebook\" data-url=\"http:\/\/www.facebook.com\/sharer\/sharer.php?u=https%3A%2F%2Fsansanews.ro%2Fvideo-drum-turistic-din-buzau-amenintat-de-alunecarile-de-teren-imagini-cu-pamantul-care-a-luat-o-la-vale%2F&amp;t=%28VIDEO%29%20Drum%20turistic%20din%20Buz%C4%83u%2C%20amenin%C8%9Bat%20de%20alunec%C4%83rile%20de%20teren.%20Imagini%20cu%20p%C4%83m%C3%A2ntul%20care%20a%20luat-o%20la%20vale\"><span>Facebook<\/span><\/a><a href=\"https:\/\/api.whatsapp.com\/send?text=%28VIDEO%29%20Drum%20turistic%20din%20Buz%C4%83u%2C%20amenin%C8%9Bat%20de%20alunec%C4%83rile%20de%20teren.%20Imagini%20cu%20p%C4%83m%C3%A2ntul%20care%20a%20luat-o%20la%20vale%20https%3A%2F%2Fsansanews.ro%2Fvideo-drum-turistic-din-buzau-amenintat-de-alunecarile-de-teren-imagini-cu-pamantul-care-a-luat-o-la-vale%2F\" class=\"meks_ess-item socicon-whatsapp prevent-share-popup\"><span>WhatsApp<\/span><\/a><a class=\"meks_ess-item socicon-twitter\" data-url=\"http:\/\/twitter.com\/intent\/tweet?url=https%3A%2F%2Fsansanews.ro%2Fvideo-drum-turistic-din-buzau-amenintat-de-alunecarile-de-teren-imagini-cu-pamantul-care-a-luat-o-la-vale%2F&amp;text=%28VIDEO%29%20Drum%20turistic%20din%20Buz%C4%83u%2C%20amenin%C8%9Bat%20de%20alunec%C4%83rile%20de%20teren.%20Imagini%20cu%20p%C4%83m%C3%A2ntul%20care%20a%20luat-o%20la%20vale\"><span>Twitter<\/span><\/a><a class=\"meks_ess-item socicon-pinterest\" data-url=\"http:\/\/pinterest.com\/pin\/create\/button\/?url=https%3A%2F%2Fsansanews.ro%2Fvideo-drum-turistic-din-buzau-amenintat-de-alunecarile-de-teren-imagini-cu-pamantul-care-a-luat-o-la-vale%2F&amp;media=https%3A%2F%2Fsansanews.ro%2Fwp-content%2Fuploads%2F2026%2F04%2FWhatsApp-Image-2026-04-02-at-04.11.23.jpeg&amp;description=%28VIDEO%29%20Drum%20turistic%20din%20Buz%C4%83u%2C%20amenin%C8%9Bat%20de%20alunec%C4%83rile%20de%20teren.%20Imagini%20cu%20p%C4%83m%C3%A2ntul%20care%20a%20luat-o%20la%20vale\"><span>Pinterest<\/span><\/a><\/div>\n<\/div>\n<\/div>\n<div class=\"entry-content herald-entry-content\">\n<p>Vremea capricioas\u0103 continu\u0103 s\u0103 creeze probleme \u00een jude\u021bul Buz\u0103u. Dup\u0103<br \/>\nTrans-Cisl\u0103u, un alt drum de interes turistic este afectat de alunec\u0103rile de<br \/>\nteren. Este vorba despre Drumul Vinului, un drum jude\u021bean ce porne\u0219te din<br \/>\nFin\u021be\u0219ti, N\u0103eni, Breaza \u0219i ajunge p\u00e2n\u0103 \u00een Pietroasele \u0219i Merei, adic\u0103 o<br \/>\npor\u021biune de 50 de kilometri \u00een care sunt incluse obiective specifice domeniului<br \/>\nviticol, dar \u0219i cet\u0103\u021bi, m\u0103n\u0103stiri sau terme romane.<\/p>\n<div class=\"wp-block-image\">\n<figure class=\"aligncenter\"><img decoding=\"async\" src=\"https:\/\/sansanews.ro\/wp-content\/uploads\/2026\/04\/399.Drumul_Cramelor_sau_Drumul_Vinului_12-1024x485.jpg\" alt class=\"wp-image-118893\"><\/figure>\n<\/div>\n<p>Potrivit reprezentan\u021bilor Consiliului Jude\u021bean,<br \/>\ncare au mers ast\u0103zi \u00een teren, o alunecare de teren a fost activat\u0103 din cauza<br \/>\nprecipita\u021biilor puternice pe acest drum jude\u021bean, \u00een dreptul localit\u0103\u021bii<br \/>\nVispe\u0219ti. Din imagini se poate vedea cum p\u0103m\u00e2ntul a luat-o la vale, foarte<br \/>\naproape de \u0219osea, \u0219i tinde s\u0103 urce spre carosabil. Deja se vede o cr\u0103p\u0103tur\u0103 pe<br \/>\nmijlocul \u0219oselei.<\/p>\n<ul class=\"wp-block-gallery columns-3 is-cropped\">\n<li class=\"blocks-gallery-item\">\n<figure><img decoding=\"async\" src=\"https:\/\/sansanews.ro\/wp-content\/uploads\/2026\/04\/WhatsApp-Image-2026-04-02-at-04.11.23-3.jpeg\" alt data-id=\"118894\" data-link=\"https:\/\/sansanews.ro\/?attachment_id=118894\" class=\"wp-image-118894\"><\/figure>\n<\/li>\n<li class=\"blocks-gallery-item\">\n<figure><img decoding=\"async\" src=\"https:\/\/sansanews.ro\/wp-content\/uploads\/2026\/04\/WhatsApp-Image-2026-04-02-at-04.11.23-2.jpeg\" alt data-id=\"118895\" data-link=\"https:\/\/sansanews.ro\/?attachment_id=118895\" class=\"wp-image-118895\"><\/figure>\n<\/li>\n<li class=\"blocks-gallery-item\">\n<figure><img decoding=\"async\" src=\"https:\/\/sansanews.ro\/wp-content\/uploads\/2026\/04\/WhatsApp-Image-2026-04-02-at-04.11.23-1.jpeg\" alt data-id=\"118896\" data-link=\"https:\/\/sansanews.ro\/?attachment_id=118896\" class=\"wp-image-118896\"><\/figure>\n<\/li>\n<\/ul>\n<p>Adrian Drug\u0103, primarul comunei Breaza, a declarat c\u0103 este vorba despre o alunecare de teren reactivat\u0103 dup\u0103 30 de ani, \u00een zon\u0103 exist\u00e2nd \u0219i un torent. Suprafa\u021ba afectat\u0103 este de aproximativ 5.000 de metri p\u0103tra\u021bi, iar peste drum se afl\u0103 patru gospod\u0103rii. Alunecarea s-a declan\u0219at luni \u0219i este \u00een continuare activ\u0103.<\/p>\n<p>De asemenea, acesta a precizat c\u0103 \u00een satul Vi\u0219pe\u0219ti, \u00een zona cunoscut\u0103 drept \u201eSatul de Sus\u201d, locuiesc aproximativ 700 de persoane, iar drumul afectat este singura cale de leg\u0103tur\u0103 cu localitatea Breaza.<\/p>\n<figure class=\"wp-block-audio\"><figcaption>Adrian Drug\u0103<\/figcaption><\/figure>\n<p>Momentan, \u00een zon\u0103, circula\u021bia se desf\u0103\u0219oar\u0103 f\u0103r\u0103 restric\u021bii, \u00eens\u0103 autorit\u0103\u021bile jude\u021bene au anun\u021bat c\u0103 urmeaz\u0103 s\u0103 fie \u00eentocmit un proces-verbal de constatare a pagubelor de c\u0103tre echipa mixt\u0103 format\u0103 din reprezentan\u021bi ISU \u0219i ai Institu\u021biei Prefectului. Ulterior, vor fi anun\u021bate \u0219i interven\u021biile care se pot face \u00een zon\u0103. <\/p>\n<p>Drumul nu a mai fost reabilitat de ani de zile. O por\u021biune<br \/>\n\u00eentre Breaza \u0219i Vispe\u0219ti ar fi fost modernizat\u0103 \u00een urm\u0103 cu 14 ani. <\/p>\n<iframe loading=\"lazy\" width=\"807\" height=\"740\" src=\"https:\/\/www.youtube.com\/embed\/AKVLdetmf8Y\" title=\"alunecare Vispesti\" frameborder allow=\"accelerometer; autoplay; clipboard-write; encrypted-media; gyroscope; picture-in-picture; web-share\" referrerpolicy=\"strict-origin-when-cross-origin\" allowfullscreen><\/iframe>\n<p>De asemenea, \u00een cursul zilei de m\u00e2ine vor fi comunicate \u0219i m\u0103surile pe care Consiliul Jude\u021bean le va lua \u00een cazul alunec\u0103rii de la Buda Cr\u0103ciune\u0219ti, acolo unde jum\u0103tate din \u0219osea, de pe un sens, s-a pr\u0103bu\u0219it, circula\u021bia desf\u0103\u0219ur\u00e2ndu-se, \u00een prezent, doar pe un sens.<\/p>\n<p>Pe<br \/>\nde alt\u0103 parte, ast\u0103zi se fac lucr\u0103ri pe drumul care face leg\u0103tura \u00eentre S\u0103rata<br \/>\nMonteoru \u0219i localitatea Leicule\u0219ti din comuna Tis\u0103u.<\/p>\n<div class=\"meta-tags\"><span>Etichete<\/span><a href=\"https:\/\/sansanews.ro\/tag\/alunecare-teren-vispesti\/\" rel=\"tag\">alunecare teren vispesti<\/a><a href=\"https:\/\/sansanews.ro\/tag\/vispesti\/\" rel=\"tag\">Vispesti<\/a><\/div>\n<div class=\"herald-share-content\">\n<div class=\"meks_ess rectangle no-labels outline\"><a class=\"meks_ess-item socicon-facebook\" data-url=\"http:\/\/www.facebook.com\/sharer\/sharer.php?u=https%3A%2F%2Fsansanews.ro%2Fvideo-drum-turistic-din-buzau-amenintat-de-alunecarile-de-teren-imagini-cu-pamantul-care-a-luat-o-la-vale%2F&amp;t=%28VIDEO%29%20Drum%20turistic%20din%20Buz%C4%83u%2C%20amenin%C8%9Bat%20de%20alunec%C4%83rile%20de%20teren.%20Imagini%20cu%20p%C4%83m%C3%A2ntul%20care%20a%20luat-o%20la%20vale\"><span>Facebook<\/span><\/a><a href=\"https:\/\/api.whatsapp.com\/send?text=%28VIDEO%29%20Drum%20turistic%20din%20Buz%C4%83u%2C%20amenin%C8%9Bat%20de%20alunec%C4%83rile%20de%20teren.%20Imagini%20cu%20p%C4%83m%C3%A2ntul%20care%20a%20luat-o%20la%20vale%20https%3A%2F%2Fsansanews.ro%2Fvideo-drum-turistic-din-buzau-amenintat-de-alunecarile-de-teren-imagini-cu-pamantul-care-a-luat-o-la-vale%2F\" class=\"meks_ess-item socicon-whatsapp prevent-share-popup\"><span>WhatsApp<\/span><\/a><a class=\"meks_ess-item socicon-twitter\" data-url=\"http:\/\/twitter.com\/intent\/tweet?url=https%3A%2F%2Fsansanews.ro%2Fvideo-drum-turistic-din-buzau-amenintat-de-alunecarile-de-teren-imagini-cu-pamantul-care-a-luat-o-la-vale%2F&amp;text=%28VIDEO%29%20Drum%20turistic%20din%20Buz%C4%83u%2C%20amenin%C8%9Bat%20de%20alunec%C4%83rile%20de%20teren.%20Imagini%20cu%20p%C4%83m%C3%A2ntul%20care%20a%20luat-o%20la%20vale\"><span>Twitter<\/span><\/a><a class=\"meks_ess-item socicon-pinterest\" data-url=\"http:\/\/pinterest.com\/pin\/create\/button\/?url=https%3A%2F%2Fsansanews.ro%2Fvideo-drum-turistic-din-buzau-amenintat-de-alunecarile-de-teren-imagini-cu-pamantul-care-a-luat-o-la-vale%2F&amp;media=https%3A%2F%2Fsansanews.ro%2Fwp-content%2Fuploads%2F2026%2F04%2FWhatsApp-Image-2026-04-02-at-04.11.23.jpeg&amp;description=%28VIDEO%29%20Drum%20turistic%20din%20Buz%C4%83u%2C%20amenin%C8%9Bat%20de%20alunec%C4%83rile%20de%20teren.%20Imagini%20cu%20p%C4%83m%C3%A2ntul%20care%20a%20luat-o%20la%20vale\"><span>Pinterest<\/span><\/a><\/div>\n<\/div>\n<\/div>\n<p>[analyse_source url=&#8221;https:\/\/sansanews.ro\/video-drum-turistic-din-buzau-amenintat-de-alunecarile-de-teren-imagini-cu-pamantul-care-a-luat-o-la-vale\/&#8221;]<\/p>\n","protected":false},"excerpt":{"rendered":"<p>[analyse_image type=&#8221;featured&#8221; src=&#8221;https:\/\/sansanews.ro\/wp-content\/uploads\/2026\/04\/WhatsApp-Image-2026-04-02-at-04.11.23.jpeghttps:\/\/sansanews.ro\/wp-content\/uploads\/2026\/04\/WhatsApp-Image-2026-04-02-at-04.11.23.jpeg&#8221;] Vremea capricioas\u0103 continu\u0103 s\u0103 creeze probleme \u00een jude\u021bul Buz\u0103u. Dup\u0103 Trans-Cisl\u0103u, un alt drum de interes turistic este afectat de alunec\u0103rile de teren. Este vorba despre Drumul Vinului, un drum jude\u021bean ce porne\u0219te din Fin\u021be\u0219ti, N\u0103eni, Breaza \u0219i ajunge p\u00e2n\u0103 \u00een Pietroasele \u0219i Merei, adic\u0103 o por\u021biune de 50 de kilometri \u00een [&hellip;]<\/p>\n","protected":false},"author":1,"featured_media":0,"comment_status":"open","ping_status":"","sticky":false,"template":"","format":"standard","meta":{"footnotes":""},"categories":[2],"tags":[226,51],"class_list":["post-1861669","post","type-post","status-publish","format-standard","hentry","category-politics","tag-crawlmanager","tag-sansanews-ro"],"_links":{"self":[{"href":"https:\/\/analyse.optim.biz\/index.php?rest_route=\/wp\/v2\/posts\/1861669","targetHints":{"allow":["GET"]}}],"collection":[{"href":"https:\/\/analyse.optim.biz\/index.php?rest_route=\/wp\/v2\/posts"}],"about":[{"href":"https:\/\/analyse.optim.biz\/index.php?rest_route=\/wp\/v2\/types\/post"}],"author":[{"embeddable":true,"href":"https:\/\/analyse.optim.biz\/index.php?rest_route=\/wp\/v2\/users\/1"}],"replies":[{"embeddable":true,"href":"https:\/\/analyse.optim.biz\/index.php?rest_route=%2Fwp%2Fv2%2Fcomments&post=1861669"}],"version-history":[{"count":0,"href":"https:\/\/analyse.optim.biz\/index.php?rest_route=\/wp\/v2\/posts\/1861669\/revisions"}],"wp:attachment":[{"href":"https:\/\/analyse.optim.biz\/index.php?rest_route=%2Fwp%2Fv2%2Fmedia&parent=1861669"}],"wp:term":[{"taxonomy":"category","embeddable":true,"href":"https:\/\/analyse.optim.biz\/index.php?rest_route=%2Fwp%2Fv2%2Fcategories&post=1861669"},{"taxonomy":"post_tag","embeddable":true,"href":"https:\/\/analyse.optim.biz\/index.php?rest_route=%2Fwp%2Fv2%2Ftags&post=1861669"}],"curies":[{"name":"wp","href":"https:\/\/api.w.org\/{rel}","templated":true}]}}