{"id":186158,"date":"2015-02-20T10:17:49","date_gmt":"2015-02-20T07:17:49","guid":{"rendered":"https:\/\/analyse.optim.biz\/?p=186158"},"modified":"2015-02-20T10:17:49","modified_gmt":"2015-02-20T07:17:49","slug":"victor-ponta-despre-propunerea-lui-eduard-hellvig-pentru-sefia-sri","status":"publish","type":"post","link":"https:\/\/analyse.optim.biz\/?p=186158","title":{"rendered":"Victor Ponta, despre propunerea lui Eduard Hellvig pentru \u0219efia SRI"},"content":{"rendered":"<div class=\"entry data-app-meta data-app-meta-article\" data-embed-base-url-canonical=\"https:\/\/www.digi24.ro\/embed\/stiri\/actualitate\/politica\/victor-ponta-despre-propunerea-lui-eduard-hellvig-pentru-sefia-sri-361823\">\n<p data-index=\"1\">\u201eCa s\u0103 citez din propagand\u0103, al\u0103turi de Crin Antonescu, de mine \u0219i de Liviu Dragnea, e co-autor la \u201elovitura de stat din 2012\u201d. Noi, ca principiu, am considerat c\u0103 la conducerea serviciilor ar fi fost mai bine o persoan\u0103 neimplicat\u0103 politic. O s\u0103 m\u0103 consult cu grupurile \u0219i luni v\u0103 vom anun\u021ba dac\u0103 \u0219i cum vom vota. Voi vota cum voteaz\u0103 grupurile, nu sunt de capul meu. Din punctul meu de vedere, ca persoan\u0103, propunerea e bun\u0103. Care va fi decizia \u00een grupuri v\u0103 spunem luni\u201d, a declarat Victor Ponta.<\/p>\n<\/div>\n<p> Source URL: https:\/\/www.digi24.ro\/stiri\/actualitate\/politica\/victor-ponta-despre-propunerea-lui-eduard-hellvig-pentru-sefia-sri-361823<\/p>\n","protected":false},"excerpt":{"rendered":"<p>\u201eCa s\u0103 citez din propagand\u0103, al\u0103turi de Crin Antonescu, de mine \u0219i de Liviu Dragnea, e co-autor la \u201elovitura de stat din 2012\u201d. Noi, ca principiu, am considerat c\u0103 la conducerea serviciilor ar fi fost mai bine o persoan\u0103 neimplicat\u0103 politic. O s\u0103 m\u0103 consult cu grupurile \u0219i luni v\u0103 vom anun\u021ba dac\u0103 \u0219i cum [&hellip;]<\/p>\n","protected":false},"author":1,"featured_media":186159,"comment_status":"open","ping_status":"","sticky":false,"template":"","format":"standard","meta":{"footnotes":""},"categories":[2],"tags":[11],"class_list":["post-186158","post","type-post","status-publish","format-standard","has-post-thumbnail","hentry","category-politics","tag-digi24"],"_links":{"self":[{"href":"https:\/\/analyse.optim.biz\/index.php?rest_route=\/wp\/v2\/posts\/186158","targetHints":{"allow":["GET"]}}],"collection":[{"href":"https:\/\/analyse.optim.biz\/index.php?rest_route=\/wp\/v2\/posts"}],"about":[{"href":"https:\/\/analyse.optim.biz\/index.php?rest_route=\/wp\/v2\/types\/post"}],"author":[{"embeddable":true,"href":"https:\/\/analyse.optim.biz\/index.php?rest_route=\/wp\/v2\/users\/1"}],"replies":[{"embeddable":true,"href":"https:\/\/analyse.optim.biz\/index.php?rest_route=%2Fwp%2Fv2%2Fcomments&post=186158"}],"version-history":[{"count":0,"href":"https:\/\/analyse.optim.biz\/index.php?rest_route=\/wp\/v2\/posts\/186158\/revisions"}],"wp:featuredmedia":[{"embeddable":true,"href":"https:\/\/analyse.optim.biz\/index.php?rest_route=\/wp\/v2\/media\/186159"}],"wp:attachment":[{"href":"https:\/\/analyse.optim.biz\/index.php?rest_route=%2Fwp%2Fv2%2Fmedia&parent=186158"}],"wp:term":[{"taxonomy":"category","embeddable":true,"href":"https:\/\/analyse.optim.biz\/index.php?rest_route=%2Fwp%2Fv2%2Fcategories&post=186158"},{"taxonomy":"post_tag","embeddable":true,"href":"https:\/\/analyse.optim.biz\/index.php?rest_route=%2Fwp%2Fv2%2Ftags&post=186158"}],"curies":[{"name":"wp","href":"https:\/\/api.w.org\/{rel}","templated":true}]}}