{"id":186136,"date":"2015-02-20T13:02:19","date_gmt":"2015-02-20T10:02:19","guid":{"rendered":"https:\/\/analyse.optim.biz\/?p=186136"},"modified":"2015-02-20T13:02:19","modified_gmt":"2015-02-20T10:02:19","slug":"victor-ponta-mama-mea-nu-a-fost-chemata-la-dna-firmele-cumnatului-meu-nu-au-avut-contracte-cu-guvernul","status":"publish","type":"post","link":"https:\/\/analyse.optim.biz\/?p=186136","title":{"rendered":"Victor Ponta: Mama mea nu a fost chemat\u0103 la DNA. Firmele cumnatului meu nu au avut contracte cu Guvernul"},"content":{"rendered":"<div class=\"entry data-app-meta data-app-meta-article\" data-embed-base-url-canonical=\"https:\/\/www.digi24.ro\/embed\/stiri\/actualitate\/politica\/victor-ponta-mama-mea-nu-a-fost-chemata-la-dna-firmele-cumnatului-meu-nu-au-avut-contracte-cu-guvernul-361930\">\n<p data-index=\"1\">\u00centrebat dac\u0103 mama sa a fost chemat\u0103 la DNA, Victor Ponta a r\u0103spuns: \u201e<em><strong>E o mizerie ordinar\u0103. Nu a fost chemat\u0103 \u0219i nu are nicio calitate . Sincer s\u0103 fiu, \u00een\u021beleg \u0219i e legitim\u0103 batalia politic\u0103 \u0219i chiar critica din partea unor reprezentan\u021bi ai presei, dar s\u0103 te lup\u021bi cu o femeie de 72 de ani nu e onorabil pentru nimeni\u201d, a spus premierul.<\/strong><\/em><\/p>\n<p data-index=\"2\">Acesta a fost \u00eentrebat \u0219i c\u00e2te contracte cu statul au avut firmele cumnatului s\u0103u, Iulian Her\u021banu. \u201eCe \u00eentelege\u021bi dumneavoastr\u0103 prin stat? Guvernul? Din c\u00e2te \u0219tiu, niciunul\u201d, a spus Victor Ponta.\u00a0<\/p>\n<\/div>\n<p> Source URL: https:\/\/www.digi24.ro\/stiri\/actualitate\/politica\/victor-ponta-mama-mea-nu-a-fost-chemata-la-dna-firmele-cumnatului-meu-nu-au-avut-contracte-cu-guvernul-361930<\/p>\n","protected":false},"excerpt":{"rendered":"<p>\u00centrebat dac\u0103 mama sa a fost chemat\u0103 la DNA, Victor Ponta a r\u0103spuns: \u201eE o mizerie ordinar\u0103. Nu a fost chemat\u0103 \u0219i nu are nicio calitate . Sincer s\u0103 fiu, \u00een\u021beleg \u0219i e legitim\u0103 batalia politic\u0103 \u0219i chiar critica din partea unor reprezentan\u021bi ai presei, dar s\u0103 te lup\u021bi cu o femeie de 72 de [&hellip;]<\/p>\n","protected":false},"author":1,"featured_media":186137,"comment_status":"open","ping_status":"","sticky":false,"template":"","format":"standard","meta":{"footnotes":""},"categories":[2],"tags":[11],"class_list":["post-186136","post","type-post","status-publish","format-standard","has-post-thumbnail","hentry","category-politics","tag-digi24"],"_links":{"self":[{"href":"https:\/\/analyse.optim.biz\/index.php?rest_route=\/wp\/v2\/posts\/186136","targetHints":{"allow":["GET"]}}],"collection":[{"href":"https:\/\/analyse.optim.biz\/index.php?rest_route=\/wp\/v2\/posts"}],"about":[{"href":"https:\/\/analyse.optim.biz\/index.php?rest_route=\/wp\/v2\/types\/post"}],"author":[{"embeddable":true,"href":"https:\/\/analyse.optim.biz\/index.php?rest_route=\/wp\/v2\/users\/1"}],"replies":[{"embeddable":true,"href":"https:\/\/analyse.optim.biz\/index.php?rest_route=%2Fwp%2Fv2%2Fcomments&post=186136"}],"version-history":[{"count":0,"href":"https:\/\/analyse.optim.biz\/index.php?rest_route=\/wp\/v2\/posts\/186136\/revisions"}],"wp:featuredmedia":[{"embeddable":true,"href":"https:\/\/analyse.optim.biz\/index.php?rest_route=\/wp\/v2\/media\/186137"}],"wp:attachment":[{"href":"https:\/\/analyse.optim.biz\/index.php?rest_route=%2Fwp%2Fv2%2Fmedia&parent=186136"}],"wp:term":[{"taxonomy":"category","embeddable":true,"href":"https:\/\/analyse.optim.biz\/index.php?rest_route=%2Fwp%2Fv2%2Fcategories&post=186136"},{"taxonomy":"post_tag","embeddable":true,"href":"https:\/\/analyse.optim.biz\/index.php?rest_route=%2Fwp%2Fv2%2Ftags&post=186136"}],"curies":[{"name":"wp","href":"https:\/\/api.w.org\/{rel}","templated":true}]}}