{"id":186133,"date":"2015-02-20T15:39:56","date_gmt":"2015-02-20T12:39:56","guid":{"rendered":"https:\/\/analyse.optim.biz\/?p=186133"},"modified":"2015-02-20T15:39:56","modified_gmt":"2015-02-20T12:39:56","slug":"vizita-in-germania-klaus-iohannis-va-fi-primit-joia-viitoare-de-cancelarul-angela-merkel","status":"publish","type":"post","link":"https:\/\/analyse.optim.biz\/?p=186133","title":{"rendered":"VIZIT\u0102 \u00ceN GERMANIA. Klaus Iohannis va fi primit, joia viitoare, de cancelarul Angela Merkel"},"content":{"rendered":"<div class=\"entry data-app-meta data-app-meta-article\" data-embed-base-url-canonical=\"https:\/\/www.digi24.ro\/embed\/stiri\/actualitate\/politica\/vizita-in-germania-klaus-iohannis-va-fi-primit-joia-viitoare-de-cancelarul-angela-merkel-362021\">\n<p data-index=\"1\"><img decoding=\"async\" src=\"https:\/\/analyse.optim.biz\/wp-content\/uploads\/2024\/09\/mdawndi5ntlknmjmyznkoweymgu0yteymzg0-thumb_.jpg\" data-skip-htmlfix=\"1\" title=\"mdawndi5ntlknmjmyznkoweymgu0yteymzg0-thumb_\"><\/p>\n<p data-index=\"2\"><em><strong>Klaus Iohannis \/ FOTO: digi24<\/strong><\/em><\/p>\n<p data-index=\"3\">Site-ul Pre\u015fedin\u0163iei germane anun\u0163\u0103 c\u0103 Joachim Gauck \u00eel va primi, joi, 26 februarie, pe Klaus Iohannis, la ora local\u0103 12:00 (13:00, ora Rom\u00e2niei), la Palatul Bellevue, re\u015fedin\u0163a oficial\u0103 a \u015fefului de stat german.<\/p>\n<p data-index=\"4\">Joachim Gauck va oferi un pr\u00e2nz oficial \u00een cinstea pre\u015fedintelui Iohannis, informeaz\u0103 Mediafax.<\/p>\n<p data-index=\"5\">Purt\u0103toarea de cuv\u00e2nt a cancelarului german a anun\u0163at, vineri, c\u0103 Angela Merkel va avea convorbiri oficiale cu pre\u015fedintele rom\u00e2n, Klaus Werner Iohannis, joi, 26 februarie, de la ora local\u0103 14:00 (15:00, ora Rom\u00e2niei).<\/p>\n<p data-index=\"6\">Discu\u0163iile vor viza rela\u0163iile bilaterale, teme pe de agenda european\u0103 \u015fi interna\u0163ional\u0103, \u00een special situa\u0163ia din Ucraina \u015fi Republica Moldova, precum \u015fi evolu\u0163iile din Balcanii de Vest, potrivit unui comunicat pe de site-ul Guvernului german.<\/p>\n<p data-index=\"7\">Ini\u0163ial, vizita pre\u015fedintelui rom\u00e2n a fost programat\u0103 pentru 11 februarie, dar a fost am\u00e2nat\u0103 \u00een semn de respect fa\u0163\u0103 de funeraliile fostului pre\u015fedinte Richard von Weizs\u00e4cker, organizate la aceast\u0103 dat\u0103.<\/p>\n<\/div>\n<p> Source URL: https:\/\/www.digi24.ro\/stiri\/actualitate\/politica\/vizita-in-germania-klaus-iohannis-va-fi-primit-joia-viitoare-de-cancelarul-angela-merkel-362021<\/p>\n","protected":false},"excerpt":{"rendered":"<p>Klaus Iohannis \/ FOTO: digi24 Site-ul Pre\u015fedin\u0163iei germane anun\u0163\u0103 c\u0103 Joachim Gauck \u00eel va primi, joi, 26 februarie, pe Klaus Iohannis, la ora local\u0103 12:00 (13:00, ora Rom\u00e2niei), la Palatul Bellevue, re\u015fedin\u0163a oficial\u0103 a \u015fefului de stat german. Joachim Gauck va oferi un pr\u00e2nz oficial \u00een cinstea pre\u015fedintelui Iohannis, informeaz\u0103 Mediafax. Purt\u0103toarea de cuv\u00e2nt a [&hellip;]<\/p>\n","protected":false},"author":1,"featured_media":186134,"comment_status":"open","ping_status":"","sticky":false,"template":"","format":"standard","meta":{"footnotes":""},"categories":[2],"tags":[11],"class_list":["post-186133","post","type-post","status-publish","format-standard","has-post-thumbnail","hentry","category-politics","tag-digi24"],"_links":{"self":[{"href":"https:\/\/analyse.optim.biz\/index.php?rest_route=\/wp\/v2\/posts\/186133","targetHints":{"allow":["GET"]}}],"collection":[{"href":"https:\/\/analyse.optim.biz\/index.php?rest_route=\/wp\/v2\/posts"}],"about":[{"href":"https:\/\/analyse.optim.biz\/index.php?rest_route=\/wp\/v2\/types\/post"}],"author":[{"embeddable":true,"href":"https:\/\/analyse.optim.biz\/index.php?rest_route=\/wp\/v2\/users\/1"}],"replies":[{"embeddable":true,"href":"https:\/\/analyse.optim.biz\/index.php?rest_route=%2Fwp%2Fv2%2Fcomments&post=186133"}],"version-history":[{"count":0,"href":"https:\/\/analyse.optim.biz\/index.php?rest_route=\/wp\/v2\/posts\/186133\/revisions"}],"wp:featuredmedia":[{"embeddable":true,"href":"https:\/\/analyse.optim.biz\/index.php?rest_route=\/wp\/v2\/media\/186134"}],"wp:attachment":[{"href":"https:\/\/analyse.optim.biz\/index.php?rest_route=%2Fwp%2Fv2%2Fmedia&parent=186133"}],"wp:term":[{"taxonomy":"category","embeddable":true,"href":"https:\/\/analyse.optim.biz\/index.php?rest_route=%2Fwp%2Fv2%2Fcategories&post=186133"},{"taxonomy":"post_tag","embeddable":true,"href":"https:\/\/analyse.optim.biz\/index.php?rest_route=%2Fwp%2Fv2%2Ftags&post=186133"}],"curies":[{"name":"wp","href":"https:\/\/api.w.org\/{rel}","templated":true}]}}