{"id":1861243,"date":"2026-04-02T11:09:16","date_gmt":"2026-04-02T08:09:16","guid":{"rendered":"https:\/\/analyse.optim.biz\/?p=1861243"},"modified":"2026-04-02T11:09:16","modified_gmt":"2026-04-02T08:09:16","slug":"servicii-publice-tulcea-mai-multe-spatii-verzi-parcuri-noi-spatii-urbane-mai-atragatoare-si-mai-sanatoase","status":"publish","type":"post","link":"https:\/\/analyse.optim.biz\/?p=1861243","title":{"rendered":"Servicii Publice Tulcea: Mai multe spa\u021bii verzi, parcuri noi, spa\u021bii urbane mai atr\u0103g\u0103toare \u0219i mai s\u0103n\u0103toase"},"content":{"rendered":"<p>[analyse_image type=&#8221;featured&#8221; src=&#8221;https:\/\/dobrogeanews.b-cdn.net\/wp-content\/uploads\/2026\/04\/campanie-de-primavara-servicii-publice1.jpg&#8221;]<\/p>\n<div id=\"post-69626\" class=\"entry single-default post-69626 post type-post status-publish format-standard has-post-thumbnail hentry category-actualitate tag-ionela-bumbac tag-parcuri-noi tag-plantare tag-servicii-publice-tulcea tag-spatii-urbane tag-spatii-verzi\">\n<div>\n<div class=\"ss-follow-wrapper ss-clearfix ss-regular-buttons ss-columns-1 ss-default-style\">\n<div class=\"ss-follow-column\" data-ss-sf-network-id='\"facebook\"'><a href=\"https:\/\/www.facebook.com\/dobrogeanews\" class=\"ss-follow-network ss-facebook-color\" rel=\"nofollow noopener\" aria-label=\"facebook\" target=\"_blank\"><span class=\"ss-follow-network-label\">Urm\u0103re\u015fte-ne \u015fi pe Facebook!<\/span><span class=\"ss-follow-network-count\"><span class=\"ss-follow-network-count-number\">57K<\/span><span class=\"ss-follow-network-count-label\">Followers<\/span><\/span><\/a><\/div>\n<\/div>\n<\/div>\n<p>Servicii Publice Tulcea continu\u0103 campania de plantare de prim\u0103var\u0103, parte a unui efort amplu de \u00eenfrumuse\u021bare \u0219i revitalizare, de regenerarea spa\u021biului urban din municipiu. Noile interven\u021bii completeaz\u0103 lucr\u0103rile deja realizate \u0219i contribuie cre\u0219terea num\u0103rului de zone verzi, la transformarea ora\u0219ului \u00eentr-un mediu mai verde, mai s\u0103n\u0103tos \u0219i mai pl\u0103cut pentru to\u021bi locuitorii.<\/p>\n<figure class=\"wp-block-image size-full is-resized\"><img loading=\"lazy\" decoding=\"async\" title=\"Campanie de prim\u0103var\u0103 Servicii Publice Tulcea | DobrogeaNews\" src=\"https:\/\/dobrogeanews.b-cdn.net\/wp-content\/uploads\/2026\/04\/campanie-de-primavara-servicii-publice2.jpg\" alt=\"Campanie de prim\u0103var\u0103 Servicii Publice Tulcea\" class=\"wp-image-69634\" width=\"640\" height=\"431\"><\/figure>\n<p>\u201eS\u0103pt\u0103m\u00e2na aceasta avem ajutoare de n\u0103dejde, elevii de la Colegiul Na\u021bional Spiru Haret \u0219i elevii de la \u0218coala Profesional\u0103 Danubius. Se lucreaz\u0103 \u00een ritm sus\u021binut, echipele noastre, \u00eempreun\u0103 cu tinerii voluntari transform\u0103 spa\u021biile verzi urbane \u00een locuri mai atr\u0103g\u0103toare \u0219i mai s\u0103n\u0103toase.<\/p>\n<p>Am plantat deja 150 de arbori \u00een zona Dallas urm\u00e2nd ca vineri, 3 Aprilie s\u0103 mai plant\u0103m 50 de arbori \u00een Parcul Ciuperca.<\/p>\n<figure class=\"wp-block-image size-full is-resized\">\n<source type=\"image\/webp\" data-lazy-srcset=\"https:\/\/dobrogeanews.b-cdn.net\/wp-content\/uploads\/2026\/04\/campanie-de-primavara-servicii-publice3.jpg.webp 2560w, https:\/\/dobrogeanews.b-cdn.net\/wp-content\/uploads\/2026\/04\/campanie-de-primavara-servicii-publice3-300x202.jpg.webp 300w, https:\/\/dobrogeanews.b-cdn.net\/wp-content\/uploads\/2026\/04\/campanie-de-primavara-servicii-publice3-1024x690.jpg.webp 1024w, https:\/\/dobrogeanews.b-cdn.net\/wp-content\/uploads\/2026\/04\/campanie-de-primavara-servicii-publice3-768x518.jpg.webp 768w, https:\/\/dobrogeanews.b-cdn.net\/wp-content\/uploads\/2026\/04\/campanie-de-primavara-servicii-publice3-1536x1035.jpg.webp 1536w, https:\/\/dobrogeanews.b-cdn.net\/wp-content\/uploads\/2026\/04\/campanie-de-primavara-servicii-publice3-2048x1380.jpg.webp 2048w\" sizes=\"(max-width: 640px) 100vw, 640px\" \/><br \/>\n<img loading=\"lazy\" decoding=\"async\" src=\"https:\/\/dobrogeanews.b-cdn.net\/wp-content\/uploads\/2026\/04\/campanie-de-primavara-servicii-publice3.jpg\" alt=\"Campanie de prim\u0103var\u0103 Servicii Publice Tulcea\" width=\"640\" height=\"431\"><\/figure>\n<p>Un punct important pentru noi \u00eel reprezint\u0103 parcurile. Pot s\u0103 v\u0103 spun c\u0103 s-a lucrat la revitalizarea Parcului Independen\u021bei (Casa Sindicatelor) unde s-au f\u0103cut lucr\u0103ri de amenajare cu montarea bordurilor \u0219i realizarea sistemului de iriga\u021bie pentru noile spa\u021bii verzi. Acum plant\u0103m flori \u0219i gazon. \u00cen aceste zile mai lucr\u0103m la noul parc de pe strada 1848 unde, dup\u0103 lucr\u0103rile preliminare mont\u0103m sistemul de iriga\u021bii \u0219i apoi plant\u0103m arbori, arbu\u0219ti, flori \u0219i gazon. <\/p>\n<p>Pentru toate zonele, speciile de plane au fost alese pentru rezisten\u021ba lor la mediul urban \u0219i pentru aportul de culoare \u0219i prospe\u021bime pe care \u00eel aduc ora\u0219ului.<\/p>\n<p>\u00cei rug\u0103m pe cet\u0103\u021benii municipiului Tulcea s\u0103 ne fie al\u0103turi \u00een demersul nostru de a proteja noile plant\u0103ri. A\u0219a dup\u0103 cum ne-au obi\u0219nuit, \u0219i le mul\u021bumim pentru sus\u021binere. \u00cempreun\u0103 putem p\u0103stra Tulcea verde \u0219i primitoare\u201d <\/p>\n<p>ne-a declarat Ionela Bumbac, director al Servicii Publice Tulcea.<\/p>\n<div class=\"monsterinsights-inline-popular-posts monsterinsights-inline-popular-posts-charlie monsterinsights-popular-posts-styled\">\n<div class=\"monsterinsights-inline-popular-posts-text\"><span class=\"monsterinsights-inline-popular-posts-label\">Vezi \u0219i:<\/span><\/p>\n<div class=\"monsterinsights-inline-popular-posts-post\"><a class=\"monsterinsights-inline-popular-posts-title\" href=\"https:\/\/www.dobrogeanews.ro\/dr-laurentiu-ivanof-fiti-atenti-la-taceri-la-retrageri-la-schimbari-subtile-uneori-cei-care-au-cea-mai-mare-nevoie-de-ajutor-sunt-cei-care-cer-cel-mai-putin\/\">Dr. Lauren\u021biu Ivanof: Fi\u021bi aten\u021bi la t\u0103ceri. La retrageri. La schimb\u0103ri subtile. Uneori, cei care au cea mai mare nevoie de ajutor sunt cei care cer cel mai pu\u021bin.<\/a><\/div>\n<div class=\"monsterinsights-inline-popular-posts-post\"><a class=\"monsterinsights-inline-popular-posts-title\" href=\"https:\/\/www.dobrogeanews.ro\/la-baia-taxa-de-habitat-a-ramas-15-lei-luna-pers-adica-180-lei-an-am-votat-aplicarea-cotelor-minime-permise\/\">La Baia, taxa de habitat a r\u0103mas 15 lei\/lun\u0103\/pers, adic\u0103, 180 lei\/an. \u201eAm votat aplicarea cotelor minime permise\u201d<\/a><\/div>\n<div class=\"monsterinsights-inline-popular-posts-post\"><a class=\"monsterinsights-inline-popular-posts-title\" href=\"https:\/\/www.dobrogeanews.ro\/tulcea-impozitul-pentru-mijloacele-de-transport-2026-pe-intelesul-tuturor-cine-beneficiaza-de-reducere-sau-scutire\/\">Tulcea: Impozitul pentru mijloacele de transport\/2026 pe \u00een\u021belesul tuturor. Cine beneficiaz\u0103 de reducere sau scutire<\/a><\/div>\n<\/div>\n<\/div>\n<p class=\"has-text-align-center has-white-color has-text-color has-background\"><span><a href=\"https:\/\/news.google.com\/publications\/CAAqBwgKMIu5pgsw88O-Aw?ceid=RO:ro&amp;oc=3\">Urm\u0103ri\u0163i \u015etirile Dobrogeanews \u015fi pe Google News<\/a><\/span><\/p>\n<\/div>\n<div id=\"post-69626\" class=\"entry single-default post-69626 post type-post status-publish format-standard has-post-thumbnail hentry category-actualitate tag-ionela-bumbac tag-parcuri-noi tag-plantare tag-servicii-publice-tulcea tag-spatii-urbane tag-spatii-verzi\">\n<div>\n<div class=\"ss-follow-wrapper ss-clearfix ss-regular-buttons ss-columns-1 ss-default-style\">\n<div class=\"ss-follow-column\" data-ss-sf-network-id='\"facebook\"'><a href=\"https:\/\/www.facebook.com\/dobrogeanews\" class=\"ss-follow-network ss-facebook-color\" rel=\"nofollow noopener\" aria-label=\"facebook\" target=\"_blank\"><span class=\"ss-follow-network-label\">Urm\u0103re\u015fte-ne \u015fi pe Facebook!<\/span><span class=\"ss-follow-network-count\"><span class=\"ss-follow-network-count-number\">57K<\/span><span class=\"ss-follow-network-count-label\">Followers<\/span><\/span><\/a><\/div>\n<\/div>\n<\/div>\n<p>Servicii Publice Tulcea continu\u0103 campania de plantare de prim\u0103var\u0103, parte a unui efort amplu de \u00eenfrumuse\u021bare \u0219i revitalizare, de regenerarea spa\u021biului urban din municipiu. Noile interven\u021bii completeaz\u0103 lucr\u0103rile deja realizate \u0219i contribuie cre\u0219terea num\u0103rului de zone verzi, la transformarea ora\u0219ului \u00eentr-un mediu mai verde, mai s\u0103n\u0103tos \u0219i mai pl\u0103cut pentru to\u021bi locuitorii.<\/p>\n<figure class=\"wp-block-image size-full is-resized\"><img loading=\"lazy\" decoding=\"async\" title=\"Campanie de prim\u0103var\u0103 Servicii Publice Tulcea | DobrogeaNews\" src=\"https:\/\/dobrogeanews.b-cdn.net\/wp-content\/uploads\/2026\/04\/campanie-de-primavara-servicii-publice2.jpg\" alt=\"Campanie de prim\u0103var\u0103 Servicii Publice Tulcea\" class=\"wp-image-69634\" width=\"640\" height=\"431\"><\/figure>\n<p>\u201eS\u0103pt\u0103m\u00e2na aceasta avem ajutoare de n\u0103dejde, elevii de la Colegiul Na\u021bional Spiru Haret \u0219i elevii de la \u0218coala Profesional\u0103 Danubius. Se lucreaz\u0103 \u00een ritm sus\u021binut, echipele noastre, \u00eempreun\u0103 cu tinerii voluntari transform\u0103 spa\u021biile verzi urbane \u00een locuri mai atr\u0103g\u0103toare \u0219i mai s\u0103n\u0103toase.<\/p>\n<p>Am plantat deja 150 de arbori \u00een zona Dallas urm\u00e2nd ca vineri, 3 Aprilie s\u0103 mai plant\u0103m 50 de arbori \u00een Parcul Ciuperca.<\/p>\n<figure class=\"wp-block-image size-full is-resized\">\n<source type=\"image\/webp\" data-lazy-srcset=\"https:\/\/dobrogeanews.b-cdn.net\/wp-content\/uploads\/2026\/04\/campanie-de-primavara-servicii-publice3.jpg.webp 2560w, https:\/\/dobrogeanews.b-cdn.net\/wp-content\/uploads\/2026\/04\/campanie-de-primavara-servicii-publice3-300x202.jpg.webp 300w, https:\/\/dobrogeanews.b-cdn.net\/wp-content\/uploads\/2026\/04\/campanie-de-primavara-servicii-publice3-1024x690.jpg.webp 1024w, https:\/\/dobrogeanews.b-cdn.net\/wp-content\/uploads\/2026\/04\/campanie-de-primavara-servicii-publice3-768x518.jpg.webp 768w, https:\/\/dobrogeanews.b-cdn.net\/wp-content\/uploads\/2026\/04\/campanie-de-primavara-servicii-publice3-1536x1035.jpg.webp 1536w, https:\/\/dobrogeanews.b-cdn.net\/wp-content\/uploads\/2026\/04\/campanie-de-primavara-servicii-publice3-2048x1380.jpg.webp 2048w\" sizes=\"(max-width: 640px) 100vw, 640px\" \/><br \/>\n<img loading=\"lazy\" decoding=\"async\" src=\"https:\/\/dobrogeanews.b-cdn.net\/wp-content\/uploads\/2026\/04\/campanie-de-primavara-servicii-publice3.jpg\" alt=\"Campanie de prim\u0103var\u0103 Servicii Publice Tulcea\" width=\"640\" height=\"431\"><\/figure>\n<p>Un punct important pentru noi \u00eel reprezint\u0103 parcurile. Pot s\u0103 v\u0103 spun c\u0103 s-a lucrat la revitalizarea Parcului Independen\u021bei (Casa Sindicatelor) unde s-au f\u0103cut lucr\u0103ri de amenajare cu montarea bordurilor \u0219i realizarea sistemului de iriga\u021bie pentru noile spa\u021bii verzi. Acum plant\u0103m flori \u0219i gazon. \u00cen aceste zile mai lucr\u0103m la noul parc de pe strada 1848 unde, dup\u0103 lucr\u0103rile preliminare mont\u0103m sistemul de iriga\u021bii \u0219i apoi plant\u0103m arbori, arbu\u0219ti, flori \u0219i gazon. <\/p>\n<p>Pentru toate zonele, speciile de plane au fost alese pentru rezisten\u021ba lor la mediul urban \u0219i pentru aportul de culoare \u0219i prospe\u021bime pe care \u00eel aduc ora\u0219ului.<\/p>\n<p>\u00cei rug\u0103m pe cet\u0103\u021benii municipiului Tulcea s\u0103 ne fie al\u0103turi \u00een demersul nostru de a proteja noile plant\u0103ri. A\u0219a dup\u0103 cum ne-au obi\u0219nuit, \u0219i le mul\u021bumim pentru sus\u021binere. \u00cempreun\u0103 putem p\u0103stra Tulcea verde \u0219i primitoare\u201d <\/p>\n<p>ne-a declarat Ionela Bumbac, director al Servicii Publice Tulcea.<\/p>\n<div class=\"monsterinsights-inline-popular-posts monsterinsights-inline-popular-posts-charlie monsterinsights-popular-posts-styled\">\n<div class=\"monsterinsights-inline-popular-posts-text\"><span class=\"monsterinsights-inline-popular-posts-label\">Vezi \u0219i:<\/span><\/p>\n<div class=\"monsterinsights-inline-popular-posts-post\"><a class=\"monsterinsights-inline-popular-posts-title\" href=\"https:\/\/www.dobrogeanews.ro\/dr-laurentiu-ivanof-fiti-atenti-la-taceri-la-retrageri-la-schimbari-subtile-uneori-cei-care-au-cea-mai-mare-nevoie-de-ajutor-sunt-cei-care-cer-cel-mai-putin\/\">Dr. Lauren\u021biu Ivanof: Fi\u021bi aten\u021bi la t\u0103ceri. La retrageri. La schimb\u0103ri subtile. Uneori, cei care au cea mai mare nevoie de ajutor sunt cei care cer cel mai pu\u021bin.<\/a><\/div>\n<div class=\"monsterinsights-inline-popular-posts-post\"><a class=\"monsterinsights-inline-popular-posts-title\" href=\"https:\/\/www.dobrogeanews.ro\/la-baia-taxa-de-habitat-a-ramas-15-lei-luna-pers-adica-180-lei-an-am-votat-aplicarea-cotelor-minime-permise\/\">La Baia, taxa de habitat a r\u0103mas 15 lei\/lun\u0103\/pers, adic\u0103, 180 lei\/an. \u201eAm votat aplicarea cotelor minime permise\u201d<\/a><\/div>\n<div class=\"monsterinsights-inline-popular-posts-post\"><a class=\"monsterinsights-inline-popular-posts-title\" href=\"https:\/\/www.dobrogeanews.ro\/tulcea-impozitul-pentru-mijloacele-de-transport-2026-pe-intelesul-tuturor-cine-beneficiaza-de-reducere-sau-scutire\/\">Tulcea: Impozitul pentru mijloacele de transport\/2026 pe \u00een\u021belesul tuturor. Cine beneficiaz\u0103 de reducere sau scutire<\/a><\/div>\n<\/div>\n<\/div>\n<p class=\"has-text-align-center has-white-color has-text-color has-background\"><span><a href=\"https:\/\/news.google.com\/publications\/CAAqBwgKMIu5pgsw88O-Aw?ceid=RO:ro&amp;oc=3\">Urm\u0103ri\u0163i \u015etirile Dobrogeanews \u015fi pe Google News<\/a><\/span><\/p>\n<\/div>\n<p>[analyse_source url=&#8221;https:\/\/www.dobrogeanews.ro\/servicii-publice-tulcea-mai-multe-spatii-verzi-parcuri-noi-spatii-urbane-mai-atragatoare-si-mai-sanatoase\/&#8221;]<\/p>\n","protected":false},"excerpt":{"rendered":"<p>[analyse_image type=&#8221;featured&#8221; src=&#8221;https:\/\/dobrogeanews.b-cdn.net\/wp-content\/uploads\/2026\/04\/campanie-de-primavara-servicii-publice1.jpg&#8221;] Urm\u0103re\u015fte-ne \u015fi pe Facebook!57KFollowers Servicii Publice Tulcea continu\u0103 campania de plantare de prim\u0103var\u0103, parte a unui efort amplu de \u00eenfrumuse\u021bare \u0219i revitalizare, de regenerarea spa\u021biului urban din municipiu. Noile interven\u021bii completeaz\u0103 lucr\u0103rile deja realizate \u0219i contribuie cre\u0219terea num\u0103rului de zone verzi, la transformarea ora\u0219ului \u00eentr-un mediu mai verde, mai s\u0103n\u0103tos \u0219i mai [&hellip;]<\/p>\n","protected":false},"author":1,"featured_media":0,"comment_status":"open","ping_status":"","sticky":false,"template":"","format":"standard","meta":{"footnotes":""},"categories":[89],"tags":[226,223],"class_list":["post-1861243","post","type-post","status-publish","format-standard","hentry","category-romania","tag-crawlmanager","tag-dobrogeanews-ro"],"_links":{"self":[{"href":"https:\/\/analyse.optim.biz\/index.php?rest_route=\/wp\/v2\/posts\/1861243","targetHints":{"allow":["GET"]}}],"collection":[{"href":"https:\/\/analyse.optim.biz\/index.php?rest_route=\/wp\/v2\/posts"}],"about":[{"href":"https:\/\/analyse.optim.biz\/index.php?rest_route=\/wp\/v2\/types\/post"}],"author":[{"embeddable":true,"href":"https:\/\/analyse.optim.biz\/index.php?rest_route=\/wp\/v2\/users\/1"}],"replies":[{"embeddable":true,"href":"https:\/\/analyse.optim.biz\/index.php?rest_route=%2Fwp%2Fv2%2Fcomments&post=1861243"}],"version-history":[{"count":0,"href":"https:\/\/analyse.optim.biz\/index.php?rest_route=\/wp\/v2\/posts\/1861243\/revisions"}],"wp:attachment":[{"href":"https:\/\/analyse.optim.biz\/index.php?rest_route=%2Fwp%2Fv2%2Fmedia&parent=1861243"}],"wp:term":[{"taxonomy":"category","embeddable":true,"href":"https:\/\/analyse.optim.biz\/index.php?rest_route=%2Fwp%2Fv2%2Fcategories&post=1861243"},{"taxonomy":"post_tag","embeddable":true,"href":"https:\/\/analyse.optim.biz\/index.php?rest_route=%2Fwp%2Fv2%2Ftags&post=1861243"}],"curies":[{"name":"wp","href":"https:\/\/api.w.org\/{rel}","templated":true}]}}