{"id":1861227,"date":"2026-04-02T11:07:47","date_gmt":"2026-04-02T08:07:47","guid":{"rendered":"https:\/\/analyse.optim.biz\/?p=1861227"},"modified":"2026-04-02T11:07:47","modified_gmt":"2026-04-02T08:07:47","slug":"accident-intre-o-masina-si-o-ambulanta-in-misiune-la-timisoara","status":"publish","type":"post","link":"https:\/\/analyse.optim.biz\/?p=1861227","title":{"rendered":"Accident \u00eentre o ma\u0219in\u0103 \u0219i o ambulan\u021b\u0103 \u00een misiune la Timi\u0219oara"},"content":{"rendered":"<p>[analyse_image type=&#8221;featured&#8221; src=&#8221;https:\/\/focustim.ro\/wp-content\/uploads\/2020\/01\/politia1-1523366039.jpg&#8221;]<\/p>\n<article id=\"post-39861\" class=\"penci-single-artcontent noloaddisqus post-39861 post type-post status-publish format-standard has-post-thumbnail hentry category-actualitate category-eveniment category-featured tag-accident tag-timis penci-post-item\">\n<header class=\"entry-header penci-entry-header penci-title-\">\n<div class=\"penci-entry-categories\"><span class=\"penci-cat-links\"><a href=\"https:\/\/focustim.ro\/category\/actualitate\/\" rel=\"category tag\">Actualitate<\/a><a href=\"https:\/\/focustim.ro\/category\/eveniment\/\" rel=\"category tag\">Eveniment<\/a><a href=\"https:\/\/focustim.ro\/category\/featured\/\" rel=\"category tag\">Featured<\/a><\/span><\/div>\n<h1 class=\"entry-title penci-entry-title penci-title-\">Accident \u00eentre o ma\u0219in\u0103 \u0219i o ambulan\u021b\u0103 \u00een misiune la Timi\u0219oara<\/h1>\n<div class=\"entry-meta penci-entry-meta\"><span class=\"entry-meta-item penci-posted-on\"><time class=\"entry-date published\" datetime=\"2026-04-02T14:07:47+03:00\">02\/04\/2026<\/time><time class=\"updated\" datetime=\"2026-04-02T14:07:53+03:00\">02\/04\/2026<\/time><\/span><span class=\"entry-meta-item penci-comment-count\"><a class=\"penci_pmeta-link\" href=\"https:\/\/focustim.ro\/accident-intre-o-masina-si-o-ambulanta-in-misiune-la-timisoara\/#respond\">0<\/a><\/span><\/div>\n<p><span class=\"penci-social-buttons penci-social-share-footer\"><span class=\"penci-social-share-text\">Distribuie<\/span><a href=\"https:\/\/focustim.ro\/accident-intre-o-masina-si-o-ambulanta-in-misiune-la-timisoara\/\" class=\"penci-post-like penci_post-meta_item  single-like-button penci-social-item like\" data-post_id=\"39861\" title=\"Like\" data-like=\"Like\" data-unlike=\"Unlike\"><span class=\"penci-share-number\">0<\/span><\/a><\/span><\/header>\n<div class=\"entry-media penci-entry-media\">\n<div class=\"post-format-meta \">\n<div class=\"post-image penci-standard-format\"><img decoding=\"async\" width=\"380\" height=\"200\" src=\"https:\/\/focustim.ro\/wp-content\/uploads\/2020\/01\/politia1-1523366039.jpg\" class=\"attachment-penci-thumb-960-auto size-penci-thumb-960-auto wp-post-image\" alt loading=\"lazy\"><\/div>\n<\/div>\n<\/div>\n<div class=\"penci-entry-content entry-content\">\n<p><strong>Un accident a avut loc \u00eentre S\u0103c\u0103laz \u0219i Timi\u0219oara, \u00eentre o ambulan\u021b\u0103 \u0219i o ma\u0219in\u0103. \u0218oferul neatent care a cauzat accidentul a fost amendat de poli\u021bie. <\/strong><\/p>\n<p>La data de 2 aprilie 2026, \u00een jurul orei 07:40, un b\u0103rbat \u00een v\u00e2rst\u0103 de 33 de ani a condus un autoturism pe DN 59 A, dinspre localitatea S\u0103c\u0103laz \u00eenspre municipiul Timi\u0219oara, iar la un moment dat a intrat \u00een coliziune cu o ambulan\u021b\u0103 care se deplasa regulamentar, av\u00e2nd \u00een func\u021biune semnalele acustice \u0219i luminoase.<\/p>\n<p>\u00cen urma evenimentului rutier nu au rezultat victime, fiind \u00eenregistrate doar pagube materiale.<\/p>\n<p>Conduc\u0103torul auto a fost sanc\u021bionat contraven\u021bional, conform O.U.G. nr. 195\/2002, cu dou\u0103 sanc\u021biuni \u00een valoare total\u0103 de 2.227,5 lei, totodat\u0103 fiind dispus\u0103 \u0219i m\u0103sura complementar\u0103 a suspend\u0103rii dreptului de a conduce pentru o perioad\u0103 de 60 de zile.<\/p>\n<div class=\"sharedaddy sd-sharing-enabled\">\n<div class=\"robots-nocontent sd-block sd-social sd-social-icon-text sd-sharing\">\n<h3 class=\"sd-title\">Partajeaz\u0103 asta:<\/h3>\n<div class=\"sd-content\">\n<ul>\n<li class=\"share-twitter\"><a rel=\"nofollow noopener noreferrer\" data-shared=\"sharing-twitter-39861\" class=\"share-twitter sd-button share-icon\" href=\"https:\/\/focustim.ro\/accident-intre-o-masina-si-o-ambulanta-in-misiune-la-timisoara\/?share=twitter\" target=\"_blank\" title=\"D\u0103 clic pentru a partaja pe Twitter\"><span>Twitter<\/span><\/a><\/li>\n<li class=\"share-facebook\"><a rel=\"nofollow noopener noreferrer\" data-shared=\"sharing-facebook-39861\" class=\"share-facebook sd-button share-icon\" href=\"https:\/\/focustim.ro\/accident-intre-o-masina-si-o-ambulanta-in-misiune-la-timisoara\/?share=facebook\" target=\"_blank\" title=\"D\u0103 clic pentru a partaja pe Facebook\"><span>Facebook<\/span><\/a><\/li>\n<li class=\"share-end\"><\/ul>\n<\/div>\n<\/div>\n<\/div>\n<div class=\"sharedaddy sd-block sd-like jetpack-likes-widget-wrapper jetpack-likes-widget-unloaded\" id=\"like-post-wrapper-167025405-39861-69ce4e3d2e845\" data-src=\"https:\/\/widgets.wp.com\/likes\/#blog_id=167025405&amp;post_id=39861&amp;origin=focustim.ro&amp;obj_id=167025405-39861-69ce4e3d2e845\" data-name=\"like-post-frame-167025405-39861-69ce4e3d2e845\" data-title=\"Apreciaz\u0103 sau republic\u0103\">\n<h3 class=\"sd-title\">Apreciaz\u0103:<\/h3>\n<div class=\"likes-widget-placeholder post-likes-widget-placeholder\"><span class=\"button\"><span>Apreciere<\/span><\/span><span class=\"loading\">\u00cencarc&#8230;<\/span><\/div>\n<\/div>\n<\/div>\n<footer class=\"penci-entry-footer\">\n<div class=\"penci-source-via-tags-wrap\"><span class=\"tags-links penci-tags-links\"><a href=\"https:\/\/focustim.ro\/tag\/accident\/\" rel=\"tag\">accident<\/a><a href=\"https:\/\/focustim.ro\/tag\/timis\/\" rel=\"tag\">Timis<\/a><\/span><\/div>\n<p><span class=\"penci-social-buttons penci-social-share-footer\"><span class=\"penci-social-share-text\">Distribuie<\/span><a href=\"https:\/\/focustim.ro\/accident-intre-o-masina-si-o-ambulanta-in-misiune-la-timisoara\/\" class=\"penci-post-like penci_post-meta_item  single-like-button penci-social-item like\" data-post_id=\"39861\" title=\"Like\" data-like=\"Like\" data-unlike=\"Unlike\"><span class=\"penci-share-number\">0<\/span><\/a><\/span><\/footer>\n<\/article>\n<div class=\"penci-entry-content entry-content\">\n<p><strong>Un accident a avut loc \u00eentre S\u0103c\u0103laz \u0219i Timi\u0219oara, \u00eentre o ambulan\u021b\u0103 \u0219i o ma\u0219in\u0103. \u0218oferul neatent care a cauzat accidentul a fost amendat de poli\u021bie. <\/strong><\/p>\n<p>La data de 2 aprilie 2026, \u00een jurul orei 07:40, un b\u0103rbat \u00een v\u00e2rst\u0103 de 33 de ani a condus un autoturism pe DN 59 A, dinspre localitatea S\u0103c\u0103laz \u00eenspre municipiul Timi\u0219oara, iar la un moment dat a intrat \u00een coliziune cu o ambulan\u021b\u0103 care se deplasa regulamentar, av\u00e2nd \u00een func\u021biune semnalele acustice \u0219i luminoase.<\/p>\n<p>\u00cen urma evenimentului rutier nu au rezultat victime, fiind \u00eenregistrate doar pagube materiale.<\/p>\n<p>Conduc\u0103torul auto a fost sanc\u021bionat contraven\u021bional, conform O.U.G. nr. 195\/2002, cu dou\u0103 sanc\u021biuni \u00een valoare total\u0103 de 2.227,5 lei, totodat\u0103 fiind dispus\u0103 \u0219i m\u0103sura complementar\u0103 a suspend\u0103rii dreptului de a conduce pentru o perioad\u0103 de 60 de zile.<\/p>\n<div class=\"sharedaddy sd-sharing-enabled\">\n<div class=\"robots-nocontent sd-block sd-social sd-social-icon-text sd-sharing\">\n<h3 class=\"sd-title\">Partajeaz\u0103 asta:<\/h3>\n<div class=\"sd-content\">\n<ul>\n<li class=\"share-twitter\"><a rel=\"nofollow noopener noreferrer\" data-shared=\"sharing-twitter-39861\" class=\"share-twitter sd-button share-icon\" href=\"https:\/\/focustim.ro\/accident-intre-o-masina-si-o-ambulanta-in-misiune-la-timisoara\/?share=twitter\" target=\"_blank\" title=\"D\u0103 clic pentru a partaja pe Twitter\"><span>Twitter<\/span><\/a><\/li>\n<li class=\"share-facebook\"><a rel=\"nofollow noopener noreferrer\" data-shared=\"sharing-facebook-39861\" class=\"share-facebook sd-button share-icon\" href=\"https:\/\/focustim.ro\/accident-intre-o-masina-si-o-ambulanta-in-misiune-la-timisoara\/?share=facebook\" target=\"_blank\" title=\"D\u0103 clic pentru a partaja pe Facebook\"><span>Facebook<\/span><\/a><\/li>\n<li class=\"share-end\"><\/ul>\n<\/div>\n<\/div>\n<\/div>\n<div class=\"sharedaddy sd-block sd-like jetpack-likes-widget-wrapper jetpack-likes-widget-unloaded\" id=\"like-post-wrapper-167025405-39861-69ce4e3d2e845\" data-src=\"https:\/\/widgets.wp.com\/likes\/#blog_id=167025405&amp;post_id=39861&amp;origin=focustim.ro&amp;obj_id=167025405-39861-69ce4e3d2e845\" data-name=\"like-post-frame-167025405-39861-69ce4e3d2e845\" data-title=\"Apreciaz\u0103 sau republic\u0103\">\n<h3 class=\"sd-title\">Apreciaz\u0103:<\/h3>\n<div class=\"likes-widget-placeholder post-likes-widget-placeholder\"><span class=\"button\"><span>Apreciere<\/span><\/span><span class=\"loading\">\u00cencarc&#8230;<\/span><\/div>\n<\/div>\n<\/div>\n<p>[analyse_source url=&#8221;https:\/\/focustim.ro\/accident-intre-o-masina-si-o-ambulanta-in-misiune-la-timisoara\/&#8221;]<\/p>\n","protected":false},"excerpt":{"rendered":"<p>[analyse_image type=&#8221;featured&#8221; src=&#8221;https:\/\/focustim.ro\/wp-content\/uploads\/2020\/01\/politia1-1523366039.jpg&#8221;] ActualitateEvenimentFeatured Accident \u00eentre o ma\u0219in\u0103 \u0219i o ambulan\u021b\u0103 \u00een misiune la Timi\u0219oara 02\/04\/202602\/04\/20260 Distribuie0 Un accident a avut loc \u00eentre S\u0103c\u0103laz \u0219i Timi\u0219oara, \u00eentre o ambulan\u021b\u0103 \u0219i o ma\u0219in\u0103. \u0218oferul neatent care a cauzat accidentul a fost amendat de poli\u021bie. La data de 2 aprilie 2026, \u00een jurul orei 07:40, un b\u0103rbat [&hellip;]<\/p>\n","protected":false},"author":1,"featured_media":0,"comment_status":"open","ping_status":"","sticky":false,"template":"","format":"standard","meta":{"footnotes":""},"categories":[89],"tags":[226,197],"class_list":["post-1861227","post","type-post","status-publish","format-standard","hentry","category-romania","tag-crawlmanager","tag-focustim-ro"],"_links":{"self":[{"href":"https:\/\/analyse.optim.biz\/index.php?rest_route=\/wp\/v2\/posts\/1861227","targetHints":{"allow":["GET"]}}],"collection":[{"href":"https:\/\/analyse.optim.biz\/index.php?rest_route=\/wp\/v2\/posts"}],"about":[{"href":"https:\/\/analyse.optim.biz\/index.php?rest_route=\/wp\/v2\/types\/post"}],"author":[{"embeddable":true,"href":"https:\/\/analyse.optim.biz\/index.php?rest_route=\/wp\/v2\/users\/1"}],"replies":[{"embeddable":true,"href":"https:\/\/analyse.optim.biz\/index.php?rest_route=%2Fwp%2Fv2%2Fcomments&post=1861227"}],"version-history":[{"count":0,"href":"https:\/\/analyse.optim.biz\/index.php?rest_route=\/wp\/v2\/posts\/1861227\/revisions"}],"wp:attachment":[{"href":"https:\/\/analyse.optim.biz\/index.php?rest_route=%2Fwp%2Fv2%2Fmedia&parent=1861227"}],"wp:term":[{"taxonomy":"category","embeddable":true,"href":"https:\/\/analyse.optim.biz\/index.php?rest_route=%2Fwp%2Fv2%2Fcategories&post=1861227"},{"taxonomy":"post_tag","embeddable":true,"href":"https:\/\/analyse.optim.biz\/index.php?rest_route=%2Fwp%2Fv2%2Ftags&post=1861227"}],"curies":[{"name":"wp","href":"https:\/\/api.w.org\/{rel}","templated":true}]}}