{"id":186122,"date":"2015-02-20T17:55:21","date_gmt":"2015-02-20T14:55:21","guid":{"rendered":"https:\/\/analyse.optim.biz\/?p=186122"},"modified":"2015-02-20T17:55:21","modified_gmt":"2015-02-20T14:55:21","slug":"traian-basescu-a-semnat-pentru-locuinta-de-protocol-dar-inca-nu-se-poate-muta-in-ea","status":"publish","type":"post","link":"https:\/\/analyse.optim.biz\/?p=186122","title":{"rendered":"Traian B\u0103sescu a semnat pentru locuin\u0163a de protocol, dar \u00eenc\u0103 nu se poate muta \u00een ea"},"content":{"rendered":"<div class=\"entry data-app-meta data-app-meta-article\" data-embed-base-url-canonical=\"https:\/\/www.digi24.ro\/embed\/stiri\/actualitate\/politica\/traian-basescu-a-semnat-pentru-locuinta-de-protocol-dar-inca-nu-se-poate-muta-in-ea-362058\">\n<p data-index=\"1\">P\u00e2n\u0103 c\u00e2nd Traian B\u0103sescu se va muta efectiv \u00een locuin\u0163a de protocol, va mai dura ceva timp. Asta deoarece vila din strada Gogol, al c\u0103rei ultim locatar a fost Mioara Roman, este \u00eentr-un amplu proces de renovare.<\/p>\n<p data-index=\"2\">Lucr\u0103rile nu sunt gata. \u00cen interior sunt \u0163evi ruginite, pere\u0163i decoperta\u0163i, instala\u0163ii sanitare lips\u0103, cabluri electrice care ies din pere\u0163i. Toate ar trebui puse la punct \u00een timp util.<\/p>\n<p data-index=\"3\">Cunoscut ca iubitor de c\u00e2ini, fostul pre\u015fedinte le-a cerut muncitorilor care se ocup\u0103 de reamenajarea cur\u0163ii s\u0103-i fac\u0103 \u015fi un ad\u0103post pentru c\u0103\u0163ei.<\/p>\n<p data-index=\"4\"><strong>La \u00eenceputul anului, Traian B\u0103sescu a amenin\u021bat c\u0103 d\u0103 \u00een judecat\u0103 Guvernul pentru c\u0103 nu-i d\u0103dea o locuin\u021b\u0103 de protocol care s\u0103 corespund\u0103 prevederilor legale. \u0218eful Guvernului a g\u0103sit atunci o explica\u021bie.<\/strong><\/p>\n<p data-index=\"5\">&#8220;Domnul B\u0103sescu este un client foarte cusurgiu. Ultima oar\u0103, \u0219tiu c\u0103 i-au transmis \u015fapte, nu e o cifr\u0103, cum zice rom\u00e2nul, chiar era o list\u0103 cu \u015fapte posibile locuin\u021be. P\u00e2n\u0103 la urm\u0103, o s\u0103-\u0219i aleag\u0103 una din ce mai are RA-APPS-ul&#8221;, a declarat Victor Ponta la acea vreme.<\/p>\n<p data-index=\"6\"><strong>Potrivit legii, Traian B\u0103sescu avea la dispozi\u0163ie 60 de zile de la terminarea mandatului s\u0103 se mute din vila de protocol pe care a ocupat-o \u00een timpul celor dou\u0103 mandate<\/strong>. Termenul s-a scurs deja, dar fostul \u015fef de stat spune c\u0103 nu se poate muta, de vreme ce RA-APPS-ul nu i-a pus la dispozi\u0163ie, \u00een timp util, o locuin\u0163\u0103 corespunz\u0103toare.<\/p>\n<p data-index=\"7\">Surse apropiate lui Traian B\u0103sescu spun c\u0103 asta ar echivala cu prelungirea termenului de \u015federe \u00een actuala vil\u0103 de protocol.<\/p>\n<p data-index=\"8\"><strong>Noua locuin\u0163\u0103, din strada Gogol, are 350 de metri p\u0103tra\u0163i, \u015fapte camere, dou\u0103 dependin\u0163e \u015fi o curte de aproximativ o mie de metri p\u0103tra\u0163i.<\/strong><\/p>\n<\/div>\n<p> Source URL: https:\/\/www.digi24.ro\/stiri\/actualitate\/politica\/traian-basescu-a-semnat-pentru-locuinta-de-protocol-dar-inca-nu-se-poate-muta-in-ea-362058<\/p>\n","protected":false},"excerpt":{"rendered":"<p>P\u00e2n\u0103 c\u00e2nd Traian B\u0103sescu se va muta efectiv \u00een locuin\u0163a de protocol, va mai dura ceva timp. Asta deoarece vila din strada Gogol, al c\u0103rei ultim locatar a fost Mioara Roman, este \u00eentr-un amplu proces de renovare. Lucr\u0103rile nu sunt gata. \u00cen interior sunt \u0163evi ruginite, pere\u0163i decoperta\u0163i, instala\u0163ii sanitare lips\u0103, cabluri electrice care ies [&hellip;]<\/p>\n","protected":false},"author":1,"featured_media":186123,"comment_status":"open","ping_status":"","sticky":false,"template":"","format":"standard","meta":{"footnotes":""},"categories":[2],"tags":[11],"class_list":["post-186122","post","type-post","status-publish","format-standard","has-post-thumbnail","hentry","category-politics","tag-digi24"],"_links":{"self":[{"href":"https:\/\/analyse.optim.biz\/index.php?rest_route=\/wp\/v2\/posts\/186122","targetHints":{"allow":["GET"]}}],"collection":[{"href":"https:\/\/analyse.optim.biz\/index.php?rest_route=\/wp\/v2\/posts"}],"about":[{"href":"https:\/\/analyse.optim.biz\/index.php?rest_route=\/wp\/v2\/types\/post"}],"author":[{"embeddable":true,"href":"https:\/\/analyse.optim.biz\/index.php?rest_route=\/wp\/v2\/users\/1"}],"replies":[{"embeddable":true,"href":"https:\/\/analyse.optim.biz\/index.php?rest_route=%2Fwp%2Fv2%2Fcomments&post=186122"}],"version-history":[{"count":0,"href":"https:\/\/analyse.optim.biz\/index.php?rest_route=\/wp\/v2\/posts\/186122\/revisions"}],"wp:featuredmedia":[{"embeddable":true,"href":"https:\/\/analyse.optim.biz\/index.php?rest_route=\/wp\/v2\/media\/186123"}],"wp:attachment":[{"href":"https:\/\/analyse.optim.biz\/index.php?rest_route=%2Fwp%2Fv2%2Fmedia&parent=186122"}],"wp:term":[{"taxonomy":"category","embeddable":true,"href":"https:\/\/analyse.optim.biz\/index.php?rest_route=%2Fwp%2Fv2%2Fcategories&post=186122"},{"taxonomy":"post_tag","embeddable":true,"href":"https:\/\/analyse.optim.biz\/index.php?rest_route=%2Fwp%2Fv2%2Ftags&post=186122"}],"curies":[{"name":"wp","href":"https:\/\/api.w.org\/{rel}","templated":true}]}}