{"id":186111,"date":"2015-02-20T20:34:53","date_gmt":"2015-02-20T17:34:53","guid":{"rendered":"https:\/\/analyse.optim.biz\/?p=186111"},"modified":"2015-02-20T20:34:53","modified_gmt":"2015-02-20T17:34:53","slug":"ce-sanse-are-eduard-hellvig-sa-preia-sefia-sri","status":"publish","type":"post","link":"https:\/\/analyse.optim.biz\/?p=186111","title":{"rendered":"Ce \u0219anse are Eduard Hellvig s\u0103 preia \u0219efia SRI?"},"content":{"rendered":"<div class=\"entry data-app-meta data-app-meta-article\" data-embed-base-url-canonical=\"https:\/\/www.digi24.ro\/embed\/stiri\/actualitate\/politica\/ce-sanse-are-eduard-hellvig-sa-preia-sefia-sri-362130\">\n<p data-index=\"1\">Premierul Victor Ponta \u00eel laud\u0103 pe Eduard Hellvig pentru c\u0103 este un om echilibrat. Totu\u015fi, \u015feful Guvernului crede c\u0103 \u00een fruntea serviciilor de informa\u0163ii ar fi fost mai potrivit un specialist, \u015fi nu un om politic.<\/p>\n<p data-index=\"2\">\u201e<span>\u00cempotriva lui Edi Hellvig nu am absolut nimic, ba mai degrab\u0103 contrariul, am lucrat foarte bine \u00eempreun\u0103. Ca s\u0103 citez din propagand\u0103, <a href=\"https:\/\/www.digi24.ro\/Stiri\/Digi24\/Actualitate\/Politica\/Victor+Ponta+despre+propunerea+lui+Eduard+Hellvig+pentru+sefia+S\" target=\"_blank\" data-skip-linkfix=\"1\" rel=\"noopener\"><strong>al\u0103turi de mine \u0219i de Crin \u0219i de Liviu Dragnea e coautor la lovitura de stat din 2012<\/strong><\/a>\u201d, a declarat premierul <strong>Victor Ponta<\/strong>.<\/span><\/p>\n<p data-index=\"3\"><a href=\"https:\/\/www.digi24.ro\/Stiri\/Digi24\/Actualitate\/Politica\/UNPR+sustine+numirea+lui+Eduard+Hellvig+la+sefia+SRI\" target=\"_blank\" data-skip-linkfix=\"1\" rel=\"noopener\">UNPR \u015fi-a anun\u0163at deja sprijinul pentru Eduard Hellvig<\/a> \u015fi nici maghiarii nu au obiec\u0163ii s\u0103-l voteze \u00een fruntea SRI.<\/p>\n<p data-index=\"4\">\u201e<span>\u00cel cunoa\u015ftem pe Eduard Hellvig. \u00cel \u015ftim ca un om echilibrat, de bun sim\u0163, foarte bine preg\u0103tit. SRI va fi pe m\u00e2ini bune c\u00e2nd va depune jur\u0103m\u00e2ntul \u0219i va fi \u00eenvestit domnul Hellvig\u201d, a declarat liderul <strong>UDMR, Kelemen Hunor,<\/strong> citat de Mediafax. <\/span><\/p>\n<p data-index=\"5\">Pre\u015fedintele Senatului, <strong>C\u0103lin Popescu-T\u0103riceanu,<\/strong> spune c\u0103 PLR va decide dac\u0103 \u00eel sus\u0163ine pe Eduard Hellving \u00een momentul \u00een care propunerea va ajunge \u00een Parlament.<\/p>\n<p data-index=\"6\">\u201e<span>Pe dl. Hellvig \u00eel cunosc destul de pu\u021bin. Nu era o prezen\u021b\u0103 care s\u0103 se fi f\u0103cut remarcat\u0103 \u00een mod deosebit \u00een PNL \u0219i de aceea nu-mi pot permite s\u0103 fac alte comentarii la adresa sa cu privire la competen\u021bele politice sau profesionale pe care le are\u201d, a declarat C\u0103lin Popescu-T\u0103riceanu.<\/span><\/p>\n<p data-index=\"7\">Critici au venit \u00eens\u0103 din partea fostului pre\u015fedinte Traian B\u0103sescu.<\/p>\n<p data-index=\"8\">\u201e\u201dPremierul de la Grivco\u201d reu\u015fe\u015fte s\u0103 nominalizeze pentru \u015fefia SRI un om al lui Voiculescu. \u015eocant!!!\u201d, <a href=\"https:\/\/www.digi24.ro\/Stiri\/Digi24\/Actualitate\/Politica\/Traian+Basescu+reactie+nominalizare+Hellvig+SRI\" target=\"_blank\" data-skip-linkfix=\"1\" rel=\"noopener\">a scris Traian B\u0103sescu pe Facebook.<\/a><\/p>\n<p data-index=\"9\"><a href=\"https:\/\/www.digi24.ro\/Stiri\/Digi24\/Actualitate\/Politica\/Elena+Udrea+reactie+Hellvig+SRI+Voiculescu\" target=\"_blank\" data-skip-linkfix=\"1\" rel=\"noopener\">Elena Udrea<\/a> \u00eel consider\u0103 \u015fi ea pe Eduard Hellvig omul pre\u015fedintelui, care va consolida autoritatea actualului interimar <strong>Florian Coldea<\/strong> \u00een fruntea Serviciului. Fosta candidat\u0103 la Cotroceni pretinde c\u0103 <strong>Hellvig a fost cu un grup de liberali la SRI, \u00eenainte de alegeri, s\u0103 se asigure c\u0103 lucrurile merg bine pentru ei.<\/strong><\/p>\n<p data-index=\"10\">\u201e<span>La un moment dat, afl\u00e2nd c\u0103 la sediul SRI din B\u0103neasa se duc Eduard Hellvig \u0219i Petrache de la Ilfov, la Coldea, s\u0103 se pun\u0103 de acord pe diverse lucruri legate de Iohannis \u015fi c\u0103 ace\u015ftia spuseser\u0103 c\u0103 i-a asigurat Coldea c\u0103 nu va fi declarat incompatibil p\u00e2n\u0103 la alegeri Iohannis, m-am dus s\u0103-i spun lui Maior c\u0103 se lucreaz\u0103 \u00eempotriva lui Ponta cu aceste metode\u201d, ar fi scris \u00eentr-un jurnal Elena Udrea, potrivit <a href=\"http:\/\/www.cristoiublog.ro\/gindul-de-vineri-20-februarie-2015\/\" target=\"_blank\" data-skip-linkfix=\"1\" rel=\"noopener\"><strong>cristoiublog.ro<\/strong><\/a>.<\/span><\/p>\n<p data-index=\"11\">Pre\u015fedintele a explicat \u00eentr-un interviu pentru Digi24 c\u0103 Eduard Hellvig poate duce Serviciul \u00eentr-o zon\u0103 european\u0103. \u201eEste o persoan\u0103 \u0219i preg\u0103tit\u0103, \u0219i suficient de bine cunoscut\u0103, \u015fi suficient de calm\u0103\u201d.<\/p>\n<p data-index=\"12\">Imediat dup\u0103 nominalizare, Eduard Hellvig a anun\u0163at c\u0103 dac\u0103 ajunge s\u0103 conduc\u0103 Serviciul Rom\u00e2n de Informa\u0163ii va lupta \u00eempotriva corup\u0163iei \u015fi va spori siguran\u0163a na\u0163ional\u0103.<\/p>\n<p data-index=\"13\">\u201e<span>Consider esen\u021biale dou\u0103 coordonate de ac\u021biune: combaterea corup\u021biei \u0219i dezvoltarea capacit\u0103\u021bilor de ap\u0103rare a siguran\u0163ei na\u021bionale\u201d, a scris Eduard Hellvig pe Facebook.<\/span><\/p>\n<div class=\"fb-post\">\n<div class=\"fb-xfbml-parse-ignore\"><a href=\"https:\/\/www.facebook.com\/eduardhellvig\/posts\/1077299258963296:0\" data-skip-linkfix=\"1\">Post<\/a> by <a href=\"https:\/\/www.facebook.com\/eduardhellvig\" data-skip-linkfix=\"1\">Eduard Hellvig<\/a>.<\/div>\n<\/div>\n<\/div>\n<p> Source URL: https:\/\/www.digi24.ro\/stiri\/actualitate\/politica\/ce-sanse-are-eduard-hellvig-sa-preia-sefia-sri-362130<\/p>\n","protected":false},"excerpt":{"rendered":"<p>Premierul Victor Ponta \u00eel laud\u0103 pe Eduard Hellvig pentru c\u0103 este un om echilibrat. Totu\u015fi, \u015feful Guvernului crede c\u0103 \u00een fruntea serviciilor de informa\u0163ii ar fi fost mai potrivit un specialist, \u015fi nu un om politic. \u201e\u00cempotriva lui Edi Hellvig nu am absolut nimic, ba mai degrab\u0103 contrariul, am lucrat foarte bine \u00eempreun\u0103. Ca s\u0103 [&hellip;]<\/p>\n","protected":false},"author":1,"featured_media":186112,"comment_status":"open","ping_status":"","sticky":false,"template":"","format":"standard","meta":{"footnotes":""},"categories":[2],"tags":[11],"class_list":["post-186111","post","type-post","status-publish","format-standard","has-post-thumbnail","hentry","category-politics","tag-digi24"],"_links":{"self":[{"href":"https:\/\/analyse.optim.biz\/index.php?rest_route=\/wp\/v2\/posts\/186111","targetHints":{"allow":["GET"]}}],"collection":[{"href":"https:\/\/analyse.optim.biz\/index.php?rest_route=\/wp\/v2\/posts"}],"about":[{"href":"https:\/\/analyse.optim.biz\/index.php?rest_route=\/wp\/v2\/types\/post"}],"author":[{"embeddable":true,"href":"https:\/\/analyse.optim.biz\/index.php?rest_route=\/wp\/v2\/users\/1"}],"replies":[{"embeddable":true,"href":"https:\/\/analyse.optim.biz\/index.php?rest_route=%2Fwp%2Fv2%2Fcomments&post=186111"}],"version-history":[{"count":0,"href":"https:\/\/analyse.optim.biz\/index.php?rest_route=\/wp\/v2\/posts\/186111\/revisions"}],"wp:featuredmedia":[{"embeddable":true,"href":"https:\/\/analyse.optim.biz\/index.php?rest_route=\/wp\/v2\/media\/186112"}],"wp:attachment":[{"href":"https:\/\/analyse.optim.biz\/index.php?rest_route=%2Fwp%2Fv2%2Fmedia&parent=186111"}],"wp:term":[{"taxonomy":"category","embeddable":true,"href":"https:\/\/analyse.optim.biz\/index.php?rest_route=%2Fwp%2Fv2%2Fcategories&post=186111"},{"taxonomy":"post_tag","embeddable":true,"href":"https:\/\/analyse.optim.biz\/index.php?rest_route=%2Fwp%2Fv2%2Ftags&post=186111"}],"curies":[{"name":"wp","href":"https:\/\/api.w.org\/{rel}","templated":true}]}}