{"id":1861062,"date":"2026-04-02T07:32:46","date_gmt":"2026-04-02T04:32:46","guid":{"rendered":"https:\/\/analyse.optim.biz\/?p=1861062"},"modified":"2026-04-02T07:32:46","modified_gmt":"2026-04-02T04:32:46","slug":"vlad-pufu-despre-scandalul-reabilitarii-blocurilor-primaria-a-incercat-sa-triseze-ghidul-si-oamenii-este-un-esec-evident-buzau-un-oras-haosat","status":"publish","type":"post","link":"https:\/\/analyse.optim.biz\/?p=1861062","title":{"rendered":"Vlad Pufu, despre scandalul reabilit\u0103rii blocurilor: \u201ePrim\u0103ria a \u00eencercat s\u0103 tri\u0219eze ghidul \u0219i oamenii! Este un e\u0219ec evident. Buz\u0103u, un ora\u0219 haosat!\u201d"},"content":{"rendered":"<p>[analyse_image type=&#8221;featured&#8221; src=&#8221;https:\/\/sansanews.ro\/wp-content\/uploads\/2023\/02\/vlad-pufu.jpghttps:\/\/sansanews.ro\/wp-content\/uploads\/2023\/02\/vlad-pufu.jpg&#8221;]<\/p>\n<div class=\"entry-content herald-entry-content\">\n<p>Haosul generat de proiectul de reabilitare a blocurilor din Buz\u0103u, finan\u021bat<br \/>\nprin PNRR, a fost taxat dur de Vlad Pufu. \u00centr-o interven\u021bie la Focus TV,<br \/>\nacesta a spus c\u0103 situa\u021bia actual\u0103, \u00een care doar 11 din cele 30 de blocuri au<br \/>\nr\u0103mas \u00een program, reprezint\u0103 \u201eun evident e\u0219ec\u201d al Prim\u0103riei Buz\u0103u, cauzat de<br \/>\ndorin\u021ba de a atrage bani cu orice pre\u021b, f\u0103r\u0103 o strategie real\u0103.<\/p>\n<blockquote class=\"wp-block-quote\">\n<p>\u201eCred c\u0103 ast\u0103zi am asistat la ceea ce era de demonstrat. Adic\u0103 exact acest adev\u0103r pe care noi l-am spus de la \u00eenceput: c\u0103 oamenii au fost pu\u0219i \u00een fa\u021ba faptului \u00eemplinit, s-au trezit cu reabilitarea abia c\u00e2nd au auzit picamerele \u00een subsoluri \u0219i au v\u0103zut excavatoarele la baza blocurilor. Iat\u0103 c\u0103 ast\u0103zi se dovede\u0219te c\u0103 a\u0219a stau lucrurile, drept pentru care avem o concluzie cel pu\u021bin clar\u0103: doar 11 din cele 30 de blocuri \u2014 adic\u0103 pu\u021bin peste o treime \u2014 merg mai departe cu reabilitarea. Celelalte, la care nu s-au \u00eenceput lucr\u0103rile, cel mai probabil vor intra pe un alt program sau nu vor mai intra deloc. Este un evident e\u0219ec al programului\u201d, a declarat Vlad Pufu.<\/p>\n<\/blockquote>\n<p>Acesta a subliniat c\u0103 municipalitatea a \u00eencercat s\u0103<br \/>\nfor\u021beze implementarea proiectului ignor\u00e2nd etapele fire\u0219ti de informare: <\/p>\n<blockquote class=\"wp-block-quote\">\n<p>\u201eNoi am spus de la bun \u00eenceput lucrul acesta. Era evident, pentru faptul c\u0103 a reu\u0219it, prin punerea \u00een aplicare a\u0219a cum a \u00eencercat s\u0103 tri\u0219eze at\u00e2t ghidul, c\u00e2t \u0219i oamenii \u00een prima instan\u021b\u0103 Prim\u0103ria (\u0219i la ei m\u0103 refer), f\u0103c\u00e2nd p\u00e2n\u0103 la urm\u0103 un haos total dintr-un program altfel foarte bun. Oamenii, \u00een prima faz\u0103, au fost foarte bine inten\u021biona\u021bi. \u0218ti\u021bi foarte bine c\u0103 au mai fost programe pe POR \u0219i alte axe care au func\u021bionat foarte bine, n-a fost niciun fel de problem\u0103. Sunt exemple \u00een care un grup de blocuri, proiectate \u00een aceea\u0219i solu\u021bie tehnic\u0103, \u00een aceea\u0219i perioad\u0103, dou\u0103 dintre ele au fost f\u0103cute pe alt program \u0219i n-au niciun fel de problem\u0103 pe zona de \u00eencadrare seismic\u0103. Iar cealalt\u0103, pentru c\u0103 a trebuit neap\u0103rat s\u0103 prindem acest program, i s-a cro\u0219etat a\u0219a o expertiz\u0103 tehnic\u0103, \u00eencadr\u00e2nd blocul \u00een zon\u0103 de grad 2 seismic.\u201d<\/p>\n<\/blockquote>\n<p>Vlad Pufu a criticat \u201egoana nebun\u0103\u201d dup\u0103 fonduri<br \/>\neuropene \u00een absen\u021ba unei viziuni integrate pentru ora\u0219: <\/p>\n<blockquote class=\"wp-block-quote\">\n<p>\u201eLe atragem cu un anumit scop \u0219i ele trebuie s\u0103 corespund\u0103 unei viziuni de dezvoltare a ora\u0219ului, unei viziuni integrate. Dac\u0103 o facem invers, adic\u0103 alerg\u0103m \u00een permanen\u021b\u0103 dup\u0103 cum sunt axele de dezvoltare, acolo aplic\u0103m \u0219i noi,  o s\u0103 avem un ora\u0219 a\u0219a cum este Buz\u0103ul ast\u0103zi: un ora\u0219 haosat.\u201d<\/p>\n<\/blockquote>\n<p>Referitor la presiunile exercitate asupra locatarilor<br \/>\ncare doresc s\u0103 se retrag\u0103 din proiect, Vlad Pufu a fost categoric, infirm\u00e2nd<br \/>\nobliga\u021bia acestora de a pl\u0103ti expertizele: <\/p>\n<blockquote class=\"wp-block-quote\">\n<p>\u201eNu va trebui s\u0103 le pl\u0103teasc\u0103 nimeni, nu v\u0103 sup\u0103ra\u021bi, pentru c\u0103 nu a \u00eentrebat pe nimeni. Ace\u0219ti oameni, de bun\u0103-credin\u021b\u0103, au depus la prim\u0103rie pentru anvelopare energetic\u0103, s\u0103 fie clar! Acolo, pentru c\u0103 a fost aceast\u0103 goan\u0103 dup\u0103 prinderea proiectului cu orice pre\u021b, \u00een momentul \u00een care a ap\u0103rut programul, a trebuit s\u0103 se \u00eencadreze pe programul respectiv. Se vede clar \u0219i din cronologia desf\u0103\u0219ur\u0103rii faptelor c\u0103 expertiza s-a luat ulterior. \u00cens\u0103 domnul primar se b\u00e2lb\u00e2ie, nu are coeren\u021b\u0103, este clar c\u0103 \u00ee\u0219i d\u0103 seama c\u0103 a gre\u0219it. Eu, dup\u0103 p\u0103rerea mea, a f\u0103cut-o inten\u021bionat \u0219i \u00eencearc\u0103 prin forme de presiune pe care le face asupra oamenilor s\u0103 duc\u0103 p\u00e2n\u0103 la cap\u0103t programul, pentru c\u0103 altfel este \u00eentr-o mare culp\u0103.\u201d<\/p>\n<\/blockquote>\n<p>Un alt punct critic atins \u00een interven\u021bia de la Focus TV<br \/>\nde Vlad Pufu \u00a0a fost devalorizarea<br \/>\npropriet\u0103\u021bilor din cauza \u00eencadr\u0103rii seismice for\u021bate: <\/p>\n<blockquote class=\"wp-block-quote\">\n<p>\u201eDe data aceasta a intrat cu picamerele \u00een casele oamenilor, le-a devalorizat propriet\u0103\u021bile! Sunt oameni care au credite la b\u0103nci, puse gaj apartamentele \u0219i vine banca s\u0103 le reevalueze. V\u0103 spun c\u0103 aceste expertize schimb\u0103 total cheia pove\u0219tii \u00een zona imobiliar\u0103 \u00een tot ora\u0219ul. Pentru c\u0103 a pune o amprent\u0103 asupra tuturor blocurilor care au fost construite \u0219i date \u00een folosin\u021b\u0103 \u00een jurul anilor \u201990\u2026 nu se poate s\u0103 fie doar 10 blocuri sau 11 blocuri sau 30 de blocuri \u0219i restul nu. At\u00e2t de multe rele a f\u0103cut acest program aplicat alandala, f\u0103r\u0103 s\u0103 pun\u0103 \u00eentreb\u0103ri oamenilor!\u201d<\/p>\n<\/blockquote>\n<p>\u00cen final, Vlad Pufu a vorbit despre lipsa de<br \/>\ntransparen\u021b\u0103 \u0219i modul \u00een care sunt luate deciziile \u00een Palatul Comunal,<br \/>\nmen\u021bion\u00e2nd c\u0103 blocurile cu risc real au fost ignorate: <\/p>\n<blockquote class=\"wp-block-quote\">\n<p>\u201e\u0218i aici se dovede\u0219te c\u0103 a fost f\u0103cut \u00eentr-un haos total acest proiect. Pentru faptul c\u0103 blocurile care aveau nevoie \u00eentr-adev\u0103r, locatarii care locuiesc \u00een blocuri compromise de at\u00e2\u021bia ani de zile \u0219i au a\u0219tept\u0103ri de mul\u021bi ani, nu beneficiaz\u0103 de acest program. Cine s\u0103 r\u0103spund\u0103? Domnul primar s\u0103 r\u0103spund\u0103, pentru c\u0103 decizia este la \u00eendem\u00e2na d\u00e2nsului \u0219i punct! Prim\u0103ria a devenit o feud\u0103. Prim\u0103ria nu mai are servicii de specialitate care s\u0103 \u00eenainteze note de argumenta\u021bie, pentru c\u0103 acolo s-au transformat to\u021bi \u00een ni\u0219te \u00abyesmeni\u00bb, sunt \u00eentr-o form\u0103 de obedien\u021b\u0103 cum n-a \u00eent\u00e2lnit niciodat\u0103 o institu\u021bie de stat. To\u021bi zic \u00abda\u00bb \u0219i atunci se \u00eent\u00e2mpl\u0103 acest lucru. Dac\u0103 era un serviciu de specialitate, i-ar fi pus \u00een vedere: \u00abDomnule primar, ne \u00eencadr\u0103m doar pe aceast\u0103 ax\u0103 cu acest set de blocuri \u0219i punct\u00bb. M\u0103 refer la blocurile din zona Obor \u2014 a\u0219teapt\u0103 de at\u00e2\u021bia ani de zile, sunt cu bulin\u0103 ro\u0219ie \u0219i acum. Alea nu sunt b\u0103gate!\u201d, a mai pus Vlad Pufu la Focus TV. <\/p>\n<\/blockquote>\n<p>Emisiunea poate fi vizionat\u0103 mai jos. Discu\u021biile despre acest subiect, \u00eencep\u00e2nd cu minutul 20. <\/p>\n<figure class=\"wp-block-embed-youtube wp-block-embed is-type-video is-provider-youtube wp-embed-aspect-16-9 wp-has-aspect-ratio\">\n<div class=\"wp-block-embed__wrapper\">\n<iframe loading=\"lazy\" title=\"Connect News - Editia din 01.04.2026\" width=\"1320\" height=\"743\" src=\"https:\/\/www.youtube.com\/embed\/bkvd-16rTtI?feature=oembed\" frameborder allow=\"accelerometer; autoplay; clipboard-write; encrypted-media; gyroscope; picture-in-picture; web-share\" referrerpolicy=\"strict-origin-when-cross-origin\" allowfullscreen><\/iframe>\n<\/div>\n<\/figure>\n<div class=\"meta-tags\"><span>Etichete<\/span><a href=\"https:\/\/sansanews.ro\/tag\/blocuri-risc-seismic\/\" rel=\"tag\">blocuri risc seismic<\/a><a href=\"https:\/\/sansanews.ro\/tag\/pnrr\/\" rel=\"tag\">pnrr<\/a><a href=\"https:\/\/sansanews.ro\/tag\/primaria-buzau\/\" rel=\"tag\">Prim\u0103ria Buz\u0103u<\/a><a href=\"https:\/\/sansanews.ro\/tag\/reabilitare-blocuri\/\" rel=\"tag\">reabilitare blocuri<\/a><a href=\"https:\/\/sansanews.ro\/tag\/vlad-pufu\/\" rel=\"tag\">vlad pufu<\/a><\/div>\n<div class=\"herald-share-content\">\n<div class=\"meks_ess rectangle no-labels outline\"><a class=\"meks_ess-item socicon-facebook\" data-url=\"http:\/\/www.facebook.com\/sharer\/sharer.php?u=https%3A%2F%2Fsansanews.ro%2Fvlad-pufu-despre-scandalul-reabilitarii-blocurilor-primaria-a-incercat-sa-triseze-ghidul-si-oamenii-este-un-esec-evident-buzau-un-oras-haosat%2F&amp;t=Vlad%20Pufu%2C%20despre%20scandalul%20reabilit%C4%83rii%20blocurilor%3A%20%E2%80%9EPrim%C4%83ria%20a%20%C3%AEncercat%20s%C4%83%20tri%C8%99eze%20ghidul%20%C8%99i%20oamenii%21%20Este%20un%20e%C8%99ec%20evident.%20Buz%C4%83u%2C%20un%20ora%C8%99%20haosat%21%E2%80%9D\"><span>Facebook<\/span><\/a><a href=\"https:\/\/api.whatsapp.com\/send?text=Vlad%20Pufu%2C%20despre%20scandalul%20reabilit%C4%83rii%20blocurilor%3A%20%E2%80%9EPrim%C4%83ria%20a%20%C3%AEncercat%20s%C4%83%20tri%C8%99eze%20ghidul%20%C8%99i%20oamenii%21%20Este%20un%20e%C8%99ec%20evident.%20Buz%C4%83u%2C%20un%20ora%C8%99%20haosat%21%E2%80%9D%20https%3A%2F%2Fsansanews.ro%2Fvlad-pufu-despre-scandalul-reabilitarii-blocurilor-primaria-a-incercat-sa-triseze-ghidul-si-oamenii-este-un-esec-evident-buzau-un-oras-haosat%2F\" class=\"meks_ess-item socicon-whatsapp prevent-share-popup\"><span>WhatsApp<\/span><\/a><a class=\"meks_ess-item socicon-twitter\" data-url=\"http:\/\/twitter.com\/intent\/tweet?url=https%3A%2F%2Fsansanews.ro%2Fvlad-pufu-despre-scandalul-reabilitarii-blocurilor-primaria-a-incercat-sa-triseze-ghidul-si-oamenii-este-un-esec-evident-buzau-un-oras-haosat%2F&amp;text=Vlad%20Pufu%2C%20despre%20scandalul%20reabilit%C4%83rii%20blocurilor%3A%20%E2%80%9EPrim%C4%83ria%20a%20%C3%AEncercat%20s%C4%83%20tri%C8%99eze%20ghidul%20%C8%99i%20oamenii%21%20Este%20un%20e%C8%99ec%20evident.%20Buz%C4%83u%2C%20un%20ora%C8%99%20haosat%21%E2%80%9D\"><span>Twitter<\/span><\/a><a class=\"meks_ess-item socicon-pinterest\" data-url=\"http:\/\/pinterest.com\/pin\/create\/button\/?url=https%3A%2F%2Fsansanews.ro%2Fvlad-pufu-despre-scandalul-reabilitarii-blocurilor-primaria-a-incercat-sa-triseze-ghidul-si-oamenii-este-un-esec-evident-buzau-un-oras-haosat%2F&amp;media=https%3A%2F%2Fsansanews.ro%2Fwp-content%2Fuploads%2F2023%2F02%2Fvlad-pufu.jpg&amp;description=Vlad%20Pufu%2C%20despre%20scandalul%20reabilit%C4%83rii%20blocurilor%3A%20%E2%80%9EPrim%C4%83ria%20a%20%C3%AEncercat%20s%C4%83%20tri%C8%99eze%20ghidul%20%C8%99i%20oamenii%21%20Este%20un%20e%C8%99ec%20evident.%20Buz%C4%83u%2C%20un%20ora%C8%99%20haosat%21%E2%80%9D\"><span>Pinterest<\/span><\/a><\/div>\n<\/div>\n<\/div>\n<div class=\"entry-content herald-entry-content\">\n<p>Haosul generat de proiectul de reabilitare a blocurilor din Buz\u0103u, finan\u021bat<br \/>\nprin PNRR, a fost taxat dur de Vlad Pufu. \u00centr-o interven\u021bie la Focus TV,<br \/>\nacesta a spus c\u0103 situa\u021bia actual\u0103, \u00een care doar 11 din cele 30 de blocuri au<br \/>\nr\u0103mas \u00een program, reprezint\u0103 \u201eun evident e\u0219ec\u201d al Prim\u0103riei Buz\u0103u, cauzat de<br \/>\ndorin\u021ba de a atrage bani cu orice pre\u021b, f\u0103r\u0103 o strategie real\u0103.<\/p>\n<blockquote class=\"wp-block-quote\">\n<p>\u201eCred c\u0103 ast\u0103zi am asistat la ceea ce era de demonstrat. Adic\u0103 exact acest adev\u0103r pe care noi l-am spus de la \u00eenceput: c\u0103 oamenii au fost pu\u0219i \u00een fa\u021ba faptului \u00eemplinit, s-au trezit cu reabilitarea abia c\u00e2nd au auzit picamerele \u00een subsoluri \u0219i au v\u0103zut excavatoarele la baza blocurilor. Iat\u0103 c\u0103 ast\u0103zi se dovede\u0219te c\u0103 a\u0219a stau lucrurile, drept pentru care avem o concluzie cel pu\u021bin clar\u0103: doar 11 din cele 30 de blocuri \u2014 adic\u0103 pu\u021bin peste o treime \u2014 merg mai departe cu reabilitarea. Celelalte, la care nu s-au \u00eenceput lucr\u0103rile, cel mai probabil vor intra pe un alt program sau nu vor mai intra deloc. Este un evident e\u0219ec al programului\u201d, a declarat Vlad Pufu.<\/p>\n<\/blockquote>\n<p>Acesta a subliniat c\u0103 municipalitatea a \u00eencercat s\u0103<br \/>\nfor\u021beze implementarea proiectului ignor\u00e2nd etapele fire\u0219ti de informare: <\/p>\n<blockquote class=\"wp-block-quote\">\n<p>\u201eNoi am spus de la bun \u00eenceput lucrul acesta. Era evident, pentru faptul c\u0103 a reu\u0219it, prin punerea \u00een aplicare a\u0219a cum a \u00eencercat s\u0103 tri\u0219eze at\u00e2t ghidul, c\u00e2t \u0219i oamenii \u00een prima instan\u021b\u0103 Prim\u0103ria (\u0219i la ei m\u0103 refer), f\u0103c\u00e2nd p\u00e2n\u0103 la urm\u0103 un haos total dintr-un program altfel foarte bun. Oamenii, \u00een prima faz\u0103, au fost foarte bine inten\u021biona\u021bi. \u0218ti\u021bi foarte bine c\u0103 au mai fost programe pe POR \u0219i alte axe care au func\u021bionat foarte bine, n-a fost niciun fel de problem\u0103. Sunt exemple \u00een care un grup de blocuri, proiectate \u00een aceea\u0219i solu\u021bie tehnic\u0103, \u00een aceea\u0219i perioad\u0103, dou\u0103 dintre ele au fost f\u0103cute pe alt program \u0219i n-au niciun fel de problem\u0103 pe zona de \u00eencadrare seismic\u0103. Iar cealalt\u0103, pentru c\u0103 a trebuit neap\u0103rat s\u0103 prindem acest program, i s-a cro\u0219etat a\u0219a o expertiz\u0103 tehnic\u0103, \u00eencadr\u00e2nd blocul \u00een zon\u0103 de grad 2 seismic.\u201d<\/p>\n<\/blockquote>\n<p>Vlad Pufu a criticat \u201egoana nebun\u0103\u201d dup\u0103 fonduri<br \/>\neuropene \u00een absen\u021ba unei viziuni integrate pentru ora\u0219: <\/p>\n<blockquote class=\"wp-block-quote\">\n<p>\u201eLe atragem cu un anumit scop \u0219i ele trebuie s\u0103 corespund\u0103 unei viziuni de dezvoltare a ora\u0219ului, unei viziuni integrate. Dac\u0103 o facem invers, adic\u0103 alerg\u0103m \u00een permanen\u021b\u0103 dup\u0103 cum sunt axele de dezvoltare, acolo aplic\u0103m \u0219i noi,  o s\u0103 avem un ora\u0219 a\u0219a cum este Buz\u0103ul ast\u0103zi: un ora\u0219 haosat.\u201d<\/p>\n<\/blockquote>\n<p>Referitor la presiunile exercitate asupra locatarilor<br \/>\ncare doresc s\u0103 se retrag\u0103 din proiect, Vlad Pufu a fost categoric, infirm\u00e2nd<br \/>\nobliga\u021bia acestora de a pl\u0103ti expertizele: <\/p>\n<blockquote class=\"wp-block-quote\">\n<p>\u201eNu va trebui s\u0103 le pl\u0103teasc\u0103 nimeni, nu v\u0103 sup\u0103ra\u021bi, pentru c\u0103 nu a \u00eentrebat pe nimeni. Ace\u0219ti oameni, de bun\u0103-credin\u021b\u0103, au depus la prim\u0103rie pentru anvelopare energetic\u0103, s\u0103 fie clar! Acolo, pentru c\u0103 a fost aceast\u0103 goan\u0103 dup\u0103 prinderea proiectului cu orice pre\u021b, \u00een momentul \u00een care a ap\u0103rut programul, a trebuit s\u0103 se \u00eencadreze pe programul respectiv. Se vede clar \u0219i din cronologia desf\u0103\u0219ur\u0103rii faptelor c\u0103 expertiza s-a luat ulterior. \u00cens\u0103 domnul primar se b\u00e2lb\u00e2ie, nu are coeren\u021b\u0103, este clar c\u0103 \u00ee\u0219i d\u0103 seama c\u0103 a gre\u0219it. Eu, dup\u0103 p\u0103rerea mea, a f\u0103cut-o inten\u021bionat \u0219i \u00eencearc\u0103 prin forme de presiune pe care le face asupra oamenilor s\u0103 duc\u0103 p\u00e2n\u0103 la cap\u0103t programul, pentru c\u0103 altfel este \u00eentr-o mare culp\u0103.\u201d<\/p>\n<\/blockquote>\n<p>Un alt punct critic atins \u00een interven\u021bia de la Focus TV<br \/>\nde Vlad Pufu \u00a0a fost devalorizarea<br \/>\npropriet\u0103\u021bilor din cauza \u00eencadr\u0103rii seismice for\u021bate: <\/p>\n<blockquote class=\"wp-block-quote\">\n<p>\u201eDe data aceasta a intrat cu picamerele \u00een casele oamenilor, le-a devalorizat propriet\u0103\u021bile! Sunt oameni care au credite la b\u0103nci, puse gaj apartamentele \u0219i vine banca s\u0103 le reevalueze. V\u0103 spun c\u0103 aceste expertize schimb\u0103 total cheia pove\u0219tii \u00een zona imobiliar\u0103 \u00een tot ora\u0219ul. Pentru c\u0103 a pune o amprent\u0103 asupra tuturor blocurilor care au fost construite \u0219i date \u00een folosin\u021b\u0103 \u00een jurul anilor \u201990\u2026 nu se poate s\u0103 fie doar 10 blocuri sau 11 blocuri sau 30 de blocuri \u0219i restul nu. At\u00e2t de multe rele a f\u0103cut acest program aplicat alandala, f\u0103r\u0103 s\u0103 pun\u0103 \u00eentreb\u0103ri oamenilor!\u201d<\/p>\n<\/blockquote>\n<p>\u00cen final, Vlad Pufu a vorbit despre lipsa de<br \/>\ntransparen\u021b\u0103 \u0219i modul \u00een care sunt luate deciziile \u00een Palatul Comunal,<br \/>\nmen\u021bion\u00e2nd c\u0103 blocurile cu risc real au fost ignorate: <\/p>\n<blockquote class=\"wp-block-quote\">\n<p>\u201e\u0218i aici se dovede\u0219te c\u0103 a fost f\u0103cut \u00eentr-un haos total acest proiect. Pentru faptul c\u0103 blocurile care aveau nevoie \u00eentr-adev\u0103r, locatarii care locuiesc \u00een blocuri compromise de at\u00e2\u021bia ani de zile \u0219i au a\u0219tept\u0103ri de mul\u021bi ani, nu beneficiaz\u0103 de acest program. Cine s\u0103 r\u0103spund\u0103? Domnul primar s\u0103 r\u0103spund\u0103, pentru c\u0103 decizia este la \u00eendem\u00e2na d\u00e2nsului \u0219i punct! Prim\u0103ria a devenit o feud\u0103. Prim\u0103ria nu mai are servicii de specialitate care s\u0103 \u00eenainteze note de argumenta\u021bie, pentru c\u0103 acolo s-au transformat to\u021bi \u00een ni\u0219te \u00abyesmeni\u00bb, sunt \u00eentr-o form\u0103 de obedien\u021b\u0103 cum n-a \u00eent\u00e2lnit niciodat\u0103 o institu\u021bie de stat. To\u021bi zic \u00abda\u00bb \u0219i atunci se \u00eent\u00e2mpl\u0103 acest lucru. Dac\u0103 era un serviciu de specialitate, i-ar fi pus \u00een vedere: \u00abDomnule primar, ne \u00eencadr\u0103m doar pe aceast\u0103 ax\u0103 cu acest set de blocuri \u0219i punct\u00bb. M\u0103 refer la blocurile din zona Obor \u2014 a\u0219teapt\u0103 de at\u00e2\u021bia ani de zile, sunt cu bulin\u0103 ro\u0219ie \u0219i acum. Alea nu sunt b\u0103gate!\u201d, a mai pus Vlad Pufu la Focus TV. <\/p>\n<\/blockquote>\n<p>Emisiunea poate fi vizionat\u0103 mai jos. Discu\u021biile despre acest subiect, \u00eencep\u00e2nd cu minutul 20. <\/p>\n<figure class=\"wp-block-embed-youtube wp-block-embed is-type-video is-provider-youtube wp-embed-aspect-16-9 wp-has-aspect-ratio\">\n<div class=\"wp-block-embed__wrapper\">\n<iframe loading=\"lazy\" title=\"Connect News - Editia din 01.04.2026\" width=\"1320\" height=\"743\" src=\"https:\/\/www.youtube.com\/embed\/bkvd-16rTtI?feature=oembed\" frameborder allow=\"accelerometer; autoplay; clipboard-write; encrypted-media; gyroscope; picture-in-picture; web-share\" referrerpolicy=\"strict-origin-when-cross-origin\" allowfullscreen><\/iframe>\n<\/div>\n<\/figure>\n<div class=\"meta-tags\"><span>Etichete<\/span><a href=\"https:\/\/sansanews.ro\/tag\/blocuri-risc-seismic\/\" rel=\"tag\">blocuri risc seismic<\/a><a href=\"https:\/\/sansanews.ro\/tag\/pnrr\/\" rel=\"tag\">pnrr<\/a><a href=\"https:\/\/sansanews.ro\/tag\/primaria-buzau\/\" rel=\"tag\">Prim\u0103ria Buz\u0103u<\/a><a href=\"https:\/\/sansanews.ro\/tag\/reabilitare-blocuri\/\" rel=\"tag\">reabilitare blocuri<\/a><a href=\"https:\/\/sansanews.ro\/tag\/vlad-pufu\/\" rel=\"tag\">vlad pufu<\/a><\/div>\n<div class=\"herald-share-content\">\n<div class=\"meks_ess rectangle no-labels outline\"><a class=\"meks_ess-item socicon-facebook\" data-url=\"http:\/\/www.facebook.com\/sharer\/sharer.php?u=https%3A%2F%2Fsansanews.ro%2Fvlad-pufu-despre-scandalul-reabilitarii-blocurilor-primaria-a-incercat-sa-triseze-ghidul-si-oamenii-este-un-esec-evident-buzau-un-oras-haosat%2F&amp;t=Vlad%20Pufu%2C%20despre%20scandalul%20reabilit%C4%83rii%20blocurilor%3A%20%E2%80%9EPrim%C4%83ria%20a%20%C3%AEncercat%20s%C4%83%20tri%C8%99eze%20ghidul%20%C8%99i%20oamenii%21%20Este%20un%20e%C8%99ec%20evident.%20Buz%C4%83u%2C%20un%20ora%C8%99%20haosat%21%E2%80%9D\"><span>Facebook<\/span><\/a><a href=\"https:\/\/api.whatsapp.com\/send?text=Vlad%20Pufu%2C%20despre%20scandalul%20reabilit%C4%83rii%20blocurilor%3A%20%E2%80%9EPrim%C4%83ria%20a%20%C3%AEncercat%20s%C4%83%20tri%C8%99eze%20ghidul%20%C8%99i%20oamenii%21%20Este%20un%20e%C8%99ec%20evident.%20Buz%C4%83u%2C%20un%20ora%C8%99%20haosat%21%E2%80%9D%20https%3A%2F%2Fsansanews.ro%2Fvlad-pufu-despre-scandalul-reabilitarii-blocurilor-primaria-a-incercat-sa-triseze-ghidul-si-oamenii-este-un-esec-evident-buzau-un-oras-haosat%2F\" class=\"meks_ess-item socicon-whatsapp prevent-share-popup\"><span>WhatsApp<\/span><\/a><a class=\"meks_ess-item socicon-twitter\" data-url=\"http:\/\/twitter.com\/intent\/tweet?url=https%3A%2F%2Fsansanews.ro%2Fvlad-pufu-despre-scandalul-reabilitarii-blocurilor-primaria-a-incercat-sa-triseze-ghidul-si-oamenii-este-un-esec-evident-buzau-un-oras-haosat%2F&amp;text=Vlad%20Pufu%2C%20despre%20scandalul%20reabilit%C4%83rii%20blocurilor%3A%20%E2%80%9EPrim%C4%83ria%20a%20%C3%AEncercat%20s%C4%83%20tri%C8%99eze%20ghidul%20%C8%99i%20oamenii%21%20Este%20un%20e%C8%99ec%20evident.%20Buz%C4%83u%2C%20un%20ora%C8%99%20haosat%21%E2%80%9D\"><span>Twitter<\/span><\/a><a class=\"meks_ess-item socicon-pinterest\" data-url=\"http:\/\/pinterest.com\/pin\/create\/button\/?url=https%3A%2F%2Fsansanews.ro%2Fvlad-pufu-despre-scandalul-reabilitarii-blocurilor-primaria-a-incercat-sa-triseze-ghidul-si-oamenii-este-un-esec-evident-buzau-un-oras-haosat%2F&amp;media=https%3A%2F%2Fsansanews.ro%2Fwp-content%2Fuploads%2F2023%2F02%2Fvlad-pufu.jpg&amp;description=Vlad%20Pufu%2C%20despre%20scandalul%20reabilit%C4%83rii%20blocurilor%3A%20%E2%80%9EPrim%C4%83ria%20a%20%C3%AEncercat%20s%C4%83%20tri%C8%99eze%20ghidul%20%C8%99i%20oamenii%21%20Este%20un%20e%C8%99ec%20evident.%20Buz%C4%83u%2C%20un%20ora%C8%99%20haosat%21%E2%80%9D\"><span>Pinterest<\/span><\/a><\/div>\n<\/div>\n<\/div>\n<p>[analyse_source url=&#8221;https:\/\/sansanews.ro\/vlad-pufu-despre-scandalul-reabilitarii-blocurilor-primaria-a-incercat-sa-triseze-ghidul-si-oamenii-este-un-esec-evident-buzau-un-oras-haosat\/&#8221;]<\/p>\n","protected":false},"excerpt":{"rendered":"<p>[analyse_image type=&#8221;featured&#8221; src=&#8221;https:\/\/sansanews.ro\/wp-content\/uploads\/2023\/02\/vlad-pufu.jpghttps:\/\/sansanews.ro\/wp-content\/uploads\/2023\/02\/vlad-pufu.jpg&#8221;] Haosul generat de proiectul de reabilitare a blocurilor din Buz\u0103u, finan\u021bat prin PNRR, a fost taxat dur de Vlad Pufu. \u00centr-o interven\u021bie la Focus TV, acesta a spus c\u0103 situa\u021bia actual\u0103, \u00een care doar 11 din cele 30 de blocuri au r\u0103mas \u00een program, reprezint\u0103 \u201eun evident e\u0219ec\u201d al Prim\u0103riei Buz\u0103u, cauzat [&hellip;]<\/p>\n","protected":false},"author":1,"featured_media":0,"comment_status":"open","ping_status":"","sticky":false,"template":"","format":"standard","meta":{"footnotes":""},"categories":[2],"tags":[226,51],"class_list":["post-1861062","post","type-post","status-publish","format-standard","hentry","category-politics","tag-crawlmanager","tag-sansanews-ro"],"_links":{"self":[{"href":"https:\/\/analyse.optim.biz\/index.php?rest_route=\/wp\/v2\/posts\/1861062","targetHints":{"allow":["GET"]}}],"collection":[{"href":"https:\/\/analyse.optim.biz\/index.php?rest_route=\/wp\/v2\/posts"}],"about":[{"href":"https:\/\/analyse.optim.biz\/index.php?rest_route=\/wp\/v2\/types\/post"}],"author":[{"embeddable":true,"href":"https:\/\/analyse.optim.biz\/index.php?rest_route=\/wp\/v2\/users\/1"}],"replies":[{"embeddable":true,"href":"https:\/\/analyse.optim.biz\/index.php?rest_route=%2Fwp%2Fv2%2Fcomments&post=1861062"}],"version-history":[{"count":0,"href":"https:\/\/analyse.optim.biz\/index.php?rest_route=\/wp\/v2\/posts\/1861062\/revisions"}],"wp:attachment":[{"href":"https:\/\/analyse.optim.biz\/index.php?rest_route=%2Fwp%2Fv2%2Fmedia&parent=1861062"}],"wp:term":[{"taxonomy":"category","embeddable":true,"href":"https:\/\/analyse.optim.biz\/index.php?rest_route=%2Fwp%2Fv2%2Fcategories&post=1861062"},{"taxonomy":"post_tag","embeddable":true,"href":"https:\/\/analyse.optim.biz\/index.php?rest_route=%2Fwp%2Fv2%2Ftags&post=1861062"}],"curies":[{"name":"wp","href":"https:\/\/api.w.org\/{rel}","templated":true}]}}