{"id":186100,"date":"2015-02-20T23:46:22","date_gmt":"2015-02-20T20:46:22","guid":{"rendered":"https:\/\/analyse.optim.biz\/?p=186100"},"modified":"2015-02-20T23:46:22","modified_gmt":"2015-02-20T20:46:22","slug":"victor-ponta-ii-raspunde-lui-klaus-iohannis-doar-dumnezeu-ar-putea-face-o-forma-perfecta-a-codului-fiscal","status":"publish","type":"post","link":"https:\/\/analyse.optim.biz\/?p=186100","title":{"rendered":"Victor Ponta \u00eei r\u0103spunde lui Klaus Iohannis: Doar Dumnezeu ar putea face o form\u0103 perfect\u0103 a Codului Fiscal"},"content":{"rendered":"<div class=\"entry data-app-meta data-app-meta-article\" data-embed-base-url-canonical=\"https:\/\/www.digi24.ro\/embed\/stiri\/actualitate\/politica\/victor-ponta-ii-raspunde-lui-klaus-iohannis-doar-dumnezeu-ar-putea-face-o-forma-perfecta-a-codului-fiscal-362179\">\n<p data-index=\"1\"><strong>&#8220;\u00cen niciun caz nu e o form\u0103 perfect\u0103. Doar Dumnezeu ar putea face o form\u0103 perfect\u0103 a Codului&#8221;, a spus Victor Ponta.<\/strong> Premierul \u00eei acuz\u0103 pe liberali c\u0103 blocheaz\u0103 reducerea taxei pe valoare ad\u0103ugat\u0103 \u015fi a unor accize.<\/p>\n<p data-index=\"2\"><strong>Pre\u015fedintele Klaus Iohannis \u00eei aminte\u015fte \u00eens\u0103 c\u0103 ideea a promovat-o chiar el, \u00een timpul campaniei electorale. \u201e<span>Aceste idei, toate, sunt luate din propunerile PNL sau din propunerile mele. Am mari semne de \u00eentrebare, nu a ajuns la mine niciun fel de draft, de act normativ, b\u0103nuiesc c\u0103 va ajunge \u015fi voi face o analiz\u0103 mai detaliat\u0103. Fi\u0163i asigura\u0163i c\u0103 mai curge mult\u0103 ap\u0103 p\u00e2n\u0103 c\u00e2nd ajungem s\u0103 avem o lege care prevede aceste reduceri\u201d, a spus pre\u015fedintele Klaus Iohannis.<\/span><\/strong><\/p>\n<p data-index=\"3\">Chiar \u015fi a\u015fa, propunerile Guvernului sunt necesare pentru economie, sus\u0163ine fostul premier C\u0103lin Popescu T\u0103riceanu.<\/p>\n<p data-index=\"4\">\u201e<span>Vor da un suflu nou economiei, de care are nevoie pentru a porni \u00eenc\u0103 unul din motoarele necesare relans\u0103rii depline economice. M\u0103 refer la consum\u201d, a spus C\u0103lin Popescu T\u0103riceanu.<\/span><\/p>\n<p data-index=\"5\">Totu\u015fi, trebuie v\u0103zut dac\u0103 statul \u00ee\u015fi permite aplicarea tuturor m\u0103surilor anun\u0163ate, printre care \u015fi reducerea CAS din 2017 \u015fi a cotei unice din 2019. Pe acest subiect se vor pronun\u0163a \u015fi reprezentan\u0163ii Consiliului Fiscal. Proiectul de Cod Fiscal se afl\u0103, \u00een prezent, \u00een dezbatere public\u0103. Guvernul vrea ca, p\u00e2n\u0103 la \u00eenceputul lunii iunie, noua legisla\u0163ie s\u0103 fie adoptat\u0103 de Parlament.<\/p>\n<p data-index=\"6\"><strong>\u201eVoi face toate eforturile ca acest Cod s\u0103 se adopte p\u00e2n\u0103 la sf\u00e2r\u015fitul sesiunii parlamenare, inclusiv iau \u00een calcul angajarea r\u0103spunderii Guvernului dac\u0103, la un moment dat, se bocheaz\u0103 politicianist de c\u0103tre PNL sau de c\u0103tre altcineva\u201d, a declarat Victor Ponta.<\/strong><\/p>\n<p data-index=\"7\">Ini\u0163ial, <a href=\"https:\/\/www.digi24.ro\/Stiri\/Digi24\/Economie\/Stiri\/TVA+ar+putea+fi+micsorat+la+20+de+anul+viitor\" target=\"_blank\" data-skip-linkfix=\"1\" rel=\"noopener\"><strong>Guvernul a anun\u0163at reducerea TVA de la 24% la 20% de anul viitor<\/strong><\/a>, odat\u0103 cu sc\u0103derea accizelor la carburan\u0163i \u015fi alcool. R\u0103m\u00e2ne \u00eens\u0103 de v\u0103zut \u00een ce m\u0103sur\u0103 va reu\u015fi statul s\u0103 acopere golul de peste 16 miliarde de lei provocat de sc\u0103derile de taxe, \u00een 2016.<\/p>\n<\/div>\n<p> Source URL: https:\/\/www.digi24.ro\/stiri\/actualitate\/politica\/victor-ponta-ii-raspunde-lui-klaus-iohannis-doar-dumnezeu-ar-putea-face-o-forma-perfecta-a-codului-fiscal-362179<\/p>\n","protected":false},"excerpt":{"rendered":"<p>&#8220;\u00cen niciun caz nu e o form\u0103 perfect\u0103. Doar Dumnezeu ar putea face o form\u0103 perfect\u0103 a Codului&#8221;, a spus Victor Ponta. Premierul \u00eei acuz\u0103 pe liberali c\u0103 blocheaz\u0103 reducerea taxei pe valoare ad\u0103ugat\u0103 \u015fi a unor accize. Pre\u015fedintele Klaus Iohannis \u00eei aminte\u015fte \u00eens\u0103 c\u0103 ideea a promovat-o chiar el, \u00een timpul campaniei electorale. \u201eAceste [&hellip;]<\/p>\n","protected":false},"author":1,"featured_media":186101,"comment_status":"open","ping_status":"","sticky":false,"template":"","format":"standard","meta":{"footnotes":""},"categories":[2],"tags":[11],"class_list":["post-186100","post","type-post","status-publish","format-standard","has-post-thumbnail","hentry","category-politics","tag-digi24"],"_links":{"self":[{"href":"https:\/\/analyse.optim.biz\/index.php?rest_route=\/wp\/v2\/posts\/186100","targetHints":{"allow":["GET"]}}],"collection":[{"href":"https:\/\/analyse.optim.biz\/index.php?rest_route=\/wp\/v2\/posts"}],"about":[{"href":"https:\/\/analyse.optim.biz\/index.php?rest_route=\/wp\/v2\/types\/post"}],"author":[{"embeddable":true,"href":"https:\/\/analyse.optim.biz\/index.php?rest_route=\/wp\/v2\/users\/1"}],"replies":[{"embeddable":true,"href":"https:\/\/analyse.optim.biz\/index.php?rest_route=%2Fwp%2Fv2%2Fcomments&post=186100"}],"version-history":[{"count":0,"href":"https:\/\/analyse.optim.biz\/index.php?rest_route=\/wp\/v2\/posts\/186100\/revisions"}],"wp:featuredmedia":[{"embeddable":true,"href":"https:\/\/analyse.optim.biz\/index.php?rest_route=\/wp\/v2\/media\/186101"}],"wp:attachment":[{"href":"https:\/\/analyse.optim.biz\/index.php?rest_route=%2Fwp%2Fv2%2Fmedia&parent=186100"}],"wp:term":[{"taxonomy":"category","embeddable":true,"href":"https:\/\/analyse.optim.biz\/index.php?rest_route=%2Fwp%2Fv2%2Fcategories&post=186100"},{"taxonomy":"post_tag","embeddable":true,"href":"https:\/\/analyse.optim.biz\/index.php?rest_route=%2Fwp%2Fv2%2Ftags&post=186100"}],"curies":[{"name":"wp","href":"https:\/\/api.w.org\/{rel}","templated":true}]}}