{"id":1860627,"date":"2026-03-24T10:43:00","date_gmt":"2026-03-24T07:43:00","guid":{"rendered":"https:\/\/analyse.optim.biz\/?p=1860627"},"modified":"2026-03-24T10:43:00","modified_gmt":"2026-03-24T07:43:00","slug":"28-de-elevi-suceveni-calificati-la-etapele-nationale-ale-olimpiadelor-de-arte-2026","status":"publish","type":"post","link":"https:\/\/analyse.optim.biz\/?p=1860627","title":{"rendered":"28 de elevi suceveni califica\u021bi la etapele na\u021bionale ale Olimpiadelor de Arte 2026"},"content":{"rendered":"<p>[analyse_image type=&#8221;featured&#8221; src=&#8221;https:\/\/blogger.googleusercontent.com\/img\/b\/R29vZ2xl\/AVvXsEgrMUZQHe1HY-j8vuxinYgiYpGdkSXCRWOtQ_DAMghrpD3Y2yPFnC3tKu4VRzf_vxWgFMegLfJ7EtQUOQjBuBd_EG8Ov14-hBF82hbtZN2h1DIbtigbjof0rByZVq1OG0zQ4bQuVEVA8baEz7k40JRh71VM5J1ngryhvtQ-A4YINeUtsV5l5vM2v0ZeaV0\/w1600\/corul-rapsodia.jpeg&#8221;]<\/p>\n<div class=\"post-body entry-content\" id=\"post-body\">\n<div class=\"separator\"><a href=\"https:\/\/blogger.googleusercontent.com\/img\/b\/R29vZ2xl\/AVvXsEgrMUZQHe1HY-j8vuxinYgiYpGdkSXCRWOtQ_DAMghrpD3Y2yPFnC3tKu4VRzf_vxWgFMegLfJ7EtQUOQjBuBd_EG8Ov14-hBF82hbtZN2h1DIbtigbjof0rByZVq1OG0zQ4bQuVEVA8baEz7k40JRh71VM5J1ngryhvtQ-A4YINeUtsV5l5vM2v0ZeaV0\/s2048\/corul-rapsodia.jpeg\"><img decoding=\"async\" alt=\"28 de elevi suceveni califica\u021bi la etapele na\u021bionale ale olimpiadelor de arte 2026\" border=\"0\" height=\"293\" loading=\"lazy\" src=\"https:\/\/blogger.googleusercontent.com\/img\/b\/R29vZ2xl\/AVvXsEgrMUZQHe1HY-j8vuxinYgiYpGdkSXCRWOtQ_DAMghrpD3Y2yPFnC3tKu4VRzf_vxWgFMegLfJ7EtQUOQjBuBd_EG8Ov14-hBF82hbtZN2h1DIbtigbjof0rByZVq1OG0zQ4bQuVEVA8baEz7k40JRh71VM5J1ngryhvtQ-A4YINeUtsV5l5vM2v0ZeaV0\/w640-h293-rw\/corul-rapsodia.jpeg\" title=\"28 de elevi suceveni califica\u021bi la etapele na\u021bionale ale olimpiadelor de arte 2026\" width=\"640\"><\/a><\/div>\n<p>Elevi talenta\u021bi din jude\u021bul Suceava, \u00een special de la Colegiul de Art\u0103 \u201eCiprian Porumbescu\u201d Suceava, au ob\u021binut rezultate remarcabile la etapele jude\u021bene ale olimpiadelor na\u021bionale de muzic\u0103 \u0219i arte vizuale, calific\u00e2ndu-se \u00een num\u0103r mare la fazele na\u021bionale.<\/p>\n<h2>I. Olimpiada na\u021bional\u0103 de interpretare instrumental\u0103, vocal\u0103 \u0219i studii teoretice muzicale (liceal)<\/h2>\n<p>Se va desf\u0103\u0219ura la Colegiul de Muzic\u0103 \u201eSigismund Todu\u021b\u0103\u201d Cluj-Napoca, \u00een perioada 30 martie \u2013 3 aprilie 2026.<\/p>\n<p>Lotul Suceava este alc\u0103tuit din urm\u0103torii 12 elevi ai Colegiului de Art\u0103 \u201eCiprian Porumbescu\u201d Suceava, \u00eenso\u021bi\u021bi de prof. Ciubotaru Ionu\u021b:<\/p>\n<ul>\n<li>Croitoru M. Gabriel \u2013 Tiberiu (clasa a IX-a, Corn, corepetitor prof. Nicolaic\u0103 Ioana)<\/li>\n<li>Atoderesi C. Darius Andrei (clasa a IX-a, Trompet\u0103, corepetitor prof. Antonic\u0103 Andreea)<\/li>\n<li>\u0218uleap\u0103 S.M. David (clasa a X-a, Clarinet, prof. corepetitor Onesciuc Johannes)<\/li>\n<li>David L.L.I. Adrian Gheorghi\u021b\u0103 (clasa a X-a, Fagot, prof. corepetitor Ciubotaru Ionu\u021b)<\/li>\n<li>Dragomirescu D.C. Alexandru Mihai (clasa a XI-a, Chitar\u0103, prof. corepetitor Onesciuc Johannes)<\/li>\n<li>Dasc\u0103lu C. Cristian-Alexandru (clasa a XI-a, Clarinet, prof. corepetitor Onesciuc Johannes)<\/li>\n<li>Avasiloaie C. Iannis Mircea (clasa a XI-a, Clarinet, prof. corepetitor Antonic\u0103 Andreea)<\/li>\n<li>G\u0103itan N. Claudiu-Andrei (clasa a XI-a, Saxofon, prof. corepetitor Ciubotaru Ionu\u021b)<\/li>\n<li>Botlung D. Denis \u0218tefan (clasa a XI-a, Trompet\u0103, prof. corepetitor Ciubotaru Ionu\u021b)<\/li>\n<li>Avasiloaie C. Iustin Constantin (clasa a XI-a, Trompet\u0103, prof. corepetitor Antonic\u0103 Andreea)<\/li>\n<li>Iftimi M. \u0218tefan Silviu (clasa a XII-a, Canto popular, prof. corepetitor Ciubotaru Ionu\u021b)<\/li>\n<li>Olteanu P. Andra-Paula (clasa a XII-a, Pian, prof. corepetitor Ciubotaru Ionu\u021b)<\/li>\n<\/ul>\n<h2>II. Olimpiada na\u021bional\u0103 de interpretare instrumental\u0103 (gimnazial)<\/h2>\n<p>Se va desf\u0103\u0219ura la Liceul Voca\u021bional de Art\u0103 T\u00e2rgu Mure\u0219, \u00een perioada 14-17 aprilie 2026.<\/p>\n<p>Lotul Suceava este alc\u0103tuit din urm\u0103torii 4 elevi ai Colegiului de Art\u0103 \u201eCiprian Porumbescu\u201d Suceava, \u00eenso\u021bi\u021bi de prof. Antonic\u0103 Andreea:<\/p>\n<ul>\n<li>Chiril\u0103 Tudor (clasa a VI-a, Chitar\u0103, prof. corepetitor Antonic\u0103 Andreea)<\/li>\n<li>Ciubotariu Marina (clasa a VII-a, Percu\u021bie, prof. corepetitor Antonic\u0103 Andreea)<\/li>\n<li>Bejinariu Matei George (clasa a VIII-a, Clarinet, prof. corepetitor Antonic\u0103 Andreea)<\/li>\n<li>Andronic Luca Dumitru (clasa a VIII-a, Trompet\u0103, prof. corepetitor Antonic\u0103 Andreea)<\/li>\n<\/ul>\n<h2>III. Olimpiada na\u021bional\u0103 coral\u0103<\/h2>\n<p>Se va desf\u0103\u0219ura la Vaslui pe 4 aprilie 2026.<\/p>\n<p>Particip\u0103 Corul \u201eRapsodia\u201d (40 de elevi + pianist) de la \u0218coala Gimnazial\u0103 \u201eCristofor Simionescu\u201d Plopeni, dirijat de prof. Tablan Popescu Valentina. \u00censo\u021bitori de lot: prof. Tablan Popescu Lucian, prof. D\u00eerman Ciprian, prof. Pop Mihai.<\/p>\n<h2>IV. Olimpiada de arte vizuale, arhitectur\u0103 \u0219i istoria artei<\/h2>\n<p>Se va desf\u0103\u0219ura la Slobozia, jude\u021bul Ialomi\u021ba, \u00een perioada 21-24 aprilie 2026.<\/p>\n<p>Lotul Suceava este alc\u0103tuit din urm\u0103torii 12 elevi ai Colegiului de Art\u0103 \u201eCiprian Porumbescu\u201d Suceava, \u00eenso\u021bi\u021bi de prof. G\u0103leat\u0103 Sandu \u0218tefan:<\/p>\n<ul>\n<li>Andriese \u0218.D. Karina (clasa a XII-a, Conservare-Restaurare bunuri culturale, Patrimoniu cultural, prof. Sadovei L\u0103cr\u0103mioara Camelia)<\/li>\n<li>C\u0103lin A. L. Elisa \u2013 Rahela (clasa a XI-a, Istoria artei \u0219i arhitecturii, prof. Schipor \u2013 Baban Raluca \u2013 Georgeta)<\/li>\n<li>Colban V. Ioana \u2013 Maria \u2013 Stelu\u021ba (clasa a XII-a, Istoria artei \u0219i arhitecturii, prof. Schipor \u2013 Baban Raluca \u2013 Georgeta)<\/li>\n<li>Cost\u00een M. Marius Gabriel (clasa a XII-a, Arhitectur\u0103, prof. Popa Larisa Georgiana)<\/li>\n<li>Draghici \u0218. Andreea (clasa a XII-a, Arte plastice, pictur\u0103 de \u0219evalet, prof. Chi\u0219c\u0103 Irinel Mihai, Baban C\u0103lin Gabriel)<\/li>\n<li>Husarciuc B. Reia (clasa a XI-a, Arte plastice \u2013 grafic\u0103, prof. G\u0103leat\u0103 Sandu \u0218tefan)<\/li>\n<li>Luc\u0103u A. Alexandra (clasa a XI-a, Arhitectur\u0103, prof. Sevan Ioana)<\/li>\n<li>Mihailiuc P. Maria (clasa a XII-a, Arte plastice, sculptur\u0103 statuar\u0103, prof. Tabarcea Narcis Ioan)<\/li>\n<li>Ple\u0219can S.I. Bianca- Elena (clasa a XII-a, Design de produs, prof. Rabiniuc \u2013 Mocanu Elisabeta, Davidel Eduard \u2013 Emanuel)<\/li>\n<li>Sburlea M. Miruna (clasa a XII-a, Arte plastice, grafic\u0103, prof. G\u0103leat\u0103 Sandu \u0218tefan)<\/li>\n<li>Sofian C. Beatrice \u2013 \u0218tefania (clasa a XI-a, Conservare-Restaurare bunuri culturale, Patrimoniu cultural, prof. Axinte Loredana)<\/li>\n<li>\u0218orodoc A. I. Ilinca \u2013 Maria (clasa a XI-a, Arte plastice, Pictur\u0103 de \u0219evalet, prof. Baban C\u0103lin Gabriel)<\/li>\n<\/ul>\n<p>Etapele jude\u021bene au fost coordonate de inspectorul \u0219colar pentru arte, prof. Loredana-Mihaela Ceic\u0103.<\/p>\n<\/div>\n<div class=\"post-body entry-content\" id=\"post-body\">\n<div class=\"separator\"><a href=\"https:\/\/blogger.googleusercontent.com\/img\/b\/R29vZ2xl\/AVvXsEgrMUZQHe1HY-j8vuxinYgiYpGdkSXCRWOtQ_DAMghrpD3Y2yPFnC3tKu4VRzf_vxWgFMegLfJ7EtQUOQjBuBd_EG8Ov14-hBF82hbtZN2h1DIbtigbjof0rByZVq1OG0zQ4bQuVEVA8baEz7k40JRh71VM5J1ngryhvtQ-A4YINeUtsV5l5vM2v0ZeaV0\/s2048\/corul-rapsodia.jpeg\"><img decoding=\"async\" alt=\"28 de elevi suceveni califica\u021bi la etapele na\u021bionale ale olimpiadelor de arte 2026\" border=\"0\" height=\"293\" loading=\"lazy\" src=\"https:\/\/blogger.googleusercontent.com\/img\/b\/R29vZ2xl\/AVvXsEgrMUZQHe1HY-j8vuxinYgiYpGdkSXCRWOtQ_DAMghrpD3Y2yPFnC3tKu4VRzf_vxWgFMegLfJ7EtQUOQjBuBd_EG8Ov14-hBF82hbtZN2h1DIbtigbjof0rByZVq1OG0zQ4bQuVEVA8baEz7k40JRh71VM5J1ngryhvtQ-A4YINeUtsV5l5vM2v0ZeaV0\/w640-h293-rw\/corul-rapsodia.jpeg\" title=\"28 de elevi suceveni califica\u021bi la etapele na\u021bionale ale olimpiadelor de arte 2026\" width=\"640\"><\/a><\/div>\n<p>Elevi talenta\u021bi din jude\u021bul Suceava, \u00een special de la Colegiul de Art\u0103 \u201eCiprian Porumbescu\u201d Suceava, au ob\u021binut rezultate remarcabile la etapele jude\u021bene ale olimpiadelor na\u021bionale de muzic\u0103 \u0219i arte vizuale, calific\u00e2ndu-se \u00een num\u0103r mare la fazele na\u021bionale.<\/p>\n<h2>I. Olimpiada na\u021bional\u0103 de interpretare instrumental\u0103, vocal\u0103 \u0219i studii teoretice muzicale (liceal)<\/h2>\n<p>Se va desf\u0103\u0219ura la Colegiul de Muzic\u0103 \u201eSigismund Todu\u021b\u0103\u201d Cluj-Napoca, \u00een perioada 30 martie \u2013 3 aprilie 2026.<\/p>\n<p>Lotul Suceava este alc\u0103tuit din urm\u0103torii 12 elevi ai Colegiului de Art\u0103 \u201eCiprian Porumbescu\u201d Suceava, \u00eenso\u021bi\u021bi de prof. Ciubotaru Ionu\u021b:<\/p>\n<ul>\n<li>Croitoru M. Gabriel \u2013 Tiberiu (clasa a IX-a, Corn, corepetitor prof. Nicolaic\u0103 Ioana)<\/li>\n<li>Atoderesi C. Darius Andrei (clasa a IX-a, Trompet\u0103, corepetitor prof. Antonic\u0103 Andreea)<\/li>\n<li>\u0218uleap\u0103 S.M. David (clasa a X-a, Clarinet, prof. corepetitor Onesciuc Johannes)<\/li>\n<li>David L.L.I. Adrian Gheorghi\u021b\u0103 (clasa a X-a, Fagot, prof. corepetitor Ciubotaru Ionu\u021b)<\/li>\n<li>Dragomirescu D.C. Alexandru Mihai (clasa a XI-a, Chitar\u0103, prof. corepetitor Onesciuc Johannes)<\/li>\n<li>Dasc\u0103lu C. Cristian-Alexandru (clasa a XI-a, Clarinet, prof. corepetitor Onesciuc Johannes)<\/li>\n<li>Avasiloaie C. Iannis Mircea (clasa a XI-a, Clarinet, prof. corepetitor Antonic\u0103 Andreea)<\/li>\n<li>G\u0103itan N. Claudiu-Andrei (clasa a XI-a, Saxofon, prof. corepetitor Ciubotaru Ionu\u021b)<\/li>\n<li>Botlung D. Denis \u0218tefan (clasa a XI-a, Trompet\u0103, prof. corepetitor Ciubotaru Ionu\u021b)<\/li>\n<li>Avasiloaie C. Iustin Constantin (clasa a XI-a, Trompet\u0103, prof. corepetitor Antonic\u0103 Andreea)<\/li>\n<li>Iftimi M. \u0218tefan Silviu (clasa a XII-a, Canto popular, prof. corepetitor Ciubotaru Ionu\u021b)<\/li>\n<li>Olteanu P. Andra-Paula (clasa a XII-a, Pian, prof. corepetitor Ciubotaru Ionu\u021b)<\/li>\n<\/ul>\n<h2>II. Olimpiada na\u021bional\u0103 de interpretare instrumental\u0103 (gimnazial)<\/h2>\n<p>Se va desf\u0103\u0219ura la Liceul Voca\u021bional de Art\u0103 T\u00e2rgu Mure\u0219, \u00een perioada 14-17 aprilie 2026.<\/p>\n<p>Lotul Suceava este alc\u0103tuit din urm\u0103torii 4 elevi ai Colegiului de Art\u0103 \u201eCiprian Porumbescu\u201d Suceava, \u00eenso\u021bi\u021bi de prof. Antonic\u0103 Andreea:<\/p>\n<ul>\n<li>Chiril\u0103 Tudor (clasa a VI-a, Chitar\u0103, prof. corepetitor Antonic\u0103 Andreea)<\/li>\n<li>Ciubotariu Marina (clasa a VII-a, Percu\u021bie, prof. corepetitor Antonic\u0103 Andreea)<\/li>\n<li>Bejinariu Matei George (clasa a VIII-a, Clarinet, prof. corepetitor Antonic\u0103 Andreea)<\/li>\n<li>Andronic Luca Dumitru (clasa a VIII-a, Trompet\u0103, prof. corepetitor Antonic\u0103 Andreea)<\/li>\n<\/ul>\n<h2>III. Olimpiada na\u021bional\u0103 coral\u0103<\/h2>\n<p>Se va desf\u0103\u0219ura la Vaslui pe 4 aprilie 2026.<\/p>\n<p>Particip\u0103 Corul \u201eRapsodia\u201d (40 de elevi + pianist) de la \u0218coala Gimnazial\u0103 \u201eCristofor Simionescu\u201d Plopeni, dirijat de prof. Tablan Popescu Valentina. \u00censo\u021bitori de lot: prof. Tablan Popescu Lucian, prof. D\u00eerman Ciprian, prof. Pop Mihai.<\/p>\n<h2>IV. Olimpiada de arte vizuale, arhitectur\u0103 \u0219i istoria artei<\/h2>\n<p>Se va desf\u0103\u0219ura la Slobozia, jude\u021bul Ialomi\u021ba, \u00een perioada 21-24 aprilie 2026.<\/p>\n<p>Lotul Suceava este alc\u0103tuit din urm\u0103torii 12 elevi ai Colegiului de Art\u0103 \u201eCiprian Porumbescu\u201d Suceava, \u00eenso\u021bi\u021bi de prof. G\u0103leat\u0103 Sandu \u0218tefan:<\/p>\n<ul>\n<li>Andriese \u0218.D. Karina (clasa a XII-a, Conservare-Restaurare bunuri culturale, Patrimoniu cultural, prof. Sadovei L\u0103cr\u0103mioara Camelia)<\/li>\n<li>C\u0103lin A. L. Elisa \u2013 Rahela (clasa a XI-a, Istoria artei \u0219i arhitecturii, prof. Schipor \u2013 Baban Raluca \u2013 Georgeta)<\/li>\n<li>Colban V. Ioana \u2013 Maria \u2013 Stelu\u021ba (clasa a XII-a, Istoria artei \u0219i arhitecturii, prof. Schipor \u2013 Baban Raluca \u2013 Georgeta)<\/li>\n<li>Cost\u00een M. Marius Gabriel (clasa a XII-a, Arhitectur\u0103, prof. Popa Larisa Georgiana)<\/li>\n<li>Draghici \u0218. Andreea (clasa a XII-a, Arte plastice, pictur\u0103 de \u0219evalet, prof. Chi\u0219c\u0103 Irinel Mihai, Baban C\u0103lin Gabriel)<\/li>\n<li>Husarciuc B. Reia (clasa a XI-a, Arte plastice \u2013 grafic\u0103, prof. G\u0103leat\u0103 Sandu \u0218tefan)<\/li>\n<li>Luc\u0103u A. Alexandra (clasa a XI-a, Arhitectur\u0103, prof. Sevan Ioana)<\/li>\n<li>Mihailiuc P. Maria (clasa a XII-a, Arte plastice, sculptur\u0103 statuar\u0103, prof. Tabarcea Narcis Ioan)<\/li>\n<li>Ple\u0219can S.I. Bianca- Elena (clasa a XII-a, Design de produs, prof. Rabiniuc \u2013 Mocanu Elisabeta, Davidel Eduard \u2013 Emanuel)<\/li>\n<li>Sburlea M. Miruna (clasa a XII-a, Arte plastice, grafic\u0103, prof. G\u0103leat\u0103 Sandu \u0218tefan)<\/li>\n<li>Sofian C. Beatrice \u2013 \u0218tefania (clasa a XI-a, Conservare-Restaurare bunuri culturale, Patrimoniu cultural, prof. Axinte Loredana)<\/li>\n<li>\u0218orodoc A. I. Ilinca \u2013 Maria (clasa a XI-a, Arte plastice, Pictur\u0103 de \u0219evalet, prof. Baban C\u0103lin Gabriel)<\/li>\n<\/ul>\n<p>Etapele jude\u021bene au fost coordonate de inspectorul \u0219colar pentru arte, prof. Loredana-Mihaela Ceic\u0103.<\/p>\n<\/div>\n<p>[analyse_source url=&#8221;https:\/\/www.stirisuceava.net\/2026\/03\/28-de-elevi-suceveni-calificati-la.html&#8221;]<\/p>\n","protected":false},"excerpt":{"rendered":"<p>[analyse_image type=&#8221;featured&#8221; src=&#8221;https:\/\/blogger.googleusercontent.com\/img\/b\/R29vZ2xl\/AVvXsEgrMUZQHe1HY-j8vuxinYgiYpGdkSXCRWOtQ_DAMghrpD3Y2yPFnC3tKu4VRzf_vxWgFMegLfJ7EtQUOQjBuBd_EG8Ov14-hBF82hbtZN2h1DIbtigbjof0rByZVq1OG0zQ4bQuVEVA8baEz7k40JRh71VM5J1ngryhvtQ-A4YINeUtsV5l5vM2v0ZeaV0\/w1600\/corul-rapsodia.jpeg&#8221;] Elevi talenta\u021bi din jude\u021bul Suceava, \u00een special de la Colegiul de Art\u0103 \u201eCiprian Porumbescu\u201d Suceava, au ob\u021binut rezultate remarcabile la etapele jude\u021bene ale olimpiadelor na\u021bionale de muzic\u0103 \u0219i arte vizuale, calific\u00e2ndu-se \u00een num\u0103r mare la fazele na\u021bionale. I. Olimpiada na\u021bional\u0103 de interpretare instrumental\u0103, vocal\u0103 \u0219i studii teoretice muzicale (liceal) Se va desf\u0103\u0219ura [&hellip;]<\/p>\n","protected":false},"author":1,"featured_media":0,"comment_status":"open","ping_status":"","sticky":false,"template":"","format":"standard","meta":{"footnotes":""},"categories":[89],"tags":[226,172],"class_list":["post-1860627","post","type-post","status-publish","format-standard","hentry","category-romania","tag-crawlmanager","tag-stirisuceava-net"],"_links":{"self":[{"href":"https:\/\/analyse.optim.biz\/index.php?rest_route=\/wp\/v2\/posts\/1860627","targetHints":{"allow":["GET"]}}],"collection":[{"href":"https:\/\/analyse.optim.biz\/index.php?rest_route=\/wp\/v2\/posts"}],"about":[{"href":"https:\/\/analyse.optim.biz\/index.php?rest_route=\/wp\/v2\/types\/post"}],"author":[{"embeddable":true,"href":"https:\/\/analyse.optim.biz\/index.php?rest_route=\/wp\/v2\/users\/1"}],"replies":[{"embeddable":true,"href":"https:\/\/analyse.optim.biz\/index.php?rest_route=%2Fwp%2Fv2%2Fcomments&post=1860627"}],"version-history":[{"count":0,"href":"https:\/\/analyse.optim.biz\/index.php?rest_route=\/wp\/v2\/posts\/1860627\/revisions"}],"wp:attachment":[{"href":"https:\/\/analyse.optim.biz\/index.php?rest_route=%2Fwp%2Fv2%2Fmedia&parent=1860627"}],"wp:term":[{"taxonomy":"category","embeddable":true,"href":"https:\/\/analyse.optim.biz\/index.php?rest_route=%2Fwp%2Fv2%2Fcategories&post=1860627"},{"taxonomy":"post_tag","embeddable":true,"href":"https:\/\/analyse.optim.biz\/index.php?rest_route=%2Fwp%2Fv2%2Ftags&post=1860627"}],"curies":[{"name":"wp","href":"https:\/\/api.w.org\/{rel}","templated":true}]}}