{"id":1860625,"date":"2026-03-30T14:34:28","date_gmt":"2026-03-30T11:34:28","guid":{"rendered":"https:\/\/analyse.optim.biz\/?p=1860625"},"modified":"2026-03-30T14:34:28","modified_gmt":"2026-03-30T11:34:28","slug":"gheorghe-soldan-dupa-intilnirea-psd-de-la-bacau-e-clar-ca-directia-actualului-guvern-este-gresita-si-trebuie-facuta-o-schimbare-in-cadrul-intilnirii-au-fost-analizate-trei-scenarii-posibile","status":"publish","type":"post","link":"https:\/\/analyse.optim.biz\/?p=1860625","title":{"rendered":"Gheorghe \u0218oldan, dup\u0103 \u00eent\u00eelnirea PSD de la Bac\u0103u: E clar c\u0103 direc\u021bia actualului Guvern este gre\u0219it\u0103 \u0219i trebuie f\u0103cut\u0103 o schimbare. \u00cen cadrul \u00eent\u00eelnirii au fost analizate trei scenarii posibile"},"content":{"rendered":"<p>[analyse_image type=&#8221;featured&#8221; src=&#8221;https:\/\/www.radiotop.ro\/img\/media\/2026\/03\/psd-bacau-grindeanu-microfon.jpghttps:\/\/www.radiotop.ro\/img\/media\/2026\/03\/psd-bacau-grindeanu-microfon.jpg&#8221;]<\/p>\n<div class=\"entry-content no-share\">\n<div class=\"content-inner \">\n<div class=\"jeg_preview_slider gallery_1\" data-selector=\"gallery_1\">\n<div class=\"jeg_preview_holder\">\n<div class=\"jeg_preview_media\">\n<div class=\"jeg_preview_media_holder\">\n<h3>\u00a0<\/h3>\n<div class=\"jeg_preview_control\">\n<div class=\"left_control\">\n<div class=\"counter\"><span class=\"current\">1<\/span> of  5<\/div>\n<\/div>\n<div class=\"zoom\"><span class=\"reduce\">&#8211;<\/span><span class=\"increase\">+<\/span><\/div>\n<\/div>\n<\/div>\n<\/div>\n<div class=\"jeg_preview_bottom_slider\"><a data-id=\"0\" data-title data-image=\"https:\/\/www.radiotop.ro\/img\/media\/2026\/03\/psd-soldan-bacau.jpg\" href=\"https:\/\/www.radiotop.ro\/img\/media\/2026\/03\/psd-soldan-bacau.jpg\" class=\"jeg_preview_item active\"><\/p>\n<div class=\"jeg_preview_item_thumbnail\"><img loading=\"lazy\" decoding=\"async\" width=\"120\" height=\"86\" src=\"https:\/\/www.radiotop.ro\/img\/media\/2026\/03\/psd-soldan-bacau-120x86.jpg\" class=\"attachment-jnews-120x86 size-jnews-120x86\" alt><\/div>\n<p><\/a><a data-id=\"1\" data-title data-image=\"https:\/\/www.radiotop.ro\/img\/media\/2026\/03\/psd-bacau-delegatie-suceava.jpg\" href=\"https:\/\/www.radiotop.ro\/img\/media\/2026\/03\/psd-bacau-delegatie-suceava.jpg\" class=\"jeg_preview_item \"><\/p>\n<div class=\"jeg_preview_item_thumbnail\"><img loading=\"lazy\" decoding=\"async\" width=\"120\" height=\"86\" src=\"https:\/\/www.radiotop.ro\/img\/media\/2026\/03\/psd-bacau-delegatie-suceava-120x86.jpg\" class=\"attachment-jnews-120x86 size-jnews-120x86\" alt><\/div>\n<p><\/a><a data-id=\"2\" data-title data-image=\"https:\/\/www.radiotop.ro\/img\/media\/2026\/03\/psd-bacau-grindeanu-soldan.jpg\" href=\"https:\/\/www.radiotop.ro\/img\/media\/2026\/03\/psd-bacau-grindeanu-soldan.jpg\" class=\"jeg_preview_item \"><\/p>\n<div class=\"jeg_preview_item_thumbnail\"><img loading=\"lazy\" decoding=\"async\" width=\"120\" height=\"86\" src=\"https:\/\/www.radiotop.ro\/img\/media\/2026\/03\/psd-bacau-grindeanu-soldan-120x86.jpg\" class=\"attachment-jnews-120x86 size-jnews-120x86\" alt><\/div>\n<p><\/a><a data-id=\"3\" data-title data-image=\"https:\/\/www.radiotop.ro\/img\/media\/2026\/03\/psd-rogobete-fron.jpg\" href=\"https:\/\/www.radiotop.ro\/img\/media\/2026\/03\/psd-rogobete-fron.jpg\" class=\"jeg_preview_item \"><\/p>\n<div class=\"jeg_preview_item_thumbnail\"><img loading=\"lazy\" decoding=\"async\" width=\"120\" height=\"86\" src=\"https:\/\/www.radiotop.ro\/img\/media\/2026\/03\/psd-rogobete-fron-120x86.jpg\" class=\"attachment-jnews-120x86 size-jnews-120x86\" alt><\/div>\n<p><\/a><a data-id=\"4\" data-title data-image=\"https:\/\/www.radiotop.ro\/img\/media\/2026\/03\/psd-soldan-bacau-1.jpg\" href=\"https:\/\/www.radiotop.ro\/img\/media\/2026\/03\/psd-soldan-bacau-1.jpg\" class=\"jeg_preview_item \"><\/p>\n<div class=\"jeg_preview_item_thumbnail\"><img loading=\"lazy\" decoding=\"async\" width=\"120\" height=\"86\" src=\"https:\/\/www.radiotop.ro\/img\/media\/2026\/03\/psd-soldan-bacau-1-120x86.jpg\" class=\"attachment-jnews-120x86 size-jnews-120x86\" alt><\/div>\n<p><\/a><\/div>\n<\/div>\n<\/div>\n<p>Dup\u0103 \u00eent\u00eelinrea de ast\u0103zi, de la Bac\u0103u, pre\u0219edintele PSD Suceava, Gheorghe \u0218oldan, a spus c\u0103 \u201de clar c\u0103 direc\u021bia actualului Guvern este gre\u0219it\u0103 \u0219i trebuie f\u0103cut\u0103 o schimbare\u201d. Membrii Biroului Permanent Jude\u021bean al Partidului Social Democrat Suceava au participat, la Bac\u0103u, la \u00eent\u00eelnirea regional\u0103 a organiza\u021biilor PSD din regiunea Nord-Est, organizat\u0103 de conducerea central\u0103 a partidului.<\/p>\n<p>Conform PSD, \u201d\u00eempreun\u0103 cu pre\u0219edintele Sorin Grindeanu, secretarul general Claudiu Manda \u0219i reprezentan\u021bii organiza\u021biilor jude\u021bene din Suceava, Bac\u0103u, Ia\u0219i, Boto\u0219ani, Neam\u021b \u0219i Vaslui, au avut loc discu\u021bii aplicate privind situa\u021bia actual\u0103 a guvern\u0103rii \u0219i direc\u021biile de ac\u021biune \u00een perioada urm\u0103toare\u201d.<\/p>\n<p>Gheorghe \u0218oldan este citat \u00eentr-un comunicat de pres\u0103 spun\u00eend: \u201eE clar c\u0103 direc\u021bia actualului Guvern este gre\u0219it\u0103 \u0219i trebuie f\u0103cut\u0103 o schimbare. Nu va fi o decizie luat\u0103 \u00een spatele unor u\u0219i \u00eenchise, ci una care reflect\u0103 voin\u021ba majorit\u0103\u021bii membrilor partidului, exprimat\u0103 prin vot, a\u0219a cum s-a \u00eent\u00eemplat \u0219i \u00een momentul intr\u0103rii la guvernare, c\u00eend peste 5.000 de social-democra\u021bi au sus\u021binut aceast\u0103 op\u021biune pentru asigurarea stabilit\u0103\u021bii\u201d.<\/p>\n<p>Conform PSD, to\u021bi cei care au luat cuv\u00eentul la dezbaterea de ast\u0103zi au subliniat necesitatea unei schimb\u0103ri \u00een actul de guvernare, \u00een condi\u021biile \u00een care politicile economice adoptate au generat dezechilibre majore, iar dialogul \u00een interiorul coali\u021biei a fost afectat de decizii luate unilateral, f\u0103r\u0103 consultarea partenerilor. \u00cen cadrul \u00eent\u00eelnirii au fost analizate trei scenarii posibile: continuarea actualei formule de guvernare; men\u021binerea unui guvern func\u021bional, cu schimbarea parametrilor de guvernare; \u00a0retragerea PSD de la guvernare \u0219i intrarea \u00een opozi\u021bie.<\/p>\n<p>\u00cen comunicat se mai arat\u0103: \u201dPSD a intrat \u00een aceast\u0103 coali\u021bie cu bun\u0103 credin\u021b\u0103, pentru a asigura stabilitatea \u021b\u0103rii. \u00cen lipsa unui parteneriat real \u0219i a respect\u0103rii angajamentelor asumate \u00een coali\u021bie, partidul are responsabilitatea de a ac\u021biona \u00een interesul rom\u00e2nilor. Am avertizat \u00een numeroase r\u00eenduri c\u0103 politicile primitive de austeritate vor lovi direct \u00een consum \u0219i vor \u00eempinge economia spre recesiune. \u00cen aceste condi\u021bii, a fost nevoie de ac\u021biuni ultimative pentru a impune \u00een guvern m\u0103suri fire\u0219ti, umane, de bun-sim\u021b, pe care le vedem \u00een alte state din Uniunea European\u0103: cre\u0219terea salariului minim, sus\u021binerea copiilor s\u0103raci sau a celor cu dizabilit\u0103\u021bi, sprijinirea persoanelor cu venituri mici sau interven\u021bia guvernului pentru temperarea cre\u0219terilor accelerate ale pre\u021burilor la combustibili. PSD va r\u0103m\u00eene un partid responsabil \u0219i nu va face majoritate cu vreun partid extremist. \u00cens\u0103, \u00een acela\u0219i timp, avem o responsabilitate la fel de mare de a schimba direc\u021bia \u00een care merge actuala guvernare. \u0218i cu siguran\u021b\u0103 vom face acest lucru! Decizia final\u0103 privind continuarea particip\u0103rii la guvernare va fi luat\u0103 \u00een urma consult\u0103rii interne a membrilor partidului\u201d.<\/p>\n<\/div>\n<\/div>\n<div class=\"content-inner \">\n<div class=\"jeg_preview_slider gallery_1\" data-selector=\"gallery_1\">\n<div class=\"jeg_preview_holder\">\n<div class=\"jeg_preview_media\">\n<div class=\"jeg_preview_media_holder\">\n<h3>\u00a0<\/h3>\n<div class=\"jeg_preview_control\">\n<div class=\"left_control\">\n<div class=\"counter\"><span class=\"current\">1<\/span> of  5<\/div>\n<\/div>\n<div class=\"zoom\"><span class=\"reduce\">&#8211;<\/span><span class=\"increase\">+<\/span><\/div>\n<\/div>\n<\/div>\n<\/div>\n<div class=\"jeg_preview_bottom_slider\"><a data-id=\"0\" data-title data-image=\"https:\/\/www.radiotop.ro\/img\/media\/2026\/03\/psd-soldan-bacau.jpg\" href=\"https:\/\/www.radiotop.ro\/img\/media\/2026\/03\/psd-soldan-bacau.jpg\" class=\"jeg_preview_item active\"><\/p>\n<div class=\"jeg_preview_item_thumbnail\"><img loading=\"lazy\" decoding=\"async\" width=\"120\" height=\"86\" src=\"https:\/\/www.radiotop.ro\/img\/media\/2026\/03\/psd-soldan-bacau-120x86.jpg\" class=\"attachment-jnews-120x86 size-jnews-120x86\" alt><\/div>\n<p><\/a><a data-id=\"1\" data-title data-image=\"https:\/\/www.radiotop.ro\/img\/media\/2026\/03\/psd-bacau-delegatie-suceava.jpg\" href=\"https:\/\/www.radiotop.ro\/img\/media\/2026\/03\/psd-bacau-delegatie-suceava.jpg\" class=\"jeg_preview_item \"><\/p>\n<div class=\"jeg_preview_item_thumbnail\"><img loading=\"lazy\" decoding=\"async\" width=\"120\" height=\"86\" src=\"https:\/\/www.radiotop.ro\/img\/media\/2026\/03\/psd-bacau-delegatie-suceava-120x86.jpg\" class=\"attachment-jnews-120x86 size-jnews-120x86\" alt><\/div>\n<p><\/a><a data-id=\"2\" data-title data-image=\"https:\/\/www.radiotop.ro\/img\/media\/2026\/03\/psd-bacau-grindeanu-soldan.jpg\" href=\"https:\/\/www.radiotop.ro\/img\/media\/2026\/03\/psd-bacau-grindeanu-soldan.jpg\" class=\"jeg_preview_item \"><\/p>\n<div class=\"jeg_preview_item_thumbnail\"><img loading=\"lazy\" decoding=\"async\" width=\"120\" height=\"86\" src=\"https:\/\/www.radiotop.ro\/img\/media\/2026\/03\/psd-bacau-grindeanu-soldan-120x86.jpg\" class=\"attachment-jnews-120x86 size-jnews-120x86\" alt><\/div>\n<p><\/a><a data-id=\"3\" data-title data-image=\"https:\/\/www.radiotop.ro\/img\/media\/2026\/03\/psd-rogobete-fron.jpg\" href=\"https:\/\/www.radiotop.ro\/img\/media\/2026\/03\/psd-rogobete-fron.jpg\" class=\"jeg_preview_item \"><\/p>\n<div class=\"jeg_preview_item_thumbnail\"><img loading=\"lazy\" decoding=\"async\" width=\"120\" height=\"86\" src=\"https:\/\/www.radiotop.ro\/img\/media\/2026\/03\/psd-rogobete-fron-120x86.jpg\" class=\"attachment-jnews-120x86 size-jnews-120x86\" alt><\/div>\n<p><\/a><a data-id=\"4\" data-title data-image=\"https:\/\/www.radiotop.ro\/img\/media\/2026\/03\/psd-soldan-bacau-1.jpg\" href=\"https:\/\/www.radiotop.ro\/img\/media\/2026\/03\/psd-soldan-bacau-1.jpg\" class=\"jeg_preview_item \"><\/p>\n<div class=\"jeg_preview_item_thumbnail\"><img loading=\"lazy\" decoding=\"async\" width=\"120\" height=\"86\" src=\"https:\/\/www.radiotop.ro\/img\/media\/2026\/03\/psd-soldan-bacau-1-120x86.jpg\" class=\"attachment-jnews-120x86 size-jnews-120x86\" alt><\/div>\n<p><\/a><\/div>\n<\/div>\n<\/div>\n<p>Dup\u0103 \u00eent\u00eelinrea de ast\u0103zi, de la Bac\u0103u, pre\u0219edintele PSD Suceava, Gheorghe \u0218oldan, a spus c\u0103 \u201de clar c\u0103 direc\u021bia actualului Guvern este gre\u0219it\u0103 \u0219i trebuie f\u0103cut\u0103 o schimbare\u201d. Membrii Biroului Permanent Jude\u021bean al Partidului Social Democrat Suceava au participat, la Bac\u0103u, la \u00eent\u00eelnirea regional\u0103 a organiza\u021biilor PSD din regiunea Nord-Est, organizat\u0103 de conducerea central\u0103 a partidului.<\/p>\n<p>Conform PSD, \u201d\u00eempreun\u0103 cu pre\u0219edintele Sorin Grindeanu, secretarul general Claudiu Manda \u0219i reprezentan\u021bii organiza\u021biilor jude\u021bene din Suceava, Bac\u0103u, Ia\u0219i, Boto\u0219ani, Neam\u021b \u0219i Vaslui, au avut loc discu\u021bii aplicate privind situa\u021bia actual\u0103 a guvern\u0103rii \u0219i direc\u021biile de ac\u021biune \u00een perioada urm\u0103toare\u201d.<\/p>\n<p>Gheorghe \u0218oldan este citat \u00eentr-un comunicat de pres\u0103 spun\u00eend: \u201eE clar c\u0103 direc\u021bia actualului Guvern este gre\u0219it\u0103 \u0219i trebuie f\u0103cut\u0103 o schimbare. Nu va fi o decizie luat\u0103 \u00een spatele unor u\u0219i \u00eenchise, ci una care reflect\u0103 voin\u021ba majorit\u0103\u021bii membrilor partidului, exprimat\u0103 prin vot, a\u0219a cum s-a \u00eent\u00eemplat \u0219i \u00een momentul intr\u0103rii la guvernare, c\u00eend peste 5.000 de social-democra\u021bi au sus\u021binut aceast\u0103 op\u021biune pentru asigurarea stabilit\u0103\u021bii\u201d.<\/p>\n<p>Conform PSD, to\u021bi cei care au luat cuv\u00eentul la dezbaterea de ast\u0103zi au subliniat necesitatea unei schimb\u0103ri \u00een actul de guvernare, \u00een condi\u021biile \u00een care politicile economice adoptate au generat dezechilibre majore, iar dialogul \u00een interiorul coali\u021biei a fost afectat de decizii luate unilateral, f\u0103r\u0103 consultarea partenerilor. \u00cen cadrul \u00eent\u00eelnirii au fost analizate trei scenarii posibile: continuarea actualei formule de guvernare; men\u021binerea unui guvern func\u021bional, cu schimbarea parametrilor de guvernare; \u00a0retragerea PSD de la guvernare \u0219i intrarea \u00een opozi\u021bie.<\/p>\n<p>\u00cen comunicat se mai arat\u0103: \u201dPSD a intrat \u00een aceast\u0103 coali\u021bie cu bun\u0103 credin\u021b\u0103, pentru a asigura stabilitatea \u021b\u0103rii. \u00cen lipsa unui parteneriat real \u0219i a respect\u0103rii angajamentelor asumate \u00een coali\u021bie, partidul are responsabilitatea de a ac\u021biona \u00een interesul rom\u00e2nilor. Am avertizat \u00een numeroase r\u00eenduri c\u0103 politicile primitive de austeritate vor lovi direct \u00een consum \u0219i vor \u00eempinge economia spre recesiune. \u00cen aceste condi\u021bii, a fost nevoie de ac\u021biuni ultimative pentru a impune \u00een guvern m\u0103suri fire\u0219ti, umane, de bun-sim\u021b, pe care le vedem \u00een alte state din Uniunea European\u0103: cre\u0219terea salariului minim, sus\u021binerea copiilor s\u0103raci sau a celor cu dizabilit\u0103\u021bi, sprijinirea persoanelor cu venituri mici sau interven\u021bia guvernului pentru temperarea cre\u0219terilor accelerate ale pre\u021burilor la combustibili. PSD va r\u0103m\u00eene un partid responsabil \u0219i nu va face majoritate cu vreun partid extremist. \u00cens\u0103, \u00een acela\u0219i timp, avem o responsabilitate la fel de mare de a schimba direc\u021bia \u00een care merge actuala guvernare. \u0218i cu siguran\u021b\u0103 vom face acest lucru! Decizia final\u0103 privind continuarea particip\u0103rii la guvernare va fi luat\u0103 \u00een urma consult\u0103rii interne a membrilor partidului\u201d.<\/p>\n<\/div>\n<p>[analyse_source url=&#8221;https:\/\/www.radiotop.ro\/politic\/gheorghe-soldan-dupa-intilnirea-psd-de-la-bacau-e-clar-ca-directia-actualului-guvern-este-gresita-si-trebuie-facuta-o-schimbare-in-cadrul-intilnirii-au-fost-analizate-trei-scenarii-posibile.html&#8221;]<\/p>\n","protected":false},"excerpt":{"rendered":"<p>[analyse_image type=&#8221;featured&#8221; src=&#8221;https:\/\/www.radiotop.ro\/img\/media\/2026\/03\/psd-bacau-grindeanu-microfon.jpghttps:\/\/www.radiotop.ro\/img\/media\/2026\/03\/psd-bacau-grindeanu-microfon.jpg&#8221;] \u00a0 1 of 5 &#8211;+ Dup\u0103 \u00eent\u00eelinrea de ast\u0103zi, de la Bac\u0103u, pre\u0219edintele PSD Suceava, Gheorghe \u0218oldan, a spus c\u0103 \u201de clar c\u0103 direc\u021bia actualului Guvern este gre\u0219it\u0103 \u0219i trebuie f\u0103cut\u0103 o schimbare\u201d. Membrii Biroului Permanent Jude\u021bean al Partidului Social Democrat Suceava au participat, la Bac\u0103u, la \u00eent\u00eelnirea regional\u0103 a organiza\u021biilor PSD [&hellip;]<\/p>\n","protected":false},"author":1,"featured_media":0,"comment_status":"open","ping_status":"","sticky":false,"template":"","format":"standard","meta":{"footnotes":""},"categories":[89],"tags":[226,163],"class_list":["post-1860625","post","type-post","status-publish","format-standard","hentry","category-romania","tag-crawlmanager","tag-radiotop-ro"],"_links":{"self":[{"href":"https:\/\/analyse.optim.biz\/index.php?rest_route=\/wp\/v2\/posts\/1860625","targetHints":{"allow":["GET"]}}],"collection":[{"href":"https:\/\/analyse.optim.biz\/index.php?rest_route=\/wp\/v2\/posts"}],"about":[{"href":"https:\/\/analyse.optim.biz\/index.php?rest_route=\/wp\/v2\/types\/post"}],"author":[{"embeddable":true,"href":"https:\/\/analyse.optim.biz\/index.php?rest_route=\/wp\/v2\/users\/1"}],"replies":[{"embeddable":true,"href":"https:\/\/analyse.optim.biz\/index.php?rest_route=%2Fwp%2Fv2%2Fcomments&post=1860625"}],"version-history":[{"count":0,"href":"https:\/\/analyse.optim.biz\/index.php?rest_route=\/wp\/v2\/posts\/1860625\/revisions"}],"wp:attachment":[{"href":"https:\/\/analyse.optim.biz\/index.php?rest_route=%2Fwp%2Fv2%2Fmedia&parent=1860625"}],"wp:term":[{"taxonomy":"category","embeddable":true,"href":"https:\/\/analyse.optim.biz\/index.php?rest_route=%2Fwp%2Fv2%2Fcategories&post=1860625"},{"taxonomy":"post_tag","embeddable":true,"href":"https:\/\/analyse.optim.biz\/index.php?rest_route=%2Fwp%2Fv2%2Ftags&post=1860625"}],"curies":[{"name":"wp","href":"https:\/\/api.w.org\/{rel}","templated":true}]}}