{"id":1860370,"date":"2026-03-31T12:25:00","date_gmt":"2026-03-31T09:25:00","guid":{"rendered":"https:\/\/analyse.optim.biz\/?p=1860370"},"modified":"2026-03-31T12:25:00","modified_gmt":"2026-03-31T09:25:00","slug":"spectatorii-oamenii-teatrului","status":"publish","type":"post","link":"https:\/\/analyse.optim.biz\/?p=1860370","title":{"rendered":"Spectatorii, Oamenii teatrului"},"content":{"rendered":"<p>[analyse_image type=&#8221;featured&#8221; src=&#8221;https:\/\/blogger.googleusercontent.com\/img\/b\/R29vZ2xl\/AVvXsEj2h21n2AO4VDkUGr5jKeGNC-mnJVvlsorWum4zTuvprWENHK2cWc5jsqAaRF-dRVn-ZO9DvG5U3xduBbagsar4vgbgmFemWlOFp_Ix2Ui9EjcZV8y0pX2qh8KsyaHAZXeNW9YFW4slw5YzZMRAWI4SqR1yja6Y6qzi8uj3vET4KzvKdMRFjlrXEDYDXOs\/w1600\/oamenii-teatrului-suceava.jpg&#8221;]<\/p>\n<div class=\"post-body entry-content\" id=\"post-body\">\n<div class=\"separator\"><a href=\"https:\/\/blogger.googleusercontent.com\/img\/b\/R29vZ2xl\/AVvXsEj2h21n2AO4VDkUGr5jKeGNC-mnJVvlsorWum4zTuvprWENHK2cWc5jsqAaRF-dRVn-ZO9DvG5U3xduBbagsar4vgbgmFemWlOFp_Ix2Ui9EjcZV8y0pX2qh8KsyaHAZXeNW9YFW4slw5YzZMRAWI4SqR1yja6Y6qzi8uj3vET4KzvKdMRFjlrXEDYDXOs\/s1200\/oamenii-teatrului-suceava.jpg\"><img decoding=\"async\" alt=\"Spectatorii, Oamenii teatrului\" border=\"0\" height=\"335\" loading=\"lazy\" src=\"https:\/\/blogger.googleusercontent.com\/img\/b\/R29vZ2xl\/AVvXsEj2h21n2AO4VDkUGr5jKeGNC-mnJVvlsorWum4zTuvprWENHK2cWc5jsqAaRF-dRVn-ZO9DvG5U3xduBbagsar4vgbgmFemWlOFp_Ix2Ui9EjcZV8y0pX2qh8KsyaHAZXeNW9YFW4slw5YzZMRAWI4SqR1yja6Y6qzi8uj3vET4KzvKdMRFjlrXEDYDXOs\/w640-h335-rw\/oamenii-teatrului-suceava.jpg\" title=\"Spectatorii, Oamenii teatrului\" width=\"640\"><\/a><\/div>\n<p>Teatrul este al celor care \u00eel iubesc &#8211; al celor care \u00eel creeaz\u0103 \u0219i al celor care \u00eel consum\u0103. Teatru f\u0103r\u0103 spectatori nu exist\u0103. De aceea sintagma \u201eoamenii teatrului\u201d este complet\u0103 numai \u00een m\u0103sura \u00een care \u00eei includem pe spectatori. <\/p>\n<p>Publicul este cel care d\u0103 sens actului artsitic. A\u0219a se face c\u0103 numai dup\u0103 spectacolul \u201eOamenii teatrului\u201d, realizat de Teatrul Municipal \u201eMatei Vi\u0219niec\u201d Suceava de Ziua Mondial\u0103 a Teatrului, am sim\u021bit c\u0103 misiunea fost \u00eendeplinit\u0103.  <\/p>\n<p>Pe 27 martie, spectacolul Oamenii teatrului, regizat de Daniel Bucur, a oferit sucevenilor momente inedite \u0219i nea\u0219teptate, a ar\u0103tat \u00eentr-o manier\u0103 artistic\u0103 \u0219i sensibil\u0103 c\u00e2t de important\u0103 este o echip\u0103 multidisciplinar\u0103 care contribuie la realizarea unui spectacol. <\/p>\n<p>Comunitatea ne-a fost al\u0103turi iar pentru asta \u00eei suntem recusc\u0103tori. V\u0103 mul\u021bumim, dragi spectatori de teatru! Este o bucurie s\u0103 ne avem unii pe al\u021bii!<\/p>\n<p>Iat\u0103 c\u00e2teva dintre reac\u021biile spectatorilor, \u00eemp\u0103rt\u0103\u0219ite pe re\u021belele de socializare:  <\/p>\n<p><b>Simona Manolache Sandiuc, prof. univ. dr:<br \/><\/b><i>\u201eMul\u021bumesc, Teatru drag! Seara a fost mult mai emo\u021bionant\u0103 dec\u00e2t m\u0103 a\u0219teptam, recunosc c\u0103 mi-au dat \u0219i lacrimile de c\u00e2teva ori. Naturale\u021bea interven\u021biilor, umanitatea \u0219i responsabilitatea celor care fac ca evenimentul cultural (nu doar teatral) s\u0103 aib\u0103 aerul c\u0103 face parte din normalitatea fiec\u0103ruia (o, de-ar fi a\u0219a!), grija nezgomotoas\u0103, dar eficient\u0103, pentru copii \u0219i adolescen\u021bi &#8211; uau! copiii \u0219i adolescen\u021bii de pe scen\u0103 ar fi meritat \u00eenc\u0103 \u0219i mai multe aplauze! -, preocuparea evident\u0103 pentru viitorul nostru, al tuturor (oameni, animale, plante)&#8230; ar fi \u00eenc\u0103 multe de ad\u0103ugat ca s\u0103-mi l\u0103muresc \u00een primul r\u00e2nd mie ce anume, pe l\u00e2ng\u0103 talentul indiscutabil al unor actori \u0219i al altor creatori de o generozitate \u0219i de o inteligen\u021b\u0103 admirabile, \u00eemi d\u0103 mereu impresia &#8211; a f\u0103cut-o \u0219i la ceas aniversar &#8211; c\u0103 acest Teatru Municipal &#8220;Matei Vi\u0219niec&#8221; (bine ales nume!) e o \u00eent\u00e2mplare miraculoas\u0103 a ora\u0219ului nostru. S\u0103 dureze c\u00e2t mai mult! La mul\u021bi ani!\u201d<\/i><\/p>\n<p><b>Steiciuc Elena-Brandusa, prof. univ. dr.:<\/b><br \/><i>\u201eSpectacolul Teatrului &#8220;Matei Vi\u0219niec&#8221; a adus \u00een scen\u0103 tot personalul institu\u021biei: actorii, echipa tehnic\u0103, conducerea, administra\u021bia, contabilitatea. Bine\u00een\u021beles, interven\u021bia filmat\u0103 a lui Matei Vi\u0219niec. Un \u201epuzzle\u201d bine conceput, cu inser\u021bii de secven\u021be filmate, muzic\u0103, momente \u00eenc\u00e2nt\u0103toare de balet. O s\u0103rb\u0103toare adev\u0103rat\u0103, de Ziua Mondial\u0103 a Teatrului. Chapeau!\u201d<br \/><\/i><\/p>\n<p><b>Daniela Ceredeev, profesor, inspector \u0219colar, profesor laureat Merito:<\/b><br \/><i>\u201eA fost \u00eensemnat\u0103, cu doar c\u00e2teva zeci de ore \u00een urm\u0103, \u00een filele de calendar, Ziua Mondial\u0103 a Teatrului. \u0218i, la Teatrul Municipal \u201eMatei Vi\u0219niec\u201d din Suceava, a fost celebrat\u0103 \u0219i printr-un inspirat, complex, inedit, nespus de emo\u021bionant \u0219i de frumos, cordial \u0219i profesionist. orchestrat eveniment, spectacolul \u201eOamenii teatrului\u201d. (\u2026) O \u00een\u0219irare, ca boabele-n metanier, de confesiuni, dezv\u0103luiri de sine, cu sufletul \u00eenf\u0103\u021bi\u0219at ca un bulg\u0103re str\u0103lucitor \u0219i str\u0103lucind de via\u021b\u0103, a fost \u0219i spectacolul \u201eOamenii teatrului\u201d. O \u201epoveste \u00een ram\u0103\u201d, un colocviu neconven\u021bional pe tema profesiei tr\u0103ite ca o repetabil\u0103 \u0219i complet\u0103 d\u0103ruire de sine.     V\u0103 scriu \u0219i g\u00e2ndul meu de-acum e unul ce s-ar vrea o ne-retoric\u0103-ntrebare: pentru m\u0103car \u0219i-o singur\u0103 venit\u0103 dinspre arta teatrului bucurie, am putea s\u0103-i re\u00eencredin\u021b\u0103m pe oamenii teatrului sucevean c\u0103-i pre\u021buim \u0219i c\u0103 le mul\u021bumim?  La mul\u021bi \u0219i \u00eenve\u0219nici\u021bi ani!\u201d <\/i><\/p>\n<p>Pentru to\u021bi oamenii teatrului, lucr\u0103tori \u0219i spectatori, reveren\u021b\u0103!<\/p>\n<p>Programul de spectacole al lunii Aprilie 2026 a fost deja publicat iar biletele sunt puse \u00een v\u00e2nzare prin casiere sau pe platforma online www.bilet.ro<\/p>\n<p>Pentru a afla mai multe informa\u021bii despre evenimentele teatrului, v\u0103 rug\u0103m s\u0103 urm\u0103ri\u021bi paginile noastre: www.facebook.com\/teatrulmateivisniec.ro\/,  www.instagram.com\/teatrul.matei.visniec.suceava, www.teatrulmateivisniec.ro.<\/p>\n<p>V\u0103 a\u0219tept\u0103m la teatru! <\/p>\n<div><\/div>\n<div><b>Teatrul Municipal Matei Vi\u0219niec Suceav<\/b><\/div>\n<\/div>\n<div class=\"post-body entry-content\" id=\"post-body\">\n<div class=\"separator\"><a href=\"https:\/\/blogger.googleusercontent.com\/img\/b\/R29vZ2xl\/AVvXsEj2h21n2AO4VDkUGr5jKeGNC-mnJVvlsorWum4zTuvprWENHK2cWc5jsqAaRF-dRVn-ZO9DvG5U3xduBbagsar4vgbgmFemWlOFp_Ix2Ui9EjcZV8y0pX2qh8KsyaHAZXeNW9YFW4slw5YzZMRAWI4SqR1yja6Y6qzi8uj3vET4KzvKdMRFjlrXEDYDXOs\/s1200\/oamenii-teatrului-suceava.jpg\"><img decoding=\"async\" alt=\"Spectatorii, Oamenii teatrului\" border=\"0\" height=\"335\" loading=\"lazy\" src=\"https:\/\/blogger.googleusercontent.com\/img\/b\/R29vZ2xl\/AVvXsEj2h21n2AO4VDkUGr5jKeGNC-mnJVvlsorWum4zTuvprWENHK2cWc5jsqAaRF-dRVn-ZO9DvG5U3xduBbagsar4vgbgmFemWlOFp_Ix2Ui9EjcZV8y0pX2qh8KsyaHAZXeNW9YFW4slw5YzZMRAWI4SqR1yja6Y6qzi8uj3vET4KzvKdMRFjlrXEDYDXOs\/w640-h335-rw\/oamenii-teatrului-suceava.jpg\" title=\"Spectatorii, Oamenii teatrului\" width=\"640\"><\/a><\/div>\n<p>Teatrul este al celor care \u00eel iubesc &#8211; al celor care \u00eel creeaz\u0103 \u0219i al celor care \u00eel consum\u0103. Teatru f\u0103r\u0103 spectatori nu exist\u0103. De aceea sintagma \u201eoamenii teatrului\u201d este complet\u0103 numai \u00een m\u0103sura \u00een care \u00eei includem pe spectatori. <\/p>\n<p>Publicul este cel care d\u0103 sens actului artsitic. A\u0219a se face c\u0103 numai dup\u0103 spectacolul \u201eOamenii teatrului\u201d, realizat de Teatrul Municipal \u201eMatei Vi\u0219niec\u201d Suceava de Ziua Mondial\u0103 a Teatrului, am sim\u021bit c\u0103 misiunea fost \u00eendeplinit\u0103.  <\/p>\n<p>Pe 27 martie, spectacolul Oamenii teatrului, regizat de Daniel Bucur, a oferit sucevenilor momente inedite \u0219i nea\u0219teptate, a ar\u0103tat \u00eentr-o manier\u0103 artistic\u0103 \u0219i sensibil\u0103 c\u00e2t de important\u0103 este o echip\u0103 multidisciplinar\u0103 care contribuie la realizarea unui spectacol. <\/p>\n<p>Comunitatea ne-a fost al\u0103turi iar pentru asta \u00eei suntem recusc\u0103tori. V\u0103 mul\u021bumim, dragi spectatori de teatru! Este o bucurie s\u0103 ne avem unii pe al\u021bii!<\/p>\n<p>Iat\u0103 c\u00e2teva dintre reac\u021biile spectatorilor, \u00eemp\u0103rt\u0103\u0219ite pe re\u021belele de socializare:  <\/p>\n<p><b>Simona Manolache Sandiuc, prof. univ. dr:<br \/><\/b><i>\u201eMul\u021bumesc, Teatru drag! Seara a fost mult mai emo\u021bionant\u0103 dec\u00e2t m\u0103 a\u0219teptam, recunosc c\u0103 mi-au dat \u0219i lacrimile de c\u00e2teva ori. Naturale\u021bea interven\u021biilor, umanitatea \u0219i responsabilitatea celor care fac ca evenimentul cultural (nu doar teatral) s\u0103 aib\u0103 aerul c\u0103 face parte din normalitatea fiec\u0103ruia (o, de-ar fi a\u0219a!), grija nezgomotoas\u0103, dar eficient\u0103, pentru copii \u0219i adolescen\u021bi &#8211; uau! copiii \u0219i adolescen\u021bii de pe scen\u0103 ar fi meritat \u00eenc\u0103 \u0219i mai multe aplauze! -, preocuparea evident\u0103 pentru viitorul nostru, al tuturor (oameni, animale, plante)&#8230; ar fi \u00eenc\u0103 multe de ad\u0103ugat ca s\u0103-mi l\u0103muresc \u00een primul r\u00e2nd mie ce anume, pe l\u00e2ng\u0103 talentul indiscutabil al unor actori \u0219i al altor creatori de o generozitate \u0219i de o inteligen\u021b\u0103 admirabile, \u00eemi d\u0103 mereu impresia &#8211; a f\u0103cut-o \u0219i la ceas aniversar &#8211; c\u0103 acest Teatru Municipal &#8220;Matei Vi\u0219niec&#8221; (bine ales nume!) e o \u00eent\u00e2mplare miraculoas\u0103 a ora\u0219ului nostru. S\u0103 dureze c\u00e2t mai mult! La mul\u021bi ani!\u201d<\/i><\/p>\n<p><b>Steiciuc Elena-Brandusa, prof. univ. dr.:<\/b><br \/><i>\u201eSpectacolul Teatrului &#8220;Matei Vi\u0219niec&#8221; a adus \u00een scen\u0103 tot personalul institu\u021biei: actorii, echipa tehnic\u0103, conducerea, administra\u021bia, contabilitatea. Bine\u00een\u021beles, interven\u021bia filmat\u0103 a lui Matei Vi\u0219niec. Un \u201epuzzle\u201d bine conceput, cu inser\u021bii de secven\u021be filmate, muzic\u0103, momente \u00eenc\u00e2nt\u0103toare de balet. O s\u0103rb\u0103toare adev\u0103rat\u0103, de Ziua Mondial\u0103 a Teatrului. Chapeau!\u201d<br \/><\/i><\/p>\n<p><b>Daniela Ceredeev, profesor, inspector \u0219colar, profesor laureat Merito:<\/b><br \/><i>\u201eA fost \u00eensemnat\u0103, cu doar c\u00e2teva zeci de ore \u00een urm\u0103, \u00een filele de calendar, Ziua Mondial\u0103 a Teatrului. \u0218i, la Teatrul Municipal \u201eMatei Vi\u0219niec\u201d din Suceava, a fost celebrat\u0103 \u0219i printr-un inspirat, complex, inedit, nespus de emo\u021bionant \u0219i de frumos, cordial \u0219i profesionist. orchestrat eveniment, spectacolul \u201eOamenii teatrului\u201d. (\u2026) O \u00een\u0219irare, ca boabele-n metanier, de confesiuni, dezv\u0103luiri de sine, cu sufletul \u00eenf\u0103\u021bi\u0219at ca un bulg\u0103re str\u0103lucitor \u0219i str\u0103lucind de via\u021b\u0103, a fost \u0219i spectacolul \u201eOamenii teatrului\u201d. O \u201epoveste \u00een ram\u0103\u201d, un colocviu neconven\u021bional pe tema profesiei tr\u0103ite ca o repetabil\u0103 \u0219i complet\u0103 d\u0103ruire de sine.     V\u0103 scriu \u0219i g\u00e2ndul meu de-acum e unul ce s-ar vrea o ne-retoric\u0103-ntrebare: pentru m\u0103car \u0219i-o singur\u0103 venit\u0103 dinspre arta teatrului bucurie, am putea s\u0103-i re\u00eencredin\u021b\u0103m pe oamenii teatrului sucevean c\u0103-i pre\u021buim \u0219i c\u0103 le mul\u021bumim?  La mul\u021bi \u0219i \u00eenve\u0219nici\u021bi ani!\u201d <\/i><\/p>\n<p>Pentru to\u021bi oamenii teatrului, lucr\u0103tori \u0219i spectatori, reveren\u021b\u0103!<\/p>\n<p>Programul de spectacole al lunii Aprilie 2026 a fost deja publicat iar biletele sunt puse \u00een v\u00e2nzare prin casiere sau pe platforma online www.bilet.ro<\/p>\n<p>Pentru a afla mai multe informa\u021bii despre evenimentele teatrului, v\u0103 rug\u0103m s\u0103 urm\u0103ri\u021bi paginile noastre: www.facebook.com\/teatrulmateivisniec.ro\/,  www.instagram.com\/teatrul.matei.visniec.suceava, www.teatrulmateivisniec.ro.<\/p>\n<p>V\u0103 a\u0219tept\u0103m la teatru! <\/p>\n<div><\/div>\n<div><b>Teatrul Municipal Matei Vi\u0219niec Suceav<\/b><\/div>\n<\/div>\n<p>[analyse_source url=&#8221;https:\/\/www.stirisuceava.net\/2026\/03\/spectatorii-oamenii-teatrului.html&#8221;]<\/p>\n","protected":false},"excerpt":{"rendered":"<p>[analyse_image type=&#8221;featured&#8221; src=&#8221;https:\/\/blogger.googleusercontent.com\/img\/b\/R29vZ2xl\/AVvXsEj2h21n2AO4VDkUGr5jKeGNC-mnJVvlsorWum4zTuvprWENHK2cWc5jsqAaRF-dRVn-ZO9DvG5U3xduBbagsar4vgbgmFemWlOFp_Ix2Ui9EjcZV8y0pX2qh8KsyaHAZXeNW9YFW4slw5YzZMRAWI4SqR1yja6Y6qzi8uj3vET4KzvKdMRFjlrXEDYDXOs\/w1600\/oamenii-teatrului-suceava.jpg&#8221;] Teatrul este al celor care \u00eel iubesc &#8211; al celor care \u00eel creeaz\u0103 \u0219i al celor care \u00eel consum\u0103. Teatru f\u0103r\u0103 spectatori nu exist\u0103. De aceea sintagma \u201eoamenii teatrului\u201d este complet\u0103 numai \u00een m\u0103sura \u00een care \u00eei includem pe spectatori. Publicul este cel care d\u0103 sens actului artsitic. A\u0219a se face c\u0103 [&hellip;]<\/p>\n","protected":false},"author":1,"featured_media":0,"comment_status":"open","ping_status":"","sticky":false,"template":"","format":"standard","meta":{"footnotes":""},"categories":[89],"tags":[226,172],"class_list":["post-1860370","post","type-post","status-publish","format-standard","hentry","category-romania","tag-crawlmanager","tag-stirisuceava-net"],"_links":{"self":[{"href":"https:\/\/analyse.optim.biz\/index.php?rest_route=\/wp\/v2\/posts\/1860370","targetHints":{"allow":["GET"]}}],"collection":[{"href":"https:\/\/analyse.optim.biz\/index.php?rest_route=\/wp\/v2\/posts"}],"about":[{"href":"https:\/\/analyse.optim.biz\/index.php?rest_route=\/wp\/v2\/types\/post"}],"author":[{"embeddable":true,"href":"https:\/\/analyse.optim.biz\/index.php?rest_route=\/wp\/v2\/users\/1"}],"replies":[{"embeddable":true,"href":"https:\/\/analyse.optim.biz\/index.php?rest_route=%2Fwp%2Fv2%2Fcomments&post=1860370"}],"version-history":[{"count":0,"href":"https:\/\/analyse.optim.biz\/index.php?rest_route=\/wp\/v2\/posts\/1860370\/revisions"}],"wp:attachment":[{"href":"https:\/\/analyse.optim.biz\/index.php?rest_route=%2Fwp%2Fv2%2Fmedia&parent=1860370"}],"wp:term":[{"taxonomy":"category","embeddable":true,"href":"https:\/\/analyse.optim.biz\/index.php?rest_route=%2Fwp%2Fv2%2Fcategories&post=1860370"},{"taxonomy":"post_tag","embeddable":true,"href":"https:\/\/analyse.optim.biz\/index.php?rest_route=%2Fwp%2Fv2%2Ftags&post=1860370"}],"curies":[{"name":"wp","href":"https:\/\/api.w.org\/{rel}","templated":true}]}}