{"id":186012,"date":"2015-02-23T11:37:41","date_gmt":"2015-02-23T08:37:41","guid":{"rendered":"https:\/\/analyse.optim.biz\/?p=186012"},"modified":"2015-02-23T11:37:41","modified_gmt":"2015-02-23T08:37:41","slug":"crin-antonescu-klaus-iohannis-va-fi-un-presedinte-extrem-de-puternic-sper-sa-fie-mai-puternic-decat-traian-basescu","status":"publish","type":"post","link":"https:\/\/analyse.optim.biz\/?p=186012","title":{"rendered":"Crin Antonescu: Klaus Iohannis va fi un pre\u0219edinte extrem de puternic. Sper s\u0103 fie mai puternic dec\u00e2t Traian B\u0103sescu"},"content":{"rendered":"<div class=\"entry data-app-meta data-app-meta-article\" data-embed-base-url-canonical=\"https:\/\/www.digi24.ro\/embed\/stiri\/actualitate\/politica\/crin-antonescu-klaus-iohannis-va-fi-un-presedinte-extrem-de-puternic-sper-sa-fie-mai-puternic-decat-traian-basescu-362574\">\n<p data-index=\"1\">\u201e<span>Parcursul lui Klaus Iohannis este unul normal, este, din punctul meu de vedere, foarte bun \u015fi previzibil. Dac\u0103 cineva s-a a\u015fteptat ca el s\u0103 fie un personaj de ceremonial care s\u0103 taie panglici, s\u0103 nu se certe cu nimeni, s-a \u00een\u015felat\u201d, a declarat senatorul PNL.<\/span><\/p>\n<p data-index=\"2\">\u201e<span>Iohannis, printre pu\u0163inele lucruri pe care le-a spus \u00een campanie, a spus vreo dou\u0103 foarte grele. Iohannis a spus: Candidez \u015fi vreau s\u0103 fiu pre\u015fedinte pentru a schimba modul \u00een care se face politic\u0103 \u00een Rom\u00e2nia. Klaus Iohannis, av\u00e2nd \u00een vedere \u015fi conjunctura, va fi un pre\u015fedinte extrem de puternic al Rom\u00e2niei. Rom\u00e2nia de facto va fi un regim preziden\u0163ial \u00een urm\u0103torii ani. Klaus Iohannis sper s\u0103 fie un pre\u015fedinte mai puternic dec\u00e2t B\u0103sescu, tocmai pentru c\u0103 va fi mai corect\u201d, a ad\u0103ugat Crin Antonescu. \u00a0<\/span><\/p>\n<\/div>\n<p> Source URL: https:\/\/www.digi24.ro\/stiri\/actualitate\/politica\/crin-antonescu-klaus-iohannis-va-fi-un-presedinte-extrem-de-puternic-sper-sa-fie-mai-puternic-decat-traian-basescu-362574<\/p>\n","protected":false},"excerpt":{"rendered":"<p>\u201eParcursul lui Klaus Iohannis este unul normal, este, din punctul meu de vedere, foarte bun \u015fi previzibil. Dac\u0103 cineva s-a a\u015fteptat ca el s\u0103 fie un personaj de ceremonial care s\u0103 taie panglici, s\u0103 nu se certe cu nimeni, s-a \u00een\u015felat\u201d, a declarat senatorul PNL. \u201eIohannis, printre pu\u0163inele lucruri pe care le-a spus \u00een campanie, [&hellip;]<\/p>\n","protected":false},"author":1,"featured_media":186013,"comment_status":"open","ping_status":"","sticky":false,"template":"","format":"standard","meta":{"footnotes":""},"categories":[2],"tags":[11],"class_list":["post-186012","post","type-post","status-publish","format-standard","has-post-thumbnail","hentry","category-politics","tag-digi24"],"_links":{"self":[{"href":"https:\/\/analyse.optim.biz\/index.php?rest_route=\/wp\/v2\/posts\/186012","targetHints":{"allow":["GET"]}}],"collection":[{"href":"https:\/\/analyse.optim.biz\/index.php?rest_route=\/wp\/v2\/posts"}],"about":[{"href":"https:\/\/analyse.optim.biz\/index.php?rest_route=\/wp\/v2\/types\/post"}],"author":[{"embeddable":true,"href":"https:\/\/analyse.optim.biz\/index.php?rest_route=\/wp\/v2\/users\/1"}],"replies":[{"embeddable":true,"href":"https:\/\/analyse.optim.biz\/index.php?rest_route=%2Fwp%2Fv2%2Fcomments&post=186012"}],"version-history":[{"count":0,"href":"https:\/\/analyse.optim.biz\/index.php?rest_route=\/wp\/v2\/posts\/186012\/revisions"}],"wp:featuredmedia":[{"embeddable":true,"href":"https:\/\/analyse.optim.biz\/index.php?rest_route=\/wp\/v2\/media\/186013"}],"wp:attachment":[{"href":"https:\/\/analyse.optim.biz\/index.php?rest_route=%2Fwp%2Fv2%2Fmedia&parent=186012"}],"wp:term":[{"taxonomy":"category","embeddable":true,"href":"https:\/\/analyse.optim.biz\/index.php?rest_route=%2Fwp%2Fv2%2Fcategories&post=186012"},{"taxonomy":"post_tag","embeddable":true,"href":"https:\/\/analyse.optim.biz\/index.php?rest_route=%2Fwp%2Fv2%2Ftags&post=186012"}],"curies":[{"name":"wp","href":"https:\/\/api.w.org\/{rel}","templated":true}]}}