{"id":186001,"date":"2015-02-23T13:54:18","date_gmt":"2015-02-23T10:54:18","guid":{"rendered":"https:\/\/analyse.optim.biz\/?p=186001"},"modified":"2015-02-23T13:54:18","modified_gmt":"2015-02-23T10:54:18","slug":"victor-ponta-psd-nu-se-va-opune-numirii-lui-eduard-hellvig-la-conducerea-sri","status":"publish","type":"post","link":"https:\/\/analyse.optim.biz\/?p=186001","title":{"rendered":"Victor Ponta: PSD nu se va opune numirii lui Eduard Hellvig la conducerea SRI"},"content":{"rendered":"<div class=\"entry data-app-meta data-app-meta-article\" data-embed-base-url-canonical=\"https:\/\/www.digi24.ro\/embed\/stiri\/actualitate\/politica\/victor-ponta-psd-nu-se-va-opune-numirii-lui-eduard-hellvig-la-conducerea-sri-362632\">\n<p data-index=\"1\">Ponta a declarat c\u0103 \u00een urma deciziei din conducerea partidului, se va merge \u00een fa\u021ba grupurilor parlamentare ale PSD cu propunerea respect\u0103rii unui principiu enun\u021bat \u00eenc\u0103 din 2014, de a avea persoane, dac\u0103 se poate, nepolitice \u00een fruntea unor institu\u021bii nepolitice, respectiv ca &#8220;to\u021bi \u0219efii din aceste institu\u021bii s\u0103 nu apar\u021bin\u0103 aceleea\u0219i forma\u021biuni politice&#8221;.<\/p>\n<p data-index=\"2\">Pre\u0219edintele PSD a ar\u0103tat c\u0103 ar fi preferat &#8220;ca nominalizarea s\u0103 fie f\u0103cut\u0103 pentru o persoan\u0103 care s\u0103 nu apar\u021bin\u0103 PNL&#8221;.<\/p>\n<p data-index=\"3\"><a href=\"https:\/\/www.digi24.ro\/Stiri\/Digi24\/Actualitate\/Politica\/Eduard+Hellvig+nominalizat+pentru+functia+de+director+al+SRI+va+\" target=\"_blank\" data-skip-linkfix=\"1\" rel=\"noopener\"><strong>Eduard Hellvig, nominalizat pentru func\u0163ia de director al SRI, va fi audiat mar\u0163i \u00een comisia de control<\/strong><\/a><\/p>\n<p data-index=\"4\">&#8220;Respect\u0103m dreptul pre\u0219edintelui (..) Pe domnul Hellvig \u00eel cunoa\u0219tem, am lucrat bine, c\u00e2nd eram \u00een USL, este o persoan\u0103 echilibrat\u0103 (..). Nu ne vom opune la numirea domniei sale, dar ne dorim dezbatere public\u0103 pe acest principiu, s\u0103 stabilim dac\u0103 o putere politic\u0103, aflat\u0103 \u00een posibilitatea de a face numiri, va acoperi toate func\u021biile&#8221;, a spus Victor Ponta.<\/p>\n<p data-index=\"5\">Pre\u0219edintele Klaus Iohannis l-a nominalizat, joi, pe <a href=\"https:\/\/www.digi24.ro\/Stiri\/Digi24\/Actualitate\/Politica\/Eduard+Hellvig+la+sefia+SRI+Cati+parlamentari+il+sustin\" target=\"_blank\" data-skip-linkfix=\"1\" rel=\"noopener\"><strong>europarlamentarul PNL Eduard Hellvig<\/strong><\/a>pentru func\u0163ia de director al Serviciului Rom\u00e2n de Informa\u021bii.<\/p>\n<p data-index=\"6\">El a spus c\u0103 \u00een cursul zilei a avut \u00eent\u00e2lniri cu liderii partidelor politice, c\u0103rora le-a adus la cuno\u0219tin\u021b\u0103 inten\u021bia sa de nominalizare a lui Eduard Hellvig pentru func\u0163ia de director al Serviciului Rom\u00e2n de Informa\u021bii.<\/p>\n<p data-index=\"7\">\u015eeful statului a men\u0163ionat c\u0103 a decis s\u0103 fac\u0103 o nominalizare pentru pozi\u0163ia de director al SRI, \u00een persoana lui Eduard Hellvig.<\/p>\n<\/div>\n<p> Source URL: https:\/\/www.digi24.ro\/stiri\/actualitate\/politica\/victor-ponta-psd-nu-se-va-opune-numirii-lui-eduard-hellvig-la-conducerea-sri-362632<\/p>\n","protected":false},"excerpt":{"rendered":"<p>Ponta a declarat c\u0103 \u00een urma deciziei din conducerea partidului, se va merge \u00een fa\u021ba grupurilor parlamentare ale PSD cu propunerea respect\u0103rii unui principiu enun\u021bat \u00eenc\u0103 din 2014, de a avea persoane, dac\u0103 se poate, nepolitice \u00een fruntea unor institu\u021bii nepolitice, respectiv ca &#8220;to\u021bi \u0219efii din aceste institu\u021bii s\u0103 nu apar\u021bin\u0103 aceleea\u0219i forma\u021biuni politice&#8221;. Pre\u0219edintele [&hellip;]<\/p>\n","protected":false},"author":1,"featured_media":186002,"comment_status":"open","ping_status":"","sticky":false,"template":"","format":"standard","meta":{"footnotes":""},"categories":[2],"tags":[11],"class_list":["post-186001","post","type-post","status-publish","format-standard","has-post-thumbnail","hentry","category-politics","tag-digi24"],"_links":{"self":[{"href":"https:\/\/analyse.optim.biz\/index.php?rest_route=\/wp\/v2\/posts\/186001","targetHints":{"allow":["GET"]}}],"collection":[{"href":"https:\/\/analyse.optim.biz\/index.php?rest_route=\/wp\/v2\/posts"}],"about":[{"href":"https:\/\/analyse.optim.biz\/index.php?rest_route=\/wp\/v2\/types\/post"}],"author":[{"embeddable":true,"href":"https:\/\/analyse.optim.biz\/index.php?rest_route=\/wp\/v2\/users\/1"}],"replies":[{"embeddable":true,"href":"https:\/\/analyse.optim.biz\/index.php?rest_route=%2Fwp%2Fv2%2Fcomments&post=186001"}],"version-history":[{"count":0,"href":"https:\/\/analyse.optim.biz\/index.php?rest_route=\/wp\/v2\/posts\/186001\/revisions"}],"wp:featuredmedia":[{"embeddable":true,"href":"https:\/\/analyse.optim.biz\/index.php?rest_route=\/wp\/v2\/media\/186002"}],"wp:attachment":[{"href":"https:\/\/analyse.optim.biz\/index.php?rest_route=%2Fwp%2Fv2%2Fmedia&parent=186001"}],"wp:term":[{"taxonomy":"category","embeddable":true,"href":"https:\/\/analyse.optim.biz\/index.php?rest_route=%2Fwp%2Fv2%2Fcategories&post=186001"},{"taxonomy":"post_tag","embeddable":true,"href":"https:\/\/analyse.optim.biz\/index.php?rest_route=%2Fwp%2Fv2%2Ftags&post=186001"}],"curies":[{"name":"wp","href":"https:\/\/api.w.org\/{rel}","templated":true}]}}