{"id":185998,"date":"2015-02-23T14:55:27","date_gmt":"2015-02-23T11:55:27","guid":{"rendered":"https:\/\/analyse.optim.biz\/?p=185998"},"modified":"2015-02-23T14:55:27","modified_gmt":"2015-02-23T11:55:27","slug":"eduard-hellvig-nominalizat-pentru-functia-de-director-al-sri-va-fi-audiat-marti-in-comisia-de-control","status":"publish","type":"post","link":"https:\/\/analyse.optim.biz\/?p=185998","title":{"rendered":"Eduard Hellvig, nominalizat pentru func\u0163ia de director al SRI, va fi audiat mar\u0163i \u00een comisia de control"},"content":{"rendered":"<div class=\"entry data-app-meta data-app-meta-article\" data-embed-base-url-canonical=\"https:\/\/www.digi24.ro\/embed\/stiri\/actualitate\/politica\/eduard-hellvig-nominalizat-pentru-functia-de-director-al-sri-va-fi-audiat-marti-in-comisia-de-control-362696\">\n<p data-index=\"1\"><img decoding=\"async\" src=\"https:\/\/analyse.optim.biz\/wp-content\/uploads\/2024\/09\/anbnjnc9odawjmhhc2g9ngnjn2mxmthhmtcwmdljmtrjodjkzjk2mjm1nzjhnwy-thumb_.jpg\" data-skip-htmlfix=\"1\" title=\"anbnjnc9odawjmhhc2g9ngnjn2mxmthhmtcwmdljmtrjodjkzjk2mjm1nzjhnwy-thumb_\"><\/p>\n<p data-index=\"2\"><em><strong>Eduard Hellvig \/ FOTO: MediafaxFoto<\/strong><\/em><\/p>\n<p data-index=\"3\">\u201e<span>Birourile Permanente reunite, consult\u00e2ndu-se cu reprezentan\u0163ii comisiei pentru controlul SRI de la nivelul Parlamentului au stabilit c\u0103 mar\u0163i, la ora 10.00, va avea loc audierea domnului\u00a0Eduard Hellvig\u00a0pentru func\u0163ia de director al SRI. Miercuri la ora 13.00, Birourile Permanente reunite vor lua \u00een discu\u0163ie dup\u0103 ce vor primi raportul comisiei SRI convocarea celor dou\u0103 Camere pentru vot\u201d, a spus vicepre\u015fedintele Senatului, Cristian Dumitrescu, la finalul \u015fedin\u0163ei conducerii Senatului \u015fi a Camerei Deputa\u0163ilor, citat de Mediafax.\u00a0<\/span><\/p>\n<p data-index=\"4\">Pre\u0219edintele PSD, Victor Ponta a declarat, luni, dup\u0103 \u0219edin\u021ba Biroului Permanent Na\u021bional, c\u0103 <a href=\"https:\/\/www.digi24.ro\/Stiri\/Digi24\/Actualitate\/Politica\/V+Ponta+PSD+nu+se+va+opune+numirii+lui+E+Hellvig+la+conducerea+S\" target=\"_blank\" data-skip-linkfix=\"1\" rel=\"noopener\"><strong>social-democra\u021bii nu se vor opune numirii lui Eduard Hellvig<\/strong><\/a> la conducerea Serviciului Rom\u00e2n de Informa\u021bii (SRI), dar c\u0103 doresc o dezbatere public\u0103 privind numirile nepolitice \u00een institu\u021biile nepolitice.<\/p>\n<\/div>\n<p> Source URL: https:\/\/www.digi24.ro\/stiri\/actualitate\/politica\/eduard-hellvig-nominalizat-pentru-functia-de-director-al-sri-va-fi-audiat-marti-in-comisia-de-control-362696<\/p>\n","protected":false},"excerpt":{"rendered":"<p>Eduard Hellvig \/ FOTO: MediafaxFoto \u201eBirourile Permanente reunite, consult\u00e2ndu-se cu reprezentan\u0163ii comisiei pentru controlul SRI de la nivelul Parlamentului au stabilit c\u0103 mar\u0163i, la ora 10.00, va avea loc audierea domnului\u00a0Eduard Hellvig\u00a0pentru func\u0163ia de director al SRI. Miercuri la ora 13.00, Birourile Permanente reunite vor lua \u00een discu\u0163ie dup\u0103 ce vor primi raportul comisiei SRI [&hellip;]<\/p>\n","protected":false},"author":1,"featured_media":185999,"comment_status":"open","ping_status":"","sticky":false,"template":"","format":"standard","meta":{"footnotes":""},"categories":[2],"tags":[11],"class_list":["post-185998","post","type-post","status-publish","format-standard","has-post-thumbnail","hentry","category-politics","tag-digi24"],"_links":{"self":[{"href":"https:\/\/analyse.optim.biz\/index.php?rest_route=\/wp\/v2\/posts\/185998","targetHints":{"allow":["GET"]}}],"collection":[{"href":"https:\/\/analyse.optim.biz\/index.php?rest_route=\/wp\/v2\/posts"}],"about":[{"href":"https:\/\/analyse.optim.biz\/index.php?rest_route=\/wp\/v2\/types\/post"}],"author":[{"embeddable":true,"href":"https:\/\/analyse.optim.biz\/index.php?rest_route=\/wp\/v2\/users\/1"}],"replies":[{"embeddable":true,"href":"https:\/\/analyse.optim.biz\/index.php?rest_route=%2Fwp%2Fv2%2Fcomments&post=185998"}],"version-history":[{"count":0,"href":"https:\/\/analyse.optim.biz\/index.php?rest_route=\/wp\/v2\/posts\/185998\/revisions"}],"wp:featuredmedia":[{"embeddable":true,"href":"https:\/\/analyse.optim.biz\/index.php?rest_route=\/wp\/v2\/media\/185999"}],"wp:attachment":[{"href":"https:\/\/analyse.optim.biz\/index.php?rest_route=%2Fwp%2Fv2%2Fmedia&parent=185998"}],"wp:term":[{"taxonomy":"category","embeddable":true,"href":"https:\/\/analyse.optim.biz\/index.php?rest_route=%2Fwp%2Fv2%2Fcategories&post=185998"},{"taxonomy":"post_tag","embeddable":true,"href":"https:\/\/analyse.optim.biz\/index.php?rest_route=%2Fwp%2Fv2%2Ftags&post=185998"}],"curies":[{"name":"wp","href":"https:\/\/api.w.org\/{rel}","templated":true}]}}