{"id":185995,"date":"2015-02-23T14:56:03","date_gmt":"2015-02-23T11:56:03","guid":{"rendered":"https:\/\/analyse.optim.biz\/?p=185995"},"modified":"2015-02-23T14:56:03","modified_gmt":"2015-02-23T11:56:03","slug":"pnl-va-schimba-din-comisia-de-revizuire-a-constitutiei-parlamentarii-care-nu-mai-au-mandat-sau-s-au-retras","status":"publish","type":"post","link":"https:\/\/analyse.optim.biz\/?p=185995","title":{"rendered":"PNL va schimba din Comisia de revizuire a Constitu\u0163iei parlamentarii care nu mai au mandat sau s-au retras"},"content":{"rendered":"<div class=\"entry data-app-meta data-app-meta-article\" data-embed-base-url-canonical=\"https:\/\/www.digi24.ro\/embed\/stiri\/actualitate\/politica\/pnl-va-schimba-din-comisia-de-revizuire-a-constitutiei-parlamentarii-care-nu-mai-au-mandat-sau-s-au-retras-362698\">\n<p data-index=\"1\"><img decoding=\"async\" src=\"https:\/\/analyse.optim.biz\/wp-content\/uploads\/2024\/09\/ztvjyzqyytvlmzjjmgjiyjdloda2mjbjnte-thumb_.jpg\" data-skip-htmlfix=\"1\" title=\"ztvjyzqyytvlmzjjmgjiyjdloda2mjbjnte-thumb_\"><\/p>\n<p data-index=\"2\"><em><span>Ionu\u0163 Stroe, purt\u0103torul de cuv\u00e2nt al PNL\u00a0<\/span><\/em><\/p>\n<p data-index=\"3\"><strong>&#8220;Grupurile parlamentare vor desemna cei doi senatori \u0219i cei trei deputa\u021bi care \u00eei vor \u00eenlocui pe cei care ori \u0219i-au \u00eencetat mandatul, ori s-au retras din aceast\u0103 comisie&#8221;, a declarat Ionu\u0163 Stroe.<\/strong><\/p>\n<p data-index=\"4\"><strong>El a men\u021bionat c\u0103 vor fi \u00eenlocui\u021bi senatorii Crin Antonescu \u0219i Tudor Chiuariu, fo\u0219tii deputa\u021bii Petre Roman, George Scutaru \u0219i actualul co-pre\u0219edinte al PNL, Alina Gorghiu.<\/strong><\/p>\n<p data-index=\"5\">Stroe a precizat c\u0103 Antonescu \u0219i Gorghiu au decis s\u0103 se retrag\u0103 din Comisia de revizuire a Constitu\u021biei.<\/p>\n<p data-index=\"6\">De asemenea, el a afirmat c\u0103 PNL va propune un candidat pentru <a href=\"https:\/\/www.digi24.ro\/Stiri\/Digi24\/Actualitate\/Politica\/Crin+Antonescu+renunta+la+sefia+Comisiei+parlamentare+pentru+rev\" target=\"_blank\" data-skip-linkfix=\"1\" rel=\"noopener\">pozi\u021bia de pre\u0219edinte al Comisiei \u00een locul lui Crin Antonescu<\/a>.<\/p>\n<p data-index=\"7\">Surse din PNL au declarat pentru Mediafax c\u0103 liderul deputa\u021bilor PNL, Ludovic Orban, va fi cel propus pentru pozi\u021bia de pre\u0219edinte al acestui for.<\/p>\n<\/div>\n<p> Source URL: https:\/\/www.digi24.ro\/stiri\/actualitate\/politica\/pnl-va-schimba-din-comisia-de-revizuire-a-constitutiei-parlamentarii-care-nu-mai-au-mandat-sau-s-au-retras-362698<\/p>\n","protected":false},"excerpt":{"rendered":"<p>Ionu\u0163 Stroe, purt\u0103torul de cuv\u00e2nt al PNL\u00a0 &#8220;Grupurile parlamentare vor desemna cei doi senatori \u0219i cei trei deputa\u021bi care \u00eei vor \u00eenlocui pe cei care ori \u0219i-au \u00eencetat mandatul, ori s-au retras din aceast\u0103 comisie&#8221;, a declarat Ionu\u0163 Stroe. El a men\u021bionat c\u0103 vor fi \u00eenlocui\u021bi senatorii Crin Antonescu \u0219i Tudor Chiuariu, fo\u0219tii deputa\u021bii Petre [&hellip;]<\/p>\n","protected":false},"author":1,"featured_media":185996,"comment_status":"open","ping_status":"","sticky":false,"template":"","format":"standard","meta":{"footnotes":""},"categories":[2],"tags":[11],"class_list":["post-185995","post","type-post","status-publish","format-standard","has-post-thumbnail","hentry","category-politics","tag-digi24"],"_links":{"self":[{"href":"https:\/\/analyse.optim.biz\/index.php?rest_route=\/wp\/v2\/posts\/185995","targetHints":{"allow":["GET"]}}],"collection":[{"href":"https:\/\/analyse.optim.biz\/index.php?rest_route=\/wp\/v2\/posts"}],"about":[{"href":"https:\/\/analyse.optim.biz\/index.php?rest_route=\/wp\/v2\/types\/post"}],"author":[{"embeddable":true,"href":"https:\/\/analyse.optim.biz\/index.php?rest_route=\/wp\/v2\/users\/1"}],"replies":[{"embeddable":true,"href":"https:\/\/analyse.optim.biz\/index.php?rest_route=%2Fwp%2Fv2%2Fcomments&post=185995"}],"version-history":[{"count":0,"href":"https:\/\/analyse.optim.biz\/index.php?rest_route=\/wp\/v2\/posts\/185995\/revisions"}],"wp:featuredmedia":[{"embeddable":true,"href":"https:\/\/analyse.optim.biz\/index.php?rest_route=\/wp\/v2\/media\/185996"}],"wp:attachment":[{"href":"https:\/\/analyse.optim.biz\/index.php?rest_route=%2Fwp%2Fv2%2Fmedia&parent=185995"}],"wp:term":[{"taxonomy":"category","embeddable":true,"href":"https:\/\/analyse.optim.biz\/index.php?rest_route=%2Fwp%2Fv2%2Fcategories&post=185995"},{"taxonomy":"post_tag","embeddable":true,"href":"https:\/\/analyse.optim.biz\/index.php?rest_route=%2Fwp%2Fv2%2Ftags&post=185995"}],"curies":[{"name":"wp","href":"https:\/\/api.w.org\/{rel}","templated":true}]}}