{"id":185992,"date":"2015-02-23T16:27:45","date_gmt":"2015-02-23T13:27:45","guid":{"rendered":"https:\/\/analyse.optim.biz\/?p=185992"},"modified":"2015-02-23T16:27:45","modified_gmt":"2015-02-23T13:27:45","slug":"ghita-sigur-ca-ma-consider-prieten-cu-ponta-dam-declaratii-favorabile-unul-altuia","status":"publish","type":"post","link":"https:\/\/analyse.optim.biz\/?p=185992","title":{"rendered":"Ghi\u0163\u0103: Sigur c\u0103 m\u0103 consider prieten cu Ponta. D\u0103m declara\u0163ii favorabile unul altuia"},"content":{"rendered":"<div class=\"entry data-app-meta data-app-meta-article\" data-embed-base-url-canonical=\"https:\/\/www.digi24.ro\/embed\/stiri\/actualitate\/politica\/ghita-sigur-ca-ma-consider-prieten-cu-ponta-dam-declaratii-favorabile-unul-altuia-362806\">\n<p data-index=\"1\">\u00a0<img decoding=\"async\" src=\"https:\/\/analyse.optim.biz\/wp-content\/uploads\/2024\/09\/dz04mdamagfzad1iodeymzu0n2vkzdrhmduyyjjlnmixmtviotm4ngzjyq-thumb_.jpg\" data-skip-htmlfix=\"1\" title=\"dz04mdamagfzad1iodeymzu0n2vkzdrhmduyyjjlnmixmtviotm4ngzjyq-thumb_\"><\/p>\n<p data-index=\"2\">\u201e<strong>Da\u0163i-mi voie s\u0103 purt\u0103m asemenea discu\u0163ii \u00eentr-un alt cadru<\/strong>\u201d, a r\u0103spuns, sec, Victor Ponta, f\u0103r\u0103 s\u0103 mai vorbeasc\u0103 despre acest subiect.<\/p>\n<p data-index=\"3\">\u201e<strong>Nu mi s-a p\u0103rut. Eu am auzit declara\u0163ia domnului Ponta \u015fi mi s-a p\u0103rut c\u0103 a dat o declara\u0163ie favorabil\u0103 mie, a\u015fa cum \u015fi eu dau declara\u0163ii favorabile d\u00e2nsului<\/strong><span>\u201d, a apreciat, mai t\u00e2rziu, Sebastian Ghi\u021b\u0103, \u00eentrebat fiind dac\u0103 Victor Ponta a evitat un r\u0103spuns pe aceast\u0103 tem\u0103. \u00centrebat dac\u0103 se consider\u0103 prieten cu Ponta, Ghi\u0163\u0103 a r\u0103spuns: \u201e<\/span><strong>Sigur c\u0103 da<\/strong><span>\u201d.<\/span><\/p>\n<p data-index=\"4\">Deputatul Sebastian Ghi\u0163\u0103, deputatul Vlad Cosma, pre\u015fedintele Consiliului Jude\u0163ean Prahova, Mircea Cosma, au contestat la instan\u0163a suprem\u0103 controlul judiciar impus de procurorii DNA, \u00een dosarul fraud\u0103rii de fonduri europene \u00een care este arestat preventiv Iulian Her\u0163anu, cumnatul lui Victor Ponta.<\/p>\n<p data-index=\"5\">Pl\u00e2ngerea \u00eempotriva controlului judiciar depus\u0103 de Sebastian Ghi\u0163\u0103 urmeaz\u0103 s\u0103 fie analizat\u0103 de judec\u0103torii de la instan\u0163a suprem\u0103 \u00een 24 februarie, scrie Mediafax.<\/p>\n<p data-index=\"6\">Deputatul Sebastian Ghi\u0163\u0103, deputatul Vlad Cosma, pre\u015fedintele Consiliului Jude\u021bean Prahova, Mircea Cosma, omul de afaceri Mihail Coman \u015fi omul de afaceri Liviu Munteanu se afl\u0103 sub control judiciar \u00een dosarul fraud\u0103rii de fonduri europene \u00een care cumnatul premierului Victor Ponta, Iulian Her\u0163anu, este arestat preventiv al\u0103turi de omul de afaceri Vladimir Ciorb\u0103.<\/p>\n<p data-index=\"7\">Sebastian Ghi\u021b\u0103 <a href=\"https:\/\/www.digi24.ro\/Stiri\/Digi24\/Actualitate\/Politica\/Sebastian+Ghita+a+demisionat+din+PSD\" data-skip-linkfix=\"1\">a demisionat din Partidul Social Democra<\/a>t \u00een noiembrie 2014.<\/p>\n<h5>Citi\u021bi \u0219i:<\/h5>\n<h5><a href=\"https:\/\/www.digi24.ro\/Stiri\/Digi24\/Actualitate\/Justitie\/Perchezitii+la+firma+fratelui+lui+Sebastian+Ghita\" target=\"_blank\" data-skip-linkfix=\"1\" rel=\"noopener\"><strong>Perchezi\u0163ii la firma fratelui lui Sebastian Ghi\u0163\u0103<\/strong><\/a><\/h5>\n<h5><a href=\"https:\/\/www.digi24.ro\/Stiri\/Digi24\/Actualitate\/Stiri\/Victor+Ponta+despre+programul+Internet+in+scoala+ta+Nu+cunosc+nu\" data-skip-linkfix=\"1\">Victor Ponta, despre programul &#8220;Internet \u00een \u015fcoala ta&#8221;: Nu cunosc, nu pot s\u0103 comentez<\/a><\/h5>\n<p data-index=\"8\">Procurorii DNA au f\u0103cut perchezi\u0163ii, luni, la dou\u0103 firme din Voluntari, jude\u0163ul Ilfov, dintre care una apar\u0163in\u00e2ndu-i fratelui deputatului Sebastian Ghi\u0163\u0103. Dosarul vizeaz\u0103 o licita\u0163ie a Ministerului Educa\u0163iei din 2013, pentru un proiect cu fonduri europene, \u00een valoare de 33 de milioane de euro.<\/p>\n<\/div>\n<p> Source URL: https:\/\/www.digi24.ro\/stiri\/actualitate\/politica\/ghita-sigur-ca-ma-consider-prieten-cu-ponta-dam-declaratii-favorabile-unul-altuia-362806<\/p>\n","protected":false},"excerpt":{"rendered":"<p>\u00a0 \u201eDa\u0163i-mi voie s\u0103 purt\u0103m asemenea discu\u0163ii \u00eentr-un alt cadru\u201d, a r\u0103spuns, sec, Victor Ponta, f\u0103r\u0103 s\u0103 mai vorbeasc\u0103 despre acest subiect. \u201eNu mi s-a p\u0103rut. Eu am auzit declara\u0163ia domnului Ponta \u015fi mi s-a p\u0103rut c\u0103 a dat o declara\u0163ie favorabil\u0103 mie, a\u015fa cum \u015fi eu dau declara\u0163ii favorabile d\u00e2nsului\u201d, a apreciat, mai t\u00e2rziu, [&hellip;]<\/p>\n","protected":false},"author":1,"featured_media":185993,"comment_status":"open","ping_status":"","sticky":false,"template":"","format":"standard","meta":{"footnotes":""},"categories":[2],"tags":[11],"class_list":["post-185992","post","type-post","status-publish","format-standard","has-post-thumbnail","hentry","category-politics","tag-digi24"],"_links":{"self":[{"href":"https:\/\/analyse.optim.biz\/index.php?rest_route=\/wp\/v2\/posts\/185992","targetHints":{"allow":["GET"]}}],"collection":[{"href":"https:\/\/analyse.optim.biz\/index.php?rest_route=\/wp\/v2\/posts"}],"about":[{"href":"https:\/\/analyse.optim.biz\/index.php?rest_route=\/wp\/v2\/types\/post"}],"author":[{"embeddable":true,"href":"https:\/\/analyse.optim.biz\/index.php?rest_route=\/wp\/v2\/users\/1"}],"replies":[{"embeddable":true,"href":"https:\/\/analyse.optim.biz\/index.php?rest_route=%2Fwp%2Fv2%2Fcomments&post=185992"}],"version-history":[{"count":0,"href":"https:\/\/analyse.optim.biz\/index.php?rest_route=\/wp\/v2\/posts\/185992\/revisions"}],"wp:featuredmedia":[{"embeddable":true,"href":"https:\/\/analyse.optim.biz\/index.php?rest_route=\/wp\/v2\/media\/185993"}],"wp:attachment":[{"href":"https:\/\/analyse.optim.biz\/index.php?rest_route=%2Fwp%2Fv2%2Fmedia&parent=185992"}],"wp:term":[{"taxonomy":"category","embeddable":true,"href":"https:\/\/analyse.optim.biz\/index.php?rest_route=%2Fwp%2Fv2%2Fcategories&post=185992"},{"taxonomy":"post_tag","embeddable":true,"href":"https:\/\/analyse.optim.biz\/index.php?rest_route=%2Fwp%2Fv2%2Ftags&post=185992"}],"curies":[{"name":"wp","href":"https:\/\/api.w.org\/{rel}","templated":true}]}}