{"id":1859832,"date":"2026-03-24T09:58:00","date_gmt":"2026-03-24T06:58:00","guid":{"rendered":"https:\/\/analyse.optim.biz\/?p=1859832"},"modified":"2026-03-24T09:58:00","modified_gmt":"2026-03-24T06:58:00","slug":"oamenii-teatrului-spectacol-eveniment-la-teatrul-matei-visniec-de-ziua-mondiala-a-teatrului","status":"publish","type":"post","link":"https:\/\/analyse.optim.biz\/?p=1859832","title":{"rendered":"Oamenii teatrului, spectacol-eveniment la Teatrul Matei Vi\u0219niec, de Ziua Mondial\u0103 a Teatrului"},"content":{"rendered":"<p>[analyse_image type=&#8221;featured&#8221; src=&#8221;https:\/\/blogger.googleusercontent.com\/img\/b\/R29vZ2xl\/AVvXsEhSK81BdxkiGotvgAf8KhIS4b_nTT38GZj1ofzUS78qfYvMp9wEYR2nodo1ka0k8kuQTZzrYMNZUBJjEfcz1ubXs8K939cgjbj-TUe7wZnC0tGbVu3j7Oqdu-SCQU97iGjGLvp7PqRaQ2BzXs9aF9sNdcSKMiEx-tRsVyGIzXeu8hmy0aidATCjEQ6sfeE\/w1600\/oamenii-teatrului.jpeg&#8221;]<\/p>\n<div class=\"post-body entry-content\" id=\"post-body\">\n<div class=\"separator\"><a href=\"https:\/\/blogger.googleusercontent.com\/img\/b\/R29vZ2xl\/AVvXsEhSK81BdxkiGotvgAf8KhIS4b_nTT38GZj1ofzUS78qfYvMp9wEYR2nodo1ka0k8kuQTZzrYMNZUBJjEfcz1ubXs8K939cgjbj-TUe7wZnC0tGbVu3j7Oqdu-SCQU97iGjGLvp7PqRaQ2BzXs9aF9sNdcSKMiEx-tRsVyGIzXeu8hmy0aidATCjEQ6sfeE\/s1200\/oamenii-teatrului.jpeg\"><img decoding=\"async\" alt=\"Oamenii teatrului, spectacol-eveniment la Teatrul Matei Vi\u0219niec, de Ziua Mondial\u0103 a Teatrului\" border=\"0\" height=\"640\" loading=\"lazy\" src=\"https:\/\/blogger.googleusercontent.com\/img\/b\/R29vZ2xl\/AVvXsEhSK81BdxkiGotvgAf8KhIS4b_nTT38GZj1ofzUS78qfYvMp9wEYR2nodo1ka0k8kuQTZzrYMNZUBJjEfcz1ubXs8K939cgjbj-TUe7wZnC0tGbVu3j7Oqdu-SCQU97iGjGLvp7PqRaQ2BzXs9aF9sNdcSKMiEx-tRsVyGIzXeu8hmy0aidATCjEQ6sfeE\/w452-h640-rw\/oamenii-teatrului.jpeg\" title=\"Oamenii teatrului, spectacol-eveniment la Teatrul Matei Vi\u0219niec, de Ziua Mondial\u0103 a Teatrului\" width=\"452\"><\/a><\/div>\n<p>Teatrul Municipal \u201eMatei Vi\u0219niec\u201d Suceava preg\u0103te\u0219te un spectacol aniversar inedit pentru Ziua Mondial\u0103 a Teatrului. Vineri, 27 martie 2026, de la ora 19:00, publicul este invitat s\u0103 descopere \u201eOamenii teatrului\u201d \u2013 o produc\u021bie multimedia regizat\u0103 de Daniel Bucur care scoate la lumin\u0103 universurile interioare ale \u00eentregii echipe a teatrului.<\/p>\n<h2>Un spectacol care deconstruie\u0219te bariera dintre culise \u0219i public<\/h2>\n<p>Regizorul Daniel Bucur revine la Suceava dup\u0103 succesul spectacolului dedicat artistului Mihai P\u00e2nzaru PIM \u0219i propune acum un proiect special: \u201eOamenii teatrului este un spectacol-eveniment multimedia care scoate la lumin\u0103 universurile interioare ale angaja\u021bilor Teatrului Municipal \u201eMatei Vi\u0219niec\u201d Suceava \u2013 actori, tehnicieni \u0219i personal administrativ deopotriv\u0103. Pe o scen\u0103 dominat\u0103 de o rotativ\u0103 simbolic\u0103 \u0219i proiec\u021bii video confesive, pasiunile ascunse \u00een muzic\u0103, pictur\u0103, dans \u0219i literatur\u0103 devin protagonistele unei reprezenta\u021bii unice.\u201d<\/p>\n<p>Spectacolul transform\u0103 echipa \u201einvizibil\u0103\u201d a teatrului \u00eentr-un organism viu care \u00ee\u0219i exprim\u0103 identitatea prin imagine \u0219i sunet, oferind publicului o perspectiv\u0103 rar\u0103 asupra comunit\u0103\u021bii care face posibil fiecare spectacol.<\/p>\n<h2>Echipa de produc\u021bie<\/h2>\n<p>Regia: Daniel Bucur<br \/>\nCoordonator proiect: Alina Ursache<br \/>\nFoto: Amedeia Vi\u021bega<br \/>\nVideo \/ concept vizual: Mihai Nistor<br \/>\nGrafic\u0103 \u0219i anima\u021bie: Bogdan Piperiu<\/p>\n<h2>Ziua Mondial\u0103 a Teatrului 2026<\/h2>\n<p>Evenimentul marcheaz\u0103 Ziua Mondial\u0103 a Teatrului, s\u0103rb\u0103torit\u0103 anual pe 27 martie din 1961, la ini\u021biativa Institutului Interna\u021bional de Teatru (ITI). Mesajul din acest an apar\u021bine actorului Willem Dafoe, actual Director Artistic al Departamentului de Teatru de la \u201eLa Biennale di Venezia\u201d \u0219i membru fondator al celebrei trupe \u201eThe Wooster Group\u201d.<\/p>\n<p>Intrarea este liber\u0103 \u00een limita locurilor disponibile. Accesul se face pe baz\u0103 de rezervare pe platforma www.bilet.ro sau telefonic la casieria teatrului (0759 048 677).<\/p>\n<\/div>\n<div class=\"post-body entry-content\" id=\"post-body\">\n<div class=\"separator\"><a href=\"https:\/\/blogger.googleusercontent.com\/img\/b\/R29vZ2xl\/AVvXsEhSK81BdxkiGotvgAf8KhIS4b_nTT38GZj1ofzUS78qfYvMp9wEYR2nodo1ka0k8kuQTZzrYMNZUBJjEfcz1ubXs8K939cgjbj-TUe7wZnC0tGbVu3j7Oqdu-SCQU97iGjGLvp7PqRaQ2BzXs9aF9sNdcSKMiEx-tRsVyGIzXeu8hmy0aidATCjEQ6sfeE\/s1200\/oamenii-teatrului.jpeg\"><img decoding=\"async\" alt=\"Oamenii teatrului, spectacol-eveniment la Teatrul Matei Vi\u0219niec, de Ziua Mondial\u0103 a Teatrului\" border=\"0\" height=\"640\" loading=\"lazy\" src=\"https:\/\/blogger.googleusercontent.com\/img\/b\/R29vZ2xl\/AVvXsEhSK81BdxkiGotvgAf8KhIS4b_nTT38GZj1ofzUS78qfYvMp9wEYR2nodo1ka0k8kuQTZzrYMNZUBJjEfcz1ubXs8K939cgjbj-TUe7wZnC0tGbVu3j7Oqdu-SCQU97iGjGLvp7PqRaQ2BzXs9aF9sNdcSKMiEx-tRsVyGIzXeu8hmy0aidATCjEQ6sfeE\/w452-h640-rw\/oamenii-teatrului.jpeg\" title=\"Oamenii teatrului, spectacol-eveniment la Teatrul Matei Vi\u0219niec, de Ziua Mondial\u0103 a Teatrului\" width=\"452\"><\/a><\/div>\n<p>Teatrul Municipal \u201eMatei Vi\u0219niec\u201d Suceava preg\u0103te\u0219te un spectacol aniversar inedit pentru Ziua Mondial\u0103 a Teatrului. Vineri, 27 martie 2026, de la ora 19:00, publicul este invitat s\u0103 descopere \u201eOamenii teatrului\u201d \u2013 o produc\u021bie multimedia regizat\u0103 de Daniel Bucur care scoate la lumin\u0103 universurile interioare ale \u00eentregii echipe a teatrului.<\/p>\n<h2>Un spectacol care deconstruie\u0219te bariera dintre culise \u0219i public<\/h2>\n<p>Regizorul Daniel Bucur revine la Suceava dup\u0103 succesul spectacolului dedicat artistului Mihai P\u00e2nzaru PIM \u0219i propune acum un proiect special: \u201eOamenii teatrului este un spectacol-eveniment multimedia care scoate la lumin\u0103 universurile interioare ale angaja\u021bilor Teatrului Municipal \u201eMatei Vi\u0219niec\u201d Suceava \u2013 actori, tehnicieni \u0219i personal administrativ deopotriv\u0103. Pe o scen\u0103 dominat\u0103 de o rotativ\u0103 simbolic\u0103 \u0219i proiec\u021bii video confesive, pasiunile ascunse \u00een muzic\u0103, pictur\u0103, dans \u0219i literatur\u0103 devin protagonistele unei reprezenta\u021bii unice.\u201d<\/p>\n<p>Spectacolul transform\u0103 echipa \u201einvizibil\u0103\u201d a teatrului \u00eentr-un organism viu care \u00ee\u0219i exprim\u0103 identitatea prin imagine \u0219i sunet, oferind publicului o perspectiv\u0103 rar\u0103 asupra comunit\u0103\u021bii care face posibil fiecare spectacol.<\/p>\n<h2>Echipa de produc\u021bie<\/h2>\n<p>Regia: Daniel Bucur<br \/>\nCoordonator proiect: Alina Ursache<br \/>\nFoto: Amedeia Vi\u021bega<br \/>\nVideo \/ concept vizual: Mihai Nistor<br \/>\nGrafic\u0103 \u0219i anima\u021bie: Bogdan Piperiu<\/p>\n<h2>Ziua Mondial\u0103 a Teatrului 2026<\/h2>\n<p>Evenimentul marcheaz\u0103 Ziua Mondial\u0103 a Teatrului, s\u0103rb\u0103torit\u0103 anual pe 27 martie din 1961, la ini\u021biativa Institutului Interna\u021bional de Teatru (ITI). Mesajul din acest an apar\u021bine actorului Willem Dafoe, actual Director Artistic al Departamentului de Teatru de la \u201eLa Biennale di Venezia\u201d \u0219i membru fondator al celebrei trupe \u201eThe Wooster Group\u201d.<\/p>\n<p>Intrarea este liber\u0103 \u00een limita locurilor disponibile. Accesul se face pe baz\u0103 de rezervare pe platforma www.bilet.ro sau telefonic la casieria teatrului (0759 048 677).<\/p>\n<\/div>\n<p>[analyse_source url=&#8221;https:\/\/www.stirisuceava.net\/2026\/03\/oamenii-teatrului-spectacol-eveniment.html&#8221;]<\/p>\n","protected":false},"excerpt":{"rendered":"<p>[analyse_image type=&#8221;featured&#8221; src=&#8221;https:\/\/blogger.googleusercontent.com\/img\/b\/R29vZ2xl\/AVvXsEhSK81BdxkiGotvgAf8KhIS4b_nTT38GZj1ofzUS78qfYvMp9wEYR2nodo1ka0k8kuQTZzrYMNZUBJjEfcz1ubXs8K939cgjbj-TUe7wZnC0tGbVu3j7Oqdu-SCQU97iGjGLvp7PqRaQ2BzXs9aF9sNdcSKMiEx-tRsVyGIzXeu8hmy0aidATCjEQ6sfeE\/w1600\/oamenii-teatrului.jpeg&#8221;] Teatrul Municipal \u201eMatei Vi\u0219niec\u201d Suceava preg\u0103te\u0219te un spectacol aniversar inedit pentru Ziua Mondial\u0103 a Teatrului. Vineri, 27 martie 2026, de la ora 19:00, publicul este invitat s\u0103 descopere \u201eOamenii teatrului\u201d \u2013 o produc\u021bie multimedia regizat\u0103 de Daniel Bucur care scoate la lumin\u0103 universurile interioare ale \u00eentregii echipe a teatrului. Un spectacol care [&hellip;]<\/p>\n","protected":false},"author":1,"featured_media":0,"comment_status":"open","ping_status":"","sticky":false,"template":"","format":"standard","meta":{"footnotes":""},"categories":[89],"tags":[226,172],"class_list":["post-1859832","post","type-post","status-publish","format-standard","hentry","category-romania","tag-crawlmanager","tag-stirisuceava-net"],"_links":{"self":[{"href":"https:\/\/analyse.optim.biz\/index.php?rest_route=\/wp\/v2\/posts\/1859832","targetHints":{"allow":["GET"]}}],"collection":[{"href":"https:\/\/analyse.optim.biz\/index.php?rest_route=\/wp\/v2\/posts"}],"about":[{"href":"https:\/\/analyse.optim.biz\/index.php?rest_route=\/wp\/v2\/types\/post"}],"author":[{"embeddable":true,"href":"https:\/\/analyse.optim.biz\/index.php?rest_route=\/wp\/v2\/users\/1"}],"replies":[{"embeddable":true,"href":"https:\/\/analyse.optim.biz\/index.php?rest_route=%2Fwp%2Fv2%2Fcomments&post=1859832"}],"version-history":[{"count":0,"href":"https:\/\/analyse.optim.biz\/index.php?rest_route=\/wp\/v2\/posts\/1859832\/revisions"}],"wp:attachment":[{"href":"https:\/\/analyse.optim.biz\/index.php?rest_route=%2Fwp%2Fv2%2Fmedia&parent=1859832"}],"wp:term":[{"taxonomy":"category","embeddable":true,"href":"https:\/\/analyse.optim.biz\/index.php?rest_route=%2Fwp%2Fv2%2Fcategories&post=1859832"},{"taxonomy":"post_tag","embeddable":true,"href":"https:\/\/analyse.optim.biz\/index.php?rest_route=%2Fwp%2Fv2%2Ftags&post=1859832"}],"curies":[{"name":"wp","href":"https:\/\/api.w.org\/{rel}","templated":true}]}}