{"id":1859781,"date":"2026-04-01T17:24:48","date_gmt":"2026-04-01T14:24:48","guid":{"rendered":"https:\/\/analyse.optim.biz\/?p=1859781"},"modified":"2026-04-01T17:24:48","modified_gmt":"2026-04-01T14:24:48","slug":"colaborare-intre-buzau-si-vrancea-pentru-dezvoltare-regionala-discutii-privind-proiecte-comune-in-mai-multe-domenii","status":"publish","type":"post","link":"https:\/\/analyse.optim.biz\/?p=1859781","title":{"rendered":"Colaborare \u00eentre Buz\u0103u \u0219i Vrancea pentru dezvoltare regional\u0103. Discu\u021bii privind proiecte comune \u00een mai multe domenii"},"content":{"rendered":"<p>[analyse_image type=&#8221;featured&#8221; src=&#8221;https:\/\/sansanews.ro\/wp-content\/uploads\/2026\/04\/659039765_1490238472472711_9149611309747396255_n.jpghttps:\/\/sansanews.ro\/wp-content\/uploads\/2026\/04\/659039765_1490238472472711_9149611309747396255_n.jpg&#8221;]<\/p>\n<div class=\"entry-content herald-entry-content\">\n<p>\u00cent\u00e2lnire<br \/>\nde lucru, ast\u0103zi, \u00eentre reprezentan\u021bii administra\u021biilor din Buz\u0103u \u0219i Vrancea,<br \/>\nav\u00e2nd ca principal obiectiv consolidarea colabor\u0103rii dintre cele dou\u0103 jude\u021be.<br \/>\nPre\u0219edintele Consiliului Jude\u021bean Buz\u0103u, Marcel Ciolacu, l-a primit ast\u0103zi, la<br \/>\nsediul institu\u021biei, pe pre\u0219edintele CJ Vrancea, Nicu\u0219or Halici. Cei doi au discutat<br \/>\ndespre posibilitatea de a veni, \u00een perioada urm\u0103toare, cu proiecte comune care<br \/>\npot duce la dezvoltarea celor dou\u0103 jude\u021be. <\/p>\n<div class=\"wp-block-image\">\n<figure class=\"alignright is-resized\"><img loading=\"lazy\" decoding=\"async\" src=\"https:\/\/sansanews.ro\/wp-content\/uploads\/2026\/04\/659758564_1490238495806042_6144022028426362708_n-1024x682.jpg\" alt class=\"wp-image-118828\" width=\"306\" height=\"204\"><\/figure>\n<\/div>\n<p>Un<br \/>\npunct important pe agend\u0103 a fost valorificarea poten\u021bialului comun \u00een domenii<br \/>\nprecum turismul \u0219i dezvoltarea economic\u0103.<\/p>\n<blockquote class=\"wp-block-quote\">\n<p>\u201cJude\u021bele \u00eenvecinate pot colabora eficient \u0219i coerent atunci c\u00e2nd exist\u0103 proiecte concrete \u0219i obiective comune de dezvoltare. Buz\u0103ul \u0219i Vrancea au deja o leg\u0103tur\u0103 solid\u0103 prin Arhiepiscopia Buz\u0103ului \u0219i Vrancei, un reper important pentru comunit\u0103\u021bile din ambele jude\u021be \u0219i un punct de sprijin pentru ini\u021biative socio-culturale comune.<\/p>\n<p> Am discutat despre valorificarea poten\u021bialului comun, \u00een special \u00een turism \u0219i dezvoltare economic\u0103, precum \u0219i despre necesitatea unei abord\u0103ri coordonate pentru punerea \u00een valoare a acestui poten\u021bial. Un pas concret \u00eel reprezint\u0103 ini\u021bierea ITI (Investi\u021bii Teritoriale Integrate) Buz\u0103u \u2013 Vrancea, care s\u0103 permit\u0103 atragerea de finan\u021b\u0103ri pentru proiecte comune\u201d, anun\u021b\u0103 pre\u0219edintele CJ Buz\u0103u, Marcel Ciolacu.<\/p>\n<\/blockquote>\n<p>De asemenea, cei doi pre\u0219edin\u021bi au discutat \u0219i despre \u00a0interconectarea infrastructurii din\u00a0 Buz\u0103u \u0219i Vrancea, at\u00e2t prin dezvoltarea \u00een jurul Autostr\u0103zii A7, c\u00e2t \u0219i prin alte proiecte. <\/p>\n<div class=\"wp-block-image\">\n<figure class=\"alignright is-resized\"><img loading=\"lazy\" decoding=\"async\" src=\"https:\/\/sansanews.ro\/wp-content\/uploads\/2026\/04\/658823455_1490238479139377_5055440366155751172_n-1024x771.jpg\" alt class=\"wp-image-118829\" width=\"306\" height=\"230\"><\/figure>\n<\/div>\n<p>Cei doi oficiali au discutat \u0219i despre importan\u021ba magistralei de gaze Ghergheasa \u2013 Foc\u0219ani, un proiect important pentru dezvoltarea economic\u0103 regional\u0103, care poate ajuta la atragerea de investi\u021bii \u00een \u00eentreaga regiune.<\/p>\n<blockquote class=\"wp-block-quote\">\n<p>\u201cInterconectarea r\u0103m\u00e2ne esen\u021bial\u0103, nu doar prin Autostrada A7, ci \u0219i prin alte proiecte de infrastructur\u0103 care s\u0103 lege mai bine cele dou\u0103 jude\u021be.<\/p>\n<p>Pe zona energetic\u0103, am discutat despre interconectarea pe linia strategic\u0103 de alimentare cu gaze, inclusiv magistrala Transgaz Ghergheasa \u2013 Foc\u0219ani, un proiect important pentru dezvoltarea economic\u0103 regional\u0103.<\/p>\n<p>Am abordat \u0219i oportunit\u0103\u021bile de colaborare \u00een domeniul digitaliz\u0103rii \u0219i al dezvolt\u0103rii infrastructurii turistice.\u201d<\/p>\n<\/blockquote>\n<div class=\"wp-block-image\">\n<figure class=\"alignleft is-resized\"><img loading=\"lazy\" decoding=\"async\" src=\"https:\/\/sansanews.ro\/wp-content\/uploads\/2026\/04\/658974226_1490238489139376_4169415657942364092_n-1024x682.jpg\" alt class=\"wp-image-118827\" width=\"314\" height=\"209\"><\/figure>\n<\/div>\n<p>Reprezentan\u021bii celor dou\u0103 jude\u021be spun c\u0103 discu\u021biile de ast\u0103zi trebuie s\u0103 se transforme \u00een proiecte concrete, care s\u0103 aduc\u0103 beneficii reale comunit\u0103\u021bilor din Buz\u0103u \u0219i Vrancea.<\/p>\n<blockquote class=\"wp-block-quote\">\n<p>\u201cAst\u0103zi am avut o \u00eent\u00e2lnire de lucru aplicat\u0103 \u0219i sincer\u0103, cu pre\u0219edintele Consiliului Jude\u021bean Buz\u0103u, <a href=\"https:\/\/www.facebook.com\/CiolacuMarcel?__cft__%5b0%5d=AZbqYb-XIICWiYvUR3EbDvmJOxX7EDCyKHOXLrmaa55vWwRs55ZeGu4Q9WZ6__z_6xT_M9VOFdn774mDdoBpjvxYyILbO4eouqk6zFzqQ4PXjYG0yfpByguCeAuRy4WwObAtFmwmrqvmL1Gz9lI6alKReR7Ad2qRRQv9pwYJ-GfhCgsiFhA1cP4yK94U0XWNO0M&amp;__tn__=-%5dK-R\"><strong>Marcel Ciolacu<\/strong><\/a>, \u00een care am conturat direc\u021biile prin care <a href=\"https:\/\/www.facebook.com\/hashtag\/vrancea?__cft__%5b0%5d=AZbqYb-XIICWiYvUR3EbDvmJOxX7EDCyKHOXLrmaa55vWwRs55ZeGu4Q9WZ6__z_6xT_M9VOFdn774mDdoBpjvxYyILbO4eouqk6zFzqQ4PXjYG0yfpByguCeAuRy4WwObAtFmwmrqvmL1Gz9lI6alKReR7Ad2qRRQv9pwYJ-GfhCgsiFhA1cP4yK94U0XWNO0M&amp;__tn__=*NK-R\"><strong>#Vrancea<\/strong><\/a> \u0219i <a href=\"https:\/\/www.facebook.com\/hashtag\/buz%C4%83ul?__cft__%5b0%5d=AZbqYb-XIICWiYvUR3EbDvmJOxX7EDCyKHOXLrmaa55vWwRs55ZeGu4Q9WZ6__z_6xT_M9VOFdn774mDdoBpjvxYyILbO4eouqk6zFzqQ4PXjYG0yfpByguCeAuRy4WwObAtFmwmrqvmL1Gz9lI6alKReR7Ad2qRRQv9pwYJ-GfhCgsiFhA1cP4yK94U0XWNO0M&amp;__tn__=*NK-R\"><strong>#Buz\u0103ul<\/strong><\/a> pot construi, \u00eempreun\u0103, mai mult dec\u00e2t proiecte \u2013 pot construi dezvoltare real\u0103 pentru oameni.<\/p>\n<p>Cred cu t\u0103rie c\u0103 atunci c\u00e2nd exist\u0103 voin\u021b\u0103, colaborarea dintre jude\u021be nu r\u0103m\u00e2ne la nivel de inten\u021bie. Devine ac\u021biune. Devine rezultat.Am pus accent pe ceea ce putem face concret, \u00eempreun\u0103: cum transform\u0103m avantajele pe care le avem \u00eentr-un motor real de dezvoltare pentru ambele jude\u021be.<\/p>\n<p>Urm\u0103torul pas este clar: transform\u0103m aceste discu\u021bii \u00een proiecte concrete. Nu peste ani. \u00cencepem acum\u201d, a transmis, la r\u00e2ndul s\u0103u, pre\u0219edintele CJ Vrancea, Nicu\u0219or Halici.<\/p>\n<\/blockquote>\n<div class=\"meta-tags\"><span>Etichete<\/span><a href=\"https:\/\/sansanews.ro\/tag\/cj-buzau\/\" rel=\"tag\">cj buzau<\/a><a href=\"https:\/\/sansanews.ro\/tag\/colaborare-buzau-vrancea\/\" rel=\"tag\">colaborare buz\u0103u vrancea<\/a><a href=\"https:\/\/sansanews.ro\/tag\/presedintele-cj-buzau-marcel-ciolacu\/\" rel=\"tag\">pre\u0219edintele cj buz\u0103u marcel ciolacu<\/a><a href=\"https:\/\/sansanews.ro\/tag\/presedintele-cj-vrancea\/\" rel=\"tag\">pre\u0219edintele cj vrancea<\/a><\/div>\n<div class=\"herald-share-content\">\n<div class=\"meks_ess rectangle no-labels outline\"><a class=\"meks_ess-item socicon-facebook\" data-url=\"http:\/\/www.facebook.com\/sharer\/sharer.php?u=https%3A%2F%2Fsansanews.ro%2Fcolaborare-intre-buzau-si-vrancea-pentru-dezvoltare-regionala-discutii-privind-proiecte-comune-in-mai-multe-domenii%2F&amp;t=Colaborare%20%C3%AEntre%20Buz%C4%83u%20%C8%99i%20Vrancea%20pentru%20dezvoltare%20regional%C4%83.%20Discu%C8%9Bii%20privind%20proiecte%20comune%20%C3%AEn%20mai%20multe%20domenii\"><span>Facebook<\/span><\/a><a href=\"https:\/\/api.whatsapp.com\/send?text=Colaborare%20%C3%AEntre%20Buz%C4%83u%20%C8%99i%20Vrancea%20pentru%20dezvoltare%20regional%C4%83.%20Discu%C8%9Bii%20privind%20proiecte%20comune%20%C3%AEn%20mai%20multe%20domenii%20https%3A%2F%2Fsansanews.ro%2Fcolaborare-intre-buzau-si-vrancea-pentru-dezvoltare-regionala-discutii-privind-proiecte-comune-in-mai-multe-domenii%2F\" class=\"meks_ess-item socicon-whatsapp prevent-share-popup\"><span>WhatsApp<\/span><\/a><a class=\"meks_ess-item socicon-twitter\" data-url=\"http:\/\/twitter.com\/intent\/tweet?url=https%3A%2F%2Fsansanews.ro%2Fcolaborare-intre-buzau-si-vrancea-pentru-dezvoltare-regionala-discutii-privind-proiecte-comune-in-mai-multe-domenii%2F&amp;text=Colaborare%20%C3%AEntre%20Buz%C4%83u%20%C8%99i%20Vrancea%20pentru%20dezvoltare%20regional%C4%83.%20Discu%C8%9Bii%20privind%20proiecte%20comune%20%C3%AEn%20mai%20multe%20domenii\"><span>Twitter<\/span><\/a><a class=\"meks_ess-item socicon-pinterest\" data-url=\"http:\/\/pinterest.com\/pin\/create\/button\/?url=https%3A%2F%2Fsansanews.ro%2Fcolaborare-intre-buzau-si-vrancea-pentru-dezvoltare-regionala-discutii-privind-proiecte-comune-in-mai-multe-domenii%2F&amp;media=https%3A%2F%2Fsansanews.ro%2Fwp-content%2Fuploads%2F2026%2F04%2F659039765_1490238472472711_9149611309747396255_n.jpg&amp;description=Colaborare%20%C3%AEntre%20Buz%C4%83u%20%C8%99i%20Vrancea%20pentru%20dezvoltare%20regional%C4%83.%20Discu%C8%9Bii%20privind%20proiecte%20comune%20%C3%AEn%20mai%20multe%20domenii\"><span>Pinterest<\/span><\/a><\/div>\n<\/div>\n<\/div>\n<div class=\"entry-content herald-entry-content\">\n<p>\u00cent\u00e2lnire<br \/>\nde lucru, ast\u0103zi, \u00eentre reprezentan\u021bii administra\u021biilor din Buz\u0103u \u0219i Vrancea,<br \/>\nav\u00e2nd ca principal obiectiv consolidarea colabor\u0103rii dintre cele dou\u0103 jude\u021be.<br \/>\nPre\u0219edintele Consiliului Jude\u021bean Buz\u0103u, Marcel Ciolacu, l-a primit ast\u0103zi, la<br \/>\nsediul institu\u021biei, pe pre\u0219edintele CJ Vrancea, Nicu\u0219or Halici. Cei doi au discutat<br \/>\ndespre posibilitatea de a veni, \u00een perioada urm\u0103toare, cu proiecte comune care<br \/>\npot duce la dezvoltarea celor dou\u0103 jude\u021be. <\/p>\n<div class=\"wp-block-image\">\n<figure class=\"alignright is-resized\"><img loading=\"lazy\" decoding=\"async\" src=\"https:\/\/sansanews.ro\/wp-content\/uploads\/2026\/04\/659758564_1490238495806042_6144022028426362708_n-1024x682.jpg\" alt class=\"wp-image-118828\" width=\"306\" height=\"204\"><\/figure>\n<\/div>\n<p>Un<br \/>\npunct important pe agend\u0103 a fost valorificarea poten\u021bialului comun \u00een domenii<br \/>\nprecum turismul \u0219i dezvoltarea economic\u0103.<\/p>\n<blockquote class=\"wp-block-quote\">\n<p>\u201cJude\u021bele \u00eenvecinate pot colabora eficient \u0219i coerent atunci c\u00e2nd exist\u0103 proiecte concrete \u0219i obiective comune de dezvoltare. Buz\u0103ul \u0219i Vrancea au deja o leg\u0103tur\u0103 solid\u0103 prin Arhiepiscopia Buz\u0103ului \u0219i Vrancei, un reper important pentru comunit\u0103\u021bile din ambele jude\u021be \u0219i un punct de sprijin pentru ini\u021biative socio-culturale comune.<\/p>\n<p> Am discutat despre valorificarea poten\u021bialului comun, \u00een special \u00een turism \u0219i dezvoltare economic\u0103, precum \u0219i despre necesitatea unei abord\u0103ri coordonate pentru punerea \u00een valoare a acestui poten\u021bial. Un pas concret \u00eel reprezint\u0103 ini\u021bierea ITI (Investi\u021bii Teritoriale Integrate) Buz\u0103u \u2013 Vrancea, care s\u0103 permit\u0103 atragerea de finan\u021b\u0103ri pentru proiecte comune\u201d, anun\u021b\u0103 pre\u0219edintele CJ Buz\u0103u, Marcel Ciolacu.<\/p>\n<\/blockquote>\n<p>De asemenea, cei doi pre\u0219edin\u021bi au discutat \u0219i despre \u00a0interconectarea infrastructurii din\u00a0 Buz\u0103u \u0219i Vrancea, at\u00e2t prin dezvoltarea \u00een jurul Autostr\u0103zii A7, c\u00e2t \u0219i prin alte proiecte. <\/p>\n<div class=\"wp-block-image\">\n<figure class=\"alignright is-resized\"><img loading=\"lazy\" decoding=\"async\" src=\"https:\/\/sansanews.ro\/wp-content\/uploads\/2026\/04\/658823455_1490238479139377_5055440366155751172_n-1024x771.jpg\" alt class=\"wp-image-118829\" width=\"306\" height=\"230\"><\/figure>\n<\/div>\n<p>Cei doi oficiali au discutat \u0219i despre importan\u021ba magistralei de gaze Ghergheasa \u2013 Foc\u0219ani, un proiect important pentru dezvoltarea economic\u0103 regional\u0103, care poate ajuta la atragerea de investi\u021bii \u00een \u00eentreaga regiune.<\/p>\n<blockquote class=\"wp-block-quote\">\n<p>\u201cInterconectarea r\u0103m\u00e2ne esen\u021bial\u0103, nu doar prin Autostrada A7, ci \u0219i prin alte proiecte de infrastructur\u0103 care s\u0103 lege mai bine cele dou\u0103 jude\u021be.<\/p>\n<p>Pe zona energetic\u0103, am discutat despre interconectarea pe linia strategic\u0103 de alimentare cu gaze, inclusiv magistrala Transgaz Ghergheasa \u2013 Foc\u0219ani, un proiect important pentru dezvoltarea economic\u0103 regional\u0103.<\/p>\n<p>Am abordat \u0219i oportunit\u0103\u021bile de colaborare \u00een domeniul digitaliz\u0103rii \u0219i al dezvolt\u0103rii infrastructurii turistice.\u201d<\/p>\n<\/blockquote>\n<div class=\"wp-block-image\">\n<figure class=\"alignleft is-resized\"><img loading=\"lazy\" decoding=\"async\" src=\"https:\/\/sansanews.ro\/wp-content\/uploads\/2026\/04\/658974226_1490238489139376_4169415657942364092_n-1024x682.jpg\" alt class=\"wp-image-118827\" width=\"314\" height=\"209\"><\/figure>\n<\/div>\n<p>Reprezentan\u021bii celor dou\u0103 jude\u021be spun c\u0103 discu\u021biile de ast\u0103zi trebuie s\u0103 se transforme \u00een proiecte concrete, care s\u0103 aduc\u0103 beneficii reale comunit\u0103\u021bilor din Buz\u0103u \u0219i Vrancea.<\/p>\n<blockquote class=\"wp-block-quote\">\n<p>\u201cAst\u0103zi am avut o \u00eent\u00e2lnire de lucru aplicat\u0103 \u0219i sincer\u0103, cu pre\u0219edintele Consiliului Jude\u021bean Buz\u0103u, <a href=\"https:\/\/www.facebook.com\/CiolacuMarcel?__cft__%5b0%5d=AZbqYb-XIICWiYvUR3EbDvmJOxX7EDCyKHOXLrmaa55vWwRs55ZeGu4Q9WZ6__z_6xT_M9VOFdn774mDdoBpjvxYyILbO4eouqk6zFzqQ4PXjYG0yfpByguCeAuRy4WwObAtFmwmrqvmL1Gz9lI6alKReR7Ad2qRRQv9pwYJ-GfhCgsiFhA1cP4yK94U0XWNO0M&amp;__tn__=-%5dK-R\"><strong>Marcel Ciolacu<\/strong><\/a>, \u00een care am conturat direc\u021biile prin care <a href=\"https:\/\/www.facebook.com\/hashtag\/vrancea?__cft__%5b0%5d=AZbqYb-XIICWiYvUR3EbDvmJOxX7EDCyKHOXLrmaa55vWwRs55ZeGu4Q9WZ6__z_6xT_M9VOFdn774mDdoBpjvxYyILbO4eouqk6zFzqQ4PXjYG0yfpByguCeAuRy4WwObAtFmwmrqvmL1Gz9lI6alKReR7Ad2qRRQv9pwYJ-GfhCgsiFhA1cP4yK94U0XWNO0M&amp;__tn__=*NK-R\"><strong>#Vrancea<\/strong><\/a> \u0219i <a href=\"https:\/\/www.facebook.com\/hashtag\/buz%C4%83ul?__cft__%5b0%5d=AZbqYb-XIICWiYvUR3EbDvmJOxX7EDCyKHOXLrmaa55vWwRs55ZeGu4Q9WZ6__z_6xT_M9VOFdn774mDdoBpjvxYyILbO4eouqk6zFzqQ4PXjYG0yfpByguCeAuRy4WwObAtFmwmrqvmL1Gz9lI6alKReR7Ad2qRRQv9pwYJ-GfhCgsiFhA1cP4yK94U0XWNO0M&amp;__tn__=*NK-R\"><strong>#Buz\u0103ul<\/strong><\/a> pot construi, \u00eempreun\u0103, mai mult dec\u00e2t proiecte \u2013 pot construi dezvoltare real\u0103 pentru oameni.<\/p>\n<p>Cred cu t\u0103rie c\u0103 atunci c\u00e2nd exist\u0103 voin\u021b\u0103, colaborarea dintre jude\u021be nu r\u0103m\u00e2ne la nivel de inten\u021bie. Devine ac\u021biune. Devine rezultat.Am pus accent pe ceea ce putem face concret, \u00eempreun\u0103: cum transform\u0103m avantajele pe care le avem \u00eentr-un motor real de dezvoltare pentru ambele jude\u021be.<\/p>\n<p>Urm\u0103torul pas este clar: transform\u0103m aceste discu\u021bii \u00een proiecte concrete. Nu peste ani. \u00cencepem acum\u201d, a transmis, la r\u00e2ndul s\u0103u, pre\u0219edintele CJ Vrancea, Nicu\u0219or Halici.<\/p>\n<\/blockquote>\n<div class=\"meta-tags\"><span>Etichete<\/span><a href=\"https:\/\/sansanews.ro\/tag\/cj-buzau\/\" rel=\"tag\">cj buzau<\/a><a href=\"https:\/\/sansanews.ro\/tag\/colaborare-buzau-vrancea\/\" rel=\"tag\">colaborare buz\u0103u vrancea<\/a><a href=\"https:\/\/sansanews.ro\/tag\/presedintele-cj-buzau-marcel-ciolacu\/\" rel=\"tag\">pre\u0219edintele cj buz\u0103u marcel ciolacu<\/a><a href=\"https:\/\/sansanews.ro\/tag\/presedintele-cj-vrancea\/\" rel=\"tag\">pre\u0219edintele cj vrancea<\/a><\/div>\n<div class=\"herald-share-content\">\n<div class=\"meks_ess rectangle no-labels outline\"><a class=\"meks_ess-item socicon-facebook\" data-url=\"http:\/\/www.facebook.com\/sharer\/sharer.php?u=https%3A%2F%2Fsansanews.ro%2Fcolaborare-intre-buzau-si-vrancea-pentru-dezvoltare-regionala-discutii-privind-proiecte-comune-in-mai-multe-domenii%2F&amp;t=Colaborare%20%C3%AEntre%20Buz%C4%83u%20%C8%99i%20Vrancea%20pentru%20dezvoltare%20regional%C4%83.%20Discu%C8%9Bii%20privind%20proiecte%20comune%20%C3%AEn%20mai%20multe%20domenii\"><span>Facebook<\/span><\/a><a href=\"https:\/\/api.whatsapp.com\/send?text=Colaborare%20%C3%AEntre%20Buz%C4%83u%20%C8%99i%20Vrancea%20pentru%20dezvoltare%20regional%C4%83.%20Discu%C8%9Bii%20privind%20proiecte%20comune%20%C3%AEn%20mai%20multe%20domenii%20https%3A%2F%2Fsansanews.ro%2Fcolaborare-intre-buzau-si-vrancea-pentru-dezvoltare-regionala-discutii-privind-proiecte-comune-in-mai-multe-domenii%2F\" class=\"meks_ess-item socicon-whatsapp prevent-share-popup\"><span>WhatsApp<\/span><\/a><a class=\"meks_ess-item socicon-twitter\" data-url=\"http:\/\/twitter.com\/intent\/tweet?url=https%3A%2F%2Fsansanews.ro%2Fcolaborare-intre-buzau-si-vrancea-pentru-dezvoltare-regionala-discutii-privind-proiecte-comune-in-mai-multe-domenii%2F&amp;text=Colaborare%20%C3%AEntre%20Buz%C4%83u%20%C8%99i%20Vrancea%20pentru%20dezvoltare%20regional%C4%83.%20Discu%C8%9Bii%20privind%20proiecte%20comune%20%C3%AEn%20mai%20multe%20domenii\"><span>Twitter<\/span><\/a><a class=\"meks_ess-item socicon-pinterest\" data-url=\"http:\/\/pinterest.com\/pin\/create\/button\/?url=https%3A%2F%2Fsansanews.ro%2Fcolaborare-intre-buzau-si-vrancea-pentru-dezvoltare-regionala-discutii-privind-proiecte-comune-in-mai-multe-domenii%2F&amp;media=https%3A%2F%2Fsansanews.ro%2Fwp-content%2Fuploads%2F2026%2F04%2F659039765_1490238472472711_9149611309747396255_n.jpg&amp;description=Colaborare%20%C3%AEntre%20Buz%C4%83u%20%C8%99i%20Vrancea%20pentru%20dezvoltare%20regional%C4%83.%20Discu%C8%9Bii%20privind%20proiecte%20comune%20%C3%AEn%20mai%20multe%20domenii\"><span>Pinterest<\/span><\/a><\/div>\n<\/div>\n<\/div>\n<p>[analyse_source url=&#8221;https:\/\/sansanews.ro\/colaborare-intre-buzau-si-vrancea-pentru-dezvoltare-regionala-discutii-privind-proiecte-comune-in-mai-multe-domenii\/&#8221;]<\/p>\n","protected":false},"excerpt":{"rendered":"<p>[analyse_image type=&#8221;featured&#8221; src=&#8221;https:\/\/sansanews.ro\/wp-content\/uploads\/2026\/04\/659039765_1490238472472711_9149611309747396255_n.jpghttps:\/\/sansanews.ro\/wp-content\/uploads\/2026\/04\/659039765_1490238472472711_9149611309747396255_n.jpg&#8221;] \u00cent\u00e2lnire de lucru, ast\u0103zi, \u00eentre reprezentan\u021bii administra\u021biilor din Buz\u0103u \u0219i Vrancea, av\u00e2nd ca principal obiectiv consolidarea colabor\u0103rii dintre cele dou\u0103 jude\u021be. Pre\u0219edintele Consiliului Jude\u021bean Buz\u0103u, Marcel Ciolacu, l-a primit ast\u0103zi, la sediul institu\u021biei, pe pre\u0219edintele CJ Vrancea, Nicu\u0219or Halici. Cei doi au discutat despre posibilitatea de a veni, \u00een perioada urm\u0103toare, cu [&hellip;]<\/p>\n","protected":false},"author":1,"featured_media":0,"comment_status":"open","ping_status":"","sticky":false,"template":"","format":"standard","meta":{"footnotes":""},"categories":[2],"tags":[226,51],"class_list":["post-1859781","post","type-post","status-publish","format-standard","hentry","category-politics","tag-crawlmanager","tag-sansanews-ro"],"_links":{"self":[{"href":"https:\/\/analyse.optim.biz\/index.php?rest_route=\/wp\/v2\/posts\/1859781","targetHints":{"allow":["GET"]}}],"collection":[{"href":"https:\/\/analyse.optim.biz\/index.php?rest_route=\/wp\/v2\/posts"}],"about":[{"href":"https:\/\/analyse.optim.biz\/index.php?rest_route=\/wp\/v2\/types\/post"}],"author":[{"embeddable":true,"href":"https:\/\/analyse.optim.biz\/index.php?rest_route=\/wp\/v2\/users\/1"}],"replies":[{"embeddable":true,"href":"https:\/\/analyse.optim.biz\/index.php?rest_route=%2Fwp%2Fv2%2Fcomments&post=1859781"}],"version-history":[{"count":0,"href":"https:\/\/analyse.optim.biz\/index.php?rest_route=\/wp\/v2\/posts\/1859781\/revisions"}],"wp:attachment":[{"href":"https:\/\/analyse.optim.biz\/index.php?rest_route=%2Fwp%2Fv2%2Fmedia&parent=1859781"}],"wp:term":[{"taxonomy":"category","embeddable":true,"href":"https:\/\/analyse.optim.biz\/index.php?rest_route=%2Fwp%2Fv2%2Fcategories&post=1859781"},{"taxonomy":"post_tag","embeddable":true,"href":"https:\/\/analyse.optim.biz\/index.php?rest_route=%2Fwp%2Fv2%2Ftags&post=1859781"}],"curies":[{"name":"wp","href":"https:\/\/api.w.org\/{rel}","templated":true}]}}