{"id":185945,"date":"2015-02-24T12:58:06","date_gmt":"2015-02-24T09:58:06","guid":{"rendered":"https:\/\/analyse.optim.biz\/?p=185945"},"modified":"2015-02-24T12:58:06","modified_gmt":"2015-02-24T09:58:06","slug":"e-hellvig-intrebat-de-acuzatiile-aduse-de-e-udrea-am-discutat-cu-fostul-director-sri-despre-valori-democratice-carti-si-alte-lucruri","status":"publish","type":"post","link":"https:\/\/analyse.optim.biz\/?p=185945","title":{"rendered":"E. Hellvig, \u00eentrebat de acuza\u021biile aduse de E. Udrea: Am discutat cu fostul director SRI despre valori democratice, c\u0103r\u021bi \u0219i alte lucruri"},"content":{"rendered":"<div class=\"entry data-app-meta data-app-meta-article\" data-embed-base-url-canonical=\"https:\/\/www.digi24.ro\/embed\/stiri\/actualitate\/politica\/e-hellvig-intrebat-de-acuzatiile-aduse-de-e-udrea-am-discutat-cu-fostul-director-sri-despre-valori-democratice-carti-si-alte-lucruri-363184\">\n<p data-index=\"1\">\u201eAm luat not\u0103 de declara\u021bia dnei Elena Udrea, nu vreau s\u0103 fac niciun comentariu cu privire la <em>alega\u021biile<\/em> pe care domnia sa le-a f\u0103cut. Eu, ca persoan\u0103 public\u0103, \u00eentotdeauna am avut grij\u0103 ca institu\u021bia \u0219i rela\u021bia institu\u021bional\u0103 care a existat \u00eentre directorul institu\u021biei \u2013 fac precizarea: directorul institu\u021biei \u2013 \u0219i persoana mea s\u0103 nu fie grevat\u0103 de discu\u021bii care s\u0103 implice decizii de alt\u0103 natur\u0103 dec\u00e2t strict de informare \u0219i de schimb de valori pe care le \u00eemp\u0103rt\u0103\u0219im \u0219i cred c\u0103 le \u00eemp\u0103rt\u0103\u0219im reciproc \u00eempreun\u0103 cu fostul director George Maior. \u0218i, ca urmare, nu vreau s\u0103 fac niciun alt comentariu legat de aprecierile dnei Udrea\u201d, a declarat <strong>Eduard Hellvig<\/strong>, \u00eentrebat de ziari\u0219ti despre faptul c\u0103 Elena Udrea sus\u021bine c\u0103 \u00een timpul campaniei s-ar fi \u00eent\u00e2lnit cu generalul Coldea pentru a se asigura c\u0103 decizia justi\u021biei privind incompatibilitatea lui Klaus Iohannis nu se va da \u00een timpul campaniei.<\/p>\n<p data-index=\"2\"><strong>Au fost sau nu \u00eent\u00e2lniri \u00eentre dvs \u0219i conducerea SRI \u00een timpul campaniei<\/strong>? au insistat jurnali\u0219tii.<\/p>\n<p data-index=\"3\">\u201e<strong>\u00cent\u00e2lniri, dac\u0103 au existat, au existat \u00eentre mine \u0219i fostul director George Maior, care au fost discu\u021bii strict legate de valori \u00een care credem, de c\u0103r\u021bi \u0219i alte lucruri care nu aveau leg\u0103tur\u0103 direct\u0103 cu institu\u021bia Serviciului Rom\u00e2n de Informa\u021bii.<\/strong> (&#8230;) Era o rela\u021bie, evident, personal\u0103, ne \u0219tim de foarte mul\u021bi ani. Am fost parlamentari am\u00e2ndoi, ne \u0219tim de extrem de mul\u021bi ani, nu e vorba de o rela\u021bie institu\u021bional\u0103, ci de o rela\u021bie personal\u0103\u201d, a explicat <strong>Eduard Hellvig.<\/strong><\/p>\n<p data-index=\"4\">El a precizat c\u0103 \u00eent\u00e2lnirile aveau loc la biroul lui George Maior, fostul \u0219ef al SRI, pentru c\u0103 directorul SRI nu poate s\u0103 aib\u0103 \u00eent\u00e2lniri \u00een spa\u021biul public. \u00a0<\/p>\n<p data-index=\"5\">\u00centrebat dac\u0103, odat\u0103 ajuns \u00een fruntea SRI, va fi, la r\u00e2ndul s\u0103u, deschis \u00eent\u00e2lnirilor cu politicieni, \u00een biroul s\u0103u de la SRI, Eduard Hellvig a r\u0103spuns: \u201eCeea ce spun este c\u0103 este \u00een interesul institu\u021biei s\u0103 \u00een\u021beleag\u0103 care sunt a\u0219tept\u0103rile beneficiarilor muncii din SRI. C\u00e2nd am fost ministru, am beneficiat permanent de asisten\u021ba \u0219i de documentele SRI \u00een desf\u0103\u0219urarea activit\u0103\u021bii mele profesionale. (&#8230;) Evident c\u0103 exist\u0103 interese na\u021bionale pe care le reprezent\u0103m fiecare \u00een func\u021biile pe care le ocup\u0103m. Nu cred c\u0103 e o chestie gre\u0219it\u0103. Nu e nimic care s\u0103 nu poat\u0103 s\u0103 fie <em>achiesat<\/em> at\u00e2t timp c\u00e2t are ca obiectiv interesul na\u021bional\u201d, a punctat Eduard Hellvig.<\/p>\n<p data-index=\"6\">El a fost audiat, mar\u021bi, \u00een comisia de control parlamentar al SRI \u0219i a primit aviz pozitiv pentru a fi numit la \u0219efia Serviciului Rom\u00e2n de Informa\u021bii. Func\u021bia este vacant\u0103 de la \u00eenceputul acestui an, dup\u0103 demisia lui George Maior.\u00a0<\/p>\n<p data-index=\"7\">Pre\u0219edintele Klaus Iohannis l-a propus s\u0103pt\u0103m\u00e2na trecut\u0103 pe Eduard Hellvig la conducerea SRI. El <a href=\"https:\/\/www.digi24.ro\/Stiri\/Digi24\/Actualitate\/Politica\/Ce+sanse+are+Eduard+Hellvig+sa+preia+sefia+SRI\" target=\"_blank\" data-skip-linkfix=\"1\" rel=\"noopener\">trebuie s\u0103 primeasc\u0103 votul Parlamentului pentru a-\u0219i prelua func\u021bia.<\/a><\/p>\n<p data-index=\"8\"><a href=\"https:\/\/www.digi24.ro\/Stiri\/Digi24\/Actualitate\/Politica\/Elena+Udrea+reactie+Hellvig+SRI+Voiculescu\" target=\"_blank\" data-skip-linkfix=\"1\" rel=\"noopener\">Elena Udrea<\/a>\u00a0\u00eel consider\u0103 pe Eduard Hellvig omul pre\u015fedintelui, care va consolida autoritatea actualului interimar\u00a0<strong>Florian Coldea<\/strong>\u00a0\u00een fruntea Serviciului. Fosta candidat\u0103 la Cotroceni pretinde c\u0103\u00a0<strong>Hellvig a fost cu un grup de liberali la SRI, \u00eenainte de alegeri, s\u0103 se asigure c\u0103 lucrurile merg bine pentru ei.<\/strong><\/p>\n<p data-index=\"9\">\u201e<span>La un moment dat, afl\u00e2nd c\u0103 la sediul SRI din B\u0103neasa se duc Eduard Hellvig \u0219i Petrache de la Ilfov, la Coldea, s\u0103 se pun\u0103 de acord pe diverse lucruri legate de Iohannis \u015fi c\u0103 ace\u015ftia spuseser\u0103 c\u0103 i-a asigurat Coldea c\u0103 nu va fi declarat incompatibil p\u00e2n\u0103 la alegeri Iohannis, m-am dus s\u0103-i spun lui Maior c\u0103 se lucreaz\u0103 \u00eempotriva lui Ponta cu aceste metode\u201d, ar fi scris \u00eentr-un jurnal Elena Udrea, potrivit\u00a0<a href=\"http:\/\/www.cristoiublog.ro\/gindul-de-vineri-20-februarie-2015\/\" target=\"_blank\" data-skip-linkfix=\"1\" rel=\"noopener\"><strong>cristoiublog.ro<\/strong><\/a>.<\/span><\/p>\n<p data-index=\"10\">Pre\u015fedintele Klaus Iohannis a explicat \u00eentr-un interviu pentru Digi24 c\u0103 Eduard Hellvig poate duce Serviciul \u00eentr-o zon\u0103 european\u0103. \u201eEste o persoan\u0103 \u0219i preg\u0103tit\u0103, \u0219i suficient de bine cunoscut\u0103, \u015fi suficient de calm\u0103\u201d, a afirmat pre\u0219edintele.<\/p>\n<\/div>\n<p> Source URL: https:\/\/www.digi24.ro\/stiri\/actualitate\/politica\/e-hellvig-intrebat-de-acuzatiile-aduse-de-e-udrea-am-discutat-cu-fostul-director-sri-despre-valori-democratice-carti-si-alte-lucruri-363184<\/p>\n","protected":false},"excerpt":{"rendered":"<p>\u201eAm luat not\u0103 de declara\u021bia dnei Elena Udrea, nu vreau s\u0103 fac niciun comentariu cu privire la alega\u021biile pe care domnia sa le-a f\u0103cut. Eu, ca persoan\u0103 public\u0103, \u00eentotdeauna am avut grij\u0103 ca institu\u021bia \u0219i rela\u021bia institu\u021bional\u0103 care a existat \u00eentre directorul institu\u021biei \u2013 fac precizarea: directorul institu\u021biei \u2013 \u0219i persoana mea s\u0103 nu fie [&hellip;]<\/p>\n","protected":false},"author":1,"featured_media":185946,"comment_status":"open","ping_status":"","sticky":false,"template":"","format":"standard","meta":{"footnotes":""},"categories":[2],"tags":[11],"class_list":["post-185945","post","type-post","status-publish","format-standard","has-post-thumbnail","hentry","category-politics","tag-digi24"],"_links":{"self":[{"href":"https:\/\/analyse.optim.biz\/index.php?rest_route=\/wp\/v2\/posts\/185945","targetHints":{"allow":["GET"]}}],"collection":[{"href":"https:\/\/analyse.optim.biz\/index.php?rest_route=\/wp\/v2\/posts"}],"about":[{"href":"https:\/\/analyse.optim.biz\/index.php?rest_route=\/wp\/v2\/types\/post"}],"author":[{"embeddable":true,"href":"https:\/\/analyse.optim.biz\/index.php?rest_route=\/wp\/v2\/users\/1"}],"replies":[{"embeddable":true,"href":"https:\/\/analyse.optim.biz\/index.php?rest_route=%2Fwp%2Fv2%2Fcomments&post=185945"}],"version-history":[{"count":0,"href":"https:\/\/analyse.optim.biz\/index.php?rest_route=\/wp\/v2\/posts\/185945\/revisions"}],"wp:featuredmedia":[{"embeddable":true,"href":"https:\/\/analyse.optim.biz\/index.php?rest_route=\/wp\/v2\/media\/185946"}],"wp:attachment":[{"href":"https:\/\/analyse.optim.biz\/index.php?rest_route=%2Fwp%2Fv2%2Fmedia&parent=185945"}],"wp:term":[{"taxonomy":"category","embeddable":true,"href":"https:\/\/analyse.optim.biz\/index.php?rest_route=%2Fwp%2Fv2%2Fcategories&post=185945"},{"taxonomy":"post_tag","embeddable":true,"href":"https:\/\/analyse.optim.biz\/index.php?rest_route=%2Fwp%2Fv2%2Ftags&post=185945"}],"curies":[{"name":"wp","href":"https:\/\/api.w.org\/{rel}","templated":true}]}}