{"id":1859436,"date":"2026-04-01T13:08:09","date_gmt":"2026-04-01T10:08:09","guid":{"rendered":"https:\/\/analyse.optim.biz\/?p=1859436"},"modified":"2026-04-01T13:08:09","modified_gmt":"2026-04-01T10:08:09","slug":"lista-celor-26-de-comune-din-buzau-care-incep-marea-transformare-digitala-si-sociala-inca-30-de-localitati-pe-lista-de-asteptare-pentru-finantare","status":"publish","type":"post","link":"https:\/\/analyse.optim.biz\/?p=1859436","title":{"rendered":"Lista celor 26 de comune din Buz\u0103u care \u00eencep marea transformare digital\u0103 \u0219i social\u0103. \u00cenc\u0103 30 de localit\u0103\u021bi, pe lista de a\u0219teptare pentru finan\u021bare"},"content":{"rendered":"<p>[analyse_image type=&#8221;featured&#8221; src=&#8221;https:\/\/sansanews.ro\/wp-content\/uploads\/2026\/04\/661872956_1241496128155739_5916545243642144896_n.jpghttps:\/\/sansanews.ro\/wp-content\/uploads\/2026\/04\/661872956_1241496128155739_5916545243642144896_n.jpg&#8221;]<\/p>\n<div class=\"entry-content herald-entry-content\">\n<p>26 de comune din jude\u021bul Buz\u0103u au semnat contractele de finan\u021bare pentru implementarea unui proiect de servicii integrate, coordonat de Ministerul Muncii \u00een parteneriat cu Ministerele Educa\u021biei \u0219i S\u0103n\u0103t\u0103\u021bii. Programul, finan\u021bat prin Ministerul Investi\u021biilor \u0219i Proiectelor Europene, vizeaz\u0103 crearea de echipe mixte care s\u0103 ajute persoanele vulnerabile, de la b\u0103tr\u00e2ni \u0219i persoane cu dizabilit\u0103\u021bi, p\u00e2n\u0103 la comunit\u0103\u021bi de romi, direct \u00een localitatea lor. <\/p>\n<p>UAT-urile pentru care <strong>au fost semnate contractele<\/strong> de sprijin sunt: Balta Alb\u0103, Beceni, Br\u0103deanu, Breaza, Calvini, C\u0103ne\u0219ti, Cisl\u0103u, Coste\u0219ti, Cozieni, Largu, Luciu, M\u0103r\u0103cineni, Padina, Pietroasele, Po\u0219ta C\u00e2ln\u0103u, Puie\u0219ti, Robeasca, S\u0103geata, S\u0103rule\u0219ti, Siriu, Topliceni, \u021ainte\u0219ti, V\u00e2lcelele, Vintil\u0103 Vod\u0103, Vipere\u0219ti, Ziduri.<\/p>\n<ul class=\"wp-block-gallery columns-3 is-cropped\">\n<li class=\"blocks-gallery-item\">\n<figure><img decoding=\"async\" src=\"https:\/\/sansanews.ro\/wp-content\/uploads\/2026\/04\/658151453_1241496008155751_4555275120548743287_n-1024x682.jpg\" alt data-id=\"118805\" data-link=\"https:\/\/sansanews.ro\/?attachment_id=118805\" class=\"wp-image-118805\"><\/figure>\n<\/li>\n<li class=\"blocks-gallery-item\">\n<figure><img decoding=\"async\" src=\"https:\/\/sansanews.ro\/wp-content\/uploads\/2026\/04\/658825129_1241495951489090_8928618037766864160_n-1024x682.jpg\" alt data-id=\"118806\" data-link=\"https:\/\/sansanews.ro\/?attachment_id=118806\" class=\"wp-image-118806\"><\/figure>\n<\/li>\n<li class=\"blocks-gallery-item\">\n<figure><img decoding=\"async\" src=\"https:\/\/sansanews.ro\/wp-content\/uploads\/2026\/04\/657670438_1241495881489097_3722357533138158106_n-1024x682.jpg\" alt data-id=\"118807\" data-link=\"https:\/\/sansanews.ro\/?attachment_id=118807\" class=\"wp-image-118807\"><\/figure>\n<\/li>\n<\/ul>\n<div class=\"wp-block-image\">\n<figure class=\"alignright is-resized\"><img loading=\"lazy\" decoding=\"async\" src=\"https:\/\/sansanews.ro\/wp-content\/uploads\/2026\/04\/secretar-1024x673.png\" alt class=\"wp-image-118796\" width=\"304\" height=\"200\"><\/figure>\n<\/div>\n<p>Pe<br \/>\nl\u00e2ng\u0103 cele 26 de comune intrate \u00een program, alte 30 de localit\u0103\u021bi sunt pe lista<br \/>\nde a\u0219teptare. <\/p>\n<p>UAT-urile care <strong>urmeaz\u0103<br \/>\ns\u0103 semneze contractele de sprijin comunitar<\/strong>:Chiojdu, Cilibia, M\u00e2nz\u0103le\u0219ti, M\u0103r\u0103g\u0103rite\u0219ti,<br \/>\nMihaile\u0219ti, Murge\u0219ti, Scutelnici, Tis\u0103u, Ulmeni, Unguriu, Valea Salciei, Verne\u0219ti,<br \/>\nZ\u0103rne\u0219ti, Greb\u0103nu, M\u0103gura, R\u00e2mnicelu, Scor\u021boasa, Smeeni, Berca, Bisoca, Bozioru,<br \/>\nChiliile, Gura Teghii, Merei, P\u00e2rscov, Ru\u0219e\u021bu, S\u0103h\u0103teni, S\u0103poca, Vadu Pa\u0219ii.<\/p>\n<blockquote class=\"wp-block-quote\">\n<p>\u201c26 de contracte care au fost semnate de comunit\u0103\u021bile rurale din jude\u021bul Buz\u0103u cu Ministerul Muncii, pe proiectul \u201eFurnizarea de servicii integrate \u00een comunit\u0103\u021bile rurale\u201d. Vorbim despre un proiect mamut al Ministerului Muncii, de peste 4 miliarde de lei, contracte \u00een valoare de c\u00e2teva zeci de milioane de lei semnate cu cele 26 de localit\u0103\u021bi din jude\u021b. Mai avem \u00een analiz\u0103 \u00eenc\u0103 30 de UAT-uri care vor veni \u0219i vor semna contracte cu Ministerul Muncii\u201d, a declarat secretarul de stat din Ministerul Investi\u021biilor \u0219i Proiectelor Europene, Ciprian V\u0103caru.<\/p>\n<\/blockquote>\n<p>Proiectul<br \/>\nnu \u00eenseamn\u0103 doar bani, ci oameni trimi\u0219i \u00een teren. \u00cen fiecare comun\u0103 va exista<br \/>\no echip\u0103 format\u0103 din asistent social, mediator pe educa\u021bie \u0219i asistent medical.<br \/>\n\u00cen plus, cl\u0103dirile destinate acestor centre vor fi renovate.<\/p>\n<blockquote class=\"wp-block-quote\">\n<p>\u201cVom forma echipe mixte de asisten\u021bi sociali, consilieri \u0219i mediatori \u00een educa\u021bie \u0219i de asisten\u021bi medicali, plus 2000 de centre care vor fi construite sau reabilitate \u00een aceste comunit\u0103\u021bi rurale, echipele care lucreaz\u0103 integrat \u00een aceste centre pentru a deservi persoane vulnerabile, \u0219i aici ne referim la copii, v\u00e2rstnici, romi, persoane cu dizabilit\u0103\u021bi, care vor beneficia de aceste pachete integrate de servicii sociale, astfel \u00eenc\u00e2t s\u0103 beneficieze at\u00e2t aceste persoane, c\u00e2t \u0219i comunit\u0103\u021bile din care fac parte.\u201d <\/p>\n<\/blockquote>\n<p>Marea<br \/>\nschimbare pentru b\u0103tr\u00e2nii singuri sau persoanele cu dizabilit\u0103\u021bi este c\u0103 nu vor<br \/>\nmai fi nevoi\u021bi s\u0103 bat\u0103 drumurile p\u00e2n\u0103 la ora\u0219 pentru acte sau consulta\u021bii de<br \/>\nbaz\u0103.<\/p>\n<blockquote class=\"wp-block-quote\">\n<p>\u201c Concret, vor avea parte efectiv de servicii. De exemplu, sunt anumite servicii pe care Ministerul Muncii, prin Agen\u021bia Na\u021bional\u0103 a Persoanelor cu Dizabilit\u0103\u021bi, le ofer\u0103 acestor persoane. Pentru ca ele s\u0103 poat\u0103 s\u0103 primeasc\u0103 aceste beneficii, au nevoie de depunerea unui dosar, de \u00eenregistrarea unor documente, de realizarea unei analize. Practic, persoana respectiv\u0103 va avea \u00een comunitatea \u00een care tr\u0103ie\u0219te o persoan\u0103 special desemnat\u0103 pentru aceste lucruri. Avem nevoie de asisten\u021b\u0103 medical\u0103. \u00cen cadrul acelui centru comuniatr vom avea echipamentele necesare pentru acordarea asisten\u021bei medicale primare. Deci, sunt servicii, pe de o parte, administrative, pe care le vor face oameni de la firul ierbii, nu va mai fi nevoie e deplas\u0103ri, de depuneri de documente \u00een alt\u0103 parte, \u0219i pe de alt\u0103 parte servicii directe, inclusiv la educa\u021bie.\u201d<\/p>\n<\/blockquote>\n<p>La<br \/>\nnivel na\u021bional, investi\u021bia dep\u0103\u0219e\u0219te 800<br \/>\nde milioane de euro, bani care trebuie s\u0103 ajung\u0103 la aproape jum\u0103tate de milion de persoane vulnerabile.\n<\/p>\n<p>Proiectul<br \/>\nare o perioad\u0103 de implementare de 60 de<br \/>\nluni \u0219i se va derula p\u00e2n\u0103 \u00een anul 2029.<\/p>\n<div class=\"meta-tags\"><span>Etichete<\/span><a href=\"https:\/\/sansanews.ro\/tag\/centre-comunitare\/\" rel=\"tag\">centre comunitare<\/a><a href=\"https:\/\/sansanews.ro\/tag\/persoane-vulnerabile\/\" rel=\"tag\">persoane vulnerabile<\/a><\/div>\n<div class=\"herald-share-content\">\n<div class=\"meks_ess rectangle no-labels outline\"><a class=\"meks_ess-item socicon-facebook\" data-url=\"http:\/\/www.facebook.com\/sharer\/sharer.php?u=https%3A%2F%2Fsansanews.ro%2Flista-celor-26-de-comune-din-buzau-care-incep-marea-transformare-digitala-si-sociala-inca-30-de-localitati-pe-lista-de-asteptare-pentru-finantare%2F&amp;t=Lista%20celor%2026%20de%20comune%20din%20Buz%C4%83u%20care%20%C3%AEncep%20marea%20transformare%20digital%C4%83%20%C8%99i%20social%C4%83.%20%C3%8Enc%C4%83%2030%20de%20localit%C4%83%C8%9Bi%2C%20pe%20lista%20de%20a%C8%99teptare%20pentru%20finan%C8%9Bare\"><span>Facebook<\/span><\/a><a href=\"https:\/\/api.whatsapp.com\/send?text=Lista%20celor%2026%20de%20comune%20din%20Buz%C4%83u%20care%20%C3%AEncep%20marea%20transformare%20digital%C4%83%20%C8%99i%20social%C4%83.%20%C3%8Enc%C4%83%2030%20de%20localit%C4%83%C8%9Bi%2C%20pe%20lista%20de%20a%C8%99teptare%20pentru%20finan%C8%9Bare%20https%3A%2F%2Fsansanews.ro%2Flista-celor-26-de-comune-din-buzau-care-incep-marea-transformare-digitala-si-sociala-inca-30-de-localitati-pe-lista-de-asteptare-pentru-finantare%2F\" class=\"meks_ess-item socicon-whatsapp prevent-share-popup\"><span>WhatsApp<\/span><\/a><a class=\"meks_ess-item socicon-twitter\" data-url=\"http:\/\/twitter.com\/intent\/tweet?url=https%3A%2F%2Fsansanews.ro%2Flista-celor-26-de-comune-din-buzau-care-incep-marea-transformare-digitala-si-sociala-inca-30-de-localitati-pe-lista-de-asteptare-pentru-finantare%2F&amp;text=Lista%20celor%2026%20de%20comune%20din%20Buz%C4%83u%20care%20%C3%AEncep%20marea%20transformare%20digital%C4%83%20%C8%99i%20social%C4%83.%20%C3%8Enc%C4%83%2030%20de%20localit%C4%83%C8%9Bi%2C%20pe%20lista%20de%20a%C8%99teptare%20pentru%20finan%C8%9Bare\"><span>Twitter<\/span><\/a><a class=\"meks_ess-item socicon-pinterest\" data-url=\"http:\/\/pinterest.com\/pin\/create\/button\/?url=https%3A%2F%2Fsansanews.ro%2Flista-celor-26-de-comune-din-buzau-care-incep-marea-transformare-digitala-si-sociala-inca-30-de-localitati-pe-lista-de-asteptare-pentru-finantare%2F&amp;media=https%3A%2F%2Fsansanews.ro%2Fwp-content%2Fuploads%2F2026%2F04%2F661872956_1241496128155739_5916545243642144896_n.jpg&amp;description=Lista%20celor%2026%20de%20comune%20din%20Buz%C4%83u%20care%20%C3%AEncep%20marea%20transformare%20digital%C4%83%20%C8%99i%20social%C4%83.%20%C3%8Enc%C4%83%2030%20de%20localit%C4%83%C8%9Bi%2C%20pe%20lista%20de%20a%C8%99teptare%20pentru%20finan%C8%9Bare\"><span>Pinterest<\/span><\/a><\/div>\n<\/div>\n<\/div>\n<div class=\"entry-content herald-entry-content\">\n<p>26 de comune din jude\u021bul Buz\u0103u au semnat contractele de finan\u021bare pentru implementarea unui proiect de servicii integrate, coordonat de Ministerul Muncii \u00een parteneriat cu Ministerele Educa\u021biei \u0219i S\u0103n\u0103t\u0103\u021bii. Programul, finan\u021bat prin Ministerul Investi\u021biilor \u0219i Proiectelor Europene, vizeaz\u0103 crearea de echipe mixte care s\u0103 ajute persoanele vulnerabile, de la b\u0103tr\u00e2ni \u0219i persoane cu dizabilit\u0103\u021bi, p\u00e2n\u0103 la comunit\u0103\u021bi de romi, direct \u00een localitatea lor. <\/p>\n<p>UAT-urile pentru care <strong>au fost semnate contractele<\/strong> de sprijin sunt: Balta Alb\u0103, Beceni, Br\u0103deanu, Breaza, Calvini, C\u0103ne\u0219ti, Cisl\u0103u, Coste\u0219ti, Cozieni, Largu, Luciu, M\u0103r\u0103cineni, Padina, Pietroasele, Po\u0219ta C\u00e2ln\u0103u, Puie\u0219ti, Robeasca, S\u0103geata, S\u0103rule\u0219ti, Siriu, Topliceni, \u021ainte\u0219ti, V\u00e2lcelele, Vintil\u0103 Vod\u0103, Vipere\u0219ti, Ziduri.<\/p>\n<ul class=\"wp-block-gallery columns-3 is-cropped\">\n<li class=\"blocks-gallery-item\">\n<figure><img decoding=\"async\" src=\"https:\/\/sansanews.ro\/wp-content\/uploads\/2026\/04\/658151453_1241496008155751_4555275120548743287_n-1024x682.jpg\" alt data-id=\"118805\" data-link=\"https:\/\/sansanews.ro\/?attachment_id=118805\" class=\"wp-image-118805\"><\/figure>\n<\/li>\n<li class=\"blocks-gallery-item\">\n<figure><img decoding=\"async\" src=\"https:\/\/sansanews.ro\/wp-content\/uploads\/2026\/04\/658825129_1241495951489090_8928618037766864160_n-1024x682.jpg\" alt data-id=\"118806\" data-link=\"https:\/\/sansanews.ro\/?attachment_id=118806\" class=\"wp-image-118806\"><\/figure>\n<\/li>\n<li class=\"blocks-gallery-item\">\n<figure><img decoding=\"async\" src=\"https:\/\/sansanews.ro\/wp-content\/uploads\/2026\/04\/657670438_1241495881489097_3722357533138158106_n-1024x682.jpg\" alt data-id=\"118807\" data-link=\"https:\/\/sansanews.ro\/?attachment_id=118807\" class=\"wp-image-118807\"><\/figure>\n<\/li>\n<\/ul>\n<div class=\"wp-block-image\">\n<figure class=\"alignright is-resized\"><img loading=\"lazy\" decoding=\"async\" src=\"https:\/\/sansanews.ro\/wp-content\/uploads\/2026\/04\/secretar-1024x673.png\" alt class=\"wp-image-118796\" width=\"304\" height=\"200\"><\/figure>\n<\/div>\n<p>Pe<br \/>\nl\u00e2ng\u0103 cele 26 de comune intrate \u00een program, alte 30 de localit\u0103\u021bi sunt pe lista<br \/>\nde a\u0219teptare. <\/p>\n<p>UAT-urile care <strong>urmeaz\u0103<br \/>\ns\u0103 semneze contractele de sprijin comunitar<\/strong>:Chiojdu, Cilibia, M\u00e2nz\u0103le\u0219ti, M\u0103r\u0103g\u0103rite\u0219ti,<br \/>\nMihaile\u0219ti, Murge\u0219ti, Scutelnici, Tis\u0103u, Ulmeni, Unguriu, Valea Salciei, Verne\u0219ti,<br \/>\nZ\u0103rne\u0219ti, Greb\u0103nu, M\u0103gura, R\u00e2mnicelu, Scor\u021boasa, Smeeni, Berca, Bisoca, Bozioru,<br \/>\nChiliile, Gura Teghii, Merei, P\u00e2rscov, Ru\u0219e\u021bu, S\u0103h\u0103teni, S\u0103poca, Vadu Pa\u0219ii.<\/p>\n<blockquote class=\"wp-block-quote\">\n<p>\u201c26 de contracte care au fost semnate de comunit\u0103\u021bile rurale din jude\u021bul Buz\u0103u cu Ministerul Muncii, pe proiectul \u201eFurnizarea de servicii integrate \u00een comunit\u0103\u021bile rurale\u201d. Vorbim despre un proiect mamut al Ministerului Muncii, de peste 4 miliarde de lei, contracte \u00een valoare de c\u00e2teva zeci de milioane de lei semnate cu cele 26 de localit\u0103\u021bi din jude\u021b. Mai avem \u00een analiz\u0103 \u00eenc\u0103 30 de UAT-uri care vor veni \u0219i vor semna contracte cu Ministerul Muncii\u201d, a declarat secretarul de stat din Ministerul Investi\u021biilor \u0219i Proiectelor Europene, Ciprian V\u0103caru.<\/p>\n<\/blockquote>\n<p>Proiectul<br \/>\nnu \u00eenseamn\u0103 doar bani, ci oameni trimi\u0219i \u00een teren. \u00cen fiecare comun\u0103 va exista<br \/>\no echip\u0103 format\u0103 din asistent social, mediator pe educa\u021bie \u0219i asistent medical.<br \/>\n\u00cen plus, cl\u0103dirile destinate acestor centre vor fi renovate.<\/p>\n<blockquote class=\"wp-block-quote\">\n<p>\u201cVom forma echipe mixte de asisten\u021bi sociali, consilieri \u0219i mediatori \u00een educa\u021bie \u0219i de asisten\u021bi medicali, plus 2000 de centre care vor fi construite sau reabilitate \u00een aceste comunit\u0103\u021bi rurale, echipele care lucreaz\u0103 integrat \u00een aceste centre pentru a deservi persoane vulnerabile, \u0219i aici ne referim la copii, v\u00e2rstnici, romi, persoane cu dizabilit\u0103\u021bi, care vor beneficia de aceste pachete integrate de servicii sociale, astfel \u00eenc\u00e2t s\u0103 beneficieze at\u00e2t aceste persoane, c\u00e2t \u0219i comunit\u0103\u021bile din care fac parte.\u201d <\/p>\n<\/blockquote>\n<p>Marea<br \/>\nschimbare pentru b\u0103tr\u00e2nii singuri sau persoanele cu dizabilit\u0103\u021bi este c\u0103 nu vor<br \/>\nmai fi nevoi\u021bi s\u0103 bat\u0103 drumurile p\u00e2n\u0103 la ora\u0219 pentru acte sau consulta\u021bii de<br \/>\nbaz\u0103.<\/p>\n<blockquote class=\"wp-block-quote\">\n<p>\u201c Concret, vor avea parte efectiv de servicii. De exemplu, sunt anumite servicii pe care Ministerul Muncii, prin Agen\u021bia Na\u021bional\u0103 a Persoanelor cu Dizabilit\u0103\u021bi, le ofer\u0103 acestor persoane. Pentru ca ele s\u0103 poat\u0103 s\u0103 primeasc\u0103 aceste beneficii, au nevoie de depunerea unui dosar, de \u00eenregistrarea unor documente, de realizarea unei analize. Practic, persoana respectiv\u0103 va avea \u00een comunitatea \u00een care tr\u0103ie\u0219te o persoan\u0103 special desemnat\u0103 pentru aceste lucruri. Avem nevoie de asisten\u021b\u0103 medical\u0103. \u00cen cadrul acelui centru comuniatr vom avea echipamentele necesare pentru acordarea asisten\u021bei medicale primare. Deci, sunt servicii, pe de o parte, administrative, pe care le vor face oameni de la firul ierbii, nu va mai fi nevoie e deplas\u0103ri, de depuneri de documente \u00een alt\u0103 parte, \u0219i pe de alt\u0103 parte servicii directe, inclusiv la educa\u021bie.\u201d<\/p>\n<\/blockquote>\n<p>La<br \/>\nnivel na\u021bional, investi\u021bia dep\u0103\u0219e\u0219te 800<br \/>\nde milioane de euro, bani care trebuie s\u0103 ajung\u0103 la aproape jum\u0103tate de milion de persoane vulnerabile.\n<\/p>\n<p>Proiectul<br \/>\nare o perioad\u0103 de implementare de 60 de<br \/>\nluni \u0219i se va derula p\u00e2n\u0103 \u00een anul 2029.<\/p>\n<div class=\"meta-tags\"><span>Etichete<\/span><a href=\"https:\/\/sansanews.ro\/tag\/centre-comunitare\/\" rel=\"tag\">centre comunitare<\/a><a href=\"https:\/\/sansanews.ro\/tag\/persoane-vulnerabile\/\" rel=\"tag\">persoane vulnerabile<\/a><\/div>\n<div class=\"herald-share-content\">\n<div class=\"meks_ess rectangle no-labels outline\"><a class=\"meks_ess-item socicon-facebook\" data-url=\"http:\/\/www.facebook.com\/sharer\/sharer.php?u=https%3A%2F%2Fsansanews.ro%2Flista-celor-26-de-comune-din-buzau-care-incep-marea-transformare-digitala-si-sociala-inca-30-de-localitati-pe-lista-de-asteptare-pentru-finantare%2F&amp;t=Lista%20celor%2026%20de%20comune%20din%20Buz%C4%83u%20care%20%C3%AEncep%20marea%20transformare%20digital%C4%83%20%C8%99i%20social%C4%83.%20%C3%8Enc%C4%83%2030%20de%20localit%C4%83%C8%9Bi%2C%20pe%20lista%20de%20a%C8%99teptare%20pentru%20finan%C8%9Bare\"><span>Facebook<\/span><\/a><a href=\"https:\/\/api.whatsapp.com\/send?text=Lista%20celor%2026%20de%20comune%20din%20Buz%C4%83u%20care%20%C3%AEncep%20marea%20transformare%20digital%C4%83%20%C8%99i%20social%C4%83.%20%C3%8Enc%C4%83%2030%20de%20localit%C4%83%C8%9Bi%2C%20pe%20lista%20de%20a%C8%99teptare%20pentru%20finan%C8%9Bare%20https%3A%2F%2Fsansanews.ro%2Flista-celor-26-de-comune-din-buzau-care-incep-marea-transformare-digitala-si-sociala-inca-30-de-localitati-pe-lista-de-asteptare-pentru-finantare%2F\" class=\"meks_ess-item socicon-whatsapp prevent-share-popup\"><span>WhatsApp<\/span><\/a><a class=\"meks_ess-item socicon-twitter\" data-url=\"http:\/\/twitter.com\/intent\/tweet?url=https%3A%2F%2Fsansanews.ro%2Flista-celor-26-de-comune-din-buzau-care-incep-marea-transformare-digitala-si-sociala-inca-30-de-localitati-pe-lista-de-asteptare-pentru-finantare%2F&amp;text=Lista%20celor%2026%20de%20comune%20din%20Buz%C4%83u%20care%20%C3%AEncep%20marea%20transformare%20digital%C4%83%20%C8%99i%20social%C4%83.%20%C3%8Enc%C4%83%2030%20de%20localit%C4%83%C8%9Bi%2C%20pe%20lista%20de%20a%C8%99teptare%20pentru%20finan%C8%9Bare\"><span>Twitter<\/span><\/a><a class=\"meks_ess-item socicon-pinterest\" data-url=\"http:\/\/pinterest.com\/pin\/create\/button\/?url=https%3A%2F%2Fsansanews.ro%2Flista-celor-26-de-comune-din-buzau-care-incep-marea-transformare-digitala-si-sociala-inca-30-de-localitati-pe-lista-de-asteptare-pentru-finantare%2F&amp;media=https%3A%2F%2Fsansanews.ro%2Fwp-content%2Fuploads%2F2026%2F04%2F661872956_1241496128155739_5916545243642144896_n.jpg&amp;description=Lista%20celor%2026%20de%20comune%20din%20Buz%C4%83u%20care%20%C3%AEncep%20marea%20transformare%20digital%C4%83%20%C8%99i%20social%C4%83.%20%C3%8Enc%C4%83%2030%20de%20localit%C4%83%C8%9Bi%2C%20pe%20lista%20de%20a%C8%99teptare%20pentru%20finan%C8%9Bare\"><span>Pinterest<\/span><\/a><\/div>\n<\/div>\n<\/div>\n<p>[analyse_source url=&#8221;https:\/\/sansanews.ro\/lista-celor-26-de-comune-din-buzau-care-incep-marea-transformare-digitala-si-sociala-inca-30-de-localitati-pe-lista-de-asteptare-pentru-finantare\/&#8221;]<\/p>\n","protected":false},"excerpt":{"rendered":"<p>[analyse_image type=&#8221;featured&#8221; src=&#8221;https:\/\/sansanews.ro\/wp-content\/uploads\/2026\/04\/661872956_1241496128155739_5916545243642144896_n.jpghttps:\/\/sansanews.ro\/wp-content\/uploads\/2026\/04\/661872956_1241496128155739_5916545243642144896_n.jpg&#8221;] 26 de comune din jude\u021bul Buz\u0103u au semnat contractele de finan\u021bare pentru implementarea unui proiect de servicii integrate, coordonat de Ministerul Muncii \u00een parteneriat cu Ministerele Educa\u021biei \u0219i S\u0103n\u0103t\u0103\u021bii. Programul, finan\u021bat prin Ministerul Investi\u021biilor \u0219i Proiectelor Europene, vizeaz\u0103 crearea de echipe mixte care s\u0103 ajute persoanele vulnerabile, de la b\u0103tr\u00e2ni \u0219i persoane [&hellip;]<\/p>\n","protected":false},"author":1,"featured_media":0,"comment_status":"open","ping_status":"","sticky":false,"template":"","format":"standard","meta":{"footnotes":""},"categories":[2],"tags":[226,51],"class_list":["post-1859436","post","type-post","status-publish","format-standard","hentry","category-politics","tag-crawlmanager","tag-sansanews-ro"],"_links":{"self":[{"href":"https:\/\/analyse.optim.biz\/index.php?rest_route=\/wp\/v2\/posts\/1859436","targetHints":{"allow":["GET"]}}],"collection":[{"href":"https:\/\/analyse.optim.biz\/index.php?rest_route=\/wp\/v2\/posts"}],"about":[{"href":"https:\/\/analyse.optim.biz\/index.php?rest_route=\/wp\/v2\/types\/post"}],"author":[{"embeddable":true,"href":"https:\/\/analyse.optim.biz\/index.php?rest_route=\/wp\/v2\/users\/1"}],"replies":[{"embeddable":true,"href":"https:\/\/analyse.optim.biz\/index.php?rest_route=%2Fwp%2Fv2%2Fcomments&post=1859436"}],"version-history":[{"count":0,"href":"https:\/\/analyse.optim.biz\/index.php?rest_route=\/wp\/v2\/posts\/1859436\/revisions"}],"wp:attachment":[{"href":"https:\/\/analyse.optim.biz\/index.php?rest_route=%2Fwp%2Fv2%2Fmedia&parent=1859436"}],"wp:term":[{"taxonomy":"category","embeddable":true,"href":"https:\/\/analyse.optim.biz\/index.php?rest_route=%2Fwp%2Fv2%2Fcategories&post=1859436"},{"taxonomy":"post_tag","embeddable":true,"href":"https:\/\/analyse.optim.biz\/index.php?rest_route=%2Fwp%2Fv2%2Ftags&post=1859436"}],"curies":[{"name":"wp","href":"https:\/\/api.w.org\/{rel}","templated":true}]}}