{"id":1859434,"date":"2026-04-01T12:19:13","date_gmt":"2026-04-01T09:19:13","guid":{"rendered":"https:\/\/analyse.optim.biz\/?p=1859434"},"modified":"2026-04-01T12:19:13","modified_gmt":"2026-04-01T09:19:13","slug":"video-dincolo-de-uniforma-o-zi-de-suflet-alaturi-de-jandarmii-buzoieni-la-131-de-ani-de-istorie","status":"publish","type":"post","link":"https:\/\/analyse.optim.biz\/?p=1859434","title":{"rendered":"(VIDEO) Dincolo de uniform\u0103. O zi de suflet al\u0103turi de jandarmii buzoieni, la 131 de ani de istorie"},"content":{"rendered":"<p>[analyse_image type=&#8221;featured&#8221; src=&#8221;https:\/\/sansanews.ro\/wp-content\/uploads\/2026\/04\/WhatsApp-Image-2026-04-01-at-05.14.18.jpeghttps:\/\/sansanews.ro\/wp-content\/uploads\/2026\/04\/WhatsApp-Image-2026-04-01-at-05.14.18.jpeg&#8221;]<\/p>\n<div class=\"entry-content herald-entry-content\">\n<p>Curtea<br \/>\nInspectoratului de Jandarmi Jude\u021bean Buz\u0103u s-a transformat, pentru c\u00e2teva ore,<br \/>\n\u00eentr-un loc al bucuriei, al curiozit\u0103\u021bii \u0219i al \u00eent\u00e2lnirilor care las\u0103 urme \u00een<br \/>\nsuflet. Pe 1 aprilie 2026, \u201eZiua Por\u021bilor Deschise\u201d nu a fost doar un<br \/>\neveniment, ci o punte \u00eentre oameni \u0219i cei care, zi de zi, vegheaz\u0103 \u00een t\u0103cere la<br \/>\nsiguran\u021ba lor.<\/p>\n<p>Copiii, cu<br \/>\nochii mari \u0219i pa\u0219i gr\u0103bi\u021bi, au p\u0103\u0219it \u00eentr-o lume pe care o cuno\u0219teau doar din<br \/>\npove\u0219ti sau de la distan\u021b\u0103. Au atins autospecialele, au ascultat explica\u021bii, au<br \/>\npus \u00eentreb\u0103ri \u0219i au descoperit c\u0103 dincolo de uniform\u0103 exist\u0103 oameni calzi,<br \/>\nr\u0103bd\u0103tori, gata s\u0103 le r\u0103spund\u0103 cu un z\u00e2mbet. Iar dintre toate atrac\u021biile zilei,<br \/>\nEsu, colegul patruped, a furat inimile tuturor \u2013 un adev\u0103rat erou \u00een miniatur\u0103,<br \/>\ncare a adunat \u00een jurul lui r\u00e2sete \u0219i aplauze.<\/p>\n<p>Evenimentul<br \/>\na avut o \u00eenc\u0103rc\u0103tur\u0103 aparte. S-au \u00eemplinit 131 de ani de la \u00eenfiin\u021barea primei<br \/>\ncompanii de jandarmerie rural\u0103 \u00een Buz\u0103u \u0219i se apropie momentul \u00een care \u00eentreaga<br \/>\n\u021bar\u0103 va marca 176 de ani de existen\u021b\u0103 a Jandarmeriei Rom\u00e2ne, pe 3 aprilie. O<br \/>\nistorie lung\u0103, construit\u0103 din sacrificii, devotament \u0219i credin\u021ba c\u0103 binele<br \/>\ntrebuie ap\u0103rat, chiar \u0219i atunci c\u00e2nd nu se vede.<\/p>\n<iframe loading=\"lazy\" width=\"807\" height=\"454\" src=\"https:\/\/www.youtube.com\/embed\/5GPfoCw1ZCw\" title=\"Ziua Jandarmeriei\" frameborder allow=\"accelerometer; autoplay; clipboard-write; encrypted-media; gyroscope; picture-in-picture; web-share\" referrerpolicy=\"strict-origin-when-cross-origin\" allowfullscreen><\/iframe>\n<p>Dar dincolo de tehnic\u0103, exerci\u021bii \u0219i demonstra\u021bii, micii vizitatori au descoperit ast\u0103zi oamenii din spatele uniformelor.<\/p>\n<p>Pentru locotenentul Preda Mih\u0103i\u021b\u0103 Daniel, uniforma nu este doar o alegere profesional\u0103, ci \u00eemplinirea unui vis. De cinci ani face parte din echipa Jandarmeriei Buz\u0103u, iar fiecare zi i-a confirmat c\u0103 a ales drumul potrivit. Nu a fost u\u0219or . Au fost nop\u021bi lungi, misiuni dificile \u0219i momente \u00een care responsabilitatea a c\u00e2nt\u0103rit greu. Dar ast\u0103zi, privind \u00een urm\u0103, poate spune cu m\u00e2ndrie c\u0103 fiecare pas l-a adus mai aproape de ceea ce \u0219i-a dorit s\u0103 devin\u0103. \u00cen privirea lui se cite\u0219te hot\u0103r\u00e2rea, dar \u0219i lini\u0219tea omului care \u0219i-a g\u0103sit locul.<\/p>\n<iframe loading=\"lazy\" width=\"807\" height=\"454\" src=\"https:\/\/www.youtube.com\/embed\/kCBFpsaRUkM\" title=\"locotenent Preda Mihaita Daniel\" frameborder allow=\"accelerometer; autoplay; clipboard-write; encrypted-media; gyroscope; picture-in-picture; web-share\" referrerpolicy=\"strict-origin-when-cross-origin\" allowfullscreen><\/iframe>\n<p>Pentru<br \/>\nlocotenent-colonelul Adrian Moldoveanu, \u00eemputernicit \u0219ef al Serviciului Ordine<br \/>\n\u0219i Siguran\u021b\u0103 Public\u0103, Jandarmeria \u00eenseamn\u0103 aproape o via\u021b\u0103 \u00eentreag\u0103. Cu 32 de<br \/>\nani de carier\u0103 \u00een spate, ar fi putut, de mult, s\u0103 aleag\u0103 un alt ritm, o alt\u0103<br \/>\nlini\u0219te. \u0218i totu\u0219i, nu-\u0219i poate imagina dimine\u021bile f\u0103r\u0103 drumul spre unitate,<br \/>\nf\u0103r\u0103 responsabilitatea care i-a definit existen\u021ba. Pentru el, uniforma nu este<br \/>\ndoar o hain\u0103, ci o identitate. Este dovada unei vie\u021bi tr\u0103ite cu sens, \u00een slujba<br \/>\ncelorlal\u021bi.<\/p>\n<iframe loading=\"lazy\" width=\"807\" height=\"454\" src=\"https:\/\/www.youtube.com\/embed\/VVBbFyWaiQI\" title=\"Locotenent colonel Adrian Moldoveanu\" frameborder allow=\"accelerometer; autoplay; clipboard-write; encrypted-media; gyroscope; picture-in-picture; web-share\" referrerpolicy=\"strict-origin-when-cross-origin\" allowfullscreen><\/iframe>\n<p>Copiii care au plecat acas\u0103 poate nu vor \u021bine minte toate detaliile tehnice sau regulile \u00eenv\u0103\u021bate, dar vor p\u0103stra, cu siguran\u021b\u0103, emo\u021bia unei zile \u00een care au descoperit c\u0103 eroii nu sunt doar \u00een pove\u0219ti. Uneori poart\u0103 uniform\u0103 \u0219i sunt acolo c\u00e2nd este nevoie!<\/p>\n<div class=\"meta-tags\"><span>Etichete<\/span><a href=\"https:\/\/sansanews.ro\/tag\/ziua-jandarmeriei\/\" rel=\"tag\">ziua jandarmeriei<\/a><a href=\"https:\/\/sansanews.ro\/tag\/ziua-portilor-deschise-jandarmeria-buzau\/\" rel=\"tag\">ziua portilor deschise jandarmeria buzau<\/a><\/div>\n<div class=\"herald-share-content\">\n<div class=\"meks_ess rectangle no-labels outline\"><a class=\"meks_ess-item socicon-facebook\" data-url=\"http:\/\/www.facebook.com\/sharer\/sharer.php?u=https%3A%2F%2Fsansanews.ro%2Fvideo-dincolo-de-uniforma-o-zi-de-suflet-alaturi-de-jandarmii-buzoieni-la-131-de-ani-de-istorie%2F&amp;t=%28VIDEO%29%20Dincolo%20de%20uniform%C4%83.%20O%20zi%20de%20suflet%20al%C4%83turi%20de%20jandarmii%20buzoieni%2C%20la%20131%20de%20ani%20de%20istorie\"><span>Facebook<\/span><\/a><a href=\"https:\/\/api.whatsapp.com\/send?text=%28VIDEO%29%20Dincolo%20de%20uniform%C4%83.%20O%20zi%20de%20suflet%20al%C4%83turi%20de%20jandarmii%20buzoieni%2C%20la%20131%20de%20ani%20de%20istorie%20https%3A%2F%2Fsansanews.ro%2Fvideo-dincolo-de-uniforma-o-zi-de-suflet-alaturi-de-jandarmii-buzoieni-la-131-de-ani-de-istorie%2F\" class=\"meks_ess-item socicon-whatsapp prevent-share-popup\"><span>WhatsApp<\/span><\/a><a class=\"meks_ess-item socicon-twitter\" data-url=\"http:\/\/twitter.com\/intent\/tweet?url=https%3A%2F%2Fsansanews.ro%2Fvideo-dincolo-de-uniforma-o-zi-de-suflet-alaturi-de-jandarmii-buzoieni-la-131-de-ani-de-istorie%2F&amp;text=%28VIDEO%29%20Dincolo%20de%20uniform%C4%83.%20O%20zi%20de%20suflet%20al%C4%83turi%20de%20jandarmii%20buzoieni%2C%20la%20131%20de%20ani%20de%20istorie\"><span>Twitter<\/span><\/a><a class=\"meks_ess-item socicon-pinterest\" data-url=\"http:\/\/pinterest.com\/pin\/create\/button\/?url=https%3A%2F%2Fsansanews.ro%2Fvideo-dincolo-de-uniforma-o-zi-de-suflet-alaturi-de-jandarmii-buzoieni-la-131-de-ani-de-istorie%2F&amp;media=https%3A%2F%2Fsansanews.ro%2Fwp-content%2Fuploads%2F2026%2F04%2FWhatsApp-Image-2026-04-01-at-05.14.18.jpeg&amp;description=%28VIDEO%29%20Dincolo%20de%20uniform%C4%83.%20O%20zi%20de%20suflet%20al%C4%83turi%20de%20jandarmii%20buzoieni%2C%20la%20131%20de%20ani%20de%20istorie\"><span>Pinterest<\/span><\/a><\/div>\n<\/div>\n<\/div>\n<div class=\"entry-content herald-entry-content\">\n<p>Curtea<br \/>\nInspectoratului de Jandarmi Jude\u021bean Buz\u0103u s-a transformat, pentru c\u00e2teva ore,<br \/>\n\u00eentr-un loc al bucuriei, al curiozit\u0103\u021bii \u0219i al \u00eent\u00e2lnirilor care las\u0103 urme \u00een<br \/>\nsuflet. Pe 1 aprilie 2026, \u201eZiua Por\u021bilor Deschise\u201d nu a fost doar un<br \/>\neveniment, ci o punte \u00eentre oameni \u0219i cei care, zi de zi, vegheaz\u0103 \u00een t\u0103cere la<br \/>\nsiguran\u021ba lor.<\/p>\n<p>Copiii, cu<br \/>\nochii mari \u0219i pa\u0219i gr\u0103bi\u021bi, au p\u0103\u0219it \u00eentr-o lume pe care o cuno\u0219teau doar din<br \/>\npove\u0219ti sau de la distan\u021b\u0103. Au atins autospecialele, au ascultat explica\u021bii, au<br \/>\npus \u00eentreb\u0103ri \u0219i au descoperit c\u0103 dincolo de uniform\u0103 exist\u0103 oameni calzi,<br \/>\nr\u0103bd\u0103tori, gata s\u0103 le r\u0103spund\u0103 cu un z\u00e2mbet. Iar dintre toate atrac\u021biile zilei,<br \/>\nEsu, colegul patruped, a furat inimile tuturor \u2013 un adev\u0103rat erou \u00een miniatur\u0103,<br \/>\ncare a adunat \u00een jurul lui r\u00e2sete \u0219i aplauze.<\/p>\n<p>Evenimentul<br \/>\na avut o \u00eenc\u0103rc\u0103tur\u0103 aparte. S-au \u00eemplinit 131 de ani de la \u00eenfiin\u021barea primei<br \/>\ncompanii de jandarmerie rural\u0103 \u00een Buz\u0103u \u0219i se apropie momentul \u00een care \u00eentreaga<br \/>\n\u021bar\u0103 va marca 176 de ani de existen\u021b\u0103 a Jandarmeriei Rom\u00e2ne, pe 3 aprilie. O<br \/>\nistorie lung\u0103, construit\u0103 din sacrificii, devotament \u0219i credin\u021ba c\u0103 binele<br \/>\ntrebuie ap\u0103rat, chiar \u0219i atunci c\u00e2nd nu se vede.<\/p>\n<iframe loading=\"lazy\" width=\"807\" height=\"454\" src=\"https:\/\/www.youtube.com\/embed\/5GPfoCw1ZCw\" title=\"Ziua Jandarmeriei\" frameborder allow=\"accelerometer; autoplay; clipboard-write; encrypted-media; gyroscope; picture-in-picture; web-share\" referrerpolicy=\"strict-origin-when-cross-origin\" allowfullscreen><\/iframe>\n<p>Dar dincolo de tehnic\u0103, exerci\u021bii \u0219i demonstra\u021bii, micii vizitatori au descoperit ast\u0103zi oamenii din spatele uniformelor.<\/p>\n<p>Pentru locotenentul Preda Mih\u0103i\u021b\u0103 Daniel, uniforma nu este doar o alegere profesional\u0103, ci \u00eemplinirea unui vis. De cinci ani face parte din echipa Jandarmeriei Buz\u0103u, iar fiecare zi i-a confirmat c\u0103 a ales drumul potrivit. Nu a fost u\u0219or . Au fost nop\u021bi lungi, misiuni dificile \u0219i momente \u00een care responsabilitatea a c\u00e2nt\u0103rit greu. Dar ast\u0103zi, privind \u00een urm\u0103, poate spune cu m\u00e2ndrie c\u0103 fiecare pas l-a adus mai aproape de ceea ce \u0219i-a dorit s\u0103 devin\u0103. \u00cen privirea lui se cite\u0219te hot\u0103r\u00e2rea, dar \u0219i lini\u0219tea omului care \u0219i-a g\u0103sit locul.<\/p>\n<iframe loading=\"lazy\" width=\"807\" height=\"454\" src=\"https:\/\/www.youtube.com\/embed\/kCBFpsaRUkM\" title=\"locotenent Preda Mihaita Daniel\" frameborder allow=\"accelerometer; autoplay; clipboard-write; encrypted-media; gyroscope; picture-in-picture; web-share\" referrerpolicy=\"strict-origin-when-cross-origin\" allowfullscreen><\/iframe>\n<p>Pentru<br \/>\nlocotenent-colonelul Adrian Moldoveanu, \u00eemputernicit \u0219ef al Serviciului Ordine<br \/>\n\u0219i Siguran\u021b\u0103 Public\u0103, Jandarmeria \u00eenseamn\u0103 aproape o via\u021b\u0103 \u00eentreag\u0103. Cu 32 de<br \/>\nani de carier\u0103 \u00een spate, ar fi putut, de mult, s\u0103 aleag\u0103 un alt ritm, o alt\u0103<br \/>\nlini\u0219te. \u0218i totu\u0219i, nu-\u0219i poate imagina dimine\u021bile f\u0103r\u0103 drumul spre unitate,<br \/>\nf\u0103r\u0103 responsabilitatea care i-a definit existen\u021ba. Pentru el, uniforma nu este<br \/>\ndoar o hain\u0103, ci o identitate. Este dovada unei vie\u021bi tr\u0103ite cu sens, \u00een slujba<br \/>\ncelorlal\u021bi.<\/p>\n<iframe loading=\"lazy\" width=\"807\" height=\"454\" src=\"https:\/\/www.youtube.com\/embed\/VVBbFyWaiQI\" title=\"Locotenent colonel Adrian Moldoveanu\" frameborder allow=\"accelerometer; autoplay; clipboard-write; encrypted-media; gyroscope; picture-in-picture; web-share\" referrerpolicy=\"strict-origin-when-cross-origin\" allowfullscreen><\/iframe>\n<p>Copiii care au plecat acas\u0103 poate nu vor \u021bine minte toate detaliile tehnice sau regulile \u00eenv\u0103\u021bate, dar vor p\u0103stra, cu siguran\u021b\u0103, emo\u021bia unei zile \u00een care au descoperit c\u0103 eroii nu sunt doar \u00een pove\u0219ti. Uneori poart\u0103 uniform\u0103 \u0219i sunt acolo c\u00e2nd este nevoie!<\/p>\n<div class=\"meta-tags\"><span>Etichete<\/span><a href=\"https:\/\/sansanews.ro\/tag\/ziua-jandarmeriei\/\" rel=\"tag\">ziua jandarmeriei<\/a><a href=\"https:\/\/sansanews.ro\/tag\/ziua-portilor-deschise-jandarmeria-buzau\/\" rel=\"tag\">ziua portilor deschise jandarmeria buzau<\/a><\/div>\n<div class=\"herald-share-content\">\n<div class=\"meks_ess rectangle no-labels outline\"><a class=\"meks_ess-item socicon-facebook\" data-url=\"http:\/\/www.facebook.com\/sharer\/sharer.php?u=https%3A%2F%2Fsansanews.ro%2Fvideo-dincolo-de-uniforma-o-zi-de-suflet-alaturi-de-jandarmii-buzoieni-la-131-de-ani-de-istorie%2F&amp;t=%28VIDEO%29%20Dincolo%20de%20uniform%C4%83.%20O%20zi%20de%20suflet%20al%C4%83turi%20de%20jandarmii%20buzoieni%2C%20la%20131%20de%20ani%20de%20istorie\"><span>Facebook<\/span><\/a><a href=\"https:\/\/api.whatsapp.com\/send?text=%28VIDEO%29%20Dincolo%20de%20uniform%C4%83.%20O%20zi%20de%20suflet%20al%C4%83turi%20de%20jandarmii%20buzoieni%2C%20la%20131%20de%20ani%20de%20istorie%20https%3A%2F%2Fsansanews.ro%2Fvideo-dincolo-de-uniforma-o-zi-de-suflet-alaturi-de-jandarmii-buzoieni-la-131-de-ani-de-istorie%2F\" class=\"meks_ess-item socicon-whatsapp prevent-share-popup\"><span>WhatsApp<\/span><\/a><a class=\"meks_ess-item socicon-twitter\" data-url=\"http:\/\/twitter.com\/intent\/tweet?url=https%3A%2F%2Fsansanews.ro%2Fvideo-dincolo-de-uniforma-o-zi-de-suflet-alaturi-de-jandarmii-buzoieni-la-131-de-ani-de-istorie%2F&amp;text=%28VIDEO%29%20Dincolo%20de%20uniform%C4%83.%20O%20zi%20de%20suflet%20al%C4%83turi%20de%20jandarmii%20buzoieni%2C%20la%20131%20de%20ani%20de%20istorie\"><span>Twitter<\/span><\/a><a class=\"meks_ess-item socicon-pinterest\" data-url=\"http:\/\/pinterest.com\/pin\/create\/button\/?url=https%3A%2F%2Fsansanews.ro%2Fvideo-dincolo-de-uniforma-o-zi-de-suflet-alaturi-de-jandarmii-buzoieni-la-131-de-ani-de-istorie%2F&amp;media=https%3A%2F%2Fsansanews.ro%2Fwp-content%2Fuploads%2F2026%2F04%2FWhatsApp-Image-2026-04-01-at-05.14.18.jpeg&amp;description=%28VIDEO%29%20Dincolo%20de%20uniform%C4%83.%20O%20zi%20de%20suflet%20al%C4%83turi%20de%20jandarmii%20buzoieni%2C%20la%20131%20de%20ani%20de%20istorie\"><span>Pinterest<\/span><\/a><\/div>\n<\/div>\n<\/div>\n<p>[analyse_source url=&#8221;https:\/\/sansanews.ro\/video-dincolo-de-uniforma-o-zi-de-suflet-alaturi-de-jandarmii-buzoieni-la-131-de-ani-de-istorie\/&#8221;]<\/p>\n","protected":false},"excerpt":{"rendered":"<p>[analyse_image type=&#8221;featured&#8221; src=&#8221;https:\/\/sansanews.ro\/wp-content\/uploads\/2026\/04\/WhatsApp-Image-2026-04-01-at-05.14.18.jpeghttps:\/\/sansanews.ro\/wp-content\/uploads\/2026\/04\/WhatsApp-Image-2026-04-01-at-05.14.18.jpeg&#8221;] Curtea Inspectoratului de Jandarmi Jude\u021bean Buz\u0103u s-a transformat, pentru c\u00e2teva ore, \u00eentr-un loc al bucuriei, al curiozit\u0103\u021bii \u0219i al \u00eent\u00e2lnirilor care las\u0103 urme \u00een suflet. Pe 1 aprilie 2026, \u201eZiua Por\u021bilor Deschise\u201d nu a fost doar un eveniment, ci o punte \u00eentre oameni \u0219i cei care, zi de zi, vegheaz\u0103 \u00een t\u0103cere [&hellip;]<\/p>\n","protected":false},"author":1,"featured_media":0,"comment_status":"open","ping_status":"","sticky":false,"template":"","format":"standard","meta":{"footnotes":""},"categories":[2],"tags":[226,51],"class_list":["post-1859434","post","type-post","status-publish","format-standard","hentry","category-politics","tag-crawlmanager","tag-sansanews-ro"],"_links":{"self":[{"href":"https:\/\/analyse.optim.biz\/index.php?rest_route=\/wp\/v2\/posts\/1859434","targetHints":{"allow":["GET"]}}],"collection":[{"href":"https:\/\/analyse.optim.biz\/index.php?rest_route=\/wp\/v2\/posts"}],"about":[{"href":"https:\/\/analyse.optim.biz\/index.php?rest_route=\/wp\/v2\/types\/post"}],"author":[{"embeddable":true,"href":"https:\/\/analyse.optim.biz\/index.php?rest_route=\/wp\/v2\/users\/1"}],"replies":[{"embeddable":true,"href":"https:\/\/analyse.optim.biz\/index.php?rest_route=%2Fwp%2Fv2%2Fcomments&post=1859434"}],"version-history":[{"count":0,"href":"https:\/\/analyse.optim.biz\/index.php?rest_route=\/wp\/v2\/posts\/1859434\/revisions"}],"wp:attachment":[{"href":"https:\/\/analyse.optim.biz\/index.php?rest_route=%2Fwp%2Fv2%2Fmedia&parent=1859434"}],"wp:term":[{"taxonomy":"category","embeddable":true,"href":"https:\/\/analyse.optim.biz\/index.php?rest_route=%2Fwp%2Fv2%2Fcategories&post=1859434"},{"taxonomy":"post_tag","embeddable":true,"href":"https:\/\/analyse.optim.biz\/index.php?rest_route=%2Fwp%2Fv2%2Ftags&post=1859434"}],"curies":[{"name":"wp","href":"https:\/\/api.w.org\/{rel}","templated":true}]}}