{"id":1859432,"date":"2026-04-01T12:04:20","date_gmt":"2026-04-01T09:04:20","guid":{"rendered":"https:\/\/analyse.optim.biz\/?p=1859432"},"modified":"2026-04-01T12:04:20","modified_gmt":"2026-04-01T09:04:20","slug":"e-scandal-mare-primarul-toma-ameninta-locatarii-cazuti-nevinovati-in-haosul-reabilitarii-blocurilor-dezinformati-abuzati-deposedati-de-valoarea-proprietatilor-se-retrag-demisii-de-presedinti-de","status":"publish","type":"post","link":"https:\/\/analyse.optim.biz\/?p=1859432","title":{"rendered":"E SCANDAL MARE! Primarul Toma amenin\u021b\u0103 locatarii c\u0103zu\u021bi nevinova\u021bi \u00een haosul reabilit\u0103rii blocurilor! Dezinforma\u021bi, abuza\u021bi, deposeda\u021bi de valoarea propriet\u0103\u021bilor, se retrag! Demisii de presedin\u021bi de asocia\u021bii! Programul continu\u0103 doar la 11 blocuri! Deocamdat\u0103 (FOTO + VIDEO)"},"content":{"rendered":"<p>[analyse_image type=&#8221;featured&#8221; src=&#8221;https:\/\/sansanews.ro\/wp-content\/uploads\/2026\/04\/1-intalnire.jpeghttps:\/\/sansanews.ro\/wp-content\/uploads\/2026\/04\/1-intalnire.jpeg&#8221;]<\/p>\n<div class=\"entry-content herald-entry-content\">\n<p>\u00cent\u00e2lnirea de, miercuri, de la Palatul Comunal dintre primarul Constantin Toma, echipa tehnic\u0103 a Prim\u0103riei, consilierul municipal Irinel C\u00eerstea, reprezentan\u021bii firmei contractante a lucr\u0103rilor \u0219i pre\u0219edin\u021bii asocia\u021biilor de proprietari, a scos la iveal\u0103 aspect halucinante, cum ar fi c\u0103 un proiect de milioane de euro, finan\u021bat prin PNRR, a fost demarat pe baza unor semn\u0103turi date de cet\u0103\u021beni f\u0103r\u0103 s\u0103 cunoasc\u0103 realitatea sau prin abuz de putere din partea \u0219efilor de asocia\u021bii, care au sus\u021binut c\u0103 simpla investire \u00een func\u021bie \u021bine loc de semn\u0103tur\u0103.  <\/p>\n<p>Primarul<br \/>\nConstantin Toma a proferat amenin\u021b\u0103ri c\u0103tre cei pe care i-a ales beneficiari cu<br \/>\nde la sine putere, spun\u00e2nd \u00a0c\u0103 vor<br \/>\nacoperi costurile expertizelor \u00a0dac\u0103 se<br \/>\nretrag, chiar dac\u0103 cei mai mul\u021bi dintre oameni au realizat abia acum c\u0103 au<br \/>\nsemnat pentru reabilitare energetic\u0103, iar ele vor fi supuse unor interven\u021bii<br \/>\nample, de reabilitare seismic\u0103. <\/p>\n<p>Acesta a<br \/>\nreprezentat \u0219i unul dintre cele mai tensionate momente, fiindc\u0103 s-a demonstrat<br \/>\n\u00eenc\u0103 o dat\u0103 c\u0103 nu au fost niciodat\u0103 informa\u021bi corect \u0219i consulta\u021bi. <\/p>\n<figure class=\"wp-block-image\"><img decoding=\"async\" src=\"https:\/\/sansanews.ro\/wp-content\/uploads\/2026\/04\/4-intalnire-1024x499.jpeg\" alt class=\"wp-image-118812\"><figcaption>Reprezentan\u021bii firmei Concelex Erba\u0219u, cea care a contractat lucr\u0103rile finan\u021bate de PNNr, la Buz\u0103u, \u00eenainte de a intra la \u00eent\u00e2lnire<\/figcaption><\/figure>\n<h2><strong>Amenin\u021b\u0103ri cu \u201elista neagr\u0103\u201d \u0219i plata<br \/>\nexpertizelor<\/strong><\/h2>\n<p>Consilierul municipal Irinel C\u00e2rstea, prezent la \u00eent\u00e2lnirea de azi, i-a \u00eentrebat direct pe pre\u0219edin\u021bi \u00een baza c\u0103ror documente au semnat procesele-verbale. \u201eS-a f\u0103cut lini\u0219te\u201d, a punctat Irinel C\u00e2rstea. Unii pre\u0219edin\u021bi au invocat faptul c\u0103, prin simpla func\u021bie pe care o de\u021bin, au dreptul s\u0103 decid\u0103 \u00een numele tuturor, ignor\u00e2nd legea care oblig\u0103 la consultarea fiec\u0103rui proprietar, mai ales c\u00e2nd este vorba de interven\u021bii structurale asupra locuin\u021bei. Mai mult de at\u00e2t, s-a demonstrate deja c\u0103 unele documente au fost semnate \u00een martie 2022, de\u0219i expertizele tehnice, cele care ar fi trebuit s\u0103 stea la baza deciziei, au ap\u0103rut abia spre finalul anului.<\/p>\n<p>Afl\u00e2nd de<br \/>\ninten\u021bia unor proprietari de a se retrage din proiect, Constantin Toma i-a<br \/>\navertizat pe cei prezen\u021bi, cu scopul de a le transmite oamenilor, c\u0103 \u00een cazul<br \/>\nacesta vor fi obliga\u021bi s\u0103 pl\u0103teasc\u0103 contravaloarea expertizelor comandate de Prim\u0103rie<br \/>\n\u0219i nu vor mai primi niciodat\u0103 finan\u021bare, invoc\u00e2nd c\u0103 ar fi vorba despre o dubl\u0103<br \/>\nfinan\u021bare \u00een cazul unor programe viitoare, argument calificat de consilierul<br \/>\nIrinel C\u00e2rstea drept \u201eo minciun\u0103 \u0219i o amenin\u021bare f\u0103r\u0103 suport legal\u201d.<\/p>\n<h2><strong>Blocurile cu risc major, l\u0103sate pe<br \/>\ndinafar\u0103<\/strong><\/h2>\n<p>De\u0219i<br \/>\nprogramul vizeaz\u0103 consolidarea \u0219i anveloparea a 30 de blocuri, coordonatorul<br \/>\nproiectului din cadrul Prim\u0103riei, Lumini\u021ba Col\u021beanu, a recunoscut c\u0103 doar 11<br \/>\nvor mai fi continuate efectiv \u00een aceast\u0103 etap\u0103, iar cea mai mare surpriz\u0103 este<br \/>\naceea c\u0103 blocurile 17 \u0219i 41, din Micro 5 \u0219i, respective, Micro 14, care ambele au<br \/>\nprobleme structurale grave \u0219i unde locatarii chiar \u00ee\u0219i doresc consolidarea, au<br \/>\nfost l\u0103sate pe dinafar\u0103. \u00cen schimb, se insist\u0103 pe 11 \u0219antiere unde oamenii sunt<br \/>\nreticen\u021bi.<\/p>\n<blockquote class=\"wp-block-quote\">\n<p> \u201eDe ce se consum\u0103 resurse pe 11 blocuri unde sunt probleme de comunicare \u0219i nu se concentreaz\u0103 toate for\u021bele pe cele dou\u0103 blocuri cu risc real? Exist\u0103 riscul real, mai mult dec\u00e2t probabil ca lucr\u0103rile s\u0103 dep\u0103\u0219easc\u0103 termenul p\u00e2n\u0103 la care ministerul asigur\u0103 finan\u021barea,\u00a0 august 2026,\u00a0 caz \u00een care facturile vor \u00een sarcina bugetului local\u201d, sus\u021bine consilierul municipal Irinel C\u00e2rstea.<\/p>\n<\/blockquote>\n<p>Iar \u00een completare, trebuie de men\u021bionat \u0219i faptul c\u0103, odat\u0103 ce bugetul local al municipiului Buz\u0103u ar prelua aceste cheltuieli, din cauza dep\u0103\u0219irii termenului de execu\u021bie a lucr\u0103rilor, prev\u0103zute pe un program care a luat startul \u00een 2022, dar care, \u00een realitate, au \u00eenceput abia anul trecut, primarul Constantin Toma ar deveni ordonator principal de credite \u00een acest program.<\/p>\n<figure class=\"wp-block-embed-youtube wp-block-embed is-type-video is-provider-youtube wp-embed-aspect-16-9 wp-has-aspect-ratio\">\n<div class=\"wp-block-embed__wrapper\">\n<iframe loading=\"lazy\" title=\"int\u00e2lnire pre\u0219edin\u021bi asocia\u021bii, la Prim\u0103rie\" width=\"1320\" height=\"743\" src=\"https:\/\/www.youtube.com\/embed\/yhZKRqca2Bk?feature=oembed\" frameborder allow=\"accelerometer; autoplay; clipboard-write; encrypted-media; gyroscope; picture-in-picture; web-share\" referrerpolicy=\"strict-origin-when-cross-origin\" allowfullscreen><\/iframe>\n<\/div>\n<\/figure>\n<h2><strong>S-au adus \u00een discu\u021bie \u0219i demisiile <\/strong><\/h2>\n<p>Efectul de<br \/>\nbumerang al acestui proiect m\u0103re\u021b, dar gestionat defectuos, se vede deja la<br \/>\nnivelul asocia\u021biilor. C\u00e2\u021biva dintre \u00a0pre\u0219edin\u021bii<br \/>\nde asocia\u021bii invita\u021bi ast\u0103zi, prin\u0219i \u00eentre presiunile primarului \u0219i furia<br \/>\noamenilor, au m\u0103rturisit c\u0103 \u00ee\u0219i vor depune demisia.<\/p>\n<p>De altfel<br \/>\nnici nu este de mirarare c\u0103 lucrurile ar putea s\u0103 stea a\u0219a pe viitor, pentru c\u0103<br \/>\n, dup\u0103 \u00eent\u00e2lnire, oamenii nu p\u0103reau s\u0103 fie convin\u0219i de planurile primarului<br \/>\nToma. El fiind cel care a sus\u021binut \u00een declara\u021biile sale c\u0103 planurile tehnice,<br \/>\ndar \u0219i acordurile oamenilor sunt la asocia\u021biile de proprietari, dar oamenii<br \/>\nspun c\u0103 nicio persoan\u0103 din conducerea asocia\u021biei nu i-a informat sau<br \/>\nreprezentat la discu\u021bii.<\/p>\n<figure class=\"wp-block-image\"><img decoding=\"async\" src=\"https:\/\/sansanews.ro\/wp-content\/uploads\/2026\/04\/3-intalnire-1024x576.jpeg\" alt class=\"wp-image-118815\"><figcaption>Unul dintre proprietarii blocurile trecute pe lista de reabilit\u0103ri seismice nu intelege cum s-a ajuns aici<\/figcaption><\/figure>\n<p>Lucr\u0103rile, \u00eencep\u00e2nd cu subsolul, au demarat f\u0103r\u0103 ca proprietarii s\u0103 fie anun\u021ba\u021bi \u00een prealabil, ace\u0219tia fiind pu\u0219i \u00een fa\u021ba faptului \u00eemplinit: \u201eS-a intrat \u00een bloc f\u0103r\u0103 s\u0103 \u0219tie nimeni nimic\u201d, spun majoritatea. Oamenii cer imperativ s\u0103 vad\u0103 planurile tehnice pentru a \u00een\u021belege ce se \u00eent\u00e2mpl\u0103 cu locuin\u021bele lor \u0219i refuz\u0103 s\u0103 mai accepte explica\u021bii vagi, subliniind fiecare \u00een parte c\u0103 \u00a0blocul \u00een care locuie\u0219te are structuri diferite, cum ar fi balcoane monolit la unele etaje, balcoane duble la altele \u0219.a.m.d. \u0219i se tem c\u0103 un plan \u201estandard\u201d de consolidare nu ar \u021bine cont de aceste particularit\u0103\u021bi constructive. <\/p>\n<figure class=\"wp-block-embed-youtube wp-block-embed is-type-video is-provider-youtube wp-embed-aspect-16-9 wp-has-aspect-ratio\">\n<div class=\"wp-block-embed__wrapper\">\n<iframe loading=\"lazy\" title=\"ilustratie sedinta asociatii\" width=\"1320\" height=\"743\" src=\"https:\/\/www.youtube.com\/embed\/86f4rvEztKU?feature=oembed\" frameborder allow=\"accelerometer; autoplay; clipboard-write; encrypted-media; gyroscope; picture-in-picture; web-share\" referrerpolicy=\"strict-origin-when-cross-origin\" allowfullscreen><\/iframe>\n<\/div>\n<\/figure>\n<div class=\"meta-tags\"><span>Etichete<\/span><a href=\"https:\/\/sansanews.ro\/tag\/asociatii-de-proprietari\/\" rel=\"tag\">asociatii de proprietari<\/a><a href=\"https:\/\/sansanews.ro\/tag\/intalnire-primarie\/\" rel=\"tag\">intalnire Primarie<\/a><a href=\"https:\/\/sansanews.ro\/tag\/presedinti\/\" rel=\"tag\">presedinti<\/a><\/div>\n<div class=\"herald-share-content\">\n<div class=\"meks_ess rectangle no-labels outline\"><a class=\"meks_ess-item socicon-facebook\" data-url=\"http:\/\/www.facebook.com\/sharer\/sharer.php?u=https%3A%2F%2Fsansanews.ro%2Fe-scandal-mare-primarul-toma-ameninta-locatarii-cazuti-nevinovati-in-haosul-reabilitarii-blocurilor-dezinformati-abuzati-deposedati-de-valoarea-proprietatilor-se-retrag-demisii-de-presedinti-de%2F&amp;t=E%20SCANDAL%20MARE%21%20Primarul%20Toma%20amenin%C8%9B%C4%83%20locatarii%20c%C4%83zu%C8%9Bi%20nevinova%C8%9Bi%20%C3%AEn%20haosul%20reabilit%C4%83rii%20blocurilor%21%20Dezinforma%C8%9Bi%2C%20abuza%C8%9Bi%2C%20deposeda%C8%9Bi%20de%20valoarea%20propriet%C4%83%C8%9Bilor%2C%20se%20retrag%21%20Demisii%20de%20presedin%C8%9Bi%20de%20asocia%C8%9Bii%21%20Programul%20continu%C4%83%20doar%20la%2011%20blocuri%21%20Deocamdat%C4%83%20%28FOTO%20%2B%20VIDEO%29\"><span>Facebook<\/span><\/a><a href=\"https:\/\/api.whatsapp.com\/send?text=E%20SCANDAL%20MARE%21%20Primarul%20Toma%20amenin%C8%9B%C4%83%20locatarii%20c%C4%83zu%C8%9Bi%20nevinova%C8%9Bi%20%C3%AEn%20haosul%20reabilit%C4%83rii%20blocurilor%21%20Dezinforma%C8%9Bi%2C%20abuza%C8%9Bi%2C%20deposeda%C8%9Bi%20de%20valoarea%20propriet%C4%83%C8%9Bilor%2C%20se%20retrag%21%20Demisii%20de%20presedin%C8%9Bi%20de%20asocia%C8%9Bii%21%20Programul%20continu%C4%83%20doar%20la%2011%20blocuri%21%20Deocamdat%C4%83%20%28FOTO%20%2B%20VIDEO%29%20https%3A%2F%2Fsansanews.ro%2Fe-scandal-mare-primarul-toma-ameninta-locatarii-cazuti-nevinovati-in-haosul-reabilitarii-blocurilor-dezinformati-abuzati-deposedati-de-valoarea-proprietatilor-se-retrag-demisii-de-presedinti-de%2F\" class=\"meks_ess-item socicon-whatsapp prevent-share-popup\"><span>WhatsApp<\/span><\/a><a class=\"meks_ess-item socicon-twitter\" data-url=\"http:\/\/twitter.com\/intent\/tweet?url=https%3A%2F%2Fsansanews.ro%2Fe-scandal-mare-primarul-toma-ameninta-locatarii-cazuti-nevinovati-in-haosul-reabilitarii-blocurilor-dezinformati-abuzati-deposedati-de-valoarea-proprietatilor-se-retrag-demisii-de-presedinti-de%2F&amp;text=E%20SCANDAL%20MARE%21%20Primarul%20Toma%20amenin%C8%9B%C4%83%20locatarii%20c%C4%83zu%C8%9Bi%20nevinova%C8%9Bi%20%C3%AEn%20haosul%20reabilit%C4%83rii%20blocurilor%21%20Dezinforma%C8%9Bi%2C%20abuza%C8%9Bi%2C%20deposeda%C8%9Bi%20de%20valoarea%20propriet%C4%83%C8%9Bilor%2C%20se%20retrag%21%20Demisii%20de%20presedin%C8%9Bi%20de%20asocia%C8%9Bii%21%20Programul%20continu%C4%83%20doar%20la%2011%20blocuri%21%20Deocamdat%C4%83%20%28FOTO%20%2B%20VIDEO%29\"><span>Twitter<\/span><\/a><a class=\"meks_ess-item socicon-pinterest\" data-url=\"http:\/\/pinterest.com\/pin\/create\/button\/?url=https%3A%2F%2Fsansanews.ro%2Fe-scandal-mare-primarul-toma-ameninta-locatarii-cazuti-nevinovati-in-haosul-reabilitarii-blocurilor-dezinformati-abuzati-deposedati-de-valoarea-proprietatilor-se-retrag-demisii-de-presedinti-de%2F&amp;media=https%3A%2F%2Fsansanews.ro%2Fwp-content%2Fuploads%2F2026%2F04%2F1-intalnire.jpeg&amp;description=E%20SCANDAL%20MARE%21%20Primarul%20Toma%20amenin%C8%9B%C4%83%20locatarii%20c%C4%83zu%C8%9Bi%20nevinova%C8%9Bi%20%C3%AEn%20haosul%20reabilit%C4%83rii%20blocurilor%21%20Dezinforma%C8%9Bi%2C%20abuza%C8%9Bi%2C%20deposeda%C8%9Bi%20de%20valoarea%20propriet%C4%83%C8%9Bilor%2C%20se%20retrag%21%20Demisii%20de%20presedin%C8%9Bi%20de%20asocia%C8%9Bii%21%20Programul%20continu%C4%83%20doar%20la%2011%20blocuri%21%20Deocamdat%C4%83%20%28FOTO%20%2B%20VIDEO%29\"><span>Pinterest<\/span><\/a><\/div>\n<\/div>\n<\/div>\n<div class=\"entry-content herald-entry-content\">\n<p>\u00cent\u00e2lnirea de, miercuri, de la Palatul Comunal dintre primarul Constantin Toma, echipa tehnic\u0103 a Prim\u0103riei, consilierul municipal Irinel C\u00eerstea, reprezentan\u021bii firmei contractante a lucr\u0103rilor \u0219i pre\u0219edin\u021bii asocia\u021biilor de proprietari, a scos la iveal\u0103 aspect halucinante, cum ar fi c\u0103 un proiect de milioane de euro, finan\u021bat prin PNRR, a fost demarat pe baza unor semn\u0103turi date de cet\u0103\u021beni f\u0103r\u0103 s\u0103 cunoasc\u0103 realitatea sau prin abuz de putere din partea \u0219efilor de asocia\u021bii, care au sus\u021binut c\u0103 simpla investire \u00een func\u021bie \u021bine loc de semn\u0103tur\u0103.  <\/p>\n<p>Primarul<br \/>\nConstantin Toma a proferat amenin\u021b\u0103ri c\u0103tre cei pe care i-a ales beneficiari cu<br \/>\nde la sine putere, spun\u00e2nd \u00a0c\u0103 vor<br \/>\nacoperi costurile expertizelor \u00a0dac\u0103 se<br \/>\nretrag, chiar dac\u0103 cei mai mul\u021bi dintre oameni au realizat abia acum c\u0103 au<br \/>\nsemnat pentru reabilitare energetic\u0103, iar ele vor fi supuse unor interven\u021bii<br \/>\nample, de reabilitare seismic\u0103. <\/p>\n<p>Acesta a<br \/>\nreprezentat \u0219i unul dintre cele mai tensionate momente, fiindc\u0103 s-a demonstrat<br \/>\n\u00eenc\u0103 o dat\u0103 c\u0103 nu au fost niciodat\u0103 informa\u021bi corect \u0219i consulta\u021bi. <\/p>\n<figure class=\"wp-block-image\"><img decoding=\"async\" src=\"https:\/\/sansanews.ro\/wp-content\/uploads\/2026\/04\/4-intalnire-1024x499.jpeg\" alt class=\"wp-image-118812\"><figcaption>Reprezentan\u021bii firmei Concelex Erba\u0219u, cea care a contractat lucr\u0103rile finan\u021bate de PNNr, la Buz\u0103u, \u00eenainte de a intra la \u00eent\u00e2lnire<\/figcaption><\/figure>\n<h2><strong>Amenin\u021b\u0103ri cu \u201elista neagr\u0103\u201d \u0219i plata<br \/>\nexpertizelor<\/strong><\/h2>\n<p>Consilierul municipal Irinel C\u00e2rstea, prezent la \u00eent\u00e2lnirea de azi, i-a \u00eentrebat direct pe pre\u0219edin\u021bi \u00een baza c\u0103ror documente au semnat procesele-verbale. \u201eS-a f\u0103cut lini\u0219te\u201d, a punctat Irinel C\u00e2rstea. Unii pre\u0219edin\u021bi au invocat faptul c\u0103, prin simpla func\u021bie pe care o de\u021bin, au dreptul s\u0103 decid\u0103 \u00een numele tuturor, ignor\u00e2nd legea care oblig\u0103 la consultarea fiec\u0103rui proprietar, mai ales c\u00e2nd este vorba de interven\u021bii structurale asupra locuin\u021bei. Mai mult de at\u00e2t, s-a demonstrate deja c\u0103 unele documente au fost semnate \u00een martie 2022, de\u0219i expertizele tehnice, cele care ar fi trebuit s\u0103 stea la baza deciziei, au ap\u0103rut abia spre finalul anului.<\/p>\n<p>Afl\u00e2nd de<br \/>\ninten\u021bia unor proprietari de a se retrage din proiect, Constantin Toma i-a<br \/>\navertizat pe cei prezen\u021bi, cu scopul de a le transmite oamenilor, c\u0103 \u00een cazul<br \/>\nacesta vor fi obliga\u021bi s\u0103 pl\u0103teasc\u0103 contravaloarea expertizelor comandate de Prim\u0103rie<br \/>\n\u0219i nu vor mai primi niciodat\u0103 finan\u021bare, invoc\u00e2nd c\u0103 ar fi vorba despre o dubl\u0103<br \/>\nfinan\u021bare \u00een cazul unor programe viitoare, argument calificat de consilierul<br \/>\nIrinel C\u00e2rstea drept \u201eo minciun\u0103 \u0219i o amenin\u021bare f\u0103r\u0103 suport legal\u201d.<\/p>\n<h2><strong>Blocurile cu risc major, l\u0103sate pe<br \/>\ndinafar\u0103<\/strong><\/h2>\n<p>De\u0219i<br \/>\nprogramul vizeaz\u0103 consolidarea \u0219i anveloparea a 30 de blocuri, coordonatorul<br \/>\nproiectului din cadrul Prim\u0103riei, Lumini\u021ba Col\u021beanu, a recunoscut c\u0103 doar 11<br \/>\nvor mai fi continuate efectiv \u00een aceast\u0103 etap\u0103, iar cea mai mare surpriz\u0103 este<br \/>\naceea c\u0103 blocurile 17 \u0219i 41, din Micro 5 \u0219i, respective, Micro 14, care ambele au<br \/>\nprobleme structurale grave \u0219i unde locatarii chiar \u00ee\u0219i doresc consolidarea, au<br \/>\nfost l\u0103sate pe dinafar\u0103. \u00cen schimb, se insist\u0103 pe 11 \u0219antiere unde oamenii sunt<br \/>\nreticen\u021bi.<\/p>\n<blockquote class=\"wp-block-quote\">\n<p> \u201eDe ce se consum\u0103 resurse pe 11 blocuri unde sunt probleme de comunicare \u0219i nu se concentreaz\u0103 toate for\u021bele pe cele dou\u0103 blocuri cu risc real? Exist\u0103 riscul real, mai mult dec\u00e2t probabil ca lucr\u0103rile s\u0103 dep\u0103\u0219easc\u0103 termenul p\u00e2n\u0103 la care ministerul asigur\u0103 finan\u021barea,\u00a0 august 2026,\u00a0 caz \u00een care facturile vor \u00een sarcina bugetului local\u201d, sus\u021bine consilierul municipal Irinel C\u00e2rstea.<\/p>\n<\/blockquote>\n<p>Iar \u00een completare, trebuie de men\u021bionat \u0219i faptul c\u0103, odat\u0103 ce bugetul local al municipiului Buz\u0103u ar prelua aceste cheltuieli, din cauza dep\u0103\u0219irii termenului de execu\u021bie a lucr\u0103rilor, prev\u0103zute pe un program care a luat startul \u00een 2022, dar care, \u00een realitate, au \u00eenceput abia anul trecut, primarul Constantin Toma ar deveni ordonator principal de credite \u00een acest program.<\/p>\n<figure class=\"wp-block-embed-youtube wp-block-embed is-type-video is-provider-youtube wp-embed-aspect-16-9 wp-has-aspect-ratio\">\n<div class=\"wp-block-embed__wrapper\">\n<iframe loading=\"lazy\" title=\"int\u00e2lnire pre\u0219edin\u021bi asocia\u021bii, la Prim\u0103rie\" width=\"1320\" height=\"743\" src=\"https:\/\/www.youtube.com\/embed\/yhZKRqca2Bk?feature=oembed\" frameborder allow=\"accelerometer; autoplay; clipboard-write; encrypted-media; gyroscope; picture-in-picture; web-share\" referrerpolicy=\"strict-origin-when-cross-origin\" allowfullscreen><\/iframe>\n<\/div>\n<\/figure>\n<h2><strong>S-au adus \u00een discu\u021bie \u0219i demisiile <\/strong><\/h2>\n<p>Efectul de<br \/>\nbumerang al acestui proiect m\u0103re\u021b, dar gestionat defectuos, se vede deja la<br \/>\nnivelul asocia\u021biilor. C\u00e2\u021biva dintre \u00a0pre\u0219edin\u021bii<br \/>\nde asocia\u021bii invita\u021bi ast\u0103zi, prin\u0219i \u00eentre presiunile primarului \u0219i furia<br \/>\noamenilor, au m\u0103rturisit c\u0103 \u00ee\u0219i vor depune demisia.<\/p>\n<p>De altfel<br \/>\nnici nu este de mirarare c\u0103 lucrurile ar putea s\u0103 stea a\u0219a pe viitor, pentru c\u0103<br \/>\n, dup\u0103 \u00eent\u00e2lnire, oamenii nu p\u0103reau s\u0103 fie convin\u0219i de planurile primarului<br \/>\nToma. El fiind cel care a sus\u021binut \u00een declara\u021biile sale c\u0103 planurile tehnice,<br \/>\ndar \u0219i acordurile oamenilor sunt la asocia\u021biile de proprietari, dar oamenii<br \/>\nspun c\u0103 nicio persoan\u0103 din conducerea asocia\u021biei nu i-a informat sau<br \/>\nreprezentat la discu\u021bii.<\/p>\n<figure class=\"wp-block-image\"><img decoding=\"async\" src=\"https:\/\/sansanews.ro\/wp-content\/uploads\/2026\/04\/3-intalnire-1024x576.jpeg\" alt class=\"wp-image-118815\"><figcaption>Unul dintre proprietarii blocurile trecute pe lista de reabilit\u0103ri seismice nu intelege cum s-a ajuns aici<\/figcaption><\/figure>\n<p>Lucr\u0103rile, \u00eencep\u00e2nd cu subsolul, au demarat f\u0103r\u0103 ca proprietarii s\u0103 fie anun\u021ba\u021bi \u00een prealabil, ace\u0219tia fiind pu\u0219i \u00een fa\u021ba faptului \u00eemplinit: \u201eS-a intrat \u00een bloc f\u0103r\u0103 s\u0103 \u0219tie nimeni nimic\u201d, spun majoritatea. Oamenii cer imperativ s\u0103 vad\u0103 planurile tehnice pentru a \u00een\u021belege ce se \u00eent\u00e2mpl\u0103 cu locuin\u021bele lor \u0219i refuz\u0103 s\u0103 mai accepte explica\u021bii vagi, subliniind fiecare \u00een parte c\u0103 \u00a0blocul \u00een care locuie\u0219te are structuri diferite, cum ar fi balcoane monolit la unele etaje, balcoane duble la altele \u0219.a.m.d. \u0219i se tem c\u0103 un plan \u201estandard\u201d de consolidare nu ar \u021bine cont de aceste particularit\u0103\u021bi constructive. <\/p>\n<figure class=\"wp-block-embed-youtube wp-block-embed is-type-video is-provider-youtube wp-embed-aspect-16-9 wp-has-aspect-ratio\">\n<div class=\"wp-block-embed__wrapper\">\n<iframe loading=\"lazy\" title=\"ilustratie sedinta asociatii\" width=\"1320\" height=\"743\" src=\"https:\/\/www.youtube.com\/embed\/86f4rvEztKU?feature=oembed\" frameborder allow=\"accelerometer; autoplay; clipboard-write; encrypted-media; gyroscope; picture-in-picture; web-share\" referrerpolicy=\"strict-origin-when-cross-origin\" allowfullscreen><\/iframe>\n<\/div>\n<\/figure>\n<div class=\"meta-tags\"><span>Etichete<\/span><a href=\"https:\/\/sansanews.ro\/tag\/asociatii-de-proprietari\/\" rel=\"tag\">asociatii de proprietari<\/a><a href=\"https:\/\/sansanews.ro\/tag\/intalnire-primarie\/\" rel=\"tag\">intalnire Primarie<\/a><a href=\"https:\/\/sansanews.ro\/tag\/presedinti\/\" rel=\"tag\">presedinti<\/a><\/div>\n<div class=\"herald-share-content\">\n<div class=\"meks_ess rectangle no-labels outline\"><a class=\"meks_ess-item socicon-facebook\" data-url=\"http:\/\/www.facebook.com\/sharer\/sharer.php?u=https%3A%2F%2Fsansanews.ro%2Fe-scandal-mare-primarul-toma-ameninta-locatarii-cazuti-nevinovati-in-haosul-reabilitarii-blocurilor-dezinformati-abuzati-deposedati-de-valoarea-proprietatilor-se-retrag-demisii-de-presedinti-de%2F&amp;t=E%20SCANDAL%20MARE%21%20Primarul%20Toma%20amenin%C8%9B%C4%83%20locatarii%20c%C4%83zu%C8%9Bi%20nevinova%C8%9Bi%20%C3%AEn%20haosul%20reabilit%C4%83rii%20blocurilor%21%20Dezinforma%C8%9Bi%2C%20abuza%C8%9Bi%2C%20deposeda%C8%9Bi%20de%20valoarea%20propriet%C4%83%C8%9Bilor%2C%20se%20retrag%21%20Demisii%20de%20presedin%C8%9Bi%20de%20asocia%C8%9Bii%21%20Programul%20continu%C4%83%20doar%20la%2011%20blocuri%21%20Deocamdat%C4%83%20%28FOTO%20%2B%20VIDEO%29\"><span>Facebook<\/span><\/a><a href=\"https:\/\/api.whatsapp.com\/send?text=E%20SCANDAL%20MARE%21%20Primarul%20Toma%20amenin%C8%9B%C4%83%20locatarii%20c%C4%83zu%C8%9Bi%20nevinova%C8%9Bi%20%C3%AEn%20haosul%20reabilit%C4%83rii%20blocurilor%21%20Dezinforma%C8%9Bi%2C%20abuza%C8%9Bi%2C%20deposeda%C8%9Bi%20de%20valoarea%20propriet%C4%83%C8%9Bilor%2C%20se%20retrag%21%20Demisii%20de%20presedin%C8%9Bi%20de%20asocia%C8%9Bii%21%20Programul%20continu%C4%83%20doar%20la%2011%20blocuri%21%20Deocamdat%C4%83%20%28FOTO%20%2B%20VIDEO%29%20https%3A%2F%2Fsansanews.ro%2Fe-scandal-mare-primarul-toma-ameninta-locatarii-cazuti-nevinovati-in-haosul-reabilitarii-blocurilor-dezinformati-abuzati-deposedati-de-valoarea-proprietatilor-se-retrag-demisii-de-presedinti-de%2F\" class=\"meks_ess-item socicon-whatsapp prevent-share-popup\"><span>WhatsApp<\/span><\/a><a class=\"meks_ess-item socicon-twitter\" data-url=\"http:\/\/twitter.com\/intent\/tweet?url=https%3A%2F%2Fsansanews.ro%2Fe-scandal-mare-primarul-toma-ameninta-locatarii-cazuti-nevinovati-in-haosul-reabilitarii-blocurilor-dezinformati-abuzati-deposedati-de-valoarea-proprietatilor-se-retrag-demisii-de-presedinti-de%2F&amp;text=E%20SCANDAL%20MARE%21%20Primarul%20Toma%20amenin%C8%9B%C4%83%20locatarii%20c%C4%83zu%C8%9Bi%20nevinova%C8%9Bi%20%C3%AEn%20haosul%20reabilit%C4%83rii%20blocurilor%21%20Dezinforma%C8%9Bi%2C%20abuza%C8%9Bi%2C%20deposeda%C8%9Bi%20de%20valoarea%20propriet%C4%83%C8%9Bilor%2C%20se%20retrag%21%20Demisii%20de%20presedin%C8%9Bi%20de%20asocia%C8%9Bii%21%20Programul%20continu%C4%83%20doar%20la%2011%20blocuri%21%20Deocamdat%C4%83%20%28FOTO%20%2B%20VIDEO%29\"><span>Twitter<\/span><\/a><a class=\"meks_ess-item socicon-pinterest\" data-url=\"http:\/\/pinterest.com\/pin\/create\/button\/?url=https%3A%2F%2Fsansanews.ro%2Fe-scandal-mare-primarul-toma-ameninta-locatarii-cazuti-nevinovati-in-haosul-reabilitarii-blocurilor-dezinformati-abuzati-deposedati-de-valoarea-proprietatilor-se-retrag-demisii-de-presedinti-de%2F&amp;media=https%3A%2F%2Fsansanews.ro%2Fwp-content%2Fuploads%2F2026%2F04%2F1-intalnire.jpeg&amp;description=E%20SCANDAL%20MARE%21%20Primarul%20Toma%20amenin%C8%9B%C4%83%20locatarii%20c%C4%83zu%C8%9Bi%20nevinova%C8%9Bi%20%C3%AEn%20haosul%20reabilit%C4%83rii%20blocurilor%21%20Dezinforma%C8%9Bi%2C%20abuza%C8%9Bi%2C%20deposeda%C8%9Bi%20de%20valoarea%20propriet%C4%83%C8%9Bilor%2C%20se%20retrag%21%20Demisii%20de%20presedin%C8%9Bi%20de%20asocia%C8%9Bii%21%20Programul%20continu%C4%83%20doar%20la%2011%20blocuri%21%20Deocamdat%C4%83%20%28FOTO%20%2B%20VIDEO%29\"><span>Pinterest<\/span><\/a><\/div>\n<\/div>\n<\/div>\n<p>[analyse_source url=&#8221;https:\/\/sansanews.ro\/e-scandal-mare-primarul-toma-ameninta-locatarii-cazuti-nevinovati-in-haosul-reabilitarii-blocurilor-dezinformati-abuzati-deposedati-de-valoarea-proprietatilor-se-retrag-demisii-de-presedinti-de\/&#8221;]<\/p>\n","protected":false},"excerpt":{"rendered":"<p>[analyse_image type=&#8221;featured&#8221; src=&#8221;https:\/\/sansanews.ro\/wp-content\/uploads\/2026\/04\/1-intalnire.jpeghttps:\/\/sansanews.ro\/wp-content\/uploads\/2026\/04\/1-intalnire.jpeg&#8221;] \u00cent\u00e2lnirea de, miercuri, de la Palatul Comunal dintre primarul Constantin Toma, echipa tehnic\u0103 a Prim\u0103riei, consilierul municipal Irinel C\u00eerstea, reprezentan\u021bii firmei contractante a lucr\u0103rilor \u0219i pre\u0219edin\u021bii asocia\u021biilor de proprietari, a scos la iveal\u0103 aspect halucinante, cum ar fi c\u0103 un proiect de milioane de euro, finan\u021bat prin PNRR, a fost demarat pe [&hellip;]<\/p>\n","protected":false},"author":1,"featured_media":0,"comment_status":"open","ping_status":"","sticky":false,"template":"","format":"standard","meta":{"footnotes":""},"categories":[2],"tags":[226,51],"class_list":["post-1859432","post","type-post","status-publish","format-standard","hentry","category-politics","tag-crawlmanager","tag-sansanews-ro"],"_links":{"self":[{"href":"https:\/\/analyse.optim.biz\/index.php?rest_route=\/wp\/v2\/posts\/1859432","targetHints":{"allow":["GET"]}}],"collection":[{"href":"https:\/\/analyse.optim.biz\/index.php?rest_route=\/wp\/v2\/posts"}],"about":[{"href":"https:\/\/analyse.optim.biz\/index.php?rest_route=\/wp\/v2\/types\/post"}],"author":[{"embeddable":true,"href":"https:\/\/analyse.optim.biz\/index.php?rest_route=\/wp\/v2\/users\/1"}],"replies":[{"embeddable":true,"href":"https:\/\/analyse.optim.biz\/index.php?rest_route=%2Fwp%2Fv2%2Fcomments&post=1859432"}],"version-history":[{"count":0,"href":"https:\/\/analyse.optim.biz\/index.php?rest_route=\/wp\/v2\/posts\/1859432\/revisions"}],"wp:attachment":[{"href":"https:\/\/analyse.optim.biz\/index.php?rest_route=%2Fwp%2Fv2%2Fmedia&parent=1859432"}],"wp:term":[{"taxonomy":"category","embeddable":true,"href":"https:\/\/analyse.optim.biz\/index.php?rest_route=%2Fwp%2Fv2%2Fcategories&post=1859432"},{"taxonomy":"post_tag","embeddable":true,"href":"https:\/\/analyse.optim.biz\/index.php?rest_route=%2Fwp%2Fv2%2Ftags&post=1859432"}],"curies":[{"name":"wp","href":"https:\/\/api.w.org\/{rel}","templated":true}]}}