{"id":1859358,"date":"2026-04-01T12:17:05","date_gmt":"2026-04-01T09:17:05","guid":{"rendered":"https:\/\/analyse.optim.biz\/?p=1859358"},"modified":"2026-04-01T12:17:05","modified_gmt":"2026-04-01T09:17:05","slug":"un-nou-ciclon-aduce-ploi-vant-si-ninsori-la-munte-chiar-inainte-de-florii","status":"publish","type":"post","link":"https:\/\/analyse.optim.biz\/?p=1859358","title":{"rendered":"Un nou ciclon aduce ploi, v\u00e2nt \u0219i ninsori la munte chiar \u00eenainte de Florii"},"content":{"rendered":"<p>[analyse_image type=&#8221;featured&#8221; src=&#8221;https:\/\/www.buzau.net\/stiri-din-buzau\/wp-content\/uploads\/2023\/02\/vremea-757.jpg&#8221;]<\/p>\n<div id=\"mvp-content-main\" class=\"left relative\">\n<p>Un nou ciclon mediteranean va traversa \u0163ara \u00eencep\u00e2nd cu 2 aprilie \u015fi va aduce precipita\u0163ii mai frecvente, v\u00e2nt \u015fi chiar lapovi\u0163\u0103 sau ninsori la munte, iar vremea va r\u0103m\u00e2ne schimb\u0103toare pe tot intervalul 30 martie\u201312 aprilie, cu alternan\u0163e rapide \u015fi uneori accentuate \u00eentre perioade reci \u015fi calde.<\/p>\n<p>\u00cen primele zile ale intervalului, valorile termice vor fi \u00een general sub mediile caracteristice datei \u00een multe zone, cu maxime \u00een jur de 8\u201310 grade, urmate de o tendin\u0163\u0103 de \u00eenc\u0103lzire spre \u00eenceputul s\u0103pt\u0103m\u00e2nii urm\u0103toare, c\u00e2nd \u00een jurul datei de 6 aprilie vor fi medii ale maximelor de 18\u201320 de grade, apoi o u\u015foar\u0103 r\u0103cire \u00een a doua s\u0103pt\u0103m\u00e2n\u0103.<\/p>\n<p>Banatul va resim\u0163i oscila\u0163ii termice semnificative: \u00eenceput mai rece cu maxime de 8\u201310 grade, salt la circa 14 grade pe 1 aprilie \u015fi cre\u015ftere p\u00e2n\u0103 la 18\u201320 de grade spre 6 aprilie; precipita\u0163iile vor fi mai frecvente la debut \u015fi vor reveni dup\u0103 9 aprilie.<\/p>\n<p>Cri\u015fana se va r\u0103ci brusc \u00een 31 martie, cu maxime care scad la 6\u20138 grade, urmate de \u00eenc\u0103lzire constant\u0103 p\u00e2n\u0103 la 18\u201320 de grade \u00een jurul datei de 6 aprilie; 30\u201331 martie sunt estimate a fi zile cu precipita\u0163ii pe arii extinse, iar probabilitatea de ploaie cre\u015fte din nou \u00een jurul zilelor de 6 \u015fi 9 aprilie.<\/p>\n<p>Transilvania va avea varia\u0163ii termice marcate \u00een regimul diurn, de la medii apropiate de 14 grade la \u00eenceput, o sc\u0103dere spre 8 grade pe 31 martie \u015fi reveniri spre circa 18 grade p\u00e2n\u0103 pe 6 aprilie, temperaturile nocturne r\u0103m\u00e2n\u00e2nd relativ constante \u00eentre 0 \u015fi 5 grade; precipita\u0163iile sunt posibile pe toat\u0103 durata prognozei, cu ris crescut pe 31 martie, 6 \u015fi 9 aprilie.<\/p>\n<p>Maramure\u015ful va trece prin oscila\u0163ii rapide la \u00eenceput, de la maxime medii de 16 grade spre 8\u201310 grade, apoi se va \u00eenc\u0103lzi treptat p\u00e2n\u0103 la medii de 18 grade pe 6 aprilie; precipita\u0163iile vor fi frecvente \u015fi sporadice pe tot intervalul, cu intensific\u0103ri estimate la finalul lunii martie \u015fi din nou pe 9 aprilie.<\/p>\n<p>Moldova va \u00eenregistra o r\u0103cire u\u015foar\u0103 p\u00e2n\u0103 pe 2 aprilie (maxime medii de circa 12 grade), urmat\u0103 de \u00eenc\u0103lzire p\u00e2n\u0103 la 18\u201320 de grade p\u00e2n\u0103 pe 6 aprilie; regimul nocturn tinde spre o sc\u0103dere u\u015foar\u0103, iar probabilitatea precipita\u0163iilor este redus\u0103 ini\u0163ial, dar va cre\u015fte u\u015for ulterior.<\/p>\n<p>Dobrogea va avea alternan\u0163e de rece \u015fi cald la regimul diurn, maxime medii sc\u0103zute \u00een jurul a 10\u201312 grade pe 2 aprilie \u015fi valori de 14\u201318 grade \u00een restul intervalului; precipita\u0163ii temporare \u015fi pe alocuri sunt de a\u015fteptat, cu risc de extindere \u00een zilele de 2, 3, 10 \u015fi 12 aprilie.<\/p>\n<p>Muntenia \u015fi Oltenia vor cunoa\u015fte alternan\u0163e termice: Muntenia r\u0103m\u00e2ne relativ stabil\u0103 la \u00eenceput cu medii \u00een jurul a 15 grade, se r\u0103ce\u015fte \u00een jurul datei de 2 aprilie \u015fi apoi se \u00eenc\u0103lze\u015fte spre maxime mediate de 20 de grade, \u00een timp ce Oltenia urmeaz\u0103 o cre\u015ftere spre 20 de grade \u00eentre 2 \u015fi 6 aprilie, urmat\u0103 de o r\u0103cire spre medii de circa 16 grade; precipita\u0163iile au probabilitate ridicat\u0103 \u00een mai multe intervale, \u00een special la \u00eenceputul \u015fi la sf\u00e2r\u015fitul prognozei.<\/p>\n<p>La munte, regimul termic va fi fluctuant, cu maxime mediate \u00eentre 2 \u015fi 10 grade \u00een primele zile \u015fi medii nocturne \u00een general sub zero, chiar \u00een jurul a -4 grade \u00een anumite nop\u0163i; precipita\u0163iile sunt probabile aproape pe tot parcursul intervalului, iar la altitudini mari acestea pot fi sub form\u0103 de ninsoare sau lapovi\u0163\u0103, \u00een special \u00een zilele cu risc crescut de extindere a fenomenele meteorologice.<\/p>\n<p class=\"text-align-center\"><em><span lang=\"RO\"><strong>INFORMARE METEOROLOGIC\u0102<\/strong><\/span><\/em><\/p>\n<p class=\"text-align-center\"><em><span lang=\"RO\"><strong>Interval de valabilitate: 02 aprilie, ora 06:00 \u2013 04 aprilie, ora 18:00<\/strong><\/span><\/em><br \/><em><span lang=\"RO\"><strong>\u00a0 \u00a0 Fenomene vizate: intensific\u0103ri ale v\u00e2ntului; ploi moderate cantitativ; la munte, la altitudini de peste 1800 m, ninsori \u0219i strat de z\u0103pad\u0103\u00a0<\/strong><\/span><\/em><br \/><em><span lang=\"RO\"><strong>Zone afectate: conform textului<\/strong><\/span><\/em><\/p>\n<p class=\"text-align-justify\"><em><span lang=\"RO\">\u00a0 \u00a0 \u00a0 \u00a0 \u00a0Temporar vor fi intensific\u0103ri ale v\u00e2ntului, joi (02 aprilie) \u00een sudul \u0219i sud-estul \u021b\u0103rii \u0219i izolat \u00een rest, vineri \u00een zonele vestice, iar de vineri noapte p\u00e2n\u0103 s\u00e2mb\u0103t\u0103 seara \u00een regiunile estice, cu viteze \u00een general de 40\u202650 km\/h. La munte vor fi rafale de 70\u202680 km\/h. \u00a0<\/span><\/em><\/p>\n<p class=\"text-align-justify\"><em><span lang=\"RO\">\u00a0 \u00a0 \u00a0 \u00a0 \u00a0 \u00a0\u00cencep\u00e2nd din diminea\u021ba zilei de joi, vor fi ploi moderate cantitativ \u00een cea mai mare parte a \u021b\u0103rii. Ploile vor avea \u0219i caracter de avers\u0103, iar vineri \u0219i s\u00e2mb\u0103t\u0103 vor fi \u00eenso\u021bite izolat de desc\u0103rc\u0103ri electrice \u0219i vor fi condi\u021bii de grindin\u0103. P\u00e2n\u0103 la sf\u00e2r\u0219itul intervalului se vor acumula cantit\u0103\u021bi de ap\u0103 de 20\u202625 l\/mp \u0219i izolat de 50\u202670 l\/mp. \u00cen Carpa\u021bii Meridionali, iar din noaptea de vineri spre s\u00e2mb\u0103t\u0103 \u0219i \u00een Carpa\u021bii Orientali, la peste 1800 m altitudine, temporar va ninge \u0219i se va depune strat de z\u0103pad\u0103 cu grosimi \u00een medie de 10\u202620 cm.<\/span><\/em><\/p>\n<div class=\"heateor_sss_sharing_container heateor_sss_horizontal_sharing\" data-heateor-sss-href=\"https:\/\/www.buzau.net\/stiri-din-buzau\/un-nou-ciclon-aduce-ploi-vant-si-ninsori-la-munte-chiar-inainte-de-florii\/\">\n<div class=\"heateor_sss_sharing_title\">DISTRIBUIE ACEST ARTICOL<\/div>\n<\/div>\n<\/div>\n<p>[analyse_source url=&#8221;https:\/\/www.buzau.net\/stiri-din-buzau\/un-nou-ciclon-aduce-ploi-vant-si-ninsori-la-munte-chiar-inainte-de-florii\/&#8221;]<\/p>\n","protected":false},"excerpt":{"rendered":"<p>[analyse_image type=&#8221;featured&#8221; src=&#8221;https:\/\/www.buzau.net\/stiri-din-buzau\/wp-content\/uploads\/2023\/02\/vremea-757.jpg&#8221;] Un nou ciclon mediteranean va traversa \u0163ara \u00eencep\u00e2nd cu 2 aprilie \u015fi va aduce precipita\u0163ii mai frecvente, v\u00e2nt \u015fi chiar lapovi\u0163\u0103 sau ninsori la munte, iar vremea va r\u0103m\u00e2ne schimb\u0103toare pe tot intervalul 30 martie\u201312 aprilie, cu alternan\u0163e rapide \u015fi uneori accentuate \u00eentre perioade reci \u015fi calde. \u00cen primele zile ale intervalului, [&hellip;]<\/p>\n","protected":false},"author":1,"featured_media":0,"comment_status":"open","ping_status":"","sticky":false,"template":"","format":"standard","meta":{"footnotes":""},"categories":[2],"tags":[113,226],"class_list":["post-1859358","post","type-post","status-publish","format-standard","hentry","category-politics","tag-buzau-net","tag-crawlmanager"],"_links":{"self":[{"href":"https:\/\/analyse.optim.biz\/index.php?rest_route=\/wp\/v2\/posts\/1859358","targetHints":{"allow":["GET"]}}],"collection":[{"href":"https:\/\/analyse.optim.biz\/index.php?rest_route=\/wp\/v2\/posts"}],"about":[{"href":"https:\/\/analyse.optim.biz\/index.php?rest_route=\/wp\/v2\/types\/post"}],"author":[{"embeddable":true,"href":"https:\/\/analyse.optim.biz\/index.php?rest_route=\/wp\/v2\/users\/1"}],"replies":[{"embeddable":true,"href":"https:\/\/analyse.optim.biz\/index.php?rest_route=%2Fwp%2Fv2%2Fcomments&post=1859358"}],"version-history":[{"count":0,"href":"https:\/\/analyse.optim.biz\/index.php?rest_route=\/wp\/v2\/posts\/1859358\/revisions"}],"wp:attachment":[{"href":"https:\/\/analyse.optim.biz\/index.php?rest_route=%2Fwp%2Fv2%2Fmedia&parent=1859358"}],"wp:term":[{"taxonomy":"category","embeddable":true,"href":"https:\/\/analyse.optim.biz\/index.php?rest_route=%2Fwp%2Fv2%2Fcategories&post=1859358"},{"taxonomy":"post_tag","embeddable":true,"href":"https:\/\/analyse.optim.biz\/index.php?rest_route=%2Fwp%2Fv2%2Ftags&post=1859358"}],"curies":[{"name":"wp","href":"https:\/\/api.w.org\/{rel}","templated":true}]}}