{"id":185934,"date":"2015-02-24T18:17:03","date_gmt":"2015-02-24T15:17:03","guid":{"rendered":"https:\/\/analyse.optim.biz\/?p=185934"},"modified":"2015-02-24T18:17:03","modified_gmt":"2015-02-24T15:17:03","slug":"deputatii-din-comisia-juridica-alesii-locali-care-au-trecut-la-alte-partide-nu-si-vor-pierde-mandatele","status":"publish","type":"post","link":"https:\/\/analyse.optim.biz\/?p=185934","title":{"rendered":"Deputa\u021bii din Comisia Juridic\u0103: Ale\u015fii locali care au trecut la alte partide nu-\u015fi vor pierde mandatele"},"content":{"rendered":"<div class=\"entry data-app-meta data-app-meta-article\" data-embed-base-url-canonical=\"https:\/\/www.digi24.ro\/embed\/stiri\/actualitate\/politica\/deputatii-din-comisia-juridica-alesii-locali-care-au-trecut-la-alte-partide-nu-si-vor-pierde-mandatele-363523\">\n<p data-index=\"1\"><em>\u00a0<\/em><\/p>\n<p data-index=\"2\"><em>Reporter: Cum a r\u0103mas p\u00e2n\u0103 la urm\u0103 cu primarii, ale\u015fii pleca\u0163i la alt partid?<\/em><\/p>\n<p data-index=\"3\"><em><span>Theodor Nicolescu, deputat PNL: \u201e<\/span>S-a ajuns la concluzia c\u0103, chiar dac\u0103 efectele sunt neconstitu\u0163ionale, ele trebuie s\u0103-\u015fi produc\u0103 efectele \u00een ciuda deciziei Cur\u0163ii Constitu\u0163ionale \u015fi \u00een ciuda oric\u0103ror principii elementare de drept. Eu v\u0103 garantez c\u0103 vom sesiza CC cu privire la legea de respingere a ordonan\u0163ei, c\u00e2nd ea va fi adoptat\u0103 \u015fi de c\u0103tre Senat, dac\u0103 nu cumva Senatul nu va ajunge la concluzia c\u0103 decizia CC trebuie respectat\u0103\u201d.<\/em><\/p>\n<p data-index=\"4\">Urmeaz\u0103 votul \u00een plenul Camerei, iar apoi cel din Senat, care e Camer\u0103 decizional\u0103.<\/p>\n<p data-index=\"5\">Ordonan\u0163a adoptat\u0103 de Guvern \u00een luna august a anului trecut a suspendat timp de 45 de zile legea care spune c\u0103 ale\u0219ii locali \u00ee\u0219i pierd mandatul dac\u0103 schimb\u0103 partidul, ceea ce a permis migra\u021bia a mii de ale\u0219i locali de la opozi\u021bie la putere \u00eenaintea alegerilor preziden\u021biale. <\/p>\n<\/div>\n<p> Source URL: https:\/\/www.digi24.ro\/stiri\/actualitate\/politica\/deputatii-din-comisia-juridica-alesii-locali-care-au-trecut-la-alte-partide-nu-si-vor-pierde-mandatele-363523<\/p>\n","protected":false},"excerpt":{"rendered":"<p>\u00a0 Reporter: Cum a r\u0103mas p\u00e2n\u0103 la urm\u0103 cu primarii, ale\u015fii pleca\u0163i la alt partid? Theodor Nicolescu, deputat PNL: \u201eS-a ajuns la concluzia c\u0103, chiar dac\u0103 efectele sunt neconstitu\u0163ionale, ele trebuie s\u0103-\u015fi produc\u0103 efectele \u00een ciuda deciziei Cur\u0163ii Constitu\u0163ionale \u015fi \u00een ciuda oric\u0103ror principii elementare de drept. Eu v\u0103 garantez c\u0103 vom sesiza CC cu [&hellip;]<\/p>\n","protected":false},"author":1,"featured_media":185935,"comment_status":"open","ping_status":"","sticky":false,"template":"","format":"standard","meta":{"footnotes":""},"categories":[2],"tags":[11],"class_list":["post-185934","post","type-post","status-publish","format-standard","has-post-thumbnail","hentry","category-politics","tag-digi24"],"_links":{"self":[{"href":"https:\/\/analyse.optim.biz\/index.php?rest_route=\/wp\/v2\/posts\/185934","targetHints":{"allow":["GET"]}}],"collection":[{"href":"https:\/\/analyse.optim.biz\/index.php?rest_route=\/wp\/v2\/posts"}],"about":[{"href":"https:\/\/analyse.optim.biz\/index.php?rest_route=\/wp\/v2\/types\/post"}],"author":[{"embeddable":true,"href":"https:\/\/analyse.optim.biz\/index.php?rest_route=\/wp\/v2\/users\/1"}],"replies":[{"embeddable":true,"href":"https:\/\/analyse.optim.biz\/index.php?rest_route=%2Fwp%2Fv2%2Fcomments&post=185934"}],"version-history":[{"count":0,"href":"https:\/\/analyse.optim.biz\/index.php?rest_route=\/wp\/v2\/posts\/185934\/revisions"}],"wp:featuredmedia":[{"embeddable":true,"href":"https:\/\/analyse.optim.biz\/index.php?rest_route=\/wp\/v2\/media\/185935"}],"wp:attachment":[{"href":"https:\/\/analyse.optim.biz\/index.php?rest_route=%2Fwp%2Fv2%2Fmedia&parent=185934"}],"wp:term":[{"taxonomy":"category","embeddable":true,"href":"https:\/\/analyse.optim.biz\/index.php?rest_route=%2Fwp%2Fv2%2Fcategories&post=185934"},{"taxonomy":"post_tag","embeddable":true,"href":"https:\/\/analyse.optim.biz\/index.php?rest_route=%2Fwp%2Fv2%2Ftags&post=185934"}],"curies":[{"name":"wp","href":"https:\/\/api.w.org\/{rel}","templated":true}]}}