{"id":1859255,"date":"2026-04-01T11:02:44","date_gmt":"2026-04-01T08:02:44","guid":{"rendered":"https:\/\/analyse.optim.biz\/?p=1859255"},"modified":"2026-04-01T11:02:44","modified_gmt":"2026-04-01T08:02:44","slug":"dr-badea-corina-elena-medic-medicina-interna-la-s-j-u-tulcea-a-fost-premiata-la-gala-colegiului-medicilor-din-romania","status":"publish","type":"post","link":"https:\/\/analyse.optim.biz\/?p=1859255","title":{"rendered":"Dr. Badea Corina-Elena, medic medicin\u0103 intern\u0103 la S.J.U Tulcea a fost premiat\u0103 la Gala Colegiului Medicilor din Rom\u00e2nia"},"content":{"rendered":"<p>[analyse_image type=&#8221;featured&#8221; src=&#8221;https:\/\/dobrogeanews.b-cdn.net\/wp-content\/uploads\/2026\/04\/doctor-tulcean-premiat-la-gala-medicilor2.jpg&#8221;]<\/p>\n<div id=\"post-69603\" class=\"entry single-default post-69603 post type-post status-publish format-standard has-post-thumbnail hentry category-info\">\n<div>\n<div class=\"ss-follow-wrapper ss-clearfix ss-regular-buttons ss-columns-1 ss-default-style\">\n<div class=\"ss-follow-column\" data-ss-sf-network-id='\"facebook\"'><a href=\"https:\/\/www.facebook.com\/dobrogeanews\" class=\"ss-follow-network ss-facebook-color\" rel=\"nofollow noopener\" aria-label=\"facebook\" target=\"_blank\"><span class=\"ss-follow-network-label\">Urm\u0103re\u015fte-ne \u015fi pe Facebook!<\/span><span class=\"ss-follow-network-count\"><span class=\"ss-follow-network-count-number\">57K<\/span><span class=\"ss-follow-network-count-label\">Followers<\/span><\/span><\/a><\/div>\n<\/div>\n<\/div>\n<p>Un medic tulcean a fost premiat pentru excelen\u021b\u0103. Astfel, dr. Badea Corina-Elena, medic primar de medicin\u0103 intern\u0103 \u00een Spitalului Jude\u021bean de Urgen\u021b\u0103 Tulcea (SJU Tulcea), a primit Premiul I \u201eVasile Voiculescu\u201d la Gala Colegiului Medicilor din Rom\u00e2nia.<\/p>\n<figure class=\"wp-block-image size-full is-resized\">\n<source type=\"image\/webp\" data-lazy-srcset=\"https:\/\/dobrogeanews.b-cdn.net\/wp-content\/uploads\/2026\/04\/doctor-tulcean-premiat-la-gala-medicilor2.jpg.webp 2560w, https:\/\/dobrogeanews.b-cdn.net\/wp-content\/uploads\/2026\/04\/doctor-tulcean-premiat-la-gala-medicilor2-300x246.jpg.webp 300w, https:\/\/dobrogeanews.b-cdn.net\/wp-content\/uploads\/2026\/04\/doctor-tulcean-premiat-la-gala-medicilor2-1024x840.jpg.webp 1024w, https:\/\/dobrogeanews.b-cdn.net\/wp-content\/uploads\/2026\/04\/doctor-tulcean-premiat-la-gala-medicilor2-768x630.jpg.webp 768w, https:\/\/dobrogeanews.b-cdn.net\/wp-content\/uploads\/2026\/04\/doctor-tulcean-premiat-la-gala-medicilor2-1536x1260.jpg.webp 1536w, https:\/\/dobrogeanews.b-cdn.net\/wp-content\/uploads\/2026\/04\/doctor-tulcean-premiat-la-gala-medicilor2-2048x1680.jpg.webp 2048w\" sizes=\"(max-width: 640px) 100vw, 640px\" \/><br \/>\n<img loading=\"lazy\" decoding=\"async\" src=\"https:\/\/dobrogeanews.b-cdn.net\/wp-content\/uploads\/2026\/04\/doctor-tulcean-premiat-la-gala-medicilor2.jpg\" alt=\"Dr Badea Corina Elena doctor tulcean premiat la gala medicilor\" width=\"640\" height=\"525\"><\/figure>\n<p>\u201eDatorit\u0103 profesionalismului medical \u0219i talentului artistic, reprezint\u0103 un adev\u0103rat model pentru comunitatea noastr\u0103. O recunoa\u0219tere care arat\u0103 c\u0103 medicina \u0219i cultura pot merge m\u00e2n\u0103 \u00een m\u00e2n\u0103, aduc\u00e2nd inspira\u021bie \u0219i speran\u021b\u0103 pacien\u021bilor tulceni\u201d transmite SJU Tulcea.<\/p>\n<p>Gala Colegiului Medicilor din Rom\u00e2nia 2026 a fost un eveniment de prestigiu desf\u0103\u0219urat sub titlul <strong>\u201eMedic pentru Rom\u00e2nia. Rom\u00e2nia medical\u0103 conteaz\u0103\u201d<\/strong>, organizat pentru a celebra excelen\u021ba \u0219i contribu\u021biile deosebite din sistemul de s\u0103n\u0103tate.\u00a0<\/p>\n<figure class=\"wp-block-image size-full is-resized\">\n<source type=\"image\/webp\" data-lazy-srcset=\"https:\/\/dobrogeanews.b-cdn.net\/wp-content\/uploads\/2026\/04\/doctor-tulcean-premiat-la-gala-medicilor.jpg.webp 2560w, https:\/\/dobrogeanews.b-cdn.net\/wp-content\/uploads\/2026\/04\/doctor-tulcean-premiat-la-gala-medicilor-300x246.jpg.webp 300w, https:\/\/dobrogeanews.b-cdn.net\/wp-content\/uploads\/2026\/04\/doctor-tulcean-premiat-la-gala-medicilor-1024x840.jpg.webp 1024w, https:\/\/dobrogeanews.b-cdn.net\/wp-content\/uploads\/2026\/04\/doctor-tulcean-premiat-la-gala-medicilor-768x630.jpg.webp 768w, https:\/\/dobrogeanews.b-cdn.net\/wp-content\/uploads\/2026\/04\/doctor-tulcean-premiat-la-gala-medicilor-1536x1260.jpg.webp 1536w, https:\/\/dobrogeanews.b-cdn.net\/wp-content\/uploads\/2026\/04\/doctor-tulcean-premiat-la-gala-medicilor-2048x1680.jpg.webp 2048w\" sizes=\"(max-width: 640px) 100vw, 640px\" \/><br \/>\n<img loading=\"lazy\" decoding=\"async\" src=\"https:\/\/dobrogeanews.b-cdn.net\/wp-content\/uploads\/2026\/04\/doctor-tulcean-premiat-la-gala-medicilor.jpg\" alt=\"Dr Badea Corina Elena doctor tulcean premiat la gala medicilor din Romania\" width=\"640\" height=\"525\"><\/figure>\n<p>Evenimentul a reunit personalit\u0103\u021bi marcante ale statului rom\u00e2n, lideri din domeniul s\u0103n\u0103t\u0103\u021bii \u0219i medici din \u00eentreaga \u021bar\u0103.\u00a0Gala a premiat medici pentru realiz\u0103ri profesionale de excep\u021bie, inclusiv tineri medici reziden\u021bi \u0219i speciali\u0219ti din diverse regiuni ale \u021b\u0103rii, cum ar fi Tulcea sau V\u00e2lcea.\u00a0<\/p>\n<p>Accentul a fost pus pe ideea c\u0103 <strong>s\u0103n\u0103tatea reprezint\u0103 un pilon strategic na\u021bional, promov\u00e2nd unitatea profesional\u0103 \u0219i rolul esen\u021bial al medicului \u00een societate<\/strong>.\u00a0<\/p>\n<div class=\"monsterinsights-inline-popular-posts monsterinsights-inline-popular-posts-charlie monsterinsights-popular-posts-styled\">\n<div class=\"monsterinsights-inline-popular-posts-text\"><span class=\"monsterinsights-inline-popular-posts-label\">Vezi \u0219i:<\/span><\/p>\n<div class=\"monsterinsights-inline-popular-posts-post\"><a class=\"monsterinsights-inline-popular-posts-title\" href=\"https:\/\/www.dobrogeanews.ro\/tulcea-impozitul-pentru-mijloacele-de-transport-2026-pe-intelesul-tuturor-cine-beneficiaza-de-reducere-sau-scutire\/\">Tulcea: Impozitul pentru mijloacele de transport\/2026 pe \u00een\u021belesul tuturor. Cine beneficiaz\u0103 de reducere sau scutire<\/a><\/div>\n<div class=\"monsterinsights-inline-popular-posts-post\"><a class=\"monsterinsights-inline-popular-posts-title\" href=\"https:\/\/www.dobrogeanews.ro\/liliana-marinescu-a-fost-semnat-contractul-de-finantare-pentru-alimentare-cu-gaze-la-baia-in-valoare-de-8-075-000-lei\/\">Liliana Marinescu: A fost semnat contractul de finan\u021bare pentru \u201eAlimentare cu gaze\u201d la Baia \u00een valoare de 8.075.000 lei<\/a><\/div>\n<div class=\"monsterinsights-inline-popular-posts-post\"><a class=\"monsterinsights-inline-popular-posts-title\" href=\"https:\/\/www.dobrogeanews.ro\/tulcea-noile-tarife-pentru-transport-public-rutier-si-naval\/\">Tulcea: Noile tarife pentru transport public (rutier \u0219i naval)<\/a><\/div>\n<\/div>\n<\/div>\n<p class=\"has-text-align-center has-white-color has-text-color has-background\"><span><a href=\"https:\/\/news.google.com\/publications\/CAAqBwgKMIu5pgsw88O-Aw?ceid=RO:ro&amp;oc=3\">Urm\u0103ri\u0163i \u015etirile Dobrogeanews \u015fi pe Google News<\/a><\/span><\/p>\n<\/div>\n<div id=\"post-69603\" class=\"entry single-default post-69603 post type-post status-publish format-standard has-post-thumbnail hentry category-info\">\n<div>\n<div class=\"ss-follow-wrapper ss-clearfix ss-regular-buttons ss-columns-1 ss-default-style\">\n<div class=\"ss-follow-column\" data-ss-sf-network-id='\"facebook\"'><a href=\"https:\/\/www.facebook.com\/dobrogeanews\" class=\"ss-follow-network ss-facebook-color\" rel=\"nofollow noopener\" aria-label=\"facebook\" target=\"_blank\"><span class=\"ss-follow-network-label\">Urm\u0103re\u015fte-ne \u015fi pe Facebook!<\/span><span class=\"ss-follow-network-count\"><span class=\"ss-follow-network-count-number\">57K<\/span><span class=\"ss-follow-network-count-label\">Followers<\/span><\/span><\/a><\/div>\n<\/div>\n<\/div>\n<p>Un medic tulcean a fost premiat pentru excelen\u021b\u0103. Astfel, dr. Badea Corina-Elena, medic primar de medicin\u0103 intern\u0103 \u00een Spitalului Jude\u021bean de Urgen\u021b\u0103 Tulcea (SJU Tulcea), a primit Premiul I \u201eVasile Voiculescu\u201d la Gala Colegiului Medicilor din Rom\u00e2nia.<\/p>\n<figure class=\"wp-block-image size-full is-resized\">\n<source type=\"image\/webp\" data-lazy-srcset=\"https:\/\/dobrogeanews.b-cdn.net\/wp-content\/uploads\/2026\/04\/doctor-tulcean-premiat-la-gala-medicilor2.jpg.webp 2560w, https:\/\/dobrogeanews.b-cdn.net\/wp-content\/uploads\/2026\/04\/doctor-tulcean-premiat-la-gala-medicilor2-300x246.jpg.webp 300w, https:\/\/dobrogeanews.b-cdn.net\/wp-content\/uploads\/2026\/04\/doctor-tulcean-premiat-la-gala-medicilor2-1024x840.jpg.webp 1024w, https:\/\/dobrogeanews.b-cdn.net\/wp-content\/uploads\/2026\/04\/doctor-tulcean-premiat-la-gala-medicilor2-768x630.jpg.webp 768w, https:\/\/dobrogeanews.b-cdn.net\/wp-content\/uploads\/2026\/04\/doctor-tulcean-premiat-la-gala-medicilor2-1536x1260.jpg.webp 1536w, https:\/\/dobrogeanews.b-cdn.net\/wp-content\/uploads\/2026\/04\/doctor-tulcean-premiat-la-gala-medicilor2-2048x1680.jpg.webp 2048w\" sizes=\"(max-width: 640px) 100vw, 640px\" \/><br \/>\n<img loading=\"lazy\" decoding=\"async\" src=\"https:\/\/dobrogeanews.b-cdn.net\/wp-content\/uploads\/2026\/04\/doctor-tulcean-premiat-la-gala-medicilor2.jpg\" alt=\"Dr Badea Corina Elena doctor tulcean premiat la gala medicilor\" width=\"640\" height=\"525\"><\/figure>\n<p>\u201eDatorit\u0103 profesionalismului medical \u0219i talentului artistic, reprezint\u0103 un adev\u0103rat model pentru comunitatea noastr\u0103. O recunoa\u0219tere care arat\u0103 c\u0103 medicina \u0219i cultura pot merge m\u00e2n\u0103 \u00een m\u00e2n\u0103, aduc\u00e2nd inspira\u021bie \u0219i speran\u021b\u0103 pacien\u021bilor tulceni\u201d transmite SJU Tulcea.<\/p>\n<p>Gala Colegiului Medicilor din Rom\u00e2nia 2026 a fost un eveniment de prestigiu desf\u0103\u0219urat sub titlul <strong>\u201eMedic pentru Rom\u00e2nia. Rom\u00e2nia medical\u0103 conteaz\u0103\u201d<\/strong>, organizat pentru a celebra excelen\u021ba \u0219i contribu\u021biile deosebite din sistemul de s\u0103n\u0103tate.\u00a0<\/p>\n<figure class=\"wp-block-image size-full is-resized\">\n<source type=\"image\/webp\" data-lazy-srcset=\"https:\/\/dobrogeanews.b-cdn.net\/wp-content\/uploads\/2026\/04\/doctor-tulcean-premiat-la-gala-medicilor.jpg.webp 2560w, https:\/\/dobrogeanews.b-cdn.net\/wp-content\/uploads\/2026\/04\/doctor-tulcean-premiat-la-gala-medicilor-300x246.jpg.webp 300w, https:\/\/dobrogeanews.b-cdn.net\/wp-content\/uploads\/2026\/04\/doctor-tulcean-premiat-la-gala-medicilor-1024x840.jpg.webp 1024w, https:\/\/dobrogeanews.b-cdn.net\/wp-content\/uploads\/2026\/04\/doctor-tulcean-premiat-la-gala-medicilor-768x630.jpg.webp 768w, https:\/\/dobrogeanews.b-cdn.net\/wp-content\/uploads\/2026\/04\/doctor-tulcean-premiat-la-gala-medicilor-1536x1260.jpg.webp 1536w, https:\/\/dobrogeanews.b-cdn.net\/wp-content\/uploads\/2026\/04\/doctor-tulcean-premiat-la-gala-medicilor-2048x1680.jpg.webp 2048w\" sizes=\"(max-width: 640px) 100vw, 640px\" \/><br \/>\n<img loading=\"lazy\" decoding=\"async\" src=\"https:\/\/dobrogeanews.b-cdn.net\/wp-content\/uploads\/2026\/04\/doctor-tulcean-premiat-la-gala-medicilor.jpg\" alt=\"Dr Badea Corina Elena doctor tulcean premiat la gala medicilor din Romania\" width=\"640\" height=\"525\"><\/figure>\n<p>Evenimentul a reunit personalit\u0103\u021bi marcante ale statului rom\u00e2n, lideri din domeniul s\u0103n\u0103t\u0103\u021bii \u0219i medici din \u00eentreaga \u021bar\u0103.\u00a0Gala a premiat medici pentru realiz\u0103ri profesionale de excep\u021bie, inclusiv tineri medici reziden\u021bi \u0219i speciali\u0219ti din diverse regiuni ale \u021b\u0103rii, cum ar fi Tulcea sau V\u00e2lcea.\u00a0<\/p>\n<p>Accentul a fost pus pe ideea c\u0103 <strong>s\u0103n\u0103tatea reprezint\u0103 un pilon strategic na\u021bional, promov\u00e2nd unitatea profesional\u0103 \u0219i rolul esen\u021bial al medicului \u00een societate<\/strong>.\u00a0<\/p>\n<div class=\"monsterinsights-inline-popular-posts monsterinsights-inline-popular-posts-charlie monsterinsights-popular-posts-styled\">\n<div class=\"monsterinsights-inline-popular-posts-text\"><span class=\"monsterinsights-inline-popular-posts-label\">Vezi \u0219i:<\/span><\/p>\n<div class=\"monsterinsights-inline-popular-posts-post\"><a class=\"monsterinsights-inline-popular-posts-title\" href=\"https:\/\/www.dobrogeanews.ro\/tulcea-impozitul-pentru-mijloacele-de-transport-2026-pe-intelesul-tuturor-cine-beneficiaza-de-reducere-sau-scutire\/\">Tulcea: Impozitul pentru mijloacele de transport\/2026 pe \u00een\u021belesul tuturor. Cine beneficiaz\u0103 de reducere sau scutire<\/a><\/div>\n<div class=\"monsterinsights-inline-popular-posts-post\"><a class=\"monsterinsights-inline-popular-posts-title\" href=\"https:\/\/www.dobrogeanews.ro\/liliana-marinescu-a-fost-semnat-contractul-de-finantare-pentru-alimentare-cu-gaze-la-baia-in-valoare-de-8-075-000-lei\/\">Liliana Marinescu: A fost semnat contractul de finan\u021bare pentru \u201eAlimentare cu gaze\u201d la Baia \u00een valoare de 8.075.000 lei<\/a><\/div>\n<div class=\"monsterinsights-inline-popular-posts-post\"><a class=\"monsterinsights-inline-popular-posts-title\" href=\"https:\/\/www.dobrogeanews.ro\/tulcea-noile-tarife-pentru-transport-public-rutier-si-naval\/\">Tulcea: Noile tarife pentru transport public (rutier \u0219i naval)<\/a><\/div>\n<\/div>\n<\/div>\n<p class=\"has-text-align-center has-white-color has-text-color has-background\"><span><a href=\"https:\/\/news.google.com\/publications\/CAAqBwgKMIu5pgsw88O-Aw?ceid=RO:ro&amp;oc=3\">Urm\u0103ri\u0163i \u015etirile Dobrogeanews \u015fi pe Google News<\/a><\/span><\/p>\n<\/div>\n<p>[analyse_source url=&#8221;https:\/\/www.dobrogeanews.ro\/dr-badea-corina-elena-medic-medicina-interna-in-s-j-u-tulcea-a-fost-premiata-la-gala-colegiului-medicilor-din-romania\/&#8221;]<\/p>\n","protected":false},"excerpt":{"rendered":"<p>[analyse_image type=&#8221;featured&#8221; src=&#8221;https:\/\/dobrogeanews.b-cdn.net\/wp-content\/uploads\/2026\/04\/doctor-tulcean-premiat-la-gala-medicilor2.jpg&#8221;] Urm\u0103re\u015fte-ne \u015fi pe Facebook!57KFollowers Un medic tulcean a fost premiat pentru excelen\u021b\u0103. Astfel, dr. Badea Corina-Elena, medic primar de medicin\u0103 intern\u0103 \u00een Spitalului Jude\u021bean de Urgen\u021b\u0103 Tulcea (SJU Tulcea), a primit Premiul I \u201eVasile Voiculescu\u201d la Gala Colegiului Medicilor din Rom\u00e2nia. \u201eDatorit\u0103 profesionalismului medical \u0219i talentului artistic, reprezint\u0103 un adev\u0103rat model pentru [&hellip;]<\/p>\n","protected":false},"author":1,"featured_media":0,"comment_status":"open","ping_status":"","sticky":false,"template":"","format":"standard","meta":{"footnotes":""},"categories":[89],"tags":[226,223],"class_list":["post-1859255","post","type-post","status-publish","format-standard","hentry","category-romania","tag-crawlmanager","tag-dobrogeanews-ro"],"_links":{"self":[{"href":"https:\/\/analyse.optim.biz\/index.php?rest_route=\/wp\/v2\/posts\/1859255","targetHints":{"allow":["GET"]}}],"collection":[{"href":"https:\/\/analyse.optim.biz\/index.php?rest_route=\/wp\/v2\/posts"}],"about":[{"href":"https:\/\/analyse.optim.biz\/index.php?rest_route=\/wp\/v2\/types\/post"}],"author":[{"embeddable":true,"href":"https:\/\/analyse.optim.biz\/index.php?rest_route=\/wp\/v2\/users\/1"}],"replies":[{"embeddable":true,"href":"https:\/\/analyse.optim.biz\/index.php?rest_route=%2Fwp%2Fv2%2Fcomments&post=1859255"}],"version-history":[{"count":0,"href":"https:\/\/analyse.optim.biz\/index.php?rest_route=\/wp\/v2\/posts\/1859255\/revisions"}],"wp:attachment":[{"href":"https:\/\/analyse.optim.biz\/index.php?rest_route=%2Fwp%2Fv2%2Fmedia&parent=1859255"}],"wp:term":[{"taxonomy":"category","embeddable":true,"href":"https:\/\/analyse.optim.biz\/index.php?rest_route=%2Fwp%2Fv2%2Fcategories&post=1859255"},{"taxonomy":"post_tag","embeddable":true,"href":"https:\/\/analyse.optim.biz\/index.php?rest_route=%2Fwp%2Fv2%2Ftags&post=1859255"}],"curies":[{"name":"wp","href":"https:\/\/api.w.org\/{rel}","templated":true}]}}