{"id":1859252,"date":"2026-04-01T10:13:29","date_gmt":"2026-04-01T07:13:29","guid":{"rendered":"https:\/\/analyse.optim.biz\/?p=1859252"},"modified":"2026-04-01T10:13:29","modified_gmt":"2026-04-01T07:13:29","slug":"tulceanca-badulescu-evelyn-clasa-a-viii-a-dubla-calificare-la-faza-nationala-de-limba-romana-vezi-inca-5-elevi-de-la-scoala-10-care-merg-la-nationala","status":"publish","type":"post","link":"https:\/\/analyse.optim.biz\/?p=1859252","title":{"rendered":"Tulceanca B\u0103dulescu Evelyn, clasa a VIII-a, dubl\u0103 calificare la faza na\u021bional\u0103 de Limb\u0103 Rom\u00e2n\u0103. Vezi \u00eenc\u0103 5 elevi de la \u201e\u0218coala 10\u201d care merg la na\u021bional\u0103"},"content":{"rendered":"<p>[analyse_image type=&#8221;featured&#8221; src=&#8221;https:\/\/dobrogeanews.b-cdn.net\/wp-content\/uploads\/2026\/04\/evelyn-badulescu-olimpic1.jpg&#8221;]<\/p>\n<div id=\"post-69594\" class=\"entry single-default post-69594 post type-post status-publish format-standard has-post-thumbnail hentry category-info\">\n<div>\n<div class=\"ss-follow-wrapper ss-clearfix ss-regular-buttons ss-columns-1 ss-default-style\">\n<div class=\"ss-follow-column\" data-ss-sf-network-id='\"facebook\"'><a href=\"https:\/\/www.facebook.com\/dobrogeanews\" class=\"ss-follow-network ss-facebook-color\" rel=\"nofollow noopener\" aria-label=\"facebook\" target=\"_blank\"><span class=\"ss-follow-network-label\">Urm\u0103re\u015fte-ne \u015fi pe Facebook!<\/span><span class=\"ss-follow-network-count\"><span class=\"ss-follow-network-count-number\">57K<\/span><span class=\"ss-follow-network-count-label\">Followers<\/span><\/span><\/a><\/div>\n<\/div>\n<\/div>\n<p>\u0218coala Alexandru Ciucurencu din Tulcea nu contene\u0219te s\u0103 ne aduc\u0103 ve\u0219ti bune despre elevi cu performan\u021be \u0219colare deosebite care s-au calificat la Olimpiadele Na\u021bionale. Tulceanca B\u0103dulescu Evelyn, elev\u0103 \u00een clasa a VIII-a la \u0218coala Alexandru Ciucurencu, a ob\u021binut dubl\u0103 calificare la faza na\u021bional\u0103: Olimpiada de limba rom\u00e2n\u0103 \u0219i Olimpiada Lectura ca abilitate de via\u021b\u0103.<\/p>\n<figure class=\"wp-block-image size-full is-resized\">\n<source type=\"image\/webp\" data-lazy-srcset=\"https:\/\/dobrogeanews.b-cdn.net\/wp-content\/uploads\/2026\/04\/evelyn-badulescu-olimpic1.jpg.webp 2560w, https:\/\/dobrogeanews.b-cdn.net\/wp-content\/uploads\/2026\/04\/evelyn-badulescu-olimpic1-300x246.jpg.webp 300w, https:\/\/dobrogeanews.b-cdn.net\/wp-content\/uploads\/2026\/04\/evelyn-badulescu-olimpic1-1024x840.jpg.webp 1024w, https:\/\/dobrogeanews.b-cdn.net\/wp-content\/uploads\/2026\/04\/evelyn-badulescu-olimpic1-768x630.jpg.webp 768w, https:\/\/dobrogeanews.b-cdn.net\/wp-content\/uploads\/2026\/04\/evelyn-badulescu-olimpic1-1536x1260.jpg.webp 1536w, https:\/\/dobrogeanews.b-cdn.net\/wp-content\/uploads\/2026\/04\/evelyn-badulescu-olimpic1-2048x1680.jpg.webp 2048w\" sizes=\"(max-width: 640px) 100vw, 640px\" \/><br \/>\n<img loading=\"lazy\" decoding=\"async\" src=\"https:\/\/dobrogeanews.b-cdn.net\/wp-content\/uploads\/2026\/04\/evelyn-badulescu-olimpic1.jpg\" alt=\"Tulceanca B\u0103dulescu Evelyn clasa a VIII a dubl\u0103 calificare la faza na\u021bional\u0103 de Limb\u0103 Rom\u00e2n\u0103\" width=\"640\" height=\"525\"><\/figure>\n<p>\u201eFelicit\u0103ri din tot sufletul pentru aceast\u0103 performan\u021b\u0103 excep\u021bional\u0103! Calificarea la dou\u0103 etape na\u021bionale la limba \u0219i literatura rom\u00e2n\u0103 este dovada clar\u0103 a unui talent deosebit, dublat de o munc\u0103 asidu\u0103.<\/p>\n<p>Evelyn, un parfum cu note puternice dar \u0219i sensibile, ne inspir\u0103 \u0219i \u00eenc\u00e2nt\u0103 cu prezen\u021ba ei zi de zi. S\u0103 fii o fire puternic\u0103 \u00eenseamn\u0103 s\u0103 ai disciplina de a studia, curajul de a te exprima \u0219i rezisten\u021ba de a dep\u0103\u0219i emo\u021biile competi\u021biei. S\u0103 fii o fire sensibil\u0103 \u00eenseamn\u0103 s\u0103 sim\u021bi literatura, s\u0103 \u00een\u021belegi nuan\u021bele \u0219i s\u0103 po\u021bi transpune emo\u021bii autentice pe h\u00e2rtie.<\/p>\n<p>Aceast\u0103 combina\u021bie rar\u0103 te face special\u0103!<\/p>\n<p>Ai \u00eencredere \u00een cuvintele tale, \u00een intui\u021bia ta \u0219i \u00een for\u021ba ta interioar\u0103. Mult succes la na\u021bionale! Bucur\u0103-te de experien\u021b\u0103, cunoa\u0219te oameni frumo\u0219i \u0219i arat\u0103-le tuturor frumuse\u021bea lumii tale interioare.<\/p>\n<p>Suntem extrem de m\u00e2ndri de tine \u0219i ne bucur\u0103m c\u0103 faci parte din marea familie a \u0219colii 10\u2033, transmit reprezentan\u021bii \u0218colii Alexandru Ciucurencu Tulcea (fosta \u0218coal\u0103 10)<\/p>\n<p>Al\u021bi 5 elevi excep\u021bionali au str\u0103lucit la Olimpiada de Limba Rom\u00e2n\u0103 \u0219i s-au calificat at\u00e2t la faza na\u021bional\u0103 de la Cluj-Napoca c\u00e2t \u0219i le cea de la Ia\u0219i. \u0218i \u00eei vom numi aici pentru c\u0103 excelen\u021ba merit\u0103 recunoa\u0219terea \u0219i aplauzele noastre. Felicit\u0103ri \u0219i succes la na\u021bionale!<\/p>\n<p>EVELYN B\u0102DULESCU, clasa a VIII a A, calificat\u0103 la faza na\u021bional\u0103 de la Cluj-Napoca<\/p>\n<p>SEBASTIAN \u0218UTEU, clasa a VIII a A, calificat la faza na\u021bional\u0103 de la Ia\u0219i<\/p>\n<p>BUCUR CARLA, clasa a VII a A, calificat\u0103 la faza na\u021bional\u0103 de la Cluj-Napoca<\/p>\n<p>VELICI MARA, clasa a VII a B, calificat\u0103 la faza na\u021bional\u0103 de la Ia\u0219i<\/p>\n<p>EVA BOIANGIU, clasa a VI a C, calificat\u0103 la faza na\u021bional\u0103 de la Cluj-Napoca<\/p>\n<p>LEFTER BIANCA, clasa a VI a C, calificat\u0103 la faza na\u021bional\u0103 de la Ia\u0219i<\/p>\n<p>Felicit\u0103ri profesorilor coordonatori, elevilor \u0219i p\u0103rin\u021bilor pentru aceste performan\u021be \u0219colare<\/p>\n<figure class=\"wp-block-image size-full is-resized\">\n<source type=\"image\/webp\" data-lazy-srcset=\"https:\/\/dobrogeanews.b-cdn.net\/wp-content\/uploads\/2026\/04\/olimpic2.jpg.webp 2560w, https:\/\/dobrogeanews.b-cdn.net\/wp-content\/uploads\/2026\/04\/olimpic2-300x246.jpg.webp 300w, https:\/\/dobrogeanews.b-cdn.net\/wp-content\/uploads\/2026\/04\/olimpic2-1024x840.jpg.webp 1024w, https:\/\/dobrogeanews.b-cdn.net\/wp-content\/uploads\/2026\/04\/olimpic2-768x630.jpg.webp 768w, https:\/\/dobrogeanews.b-cdn.net\/wp-content\/uploads\/2026\/04\/olimpic2-1536x1260.jpg.webp 1536w, https:\/\/dobrogeanews.b-cdn.net\/wp-content\/uploads\/2026\/04\/olimpic2-2048x1680.jpg.webp 2048w\" sizes=\"(max-width: 640px) 100vw, 640px\" \/><br \/>\n<img loading=\"lazy\" decoding=\"async\" src=\"https:\/\/dobrogeanews.b-cdn.net\/wp-content\/uploads\/2026\/04\/olimpic2.jpg\" alt=\"Elev olimpic \u0218coala 10 Tulcea\" width=\"640\" height=\"525\"><\/figure>\n<figure class=\"wp-block-image size-full is-resized\">\n<source type=\"image\/webp\" data-lazy-srcset=\"https:\/\/dobrogeanews.b-cdn.net\/wp-content\/uploads\/2026\/04\/olimpic3.jpg.webp 2560w, https:\/\/dobrogeanews.b-cdn.net\/wp-content\/uploads\/2026\/04\/olimpic3-300x246.jpg.webp 300w, https:\/\/dobrogeanews.b-cdn.net\/wp-content\/uploads\/2026\/04\/olimpic3-1024x840.jpg.webp 1024w, https:\/\/dobrogeanews.b-cdn.net\/wp-content\/uploads\/2026\/04\/olimpic3-768x630.jpg.webp 768w, https:\/\/dobrogeanews.b-cdn.net\/wp-content\/uploads\/2026\/04\/olimpic3-1536x1260.jpg.webp 1536w, https:\/\/dobrogeanews.b-cdn.net\/wp-content\/uploads\/2026\/04\/olimpic3-2048x1680.jpg.webp 2048w\" sizes=\"(max-width: 640px) 100vw, 640px\" \/><br \/>\n<img loading=\"lazy\" decoding=\"async\" src=\"https:\/\/dobrogeanews.b-cdn.net\/wp-content\/uploads\/2026\/04\/olimpic3.jpg\" alt=\"Elev olimpic \u0218coala 10 Tulcea\" width=\"640\" height=\"525\"><\/figure>\n<figure class=\"wp-block-image size-full is-resized\">\n<source type=\"image\/webp\" data-lazy-srcset=\"https:\/\/dobrogeanews.b-cdn.net\/wp-content\/uploads\/2026\/04\/olimpic4.jpg.webp 2560w, https:\/\/dobrogeanews.b-cdn.net\/wp-content\/uploads\/2026\/04\/olimpic4-300x246.jpg.webp 300w, https:\/\/dobrogeanews.b-cdn.net\/wp-content\/uploads\/2026\/04\/olimpic4-1024x840.jpg.webp 1024w, https:\/\/dobrogeanews.b-cdn.net\/wp-content\/uploads\/2026\/04\/olimpic4-768x630.jpg.webp 768w, https:\/\/dobrogeanews.b-cdn.net\/wp-content\/uploads\/2026\/04\/olimpic4-1536x1260.jpg.webp 1536w, https:\/\/dobrogeanews.b-cdn.net\/wp-content\/uploads\/2026\/04\/olimpic4-2048x1680.jpg.webp 2048w\" sizes=\"(max-width: 640px) 100vw, 640px\" \/><br \/>\n<img loading=\"lazy\" decoding=\"async\" src=\"https:\/\/dobrogeanews.b-cdn.net\/wp-content\/uploads\/2026\/04\/olimpic4.jpg\" alt=\"Elev olimpic \u0218coala 10 Tulcea\" width=\"640\" height=\"525\"><\/figure>\n<figure class=\"wp-block-image size-full is-resized\">\n<source type=\"image\/webp\" data-lazy-srcset=\"https:\/\/dobrogeanews.b-cdn.net\/wp-content\/uploads\/2026\/04\/olimpic5.jpg.webp 2560w, https:\/\/dobrogeanews.b-cdn.net\/wp-content\/uploads\/2026\/04\/olimpic5-300x246.jpg.webp 300w, https:\/\/dobrogeanews.b-cdn.net\/wp-content\/uploads\/2026\/04\/olimpic5-1024x840.jpg.webp 1024w, https:\/\/dobrogeanews.b-cdn.net\/wp-content\/uploads\/2026\/04\/olimpic5-768x630.jpg.webp 768w, https:\/\/dobrogeanews.b-cdn.net\/wp-content\/uploads\/2026\/04\/olimpic5-1536x1260.jpg.webp 1536w, https:\/\/dobrogeanews.b-cdn.net\/wp-content\/uploads\/2026\/04\/olimpic5-2048x1680.jpg.webp 2048w\" sizes=\"(max-width: 640px) 100vw, 640px\" \/><br \/>\n<img loading=\"lazy\" decoding=\"async\" src=\"https:\/\/dobrogeanews.b-cdn.net\/wp-content\/uploads\/2026\/04\/olimpic5.jpg\" alt=\"Elev olimpic \u0218coala 10 Tulcea\" width=\"640\" height=\"525\"><\/figure>\n<figure class=\"wp-block-image size-full is-resized\">\n<source type=\"image\/webp\" data-lazy-srcset=\"https:\/\/dobrogeanews.b-cdn.net\/wp-content\/uploads\/2026\/04\/olimpic6.jpg.webp 2560w, https:\/\/dobrogeanews.b-cdn.net\/wp-content\/uploads\/2026\/04\/olimpic6-300x246.jpg.webp 300w, https:\/\/dobrogeanews.b-cdn.net\/wp-content\/uploads\/2026\/04\/olimpic6-1024x840.jpg.webp 1024w, https:\/\/dobrogeanews.b-cdn.net\/wp-content\/uploads\/2026\/04\/olimpic6-768x630.jpg.webp 768w, https:\/\/dobrogeanews.b-cdn.net\/wp-content\/uploads\/2026\/04\/olimpic6-1536x1260.jpg.webp 1536w, https:\/\/dobrogeanews.b-cdn.net\/wp-content\/uploads\/2026\/04\/olimpic6-2048x1680.jpg.webp 2048w\" sizes=\"(max-width: 640px) 100vw, 640px\" \/><br \/>\n<img loading=\"lazy\" decoding=\"async\" src=\"https:\/\/dobrogeanews.b-cdn.net\/wp-content\/uploads\/2026\/04\/olimpic6.jpg\" alt=\"Elev olimpic \u0218coala 10 Tulcea\" width=\"640\" height=\"525\"><\/figure>\n<div class=\"monsterinsights-inline-popular-posts monsterinsights-inline-popular-posts-charlie monsterinsights-popular-posts-styled\">\n<div class=\"monsterinsights-inline-popular-posts-text\"><span class=\"monsterinsights-inline-popular-posts-label\">Vezi \u0219i:<\/span><\/p>\n<div class=\"monsterinsights-inline-popular-posts-post\"><a class=\"monsterinsights-inline-popular-posts-title\" href=\"https:\/\/www.dobrogeanews.ro\/primaria-tulcea-amenajeaza-un-parc-urban-de-peste-3-700-mp-in-zona-aquaserv-pe-strada-babadag-proiect-finantat-din-fonduri-europene\/\">Prim\u0103ria Tulcea amenajeaz\u0103 un Parc Urban de peste 3.700 mp \u00een zona Aquaserv, pe strada Babadag. Proiect finan\u021bat din fonduri europene<\/a><\/div>\n<div class=\"monsterinsights-inline-popular-posts-post\"><a class=\"monsterinsights-inline-popular-posts-title\" href=\"https:\/\/www.dobrogeanews.ro\/impozitul-pe-imobile-2026-in-municipiul-tulcea-pe-intelesul-tuturor-cine-benefiaza-de-reduceri-informatii-detaliate\/\">Impozitul pe imobile\/2026 \u00een Municipiul Tulcea, pe \u00een\u021belesul tuturor. Cine benefiaz\u0103 de reduceri. Informa\u021bii detaliate<\/a><\/div>\n<div class=\"monsterinsights-inline-popular-posts-post\"><a class=\"monsterinsights-inline-popular-posts-title\" href=\"https:\/\/www.dobrogeanews.ro\/video-primarul-stefan-ilie-raspunde-intrebarilor-privind-reabilitarea-strazilor-din-municipiul-tulcea\/\">(Video) Primarul \u0218tefan Ilie, r\u0103spunde \u00eentreb\u0103rilor privind reabilitarea Str\u0103zilor din Municipiul Tulcea<\/a><\/div>\n<\/div>\n<\/div>\n<p class=\"has-text-align-center has-white-color has-text-color has-background\"><span><a href=\"https:\/\/news.google.com\/publications\/CAAqBwgKMIu5pgsw88O-Aw?ceid=RO:ro&amp;oc=3\">Urm\u0103ri\u0163i \u015etirile Dobrogeanews \u015fi pe Google News<\/a><\/span><\/p>\n<\/div>\n<div id=\"post-69594\" class=\"entry single-default post-69594 post type-post status-publish format-standard has-post-thumbnail hentry category-info\">\n<div>\n<div class=\"ss-follow-wrapper ss-clearfix ss-regular-buttons ss-columns-1 ss-default-style\">\n<div class=\"ss-follow-column\" data-ss-sf-network-id='\"facebook\"'><a href=\"https:\/\/www.facebook.com\/dobrogeanews\" class=\"ss-follow-network ss-facebook-color\" rel=\"nofollow noopener\" aria-label=\"facebook\" target=\"_blank\"><span class=\"ss-follow-network-label\">Urm\u0103re\u015fte-ne \u015fi pe Facebook!<\/span><span class=\"ss-follow-network-count\"><span class=\"ss-follow-network-count-number\">57K<\/span><span class=\"ss-follow-network-count-label\">Followers<\/span><\/span><\/a><\/div>\n<\/div>\n<\/div>\n<p>\u0218coala Alexandru Ciucurencu din Tulcea nu contene\u0219te s\u0103 ne aduc\u0103 ve\u0219ti bune despre elevi cu performan\u021be \u0219colare deosebite care s-au calificat la Olimpiadele Na\u021bionale. Tulceanca B\u0103dulescu Evelyn, elev\u0103 \u00een clasa a VIII-a la \u0218coala Alexandru Ciucurencu, a ob\u021binut dubl\u0103 calificare la faza na\u021bional\u0103: Olimpiada de limba rom\u00e2n\u0103 \u0219i Olimpiada Lectura ca abilitate de via\u021b\u0103.<\/p>\n<figure class=\"wp-block-image size-full is-resized\">\n<source type=\"image\/webp\" data-lazy-srcset=\"https:\/\/dobrogeanews.b-cdn.net\/wp-content\/uploads\/2026\/04\/evelyn-badulescu-olimpic1.jpg.webp 2560w, https:\/\/dobrogeanews.b-cdn.net\/wp-content\/uploads\/2026\/04\/evelyn-badulescu-olimpic1-300x246.jpg.webp 300w, https:\/\/dobrogeanews.b-cdn.net\/wp-content\/uploads\/2026\/04\/evelyn-badulescu-olimpic1-1024x840.jpg.webp 1024w, https:\/\/dobrogeanews.b-cdn.net\/wp-content\/uploads\/2026\/04\/evelyn-badulescu-olimpic1-768x630.jpg.webp 768w, https:\/\/dobrogeanews.b-cdn.net\/wp-content\/uploads\/2026\/04\/evelyn-badulescu-olimpic1-1536x1260.jpg.webp 1536w, https:\/\/dobrogeanews.b-cdn.net\/wp-content\/uploads\/2026\/04\/evelyn-badulescu-olimpic1-2048x1680.jpg.webp 2048w\" sizes=\"(max-width: 640px) 100vw, 640px\" \/><br \/>\n<img loading=\"lazy\" decoding=\"async\" src=\"https:\/\/dobrogeanews.b-cdn.net\/wp-content\/uploads\/2026\/04\/evelyn-badulescu-olimpic1.jpg\" alt=\"Tulceanca B\u0103dulescu Evelyn clasa a VIII a dubl\u0103 calificare la faza na\u021bional\u0103 de Limb\u0103 Rom\u00e2n\u0103\" width=\"640\" height=\"525\"><\/figure>\n<p>\u201eFelicit\u0103ri din tot sufletul pentru aceast\u0103 performan\u021b\u0103 excep\u021bional\u0103! Calificarea la dou\u0103 etape na\u021bionale la limba \u0219i literatura rom\u00e2n\u0103 este dovada clar\u0103 a unui talent deosebit, dublat de o munc\u0103 asidu\u0103.<\/p>\n<p>Evelyn, un parfum cu note puternice dar \u0219i sensibile, ne inspir\u0103 \u0219i \u00eenc\u00e2nt\u0103 cu prezen\u021ba ei zi de zi. S\u0103 fii o fire puternic\u0103 \u00eenseamn\u0103 s\u0103 ai disciplina de a studia, curajul de a te exprima \u0219i rezisten\u021ba de a dep\u0103\u0219i emo\u021biile competi\u021biei. S\u0103 fii o fire sensibil\u0103 \u00eenseamn\u0103 s\u0103 sim\u021bi literatura, s\u0103 \u00een\u021belegi nuan\u021bele \u0219i s\u0103 po\u021bi transpune emo\u021bii autentice pe h\u00e2rtie.<\/p>\n<p>Aceast\u0103 combina\u021bie rar\u0103 te face special\u0103!<\/p>\n<p>Ai \u00eencredere \u00een cuvintele tale, \u00een intui\u021bia ta \u0219i \u00een for\u021ba ta interioar\u0103. Mult succes la na\u021bionale! Bucur\u0103-te de experien\u021b\u0103, cunoa\u0219te oameni frumo\u0219i \u0219i arat\u0103-le tuturor frumuse\u021bea lumii tale interioare.<\/p>\n<p>Suntem extrem de m\u00e2ndri de tine \u0219i ne bucur\u0103m c\u0103 faci parte din marea familie a \u0219colii 10\u2033, transmit reprezentan\u021bii \u0218colii Alexandru Ciucurencu Tulcea (fosta \u0218coal\u0103 10)<\/p>\n<p>Al\u021bi 5 elevi excep\u021bionali au str\u0103lucit la Olimpiada de Limba Rom\u00e2n\u0103 \u0219i s-au calificat at\u00e2t la faza na\u021bional\u0103 de la Cluj-Napoca c\u00e2t \u0219i le cea de la Ia\u0219i. \u0218i \u00eei vom numi aici pentru c\u0103 excelen\u021ba merit\u0103 recunoa\u0219terea \u0219i aplauzele noastre. Felicit\u0103ri \u0219i succes la na\u021bionale!<\/p>\n<p>EVELYN B\u0102DULESCU, clasa a VIII a A, calificat\u0103 la faza na\u021bional\u0103 de la Cluj-Napoca<\/p>\n<p>SEBASTIAN \u0218UTEU, clasa a VIII a A, calificat la faza na\u021bional\u0103 de la Ia\u0219i<\/p>\n<p>BUCUR CARLA, clasa a VII a A, calificat\u0103 la faza na\u021bional\u0103 de la Cluj-Napoca<\/p>\n<p>VELICI MARA, clasa a VII a B, calificat\u0103 la faza na\u021bional\u0103 de la Ia\u0219i<\/p>\n<p>EVA BOIANGIU, clasa a VI a C, calificat\u0103 la faza na\u021bional\u0103 de la Cluj-Napoca<\/p>\n<p>LEFTER BIANCA, clasa a VI a C, calificat\u0103 la faza na\u021bional\u0103 de la Ia\u0219i<\/p>\n<p>Felicit\u0103ri profesorilor coordonatori, elevilor \u0219i p\u0103rin\u021bilor pentru aceste performan\u021be \u0219colare<\/p>\n<figure class=\"wp-block-image size-full is-resized\">\n<source type=\"image\/webp\" data-lazy-srcset=\"https:\/\/dobrogeanews.b-cdn.net\/wp-content\/uploads\/2026\/04\/olimpic2.jpg.webp 2560w, https:\/\/dobrogeanews.b-cdn.net\/wp-content\/uploads\/2026\/04\/olimpic2-300x246.jpg.webp 300w, https:\/\/dobrogeanews.b-cdn.net\/wp-content\/uploads\/2026\/04\/olimpic2-1024x840.jpg.webp 1024w, https:\/\/dobrogeanews.b-cdn.net\/wp-content\/uploads\/2026\/04\/olimpic2-768x630.jpg.webp 768w, https:\/\/dobrogeanews.b-cdn.net\/wp-content\/uploads\/2026\/04\/olimpic2-1536x1260.jpg.webp 1536w, https:\/\/dobrogeanews.b-cdn.net\/wp-content\/uploads\/2026\/04\/olimpic2-2048x1680.jpg.webp 2048w\" sizes=\"(max-width: 640px) 100vw, 640px\" \/><br \/>\n<img loading=\"lazy\" decoding=\"async\" src=\"https:\/\/dobrogeanews.b-cdn.net\/wp-content\/uploads\/2026\/04\/olimpic2.jpg\" alt=\"Elev olimpic \u0218coala 10 Tulcea\" width=\"640\" height=\"525\"><\/figure>\n<figure class=\"wp-block-image size-full is-resized\">\n<source type=\"image\/webp\" data-lazy-srcset=\"https:\/\/dobrogeanews.b-cdn.net\/wp-content\/uploads\/2026\/04\/olimpic3.jpg.webp 2560w, https:\/\/dobrogeanews.b-cdn.net\/wp-content\/uploads\/2026\/04\/olimpic3-300x246.jpg.webp 300w, https:\/\/dobrogeanews.b-cdn.net\/wp-content\/uploads\/2026\/04\/olimpic3-1024x840.jpg.webp 1024w, https:\/\/dobrogeanews.b-cdn.net\/wp-content\/uploads\/2026\/04\/olimpic3-768x630.jpg.webp 768w, https:\/\/dobrogeanews.b-cdn.net\/wp-content\/uploads\/2026\/04\/olimpic3-1536x1260.jpg.webp 1536w, https:\/\/dobrogeanews.b-cdn.net\/wp-content\/uploads\/2026\/04\/olimpic3-2048x1680.jpg.webp 2048w\" sizes=\"(max-width: 640px) 100vw, 640px\" \/><br \/>\n<img loading=\"lazy\" decoding=\"async\" src=\"https:\/\/dobrogeanews.b-cdn.net\/wp-content\/uploads\/2026\/04\/olimpic3.jpg\" alt=\"Elev olimpic \u0218coala 10 Tulcea\" width=\"640\" height=\"525\"><\/figure>\n<figure class=\"wp-block-image size-full is-resized\">\n<source type=\"image\/webp\" data-lazy-srcset=\"https:\/\/dobrogeanews.b-cdn.net\/wp-content\/uploads\/2026\/04\/olimpic4.jpg.webp 2560w, https:\/\/dobrogeanews.b-cdn.net\/wp-content\/uploads\/2026\/04\/olimpic4-300x246.jpg.webp 300w, https:\/\/dobrogeanews.b-cdn.net\/wp-content\/uploads\/2026\/04\/olimpic4-1024x840.jpg.webp 1024w, https:\/\/dobrogeanews.b-cdn.net\/wp-content\/uploads\/2026\/04\/olimpic4-768x630.jpg.webp 768w, https:\/\/dobrogeanews.b-cdn.net\/wp-content\/uploads\/2026\/04\/olimpic4-1536x1260.jpg.webp 1536w, https:\/\/dobrogeanews.b-cdn.net\/wp-content\/uploads\/2026\/04\/olimpic4-2048x1680.jpg.webp 2048w\" sizes=\"(max-width: 640px) 100vw, 640px\" \/><br \/>\n<img loading=\"lazy\" decoding=\"async\" src=\"https:\/\/dobrogeanews.b-cdn.net\/wp-content\/uploads\/2026\/04\/olimpic4.jpg\" alt=\"Elev olimpic \u0218coala 10 Tulcea\" width=\"640\" height=\"525\"><\/figure>\n<figure class=\"wp-block-image size-full is-resized\">\n<source type=\"image\/webp\" data-lazy-srcset=\"https:\/\/dobrogeanews.b-cdn.net\/wp-content\/uploads\/2026\/04\/olimpic5.jpg.webp 2560w, https:\/\/dobrogeanews.b-cdn.net\/wp-content\/uploads\/2026\/04\/olimpic5-300x246.jpg.webp 300w, https:\/\/dobrogeanews.b-cdn.net\/wp-content\/uploads\/2026\/04\/olimpic5-1024x840.jpg.webp 1024w, https:\/\/dobrogeanews.b-cdn.net\/wp-content\/uploads\/2026\/04\/olimpic5-768x630.jpg.webp 768w, https:\/\/dobrogeanews.b-cdn.net\/wp-content\/uploads\/2026\/04\/olimpic5-1536x1260.jpg.webp 1536w, https:\/\/dobrogeanews.b-cdn.net\/wp-content\/uploads\/2026\/04\/olimpic5-2048x1680.jpg.webp 2048w\" sizes=\"(max-width: 640px) 100vw, 640px\" \/><br \/>\n<img loading=\"lazy\" decoding=\"async\" src=\"https:\/\/dobrogeanews.b-cdn.net\/wp-content\/uploads\/2026\/04\/olimpic5.jpg\" alt=\"Elev olimpic \u0218coala 10 Tulcea\" width=\"640\" height=\"525\"><\/figure>\n<figure class=\"wp-block-image size-full is-resized\">\n<source type=\"image\/webp\" data-lazy-srcset=\"https:\/\/dobrogeanews.b-cdn.net\/wp-content\/uploads\/2026\/04\/olimpic6.jpg.webp 2560w, https:\/\/dobrogeanews.b-cdn.net\/wp-content\/uploads\/2026\/04\/olimpic6-300x246.jpg.webp 300w, https:\/\/dobrogeanews.b-cdn.net\/wp-content\/uploads\/2026\/04\/olimpic6-1024x840.jpg.webp 1024w, https:\/\/dobrogeanews.b-cdn.net\/wp-content\/uploads\/2026\/04\/olimpic6-768x630.jpg.webp 768w, https:\/\/dobrogeanews.b-cdn.net\/wp-content\/uploads\/2026\/04\/olimpic6-1536x1260.jpg.webp 1536w, https:\/\/dobrogeanews.b-cdn.net\/wp-content\/uploads\/2026\/04\/olimpic6-2048x1680.jpg.webp 2048w\" sizes=\"(max-width: 640px) 100vw, 640px\" \/><br \/>\n<img loading=\"lazy\" decoding=\"async\" src=\"https:\/\/dobrogeanews.b-cdn.net\/wp-content\/uploads\/2026\/04\/olimpic6.jpg\" alt=\"Elev olimpic \u0218coala 10 Tulcea\" width=\"640\" height=\"525\"><\/figure>\n<div class=\"monsterinsights-inline-popular-posts monsterinsights-inline-popular-posts-charlie monsterinsights-popular-posts-styled\">\n<div class=\"monsterinsights-inline-popular-posts-text\"><span class=\"monsterinsights-inline-popular-posts-label\">Vezi \u0219i:<\/span><\/p>\n<div class=\"monsterinsights-inline-popular-posts-post\"><a class=\"monsterinsights-inline-popular-posts-title\" href=\"https:\/\/www.dobrogeanews.ro\/primaria-tulcea-amenajeaza-un-parc-urban-de-peste-3-700-mp-in-zona-aquaserv-pe-strada-babadag-proiect-finantat-din-fonduri-europene\/\">Prim\u0103ria Tulcea amenajeaz\u0103 un Parc Urban de peste 3.700 mp \u00een zona Aquaserv, pe strada Babadag. Proiect finan\u021bat din fonduri europene<\/a><\/div>\n<div class=\"monsterinsights-inline-popular-posts-post\"><a class=\"monsterinsights-inline-popular-posts-title\" href=\"https:\/\/www.dobrogeanews.ro\/impozitul-pe-imobile-2026-in-municipiul-tulcea-pe-intelesul-tuturor-cine-benefiaza-de-reduceri-informatii-detaliate\/\">Impozitul pe imobile\/2026 \u00een Municipiul Tulcea, pe \u00een\u021belesul tuturor. Cine benefiaz\u0103 de reduceri. Informa\u021bii detaliate<\/a><\/div>\n<div class=\"monsterinsights-inline-popular-posts-post\"><a class=\"monsterinsights-inline-popular-posts-title\" href=\"https:\/\/www.dobrogeanews.ro\/video-primarul-stefan-ilie-raspunde-intrebarilor-privind-reabilitarea-strazilor-din-municipiul-tulcea\/\">(Video) Primarul \u0218tefan Ilie, r\u0103spunde \u00eentreb\u0103rilor privind reabilitarea Str\u0103zilor din Municipiul Tulcea<\/a><\/div>\n<\/div>\n<\/div>\n<p class=\"has-text-align-center has-white-color has-text-color has-background\"><span><a href=\"https:\/\/news.google.com\/publications\/CAAqBwgKMIu5pgsw88O-Aw?ceid=RO:ro&amp;oc=3\">Urm\u0103ri\u0163i \u015etirile Dobrogeanews \u015fi pe Google News<\/a><\/span><\/p>\n<\/div>\n<p>[analyse_source url=&#8221;https:\/\/www.dobrogeanews.ro\/tulceanca-badulescu-evelyn-clasa-a-viii-a-dubla-calificare-la-faza-nationala-de-limba-romana-vezi-inca-5-elevi-de-la-scoala-10-care-merg-la-nationala\/&#8221;]<\/p>\n","protected":false},"excerpt":{"rendered":"<p>[analyse_image type=&#8221;featured&#8221; src=&#8221;https:\/\/dobrogeanews.b-cdn.net\/wp-content\/uploads\/2026\/04\/evelyn-badulescu-olimpic1.jpg&#8221;] Urm\u0103re\u015fte-ne \u015fi pe Facebook!57KFollowers \u0218coala Alexandru Ciucurencu din Tulcea nu contene\u0219te s\u0103 ne aduc\u0103 ve\u0219ti bune despre elevi cu performan\u021be \u0219colare deosebite care s-au calificat la Olimpiadele Na\u021bionale. Tulceanca B\u0103dulescu Evelyn, elev\u0103 \u00een clasa a VIII-a la \u0218coala Alexandru Ciucurencu, a ob\u021binut dubl\u0103 calificare la faza na\u021bional\u0103: Olimpiada de limba rom\u00e2n\u0103 \u0219i [&hellip;]<\/p>\n","protected":false},"author":1,"featured_media":0,"comment_status":"open","ping_status":"","sticky":false,"template":"","format":"standard","meta":{"footnotes":""},"categories":[89],"tags":[226,223],"class_list":["post-1859252","post","type-post","status-publish","format-standard","hentry","category-romania","tag-crawlmanager","tag-dobrogeanews-ro"],"_links":{"self":[{"href":"https:\/\/analyse.optim.biz\/index.php?rest_route=\/wp\/v2\/posts\/1859252","targetHints":{"allow":["GET"]}}],"collection":[{"href":"https:\/\/analyse.optim.biz\/index.php?rest_route=\/wp\/v2\/posts"}],"about":[{"href":"https:\/\/analyse.optim.biz\/index.php?rest_route=\/wp\/v2\/types\/post"}],"author":[{"embeddable":true,"href":"https:\/\/analyse.optim.biz\/index.php?rest_route=\/wp\/v2\/users\/1"}],"replies":[{"embeddable":true,"href":"https:\/\/analyse.optim.biz\/index.php?rest_route=%2Fwp%2Fv2%2Fcomments&post=1859252"}],"version-history":[{"count":0,"href":"https:\/\/analyse.optim.biz\/index.php?rest_route=\/wp\/v2\/posts\/1859252\/revisions"}],"wp:attachment":[{"href":"https:\/\/analyse.optim.biz\/index.php?rest_route=%2Fwp%2Fv2%2Fmedia&parent=1859252"}],"wp:term":[{"taxonomy":"category","embeddable":true,"href":"https:\/\/analyse.optim.biz\/index.php?rest_route=%2Fwp%2Fv2%2Fcategories&post=1859252"},{"taxonomy":"post_tag","embeddable":true,"href":"https:\/\/analyse.optim.biz\/index.php?rest_route=%2Fwp%2Fv2%2Ftags&post=1859252"}],"curies":[{"name":"wp","href":"https:\/\/api.w.org\/{rel}","templated":true}]}}