{"id":1859245,"date":"2026-04-01T10:37:04","date_gmt":"2026-04-01T07:37:04","guid":{"rendered":"https:\/\/analyse.optim.biz\/?p=1859245"},"modified":"2026-04-01T10:37:04","modified_gmt":"2026-04-01T07:37:04","slug":"primele-retineri-dupa-descinderile-politiei-si-ale-diicot-la-traficantii-de-droguri-din-timis","status":"publish","type":"post","link":"https:\/\/analyse.optim.biz\/?p=1859245","title":{"rendered":"Primele re\u021bineri, dup\u0103 descinderile Poli\u021biei \u0219i ale DIICOT la trafican\u021bii de droguri din Timi\u0219"},"content":{"rendered":"<p>[analyse_image type=&#8221;featured&#8221; src=&#8221;https:\/\/focustim.ro\/wp-content\/uploads\/2022\/10\/politia-nu-treceti.jpg&#8221;]<\/p>\n<article id=\"post-39848\" class=\"penci-single-artcontent noloaddisqus post-39848 post type-post status-publish format-standard has-post-thumbnail hentry category-actualitate category-featured category-social tag-politia tag-retineri penci-post-item\">\n<header class=\"entry-header penci-entry-header penci-title-\">\n<div class=\"penci-entry-categories\"><span class=\"penci-cat-links\"><a href=\"https:\/\/focustim.ro\/category\/actualitate\/\" rel=\"category tag\">Actualitate<\/a><a href=\"https:\/\/focustim.ro\/category\/featured\/\" rel=\"category tag\">Featured<\/a><a href=\"https:\/\/focustim.ro\/category\/social\/\" rel=\"category tag\">Social<\/a><\/span><\/div>\n<h1 class=\"entry-title penci-entry-title penci-title-\">Primele re\u021bineri, dup\u0103 descinderile Poli\u021biei \u0219i ale DIICOT la trafican\u021bii de droguri din Timi\u0219<\/h1>\n<div class=\"entry-meta penci-entry-meta\"><span class=\"entry-meta-item penci-posted-on\"><time class=\"entry-date published\" datetime=\"2026-04-01T13:37:04+03:00\">01\/04\/2026<\/time><time class=\"updated\" datetime=\"2026-04-01T13:37:09+03:00\">01\/04\/2026<\/time><\/span><span class=\"entry-meta-item penci-comment-count\"><a class=\"penci_pmeta-link\" href=\"https:\/\/focustim.ro\/primele-retineri-dupa-descinderile-politiei-si-ale-diicot-la-traficantii-de-droguri-din-timis\/#respond\">0<\/a><\/span><\/div>\n<p><span class=\"penci-social-buttons penci-social-share-footer\"><span class=\"penci-social-share-text\">Distribuie<\/span><a href=\"https:\/\/focustim.ro\/primele-retineri-dupa-descinderile-politiei-si-ale-diicot-la-traficantii-de-droguri-din-timis\/\" class=\"penci-post-like penci_post-meta_item  single-like-button penci-social-item like\" data-post_id=\"39848\" title=\"Like\" data-like=\"Like\" data-unlike=\"Unlike\"><span class=\"penci-share-number\">0<\/span><\/a><\/span><\/header>\n<div class=\"entry-media penci-entry-media\">\n<div class=\"post-format-meta \">\n<div class=\"post-image penci-standard-format\"><img decoding=\"async\" width=\"232\" height=\"130\" src=\"https:\/\/focustim.ro\/wp-content\/uploads\/2022\/10\/politia-nu-treceti.jpg\" class=\"attachment-penci-thumb-960-auto size-penci-thumb-960-auto wp-post-image\" alt loading=\"lazy\"><\/div>\n<\/div>\n<\/div>\n<div class=\"penci-entry-content entry-content\">\n<p><strong>Primele re\u021bineri, dup\u0103 opera\u021biunea de amploare a DIICOT \u0219i a IPJ Timi\u0219 \u00een cadrul c\u0103reia s-au f\u0103cut descinderi la trafican\u021bii de droguri din Timi\u0219. Ace\u0219tia foloseau copii de 13 ani ca s\u0103 v\u00e2nd\u0103 marfa, cu scopul de a eluda r\u0103spunderea legal\u0103.<\/strong><\/p>\n<p>\u00cen urma activit\u0103\u021bilor desf\u0103\u0219urate, ieri, 31 martie, de c\u0103tre poli\u021bi\u0219tii Brig\u0103zii de Combatere a Criminalit\u0103\u021bii Organizate Timi\u0219oara, \u00eempreun\u0103 cu procurorii Direc\u021biei de Investigare a Infrac\u021biunilor de Criminalitate Organizat\u0103 \u0219i Terorism \u2013 Serviciul Teritorial Timi\u0219oara \u0219i poli\u021bi\u0219tii Sec\u021biei Regionale de Poli\u021bie Transporturi Timi\u0219oara, sub coordonarea unui procuror din cadrul Parchetului de pe l\u00e2ng\u0103 Judec\u0103toria Timi\u0219oara, \u00een dou\u0103 cauze penale, a fost dispus\u0103 re\u021binerea a cinci persoane.<\/p>\n<p>\u00cen urma perchezi\u021biilor efectuate, \u00een cadrul celor dou\u0103 ac\u021biuni, au fost descoperite \u0219i ridicate diferite recipiente, folii, pungi \u0219i plicuri con\u021bin\u00e2nd cantit\u0103\u021bi de substan\u021be vegetale, obiecte purt\u00e2nd urme de substan\u021b\u0103, un c\u00e2ntar electronic, \u2060pungi tip ziplock, de diferite m\u0103rimi, sume de bani \u00een lei \u0219i euro, 20 de tensiometre, o camer\u0103 video, televizoare, mai multe laptopuri, un scuter, diverse unelte folosite \u00een construc\u021bii, dispozitive de stocare a datelor, precum \u0219i alte mijloace de prob\u0103.<\/p>\n<p>Ieri, procurorii D.I.I.C.O.T. \u2013 Serviciul Teritorial Timi\u0219oara au sesizat judec\u0103torul de drepturi \u0219i libert\u0103\u021bi din cadrul Tribunalului Timi\u0219 cu propunere de arestare preventiv\u0103 a celor cinci persoane re\u021binute, instan\u021ba dispun\u00e2nd arestarea preventiv\u0103 a dou\u0103 dintre acestea \u0219i m\u0103sura arest\u0103rii la domiciliu fa\u021b\u0103 de alte trei persoane.<\/p>\n<p>Ac\u021biunea a beneficiat de sprijinul poli\u021bi\u0219tilor din cadrul Inspectoratului de Poli\u021bie Jude\u021bean Timi\u0219 \u0219i jandarmilor din cadrul Grup\u0103rii de Jandarmi Mobile Timi\u0219oara \u0219i Inspectoratului de Jandarmi Jude\u021bean Timi\u0219.<\/p>\n<p>Facem precizarea c\u0103, pe parcursul \u00eentregului proces penal, persoanele cercetate beneficiaz\u0103 de drepturile \u0219i garan\u021biile procesuale prev\u0103zute de Codul de procedur\u0103 penal\u0103, precum \u0219i de prezum\u021bia de nevinov\u0103\u021bie.<\/p>\n<div class=\"sharedaddy sd-sharing-enabled\">\n<div class=\"robots-nocontent sd-block sd-social sd-social-icon-text sd-sharing\">\n<h3 class=\"sd-title\">Partajeaz\u0103 asta:<\/h3>\n<div class=\"sd-content\">\n<ul>\n<li class=\"share-twitter\"><a rel=\"nofollow noopener noreferrer\" data-shared=\"sharing-twitter-39848\" class=\"share-twitter sd-button share-icon\" href=\"https:\/\/focustim.ro\/primele-retineri-dupa-descinderile-politiei-si-ale-diicot-la-traficantii-de-droguri-din-timis\/?share=twitter\" target=\"_blank\" title=\"D\u0103 clic pentru a partaja pe Twitter\"><span>Twitter<\/span><\/a><\/li>\n<li class=\"share-facebook\"><a rel=\"nofollow noopener noreferrer\" data-shared=\"sharing-facebook-39848\" class=\"share-facebook sd-button share-icon\" href=\"https:\/\/focustim.ro\/primele-retineri-dupa-descinderile-politiei-si-ale-diicot-la-traficantii-de-droguri-din-timis\/?share=facebook\" target=\"_blank\" title=\"D\u0103 clic pentru a partaja pe Facebook\"><span>Facebook<\/span><\/a><\/li>\n<li class=\"share-end\"><\/ul>\n<\/div>\n<\/div>\n<\/div>\n<div class=\"sharedaddy sd-block sd-like jetpack-likes-widget-wrapper jetpack-likes-widget-unloaded\" id=\"like-post-wrapper-167025405-39848-69cd15bd66ba0\" data-src=\"https:\/\/widgets.wp.com\/likes\/#blog_id=167025405&amp;post_id=39848&amp;origin=focustim.ro&amp;obj_id=167025405-39848-69cd15bd66ba0\" data-name=\"like-post-frame-167025405-39848-69cd15bd66ba0\" data-title=\"Apreciaz\u0103 sau republic\u0103\">\n<h3 class=\"sd-title\">Apreciaz\u0103:<\/h3>\n<div class=\"likes-widget-placeholder post-likes-widget-placeholder\"><span class=\"button\"><span>Apreciere<\/span><\/span><span class=\"loading\">\u00cencarc&#8230;<\/span><\/div>\n<\/div>\n<\/div>\n<footer class=\"penci-entry-footer\">\n<div class=\"penci-source-via-tags-wrap\"><span class=\"tags-links penci-tags-links\"><a href=\"https:\/\/focustim.ro\/tag\/politia\/\" rel=\"tag\">Politia<\/a><a href=\"https:\/\/focustim.ro\/tag\/retineri\/\" rel=\"tag\">retineri<\/a><\/span><\/div>\n<p><span class=\"penci-social-buttons penci-social-share-footer\"><span class=\"penci-social-share-text\">Distribuie<\/span><a href=\"https:\/\/focustim.ro\/primele-retineri-dupa-descinderile-politiei-si-ale-diicot-la-traficantii-de-droguri-din-timis\/\" class=\"penci-post-like penci_post-meta_item  single-like-button penci-social-item like\" data-post_id=\"39848\" title=\"Like\" data-like=\"Like\" data-unlike=\"Unlike\"><span class=\"penci-share-number\">0<\/span><\/a><\/span><\/footer>\n<\/article>\n<div class=\"penci-entry-content entry-content\">\n<p><strong>Primele re\u021bineri, dup\u0103 opera\u021biunea de amploare a DIICOT \u0219i a IPJ Timi\u0219 \u00een cadrul c\u0103reia s-au f\u0103cut descinderi la trafican\u021bii de droguri din Timi\u0219. Ace\u0219tia foloseau copii de 13 ani ca s\u0103 v\u00e2nd\u0103 marfa, cu scopul de a eluda r\u0103spunderea legal\u0103.<\/strong><\/p>\n<p>\u00cen urma activit\u0103\u021bilor desf\u0103\u0219urate, ieri, 31 martie, de c\u0103tre poli\u021bi\u0219tii Brig\u0103zii de Combatere a Criminalit\u0103\u021bii Organizate Timi\u0219oara, \u00eempreun\u0103 cu procurorii Direc\u021biei de Investigare a Infrac\u021biunilor de Criminalitate Organizat\u0103 \u0219i Terorism \u2013 Serviciul Teritorial Timi\u0219oara \u0219i poli\u021bi\u0219tii Sec\u021biei Regionale de Poli\u021bie Transporturi Timi\u0219oara, sub coordonarea unui procuror din cadrul Parchetului de pe l\u00e2ng\u0103 Judec\u0103toria Timi\u0219oara, \u00een dou\u0103 cauze penale, a fost dispus\u0103 re\u021binerea a cinci persoane.<\/p>\n<p>\u00cen urma perchezi\u021biilor efectuate, \u00een cadrul celor dou\u0103 ac\u021biuni, au fost descoperite \u0219i ridicate diferite recipiente, folii, pungi \u0219i plicuri con\u021bin\u00e2nd cantit\u0103\u021bi de substan\u021be vegetale, obiecte purt\u00e2nd urme de substan\u021b\u0103, un c\u00e2ntar electronic, \u2060pungi tip ziplock, de diferite m\u0103rimi, sume de bani \u00een lei \u0219i euro, 20 de tensiometre, o camer\u0103 video, televizoare, mai multe laptopuri, un scuter, diverse unelte folosite \u00een construc\u021bii, dispozitive de stocare a datelor, precum \u0219i alte mijloace de prob\u0103.<\/p>\n<p>Ieri, procurorii D.I.I.C.O.T. \u2013 Serviciul Teritorial Timi\u0219oara au sesizat judec\u0103torul de drepturi \u0219i libert\u0103\u021bi din cadrul Tribunalului Timi\u0219 cu propunere de arestare preventiv\u0103 a celor cinci persoane re\u021binute, instan\u021ba dispun\u00e2nd arestarea preventiv\u0103 a dou\u0103 dintre acestea \u0219i m\u0103sura arest\u0103rii la domiciliu fa\u021b\u0103 de alte trei persoane.<\/p>\n<p>Ac\u021biunea a beneficiat de sprijinul poli\u021bi\u0219tilor din cadrul Inspectoratului de Poli\u021bie Jude\u021bean Timi\u0219 \u0219i jandarmilor din cadrul Grup\u0103rii de Jandarmi Mobile Timi\u0219oara \u0219i Inspectoratului de Jandarmi Jude\u021bean Timi\u0219.<\/p>\n<p>Facem precizarea c\u0103, pe parcursul \u00eentregului proces penal, persoanele cercetate beneficiaz\u0103 de drepturile \u0219i garan\u021biile procesuale prev\u0103zute de Codul de procedur\u0103 penal\u0103, precum \u0219i de prezum\u021bia de nevinov\u0103\u021bie.<\/p>\n<div class=\"sharedaddy sd-sharing-enabled\">\n<div class=\"robots-nocontent sd-block sd-social sd-social-icon-text sd-sharing\">\n<h3 class=\"sd-title\">Partajeaz\u0103 asta:<\/h3>\n<div class=\"sd-content\">\n<ul>\n<li class=\"share-twitter\"><a rel=\"nofollow noopener noreferrer\" data-shared=\"sharing-twitter-39848\" class=\"share-twitter sd-button share-icon\" href=\"https:\/\/focustim.ro\/primele-retineri-dupa-descinderile-politiei-si-ale-diicot-la-traficantii-de-droguri-din-timis\/?share=twitter\" target=\"_blank\" title=\"D\u0103 clic pentru a partaja pe Twitter\"><span>Twitter<\/span><\/a><\/li>\n<li class=\"share-facebook\"><a rel=\"nofollow noopener noreferrer\" data-shared=\"sharing-facebook-39848\" class=\"share-facebook sd-button share-icon\" href=\"https:\/\/focustim.ro\/primele-retineri-dupa-descinderile-politiei-si-ale-diicot-la-traficantii-de-droguri-din-timis\/?share=facebook\" target=\"_blank\" title=\"D\u0103 clic pentru a partaja pe Facebook\"><span>Facebook<\/span><\/a><\/li>\n<li class=\"share-end\"><\/ul>\n<\/div>\n<\/div>\n<\/div>\n<div class=\"sharedaddy sd-block sd-like jetpack-likes-widget-wrapper jetpack-likes-widget-unloaded\" id=\"like-post-wrapper-167025405-39848-69cd15bd66ba0\" data-src=\"https:\/\/widgets.wp.com\/likes\/#blog_id=167025405&amp;post_id=39848&amp;origin=focustim.ro&amp;obj_id=167025405-39848-69cd15bd66ba0\" data-name=\"like-post-frame-167025405-39848-69cd15bd66ba0\" data-title=\"Apreciaz\u0103 sau republic\u0103\">\n<h3 class=\"sd-title\">Apreciaz\u0103:<\/h3>\n<div class=\"likes-widget-placeholder post-likes-widget-placeholder\"><span class=\"button\"><span>Apreciere<\/span><\/span><span class=\"loading\">\u00cencarc&#8230;<\/span><\/div>\n<\/div>\n<\/div>\n<p>[analyse_source url=&#8221;https:\/\/focustim.ro\/primele-retineri-dupa-descinderile-politiei-si-ale-diicot-la-traficantii-de-droguri-din-timis\/&#8221;]<\/p>\n","protected":false},"excerpt":{"rendered":"<p>[analyse_image type=&#8221;featured&#8221; src=&#8221;https:\/\/focustim.ro\/wp-content\/uploads\/2022\/10\/politia-nu-treceti.jpg&#8221;] ActualitateFeaturedSocial Primele re\u021bineri, dup\u0103 descinderile Poli\u021biei \u0219i ale DIICOT la trafican\u021bii de droguri din Timi\u0219 01\/04\/202601\/04\/20260 Distribuie0 Primele re\u021bineri, dup\u0103 opera\u021biunea de amploare a DIICOT \u0219i a IPJ Timi\u0219 \u00een cadrul c\u0103reia s-au f\u0103cut descinderi la trafican\u021bii de droguri din Timi\u0219. Ace\u0219tia foloseau copii de 13 ani ca s\u0103 v\u00e2nd\u0103 marfa, cu [&hellip;]<\/p>\n","protected":false},"author":1,"featured_media":0,"comment_status":"open","ping_status":"","sticky":false,"template":"","format":"standard","meta":{"footnotes":""},"categories":[89],"tags":[226,197],"class_list":["post-1859245","post","type-post","status-publish","format-standard","hentry","category-romania","tag-crawlmanager","tag-focustim-ro"],"_links":{"self":[{"href":"https:\/\/analyse.optim.biz\/index.php?rest_route=\/wp\/v2\/posts\/1859245","targetHints":{"allow":["GET"]}}],"collection":[{"href":"https:\/\/analyse.optim.biz\/index.php?rest_route=\/wp\/v2\/posts"}],"about":[{"href":"https:\/\/analyse.optim.biz\/index.php?rest_route=\/wp\/v2\/types\/post"}],"author":[{"embeddable":true,"href":"https:\/\/analyse.optim.biz\/index.php?rest_route=\/wp\/v2\/users\/1"}],"replies":[{"embeddable":true,"href":"https:\/\/analyse.optim.biz\/index.php?rest_route=%2Fwp%2Fv2%2Fcomments&post=1859245"}],"version-history":[{"count":0,"href":"https:\/\/analyse.optim.biz\/index.php?rest_route=\/wp\/v2\/posts\/1859245\/revisions"}],"wp:attachment":[{"href":"https:\/\/analyse.optim.biz\/index.php?rest_route=%2Fwp%2Fv2%2Fmedia&parent=1859245"}],"wp:term":[{"taxonomy":"category","embeddable":true,"href":"https:\/\/analyse.optim.biz\/index.php?rest_route=%2Fwp%2Fv2%2Fcategories&post=1859245"},{"taxonomy":"post_tag","embeddable":true,"href":"https:\/\/analyse.optim.biz\/index.php?rest_route=%2Fwp%2Fv2%2Ftags&post=1859245"}],"curies":[{"name":"wp","href":"https:\/\/api.w.org\/{rel}","templated":true}]}}