{"id":1859214,"date":"2026-04-01T15:27:33","date_gmt":"2026-04-01T12:27:33","guid":{"rendered":"https:\/\/analyse.optim.biz\/?p=1859214"},"modified":"2026-04-01T15:27:33","modified_gmt":"2026-04-01T12:27:33","slug":"doi-barbati-retinuti-de-politisti-pentru-infractiuni-sexuale-asupra-unor-minori","status":"publish","type":"post","link":"https:\/\/analyse.optim.biz\/?p=1859214","title":{"rendered":"Doi b\u0103rba\u021bi, re\u021binu\u021bi de poli\u021bi\u0219ti pentru infrac\u021biuni sexuale asupra unor minori"},"content":{"rendered":"<p>[analyse_image type=&#8221;featured&#8221; src=&#8221;https:\/\/www.pressalert.ro\/wp-content\/uploads\/2020\/11\/politia-masina-GBZ-18.jpghttps:\/\/www.pressalert.ro\/wp-content\/uploads\/2020\/11\/politia-masina-GBZ-18.jpg&#8221;]<\/p>\n<article id=\"post-581648\" class=\"post-581648 post type-post status-publish format-standard has-post-thumbnail hentry category-featured category-stiri category-hunedoara-stiri-locale category-stiri-locale tag-agresiune-sexuala-minori-hunedoara tag-centrul-de-retinere-deva tag-dosar-penal-agresiune-sexuala tag-ipj-hunedoara-arestari tag-politia-vulcan-agresiune tag-protectia-copilului-hunedoara tag-retinere-barbat-vulcan tag-siguranta-minorilor-hunedoara-2026 tag-stiri-judiciare-hunedoara tag-viol-minor-hunedoara\">\n<div class=\"td-post-header td-pb-padding-side\">\n<div class=\"entry-crumbs\"><span><a title class=\"entry-crumb\" href=\"https:\/\/www.pressalert.ro\/\"><span>Acas\u0103<\/span><\/a><\/span><span><a title=\"Vede\u021bi toate articolele \u00een \u015etiri\" class=\"entry-crumb\" href=\"https:\/\/www.pressalert.ro\/category\/stiri\/\"><span>\u015etiri<\/span><\/a><\/span><span class=\"td-bred-no-url-last\">Doi b\u0103rba\u021bi, re\u021binu\u021bi de poli\u021bi\u0219ti pentru infrac\u021biuni sexuale asupra unor minori<\/span><\/div>\n<ul class=\"td-category\">\n<li class=\"entry-category\"><a href=\"https:\/\/www.pressalert.ro\/category\/stiri\/\">\u015etiri<\/a><\/li>\n<li class=\"entry-category\"><a href=\"https:\/\/www.pressalert.ro\/category\/stiri\/stiri-locale\/\">\u0218tiri locale<\/a><\/li>\n<li class=\"entry-category\"><a href=\"https:\/\/www.pressalert.ro\/category\/stiri\/stiri-locale\/hunedoara-stiri-locale\/\">\u0218tiri Hunedoara<\/a><\/li>\n<\/ul>\n<header>\n<h1 class=\"entry-title\">Doi b\u0103rba\u021bi, re\u021binu\u021bi de poli\u021bi\u0219ti pentru infrac\u021biuni sexuale asupra unor minori<\/h1>\n<div class=\"meta-info\">\n<div class=\"td-post-author-name\">\n<div class=\"td-author-by\">De<\/div>\n<p><a href=\"https:\/\/www.pressalert.ro\/author\/marius-popescu\/\">Marius Popescu<\/a><\/p>\n<div class=\"td-author-line\"> &#8211; <\/div>\n<\/div>\n<p><span class=\"td-post-date\"><time class=\"entry-date updated td-module-date\" datetime=\"2026-04-01T15:27:33+00:00\">apr. 1, 2026<\/time><\/span><\/p>\n<div class=\"td-post-comments\"><a href=\"https:\/\/www.pressalert.ro\/2026\/04\/doi-barbati-retinuti-de-politisti-pentru-infractiuni-sexuale-impotriva-unor-minori\/#respond\">0<\/a><\/div>\n<\/div>\n<\/header>\n<\/div>\n<div class=\"td-post-sharing td-post-sharing-top td-pb-padding-side\"><span class=\"td-post-share-title\">DISTRIBUI\u021aI<\/span><\/p>\n<div class=\"td-default-sharing \"><a class=\"td-social-sharing-buttons td-social-facebook\" href=\"http:\/\/www.facebook.com\/sharer.php?u=https%3A%2F%2Fwww.pressalert.ro%2F2026%2F04%2Fdoi-barbati-retinuti-de-politisti-pentru-infractiuni-sexuale-impotriva-unor-minori%2F\"><\/p>\n<div class=\"td-social-but-text\">Facebook<\/div>\n<p><\/a><a class=\"td-social-sharing-buttons td-social-twitter\" href=\"https:\/\/twitter.com\/intent\/tweet?text=Doi+b%C4%83rba%C8%9Bi%2C+re%C8%9Binu%C8%9Bi+de+poli%C8%9Bi%C8%99ti+pentru+infrac%C8%9Biuni+sexuale+asupra+unor+minori&amp;url=https%3A%2F%2Fwww.pressalert.ro%2F2026%2F04%2Fdoi-barbati-retinuti-de-politisti-pentru-infractiuni-sexuale-impotriva-unor-minori%2F&amp;via=PRESSALERT.ro\"><\/p>\n<div class=\"td-social-but-text\">Twitter<\/div>\n<p><\/a><\/div>\n<\/div>\n<div class=\"td-post-content td-pb-padding-side\">\n<figure class=\"wp-block-image size-large\"><img loading=\"lazy\" decoding=\"async\" width=\"1194\" height=\"768\" src=\"https:\/\/www.pressalert.ro\/wp-content\/uploads\/2020\/11\/politia-masina-GBZ-18-1194x768.jpg\" alt class=\"wp-image-412591\"><figcaption class=\"wp-element-caption\"><em>Foto: Arhiv\u0103<\/em><\/figcaption><\/figure>\n<p>Inspectoratul de Poli\u021bie Jude\u021bean Hunedoara a anun\u021bat re\u021binerea a doi b\u0103rba\u021bi, \u00een localit\u0103\u021bi diferite, sub acuza\u021bii grave de agresiune asupra unor minori. Ambele m\u0103suri au fost dispuse \u00een data de 31 martie 2026, \u00een urma unor investiga\u021bii prompte desf\u0103\u0219urate de poli\u021bi\u0219tii din Hunedoara \u0219i Vulcan.<\/p>\n<h3 class=\"wp-block-heading\">Caz de viol asupra unei minore \u00een municipiul Hunedoara<\/h3>\n<p>\u00cen primul caz, poli\u021bi\u0219tii din Hunedoara au re\u021binut un b\u0103rbat \u00een v\u00e2rst\u0103 de 35 de ani, dup\u0103 ce p\u0103rin\u021bii unei adolescente de 16 ani au sesizat autorit\u0103\u021bile. Din cercet\u0103ri a reie\u0219it c\u0103 b\u0103rbatul ar fi \u00eentre\u021binut raporturi sexuale cu minora \u00een repetate r\u00e2nduri pe parcursul lunii martie.<\/p>\n<p>De\u0219i probele indic\u0103 un caracter consim\u021bit al rela\u021biilor, legisla\u021bia \u00een vigoare \u00eencadreaz\u0103 fapta la infrac\u021biunea de <strong>viol asupra unui minor<\/strong> din cauza diferen\u021bei de v\u00e2rst\u0103 \u0219i a statutului de minor al victimei.<\/p>\n<p> Suspectul a fost introdus \u00een Centrul de Re\u021binere \u0219i Arestare Preventiv\u0103 Deva, urm\u00e2nd s\u0103 fie prezentat Parchetului de pe l\u00e2ng\u0103 Judec\u0103toria Hunedoara cu propuneri legale.<\/p>\n<h3 class=\"wp-block-heading\">Agresiune sexual\u0103 \u00een familie, depistat\u0103 \u00een municipiul Vulcan<\/h3>\n<p>Al doilea incident, de o gravitate extrem\u0103, vizeaz\u0103 un b\u0103rbat de 52 de ani din municipiul Vulcan. Acesta este acuzat de <strong>agresiune sexual\u0103 asupra unui minor<\/strong>, victima fiind o feti\u021b\u0103 \u00een v\u00e2rst\u0103 de doar 9 ani.<\/p>\n<p>Potrivit anchetatorilor, b\u0103rbatul, care avea calitatea de bunic vitreg, ar fi profitat de momentele \u00een care minora era l\u0103sat\u0103 \u00een grija sa pentru a s\u0103v\u00e2r\u0219i actele de agresiune. Probele administrate indic\u0103 faptul c\u0103 agresiunile au avut loc \u00een mod repetat pe parcursul acestui an, cea mai recent\u0103 fiind semnalat\u0103 \u00een data de 29 martie. B\u0103rbatul a fost re\u021binut pentru 24 de ore, iar ulterior magistra\u021bii au decis arestarea preventiv\u0103 pentru 30 de zile.<\/p>\n<h3 class=\"wp-block-heading\">Apelul autorit\u0103\u021bilor pentru siguran\u021ba copiilor<\/h3>\n<p>Reprezentan\u021bii IPJ Hunedoara subliniaz\u0103 c\u0103 siguran\u021ba \u0219i integritatea minorilor reprezint\u0103 o prioritate absolut\u0103. Poli\u021bi\u0219tii \u00eencurajeaz\u0103 cet\u0103\u021benii \u0219i p\u0103rin\u021bii s\u0103 semnaleze imediat orice comportament suspect sau fapt\u0103 care ar putea pune \u00een pericol dezvoltarea copiilor, d\u00e2nd asigur\u0103ri c\u0103 \u00een astfel de situa\u021bii se aplic\u0103 cele mai ferme m\u0103suri prev\u0103zute de lege.<\/p>\n<\/div>\n<footer>\n<div class=\"td-post-source-tags td-pb-padding-side\">\n<ul class=\"td-tags td-post-small-box clearfix\">\n<li><span>ETICHETE<\/span><\/li>\n<li><a href=\"https:\/\/www.pressalert.ro\/tag\/agresiune-sexuala-minori-hunedoara\/\">agresiune sexual\u0103 minori Hunedoara<\/a><\/li>\n<li><a href=\"https:\/\/www.pressalert.ro\/tag\/centrul-de-retinere-deva\/\">Centrul de Re\u021binere Deva<\/a><\/li>\n<li><a href=\"https:\/\/www.pressalert.ro\/tag\/dosar-penal-agresiune-sexuala\/\">dosar penal agresiune sexual\u0103<\/a><\/li>\n<li><a href=\"https:\/\/www.pressalert.ro\/tag\/ipj-hunedoara-arestari\/\">IPJ Hunedoara arest\u0103ri<\/a><\/li>\n<li><a href=\"https:\/\/www.pressalert.ro\/tag\/politia-vulcan-agresiune\/\">poli\u021bia Vulcan agresiune<\/a><\/li>\n<li><a href=\"https:\/\/www.pressalert.ro\/tag\/protectia-copilului-hunedoara\/\">protec\u021bia copilului Hunedoara<\/a><\/li>\n<li><a href=\"https:\/\/www.pressalert.ro\/tag\/retinere-barbat-vulcan\/\">re\u021binere b\u0103rbat Vulcan<\/a><\/li>\n<li><a href=\"https:\/\/www.pressalert.ro\/tag\/siguranta-minorilor-hunedoara-2026\/\">siguran\u021ba minorilor Hunedoara 2026<\/a><\/li>\n<li><a href=\"https:\/\/www.pressalert.ro\/tag\/stiri-judiciare-hunedoara\/\">\u0219tiri judiciare Hunedoara<\/a><\/li>\n<li><a href=\"https:\/\/www.pressalert.ro\/tag\/viol-minor-hunedoara\/\">viol minor Hunedoara<\/a><\/li>\n<\/ul>\n<\/div>\n<div class=\"td-post-sharing td-post-sharing-bottom td-pb-padding-side\"><span class=\"td-post-share-title\">DISTRIBUI\u021aI<\/span><\/p>\n<div class=\"td-default-sharing \"><a class=\"td-social-sharing-buttons td-social-facebook\" href=\"http:\/\/www.facebook.com\/sharer.php?u=https%3A%2F%2Fwww.pressalert.ro%2F2026%2F04%2Fdoi-barbati-retinuti-de-politisti-pentru-infractiuni-sexuale-impotriva-unor-minori%2F\"><\/p>\n<div class=\"td-social-but-text\">Facebook<\/div>\n<p><\/a><a class=\"td-social-sharing-buttons td-social-twitter\" href=\"https:\/\/twitter.com\/intent\/tweet?text=Doi+b%C4%83rba%C8%9Bi%2C+re%C8%9Binu%C8%9Bi+de+poli%C8%9Bi%C8%99ti+pentru+infrac%C8%9Biuni+sexuale+asupra+unor+minori&amp;url=https%3A%2F%2Fwww.pressalert.ro%2F2026%2F04%2Fdoi-barbati-retinuti-de-politisti-pentru-infractiuni-sexuale-impotriva-unor-minori%2F&amp;via=PRESSALERT.ro\"><\/p>\n<div class=\"td-social-but-text\">Twitter<\/div>\n<p><\/a><\/div>\n<\/div>\n<div class=\"td-block-row td-post-next-prev\">\n<div class=\"td-block-span6 td-post-prev-post\">\n<div class=\"td-post-next-prev-content\"><span>Articolul precedent<\/span><a href=\"https:\/\/www.pressalert.ro\/2026\/04\/spitalul-municipal-timisoara-digitalizeaza-programarile-pentru-ambulatoriu\/\">Spitalul Municipal Timi\u0219oara digitalizeaz\u0103 program\u0103rile pentru ambulatoriu<\/a><\/div>\n<\/div>\n<\/div>\n<div class=\"author-box-wrap\"><a href=\"https:\/\/www.pressalert.ro\/author\/marius-popescu\/\"><img loading=\"lazy\" decoding=\"async\" alt src=\"https:\/\/secure.gravatar.com\/avatar\/6ff5b29455ffa79f6eac9c7ee3cb2891?s=96&amp;d=mm&amp;r=g\" class=\"avatar avatar-96 photo\" height=\"96\" width=\"96\"><\/a><\/p>\n<div class=\"desc\">\n<div class=\"td-author-name vcard author\"><span class=\"fn\"><a href=\"https:\/\/www.pressalert.ro\/author\/marius-popescu\/\">Marius Popescu<\/a><\/span><\/div>\n<div class=\"td-author-url\"><a href=\"http:\/\/www.pressalert.ro\">http:\/\/www.pressalert.ro<\/a><\/div>\n<\/div>\n<\/div>\n<p><span><\/span><span><span><\/span><\/span><span><\/span><\/footer>\n<\/article>\n<div class=\"td-post-content td-pb-padding-side\">\n<figure class=\"wp-block-image size-large\"><img loading=\"lazy\" decoding=\"async\" width=\"1194\" height=\"768\" src=\"https:\/\/www.pressalert.ro\/wp-content\/uploads\/2020\/11\/politia-masina-GBZ-18-1194x768.jpg\" alt class=\"wp-image-412591\"><figcaption class=\"wp-element-caption\"><em>Foto: Arhiv\u0103<\/em><\/figcaption><\/figure>\n<p>Inspectoratul de Poli\u021bie Jude\u021bean Hunedoara a anun\u021bat re\u021binerea a doi b\u0103rba\u021bi, \u00een localit\u0103\u021bi diferite, sub acuza\u021bii grave de agresiune asupra unor minori. Ambele m\u0103suri au fost dispuse \u00een data de 31 martie 2026, \u00een urma unor investiga\u021bii prompte desf\u0103\u0219urate de poli\u021bi\u0219tii din Hunedoara \u0219i Vulcan.<\/p>\n<h3 class=\"wp-block-heading\">Caz de viol asupra unei minore \u00een municipiul Hunedoara<\/h3>\n<p>\u00cen primul caz, poli\u021bi\u0219tii din Hunedoara au re\u021binut un b\u0103rbat \u00een v\u00e2rst\u0103 de 35 de ani, dup\u0103 ce p\u0103rin\u021bii unei adolescente de 16 ani au sesizat autorit\u0103\u021bile. Din cercet\u0103ri a reie\u0219it c\u0103 b\u0103rbatul ar fi \u00eentre\u021binut raporturi sexuale cu minora \u00een repetate r\u00e2nduri pe parcursul lunii martie.<\/p>\n<p>De\u0219i probele indic\u0103 un caracter consim\u021bit al rela\u021biilor, legisla\u021bia \u00een vigoare \u00eencadreaz\u0103 fapta la infrac\u021biunea de <strong>viol asupra unui minor<\/strong> din cauza diferen\u021bei de v\u00e2rst\u0103 \u0219i a statutului de minor al victimei.<\/p>\n<p> Suspectul a fost introdus \u00een Centrul de Re\u021binere \u0219i Arestare Preventiv\u0103 Deva, urm\u00e2nd s\u0103 fie prezentat Parchetului de pe l\u00e2ng\u0103 Judec\u0103toria Hunedoara cu propuneri legale.<\/p>\n<h3 class=\"wp-block-heading\">Agresiune sexual\u0103 \u00een familie, depistat\u0103 \u00een municipiul Vulcan<\/h3>\n<p>Al doilea incident, de o gravitate extrem\u0103, vizeaz\u0103 un b\u0103rbat de 52 de ani din municipiul Vulcan. Acesta este acuzat de <strong>agresiune sexual\u0103 asupra unui minor<\/strong>, victima fiind o feti\u021b\u0103 \u00een v\u00e2rst\u0103 de doar 9 ani.<\/p>\n<p>Potrivit anchetatorilor, b\u0103rbatul, care avea calitatea de bunic vitreg, ar fi profitat de momentele \u00een care minora era l\u0103sat\u0103 \u00een grija sa pentru a s\u0103v\u00e2r\u0219i actele de agresiune. Probele administrate indic\u0103 faptul c\u0103 agresiunile au avut loc \u00een mod repetat pe parcursul acestui an, cea mai recent\u0103 fiind semnalat\u0103 \u00een data de 29 martie. B\u0103rbatul a fost re\u021binut pentru 24 de ore, iar ulterior magistra\u021bii au decis arestarea preventiv\u0103 pentru 30 de zile.<\/p>\n<h3 class=\"wp-block-heading\">Apelul autorit\u0103\u021bilor pentru siguran\u021ba copiilor<\/h3>\n<p>Reprezentan\u021bii IPJ Hunedoara subliniaz\u0103 c\u0103 siguran\u021ba \u0219i integritatea minorilor reprezint\u0103 o prioritate absolut\u0103. Poli\u021bi\u0219tii \u00eencurajeaz\u0103 cet\u0103\u021benii \u0219i p\u0103rin\u021bii s\u0103 semnaleze imediat orice comportament suspect sau fapt\u0103 care ar putea pune \u00een pericol dezvoltarea copiilor, d\u00e2nd asigur\u0103ri c\u0103 \u00een astfel de situa\u021bii se aplic\u0103 cele mai ferme m\u0103suri prev\u0103zute de lege.<\/p>\n<\/div>\n<p>[analyse_source url=&#8221;https:\/\/www.pressalert.ro\/2026\/04\/doi-barbati-retinuti-de-politisti-pentru-infractiuni-sexuale-impotriva-unor-minori\/&#8221;]<\/p>\n","protected":false},"excerpt":{"rendered":"<p>[analyse_image type=&#8221;featured&#8221; src=&#8221;https:\/\/www.pressalert.ro\/wp-content\/uploads\/2020\/11\/politia-masina-GBZ-18.jpghttps:\/\/www.pressalert.ro\/wp-content\/uploads\/2020\/11\/politia-masina-GBZ-18.jpg&#8221;] Acas\u0103\u015etiriDoi b\u0103rba\u021bi, re\u021binu\u021bi de poli\u021bi\u0219ti pentru infrac\u021biuni sexuale asupra unor minori \u015etiri \u0218tiri locale \u0218tiri Hunedoara Doi b\u0103rba\u021bi, re\u021binu\u021bi de poli\u021bi\u0219ti pentru infrac\u021biuni sexuale asupra unor minori De Marius Popescu &#8211; apr. 1, 2026 0 DISTRIBUI\u021aI Facebook Twitter Foto: Arhiv\u0103 Inspectoratul de Poli\u021bie Jude\u021bean Hunedoara a anun\u021bat re\u021binerea a doi b\u0103rba\u021bi, \u00een [&hellip;]<\/p>\n","protected":false},"author":1,"featured_media":0,"comment_status":"open","ping_status":"","sticky":false,"template":"","format":"standard","meta":{"footnotes":""},"categories":[89],"tags":[226,176],"class_list":["post-1859214","post","type-post","status-publish","format-standard","hentry","category-romania","tag-crawlmanager","tag-pressalert-ro"],"_links":{"self":[{"href":"https:\/\/analyse.optim.biz\/index.php?rest_route=\/wp\/v2\/posts\/1859214","targetHints":{"allow":["GET"]}}],"collection":[{"href":"https:\/\/analyse.optim.biz\/index.php?rest_route=\/wp\/v2\/posts"}],"about":[{"href":"https:\/\/analyse.optim.biz\/index.php?rest_route=\/wp\/v2\/types\/post"}],"author":[{"embeddable":true,"href":"https:\/\/analyse.optim.biz\/index.php?rest_route=\/wp\/v2\/users\/1"}],"replies":[{"embeddable":true,"href":"https:\/\/analyse.optim.biz\/index.php?rest_route=%2Fwp%2Fv2%2Fcomments&post=1859214"}],"version-history":[{"count":0,"href":"https:\/\/analyse.optim.biz\/index.php?rest_route=\/wp\/v2\/posts\/1859214\/revisions"}],"wp:attachment":[{"href":"https:\/\/analyse.optim.biz\/index.php?rest_route=%2Fwp%2Fv2%2Fmedia&parent=1859214"}],"wp:term":[{"taxonomy":"category","embeddable":true,"href":"https:\/\/analyse.optim.biz\/index.php?rest_route=%2Fwp%2Fv2%2Fcategories&post=1859214"},{"taxonomy":"post_tag","embeddable":true,"href":"https:\/\/analyse.optim.biz\/index.php?rest_route=%2Fwp%2Fv2%2Ftags&post=1859214"}],"curies":[{"name":"wp","href":"https:\/\/api.w.org\/{rel}","templated":true}]}}