{"id":1859123,"date":"2026-04-01T10:04:17","date_gmt":"2026-04-01T07:04:17","guid":{"rendered":"https:\/\/analyse.optim.biz\/?p=1859123"},"modified":"2026-04-01T10:04:17","modified_gmt":"2026-04-01T07:04:17","slug":"drum-judetean-recent-reabilitat-distrus-de-ploi-alunecari-de-teren-pe-trans-cislau-circulatie-restrictionata","status":"publish","type":"post","link":"https:\/\/analyse.optim.biz\/?p=1859123","title":{"rendered":"Drum jude\u021bean, recent reabilitat, distrus de ploi. Alunec\u0103ri de teren pe Trans-Cisl\u0103u, circula\u021bie restric\u021bionat\u0103"},"content":{"rendered":"<p>[analyse_image type=&#8221;featured&#8221; src=&#8221;https:\/\/sansanews.ro\/wp-content\/uploads\/2026\/04\/WhatsApp-Image-2026-04-01-at-02.45.23.jpeghttps:\/\/sansanews.ro\/wp-content\/uploads\/2026\/04\/WhatsApp-Image-2026-04-01-at-02.45.23.jpeg&#8221;]<\/p>\n<div class=\"entry-content herald-entry-content\">\n<p>Alunec\u0103ri de teren pe unul dintre cele mai spectaculoase drumuri din jude\u021bul Buz\u0103u reabilitat \u00een urm\u0103 cu nici patru ani. Este vorba despre Trans-Cisl\u0103u (DJ102C), <strong>cunoscut \u0219i ca Drumul Doamnei Neaga,<\/strong>  unde luni noaptea au fost semnalate grave probleme din cauza ploilor abundente. Din inform\u0103rile Institu\u021biei Prefectului, drumul s-a rupt \u00een dou\u0103 puncte, \u00eentre satele Cisl\u0103u \u0219i Buda Cr\u0103ciune\u0219ti,<\/p>\n<blockquote class=\"wp-block-quote\">\n<p>\u201eSuprafe\u021be calamitate ca urmare a ploilor abundente pe raza UAT Cislau: s-au produs alunec\u0103ri de teren pe DJ102C Cislau\u2013S\u00e2ngeru la ie\u0219ire din p\u0103dure (40 metri liniari) \u0219i pe o lungime de 450 metri liniari \u00een amonte de DJ 102C\u201d, este consemnat \u00een procesul verbal de calamitate.<\/p>\n<\/blockquote>\n<ul class=\"wp-block-gallery columns-2 is-cropped\">\n<li class=\"blocks-gallery-item\">\n<figure><img decoding=\"async\" src=\"https:\/\/sansanews.ro\/wp-content\/uploads\/2026\/04\/WhatsApp-Image-2026-04-01-at-01.34.54-1-768x1024.jpeg\" alt data-id=\"118785\" data-link=\"https:\/\/sansanews.ro\/?attachment_id=118785\" class=\"wp-image-118785\"><\/figure>\n<\/li>\n<li class=\"blocks-gallery-item\">\n<figure><img decoding=\"async\" src=\"https:\/\/sansanews.ro\/wp-content\/uploads\/2026\/04\/WhatsApp-Image-2026-04-01-at-01.34.54-768x1024.jpeg\" alt data-id=\"118786\" data-link=\"https:\/\/sansanews.ro\/?attachment_id=118786\" class=\"wp-image-118786\"><\/figure>\n<\/li>\n<\/ul>\n<p>Situa\u021bia a fost confirmat\u0103 \u0219i de vicepre\u0219edintele Consiliului Jude\u021bean Buz\u0103u, Adrian Petre, care a spus c\u0103 au fost f\u0103cute interven\u021bii rapide, \u00eens\u0103 provizorii.<\/p>\n<blockquote class=\"wp-block-quote\">\n<p>\u201e\u00cen seara de 30 \u0219i 31 martie, am fost informat c\u0103 pe drumul jude\u021bean 102C, care face legtura dintre satele Cisl\u0103u \u0219i Buda Cr\u0103ciune\u0219ti a ap\u0103rut o alunecare de teren. S-a marcat \u0219i se circul\u0103 pe o singur\u0103 band\u0103. S-a f\u0103cut proces verbal de calamitate. \u00cen cursul zilei de ieri, s-a intervenit cu constructorul pentru a face drumul c\u00e2t de c\u00e2t accesibil. Trebuie s\u0103 facem o expertiz\u0103 dup\u0103 ce primim procesul verbal de calamitate de la Institu\u021bia Prefectului. Drumul a fost reabilitat \u00een 2022. Nu mai este \u00een garan\u021bie. Din cauza precipita\u021biilor abundente \u0219i a \u00a0diferen\u021belor de nivel mai pot ap\u0103rea astfel de situa\u021bii, inclusiv din alte zone. \u00cen jude\u021bul Buz\u0103u, mai ales \u00een zona de munte, sunt zone cu probleme \u0219i pot ap\u0103rea alunec\u0103ri. Expertiza ne va spune dac\u0103 lucrarea este bine f\u0103cut\u0103 sau nu. Nu pot s\u0103 spun eu.\u201d<\/p>\n<\/blockquote>\n<figure class=\"wp-block-audio\"><figcaption>Adrian Petre<\/figcaption><\/figure>\n<p>Drumul afectat este unul dintre cele mai apreciate trasee rutiere din zon\u0103. Reabilitat recent, \u00een urma unei investi\u021bii de aproximativ 3,5 milioane de euro din bugetul Consiliului Jude\u021bean, tronsonul de circa 11 kilometri a devenit rapid o rut\u0103 alternativ\u0103 atractiv\u0103 \u00eentre Buz\u0103u \u0219i Prahova, datorit\u0103 peisajelor forestiere \u0219i serpentinelor spectaculoase.<\/p>\n<p>O alt\u0103 surpare, tot din cauza precipita\u021biilor, a ap\u0103rut pe<br \/>\ndrumul jude\u021bean care face leg\u0103tura \u00eentre S\u0103rata Monteoru \u0219i localitatea<br \/>\nLeicule\u0219ti din comuna Tis\u0103u. Ca urmare a deplas\u0103rii terenului, \u0219oseaua s-a rupt<br \/>\n\u0219i s-a creat un crater \u00een asfalt. Luni a fost \u00eenchis drumul, iar ast\u0103zi se<br \/>\ncircul\u0103 pe o band\u0103. <\/p>\n<blockquote class=\"wp-block-quote\">\n<p>\u201dS-a lucrat \u00eenc\u0103 de luni. Este deschis, \u00een acea zon\u0103, pe o singur\u0103 band\u0103, de 80 de metri\u201d, a mai spus Adrian Petre.<\/p>\n<\/blockquote>\n<ul class=\"wp-block-gallery columns-2 is-cropped\">\n<li class=\"blocks-gallery-item\">\n<figure><img decoding=\"async\" src=\"https:\/\/sansanews.ro\/wp-content\/uploads\/2026\/04\/WhatsApp-Image-2026-03-30-at-04.51.16-1-1024x768.jpeg\" alt data-id=\"118783\" data-link=\"https:\/\/sansanews.ro\/?attachment_id=118783\" class=\"wp-image-118783\"><\/figure>\n<\/li>\n<li class=\"blocks-gallery-item\">\n<figure><img decoding=\"async\" src=\"https:\/\/sansanews.ro\/wp-content\/uploads\/2026\/04\/WhatsApp-Image-2026-03-30-at-04.51.16-1024x768.jpeg\" alt data-id=\"118784\" data-link=\"https:\/\/sansanews.ro\/?attachment_id=118784\" class=\"wp-image-118784\"><\/figure>\n<\/li>\n<\/ul>\n<div class=\"meta-tags\"><span>Etichete<\/span><a href=\"https:\/\/sansanews.ro\/tag\/alunecare-cislau\/\" rel=\"tag\">alunecare cislau<\/a><a href=\"https:\/\/sansanews.ro\/tag\/trans-cislau\/\" rel=\"tag\">trans cislau<\/a><\/div>\n<div class=\"herald-share-content\">\n<div class=\"meks_ess rectangle no-labels outline\"><a class=\"meks_ess-item socicon-facebook\" data-url=\"http:\/\/www.facebook.com\/sharer\/sharer.php?u=https%3A%2F%2Fsansanews.ro%2Fdrum-judetean-recent-reabilitat-distrus-de-ploi-alunecari-de-teren-pe-trans-cislau-circulatie-restrictionata%2F&amp;t=Drum%20jude%C8%9Bean%2C%20recent%20reabilitat%2C%20distrus%20de%20ploi.%20Alunec%C4%83ri%20de%20teren%20pe%20Trans-Cisl%C4%83u%2C%20circula%C8%9Bie%20restric%C8%9Bionat%C4%83\"><span>Facebook<\/span><\/a><a href=\"https:\/\/api.whatsapp.com\/send?text=Drum%20jude%C8%9Bean%2C%20recent%20reabilitat%2C%20distrus%20de%20ploi.%20Alunec%C4%83ri%20de%20teren%20pe%20Trans-Cisl%C4%83u%2C%20circula%C8%9Bie%20restric%C8%9Bionat%C4%83%20https%3A%2F%2Fsansanews.ro%2Fdrum-judetean-recent-reabilitat-distrus-de-ploi-alunecari-de-teren-pe-trans-cislau-circulatie-restrictionata%2F\" class=\"meks_ess-item socicon-whatsapp prevent-share-popup\"><span>WhatsApp<\/span><\/a><a class=\"meks_ess-item socicon-twitter\" data-url=\"http:\/\/twitter.com\/intent\/tweet?url=https%3A%2F%2Fsansanews.ro%2Fdrum-judetean-recent-reabilitat-distrus-de-ploi-alunecari-de-teren-pe-trans-cislau-circulatie-restrictionata%2F&amp;text=Drum%20jude%C8%9Bean%2C%20recent%20reabilitat%2C%20distrus%20de%20ploi.%20Alunec%C4%83ri%20de%20teren%20pe%20Trans-Cisl%C4%83u%2C%20circula%C8%9Bie%20restric%C8%9Bionat%C4%83\"><span>Twitter<\/span><\/a><a class=\"meks_ess-item socicon-pinterest\" data-url=\"http:\/\/pinterest.com\/pin\/create\/button\/?url=https%3A%2F%2Fsansanews.ro%2Fdrum-judetean-recent-reabilitat-distrus-de-ploi-alunecari-de-teren-pe-trans-cislau-circulatie-restrictionata%2F&amp;media=https%3A%2F%2Fsansanews.ro%2Fwp-content%2Fuploads%2F2026%2F04%2FWhatsApp-Image-2026-04-01-at-02.45.23.jpeg&amp;description=Drum%20jude%C8%9Bean%2C%20recent%20reabilitat%2C%20distrus%20de%20ploi.%20Alunec%C4%83ri%20de%20teren%20pe%20Trans-Cisl%C4%83u%2C%20circula%C8%9Bie%20restric%C8%9Bionat%C4%83\"><span>Pinterest<\/span><\/a><\/div>\n<\/div>\n<\/div>\n<div class=\"entry-content herald-entry-content\">\n<p>Alunec\u0103ri de teren pe unul dintre cele mai spectaculoase drumuri din jude\u021bul Buz\u0103u reabilitat \u00een urm\u0103 cu nici patru ani. Este vorba despre Trans-Cisl\u0103u (DJ102C), <strong>cunoscut \u0219i ca Drumul Doamnei Neaga,<\/strong>  unde luni noaptea au fost semnalate grave probleme din cauza ploilor abundente. Din inform\u0103rile Institu\u021biei Prefectului, drumul s-a rupt \u00een dou\u0103 puncte, \u00eentre satele Cisl\u0103u \u0219i Buda Cr\u0103ciune\u0219ti,<\/p>\n<blockquote class=\"wp-block-quote\">\n<p>\u201eSuprafe\u021be calamitate ca urmare a ploilor abundente pe raza UAT Cislau: s-au produs alunec\u0103ri de teren pe DJ102C Cislau\u2013S\u00e2ngeru la ie\u0219ire din p\u0103dure (40 metri liniari) \u0219i pe o lungime de 450 metri liniari \u00een amonte de DJ 102C\u201d, este consemnat \u00een procesul verbal de calamitate.<\/p>\n<\/blockquote>\n<ul class=\"wp-block-gallery columns-2 is-cropped\">\n<li class=\"blocks-gallery-item\">\n<figure><img decoding=\"async\" src=\"https:\/\/sansanews.ro\/wp-content\/uploads\/2026\/04\/WhatsApp-Image-2026-04-01-at-01.34.54-1-768x1024.jpeg\" alt data-id=\"118785\" data-link=\"https:\/\/sansanews.ro\/?attachment_id=118785\" class=\"wp-image-118785\"><\/figure>\n<\/li>\n<li class=\"blocks-gallery-item\">\n<figure><img decoding=\"async\" src=\"https:\/\/sansanews.ro\/wp-content\/uploads\/2026\/04\/WhatsApp-Image-2026-04-01-at-01.34.54-768x1024.jpeg\" alt data-id=\"118786\" data-link=\"https:\/\/sansanews.ro\/?attachment_id=118786\" class=\"wp-image-118786\"><\/figure>\n<\/li>\n<\/ul>\n<p>Situa\u021bia a fost confirmat\u0103 \u0219i de vicepre\u0219edintele Consiliului Jude\u021bean Buz\u0103u, Adrian Petre, care a spus c\u0103 au fost f\u0103cute interven\u021bii rapide, \u00eens\u0103 provizorii.<\/p>\n<blockquote class=\"wp-block-quote\">\n<p>\u201e\u00cen seara de 30 \u0219i 31 martie, am fost informat c\u0103 pe drumul jude\u021bean 102C, care face legtura dintre satele Cisl\u0103u \u0219i Buda Cr\u0103ciune\u0219ti a ap\u0103rut o alunecare de teren. S-a marcat \u0219i se circul\u0103 pe o singur\u0103 band\u0103. S-a f\u0103cut proces verbal de calamitate. \u00cen cursul zilei de ieri, s-a intervenit cu constructorul pentru a face drumul c\u00e2t de c\u00e2t accesibil. Trebuie s\u0103 facem o expertiz\u0103 dup\u0103 ce primim procesul verbal de calamitate de la Institu\u021bia Prefectului. Drumul a fost reabilitat \u00een 2022. Nu mai este \u00een garan\u021bie. Din cauza precipita\u021biilor abundente \u0219i a \u00a0diferen\u021belor de nivel mai pot ap\u0103rea astfel de situa\u021bii, inclusiv din alte zone. \u00cen jude\u021bul Buz\u0103u, mai ales \u00een zona de munte, sunt zone cu probleme \u0219i pot ap\u0103rea alunec\u0103ri. Expertiza ne va spune dac\u0103 lucrarea este bine f\u0103cut\u0103 sau nu. Nu pot s\u0103 spun eu.\u201d<\/p>\n<\/blockquote>\n<figure class=\"wp-block-audio\"><figcaption>Adrian Petre<\/figcaption><\/figure>\n<p>Drumul afectat este unul dintre cele mai apreciate trasee rutiere din zon\u0103. Reabilitat recent, \u00een urma unei investi\u021bii de aproximativ 3,5 milioane de euro din bugetul Consiliului Jude\u021bean, tronsonul de circa 11 kilometri a devenit rapid o rut\u0103 alternativ\u0103 atractiv\u0103 \u00eentre Buz\u0103u \u0219i Prahova, datorit\u0103 peisajelor forestiere \u0219i serpentinelor spectaculoase.<\/p>\n<p>O alt\u0103 surpare, tot din cauza precipita\u021biilor, a ap\u0103rut pe<br \/>\ndrumul jude\u021bean care face leg\u0103tura \u00eentre S\u0103rata Monteoru \u0219i localitatea<br \/>\nLeicule\u0219ti din comuna Tis\u0103u. Ca urmare a deplas\u0103rii terenului, \u0219oseaua s-a rupt<br \/>\n\u0219i s-a creat un crater \u00een asfalt. Luni a fost \u00eenchis drumul, iar ast\u0103zi se<br \/>\ncircul\u0103 pe o band\u0103. <\/p>\n<blockquote class=\"wp-block-quote\">\n<p>\u201dS-a lucrat \u00eenc\u0103 de luni. Este deschis, \u00een acea zon\u0103, pe o singur\u0103 band\u0103, de 80 de metri\u201d, a mai spus Adrian Petre.<\/p>\n<\/blockquote>\n<ul class=\"wp-block-gallery columns-2 is-cropped\">\n<li class=\"blocks-gallery-item\">\n<figure><img decoding=\"async\" src=\"https:\/\/sansanews.ro\/wp-content\/uploads\/2026\/04\/WhatsApp-Image-2026-03-30-at-04.51.16-1-1024x768.jpeg\" alt data-id=\"118783\" data-link=\"https:\/\/sansanews.ro\/?attachment_id=118783\" class=\"wp-image-118783\"><\/figure>\n<\/li>\n<li class=\"blocks-gallery-item\">\n<figure><img decoding=\"async\" src=\"https:\/\/sansanews.ro\/wp-content\/uploads\/2026\/04\/WhatsApp-Image-2026-03-30-at-04.51.16-1024x768.jpeg\" alt data-id=\"118784\" data-link=\"https:\/\/sansanews.ro\/?attachment_id=118784\" class=\"wp-image-118784\"><\/figure>\n<\/li>\n<\/ul>\n<div class=\"meta-tags\"><span>Etichete<\/span><a href=\"https:\/\/sansanews.ro\/tag\/alunecare-cislau\/\" rel=\"tag\">alunecare cislau<\/a><a href=\"https:\/\/sansanews.ro\/tag\/trans-cislau\/\" rel=\"tag\">trans cislau<\/a><\/div>\n<div class=\"herald-share-content\">\n<div class=\"meks_ess rectangle no-labels outline\"><a class=\"meks_ess-item socicon-facebook\" data-url=\"http:\/\/www.facebook.com\/sharer\/sharer.php?u=https%3A%2F%2Fsansanews.ro%2Fdrum-judetean-recent-reabilitat-distrus-de-ploi-alunecari-de-teren-pe-trans-cislau-circulatie-restrictionata%2F&amp;t=Drum%20jude%C8%9Bean%2C%20recent%20reabilitat%2C%20distrus%20de%20ploi.%20Alunec%C4%83ri%20de%20teren%20pe%20Trans-Cisl%C4%83u%2C%20circula%C8%9Bie%20restric%C8%9Bionat%C4%83\"><span>Facebook<\/span><\/a><a href=\"https:\/\/api.whatsapp.com\/send?text=Drum%20jude%C8%9Bean%2C%20recent%20reabilitat%2C%20distrus%20de%20ploi.%20Alunec%C4%83ri%20de%20teren%20pe%20Trans-Cisl%C4%83u%2C%20circula%C8%9Bie%20restric%C8%9Bionat%C4%83%20https%3A%2F%2Fsansanews.ro%2Fdrum-judetean-recent-reabilitat-distrus-de-ploi-alunecari-de-teren-pe-trans-cislau-circulatie-restrictionata%2F\" class=\"meks_ess-item socicon-whatsapp prevent-share-popup\"><span>WhatsApp<\/span><\/a><a class=\"meks_ess-item socicon-twitter\" data-url=\"http:\/\/twitter.com\/intent\/tweet?url=https%3A%2F%2Fsansanews.ro%2Fdrum-judetean-recent-reabilitat-distrus-de-ploi-alunecari-de-teren-pe-trans-cislau-circulatie-restrictionata%2F&amp;text=Drum%20jude%C8%9Bean%2C%20recent%20reabilitat%2C%20distrus%20de%20ploi.%20Alunec%C4%83ri%20de%20teren%20pe%20Trans-Cisl%C4%83u%2C%20circula%C8%9Bie%20restric%C8%9Bionat%C4%83\"><span>Twitter<\/span><\/a><a class=\"meks_ess-item socicon-pinterest\" data-url=\"http:\/\/pinterest.com\/pin\/create\/button\/?url=https%3A%2F%2Fsansanews.ro%2Fdrum-judetean-recent-reabilitat-distrus-de-ploi-alunecari-de-teren-pe-trans-cislau-circulatie-restrictionata%2F&amp;media=https%3A%2F%2Fsansanews.ro%2Fwp-content%2Fuploads%2F2026%2F04%2FWhatsApp-Image-2026-04-01-at-02.45.23.jpeg&amp;description=Drum%20jude%C8%9Bean%2C%20recent%20reabilitat%2C%20distrus%20de%20ploi.%20Alunec%C4%83ri%20de%20teren%20pe%20Trans-Cisl%C4%83u%2C%20circula%C8%9Bie%20restric%C8%9Bionat%C4%83\"><span>Pinterest<\/span><\/a><\/div>\n<\/div>\n<\/div>\n<p>[analyse_source url=&#8221;https:\/\/sansanews.ro\/drum-judetean-recent-reabilitat-distrus-de-ploi-alunecari-de-teren-pe-trans-cislau-circulatie-restrictionata\/&#8221;]<\/p>\n","protected":false},"excerpt":{"rendered":"<p>[analyse_image type=&#8221;featured&#8221; src=&#8221;https:\/\/sansanews.ro\/wp-content\/uploads\/2026\/04\/WhatsApp-Image-2026-04-01-at-02.45.23.jpeghttps:\/\/sansanews.ro\/wp-content\/uploads\/2026\/04\/WhatsApp-Image-2026-04-01-at-02.45.23.jpeg&#8221;] Alunec\u0103ri de teren pe unul dintre cele mai spectaculoase drumuri din jude\u021bul Buz\u0103u reabilitat \u00een urm\u0103 cu nici patru ani. Este vorba despre Trans-Cisl\u0103u (DJ102C), cunoscut \u0219i ca Drumul Doamnei Neaga, unde luni noaptea au fost semnalate grave probleme din cauza ploilor abundente. Din inform\u0103rile Institu\u021biei Prefectului, drumul s-a rupt \u00een dou\u0103 [&hellip;]<\/p>\n","protected":false},"author":1,"featured_media":0,"comment_status":"open","ping_status":"","sticky":false,"template":"","format":"standard","meta":{"footnotes":""},"categories":[2],"tags":[226,51],"class_list":["post-1859123","post","type-post","status-publish","format-standard","hentry","category-politics","tag-crawlmanager","tag-sansanews-ro"],"_links":{"self":[{"href":"https:\/\/analyse.optim.biz\/index.php?rest_route=\/wp\/v2\/posts\/1859123","targetHints":{"allow":["GET"]}}],"collection":[{"href":"https:\/\/analyse.optim.biz\/index.php?rest_route=\/wp\/v2\/posts"}],"about":[{"href":"https:\/\/analyse.optim.biz\/index.php?rest_route=\/wp\/v2\/types\/post"}],"author":[{"embeddable":true,"href":"https:\/\/analyse.optim.biz\/index.php?rest_route=\/wp\/v2\/users\/1"}],"replies":[{"embeddable":true,"href":"https:\/\/analyse.optim.biz\/index.php?rest_route=%2Fwp%2Fv2%2Fcomments&post=1859123"}],"version-history":[{"count":0,"href":"https:\/\/analyse.optim.biz\/index.php?rest_route=\/wp\/v2\/posts\/1859123\/revisions"}],"wp:attachment":[{"href":"https:\/\/analyse.optim.biz\/index.php?rest_route=%2Fwp%2Fv2%2Fmedia&parent=1859123"}],"wp:term":[{"taxonomy":"category","embeddable":true,"href":"https:\/\/analyse.optim.biz\/index.php?rest_route=%2Fwp%2Fv2%2Fcategories&post=1859123"},{"taxonomy":"post_tag","embeddable":true,"href":"https:\/\/analyse.optim.biz\/index.php?rest_route=%2Fwp%2Fv2%2Ftags&post=1859123"}],"curies":[{"name":"wp","href":"https:\/\/api.w.org\/{rel}","templated":true}]}}