{"id":1858867,"date":"2026-03-26T07:58:41","date_gmt":"2026-03-26T04:58:41","guid":{"rendered":"https:\/\/analyse.optim.biz\/?p=1858867"},"modified":"2026-03-26T07:58:41","modified_gmt":"2026-03-26T04:58:41","slug":"teroare-la-ismail-noaptea-trecuta-o-persoana-ranita-infrastructura-portuara-este-complet-avariata-nu-este-apa-si-energie","status":"publish","type":"post","link":"https:\/\/analyse.optim.biz\/?p=1858867","title":{"rendered":"Teroare la Ismail noaptea trecut\u0103. O persoan\u0103 r\u0103nit\u0103, infrastructura portuar\u0103 este complet avariat\u0103, nu este ap\u0103 \u0219i energie"},"content":{"rendered":"<p>[analyse_image type=&#8221;featured&#8221; src=&#8221;https:\/\/dobrogeanews.b-cdn.net\/wp-content\/uploads\/2026\/03\/Infrastructura-portuara-distrusa-la-Ismail.jpg&#8221;]<\/p>\n<div id=\"post-69413\" class=\"entry single-default post-69413 post type-post status-publish format-standard has-post-thumbnail hentry category-stiri-externe tag-atacat tag-ismail tag-teroare\">\n<div>\n<div class=\"ss-follow-wrapper ss-clearfix ss-regular-buttons ss-columns-1 ss-default-style\">\n<div class=\"ss-follow-column\" data-ss-sf-network-id='\"facebook\"'><a href=\"https:\/\/www.facebook.com\/dobrogeanews\" class=\"ss-follow-network ss-facebook-color\" rel=\"nofollow noopener\" aria-label=\"facebook\" target=\"_blank\"><span class=\"ss-follow-network-label\">Urm\u0103re\u015fte-ne \u015fi pe Facebook!<\/span><span class=\"ss-follow-network-count\"><span class=\"ss-follow-network-count-number\">57K<\/span><span class=\"ss-follow-network-count-label\">Followers<\/span><\/span><\/a><\/div>\n<\/div>\n<\/div>\n<p>Dup\u0103 atacul de noaptea trecut\u0103, la Ismail, infrastructura portuar\u0103 este complet avariat\u0103, nu este ap\u0103 \u0219i energie(!) conform informa\u021biilor care vin din ora\u0219ul ucrainean aflat la 33 km \u00een linie dreapt\u0103 fa\u021b\u0103 de Tulcea (Ora\u0219):<\/p>\n<figure class=\"wp-block-image size-full is-resized\">\n<source type=\"image\/webp\" data-lazy-srcset=\"https:\/\/dobrogeanews.b-cdn.net\/wp-content\/uploads\/2026\/03\/Infrastructura-portuara-distrusa-la-Ismail.jpg.webp 2560w, https:\/\/dobrogeanews.b-cdn.net\/wp-content\/uploads\/2026\/03\/Infrastructura-portuara-distrusa-la-Ismail-300x246.jpg.webp 300w, https:\/\/dobrogeanews.b-cdn.net\/wp-content\/uploads\/2026\/03\/Infrastructura-portuara-distrusa-la-Ismail-1024x840.jpg.webp 1024w, https:\/\/dobrogeanews.b-cdn.net\/wp-content\/uploads\/2026\/03\/Infrastructura-portuara-distrusa-la-Ismail-768x630.jpg.webp 768w, https:\/\/dobrogeanews.b-cdn.net\/wp-content\/uploads\/2026\/03\/Infrastructura-portuara-distrusa-la-Ismail-1536x1260.jpg.webp 1536w, https:\/\/dobrogeanews.b-cdn.net\/wp-content\/uploads\/2026\/03\/Infrastructura-portuara-distrusa-la-Ismail-2048x1680.jpg.webp 2048w\" sizes=\"(max-width: 640px) 100vw, 640px\" \/><br \/>\n<img loading=\"lazy\" decoding=\"async\" src=\"https:\/\/dobrogeanews.b-cdn.net\/wp-content\/uploads\/2026\/03\/Infrastructura-portuara-distrusa-la-Ismail.jpg\" alt=\"Infrastructura portuar\u0103 distrus\u0103 la Ismail\" width=\"640\" height=\"525\"><\/figure>\n<p>\u201eNoaptea, inamicul a atacat din nou masiv regiunea Odesa cu drone. Atacul a avariat infrastructura portuar\u0103, energetic\u0103 \u0219i industrial\u0103. Din p\u0103cate, o persoan\u0103 a fost r\u0103nit\u0103, iar \u00een districtul Izmail, conform informa\u021biilor preliminare, nu au existat decese.<\/p>\n<p>\u00cen prezent, aproximativ 17 mii de abona\u021bi DTEK r\u0103m\u00e2n f\u0103r\u0103 electricitate \u00een districtul Ismail. \u00cen ora\u0219ul Ismail, toat\u0103 infrastructura critic\u0103 func\u021bioneaz\u0103, par\u021bial de la generatoare. \u00cen prezent, nu exist\u0103 alimentare cu ap\u0103 \u00een ora\u0219ul V\u00eelkov\u201d. <\/p>\n<div class=\"monsterinsights-inline-popular-posts monsterinsights-inline-popular-posts-charlie monsterinsights-popular-posts-styled\">\n<div class=\"monsterinsights-inline-popular-posts-text\"><span class=\"monsterinsights-inline-popular-posts-label\">Vezi \u0219i:<\/span><\/p>\n<div class=\"monsterinsights-inline-popular-posts-post\"><a class=\"monsterinsights-inline-popular-posts-title\" href=\"https:\/\/www.dobrogeanews.ro\/cine-este-fata-de-18-ani-care-s-a-sinucis-la-tulcea-soapte-intre-lumi\/\">Cine este fata de 18 ani care s-a sinucis la Tulcea. \u0218oapte \u00eentre lumi \u2026<\/a><\/div>\n<div class=\"monsterinsights-inline-popular-posts-post\"><a class=\"monsterinsights-inline-popular-posts-title\" href=\"https:\/\/www.dobrogeanews.ro\/liliana-marinescu-a-fost-semnat-contractul-de-finantare-pentru-alimentare-cu-gaze-la-baia-in-valoare-de-8-075-000-lei\/\">Liliana Marinescu: A fost semnat contractul de finan\u021bare pentru \u201eAlimentare cu gaze\u201d la Baia \u00een valoare de 8.075.000 lei<\/a><\/div>\n<div class=\"monsterinsights-inline-popular-posts-post\"><a class=\"monsterinsights-inline-popular-posts-title\" href=\"https:\/\/www.dobrogeanews.ro\/video-primarul-stefan-ilie-raspunde-intrebarilor-privind-reabilitarea-strazilor-din-municipiul-tulcea\/\">(Video) Primarul \u0218tefan Ilie, r\u0103spunde \u00eentreb\u0103rilor privind reabilitarea Str\u0103zilor din Municipiul Tulcea<\/a><\/div>\n<\/div>\n<\/div>\n<p class=\"has-text-align-center has-white-color has-text-color has-background\"><span><a href=\"https:\/\/news.google.com\/publications\/CAAqBwgKMIu5pgsw88O-Aw?ceid=RO:ro&amp;oc=3\">Urm\u0103ri\u0163i \u015etirile Dobrogeanews \u015fi pe Google News<\/a><\/span><\/p>\n<\/div>\n<div id=\"post-69413\" class=\"entry single-default post-69413 post type-post status-publish format-standard has-post-thumbnail hentry category-stiri-externe tag-atacat tag-ismail tag-teroare\">\n<div>\n<div class=\"ss-follow-wrapper ss-clearfix ss-regular-buttons ss-columns-1 ss-default-style\">\n<div class=\"ss-follow-column\" data-ss-sf-network-id='\"facebook\"'><a href=\"https:\/\/www.facebook.com\/dobrogeanews\" class=\"ss-follow-network ss-facebook-color\" rel=\"nofollow noopener\" aria-label=\"facebook\" target=\"_blank\"><span class=\"ss-follow-network-label\">Urm\u0103re\u015fte-ne \u015fi pe Facebook!<\/span><span class=\"ss-follow-network-count\"><span class=\"ss-follow-network-count-number\">57K<\/span><span class=\"ss-follow-network-count-label\">Followers<\/span><\/span><\/a><\/div>\n<\/div>\n<\/div>\n<p>Dup\u0103 atacul de noaptea trecut\u0103, la Ismail, infrastructura portuar\u0103 este complet avariat\u0103, nu este ap\u0103 \u0219i energie(!) conform informa\u021biilor care vin din ora\u0219ul ucrainean aflat la 33 km \u00een linie dreapt\u0103 fa\u021b\u0103 de Tulcea (Ora\u0219):<\/p>\n<figure class=\"wp-block-image size-full is-resized\">\n<source type=\"image\/webp\" data-lazy-srcset=\"https:\/\/dobrogeanews.b-cdn.net\/wp-content\/uploads\/2026\/03\/Infrastructura-portuara-distrusa-la-Ismail.jpg.webp 2560w, https:\/\/dobrogeanews.b-cdn.net\/wp-content\/uploads\/2026\/03\/Infrastructura-portuara-distrusa-la-Ismail-300x246.jpg.webp 300w, https:\/\/dobrogeanews.b-cdn.net\/wp-content\/uploads\/2026\/03\/Infrastructura-portuara-distrusa-la-Ismail-1024x840.jpg.webp 1024w, https:\/\/dobrogeanews.b-cdn.net\/wp-content\/uploads\/2026\/03\/Infrastructura-portuara-distrusa-la-Ismail-768x630.jpg.webp 768w, https:\/\/dobrogeanews.b-cdn.net\/wp-content\/uploads\/2026\/03\/Infrastructura-portuara-distrusa-la-Ismail-1536x1260.jpg.webp 1536w, https:\/\/dobrogeanews.b-cdn.net\/wp-content\/uploads\/2026\/03\/Infrastructura-portuara-distrusa-la-Ismail-2048x1680.jpg.webp 2048w\" sizes=\"(max-width: 640px) 100vw, 640px\" \/><br \/>\n<img loading=\"lazy\" decoding=\"async\" src=\"https:\/\/dobrogeanews.b-cdn.net\/wp-content\/uploads\/2026\/03\/Infrastructura-portuara-distrusa-la-Ismail.jpg\" alt=\"Infrastructura portuar\u0103 distrus\u0103 la Ismail\" width=\"640\" height=\"525\"><\/figure>\n<p>\u201eNoaptea, inamicul a atacat din nou masiv regiunea Odesa cu drone. Atacul a avariat infrastructura portuar\u0103, energetic\u0103 \u0219i industrial\u0103. Din p\u0103cate, o persoan\u0103 a fost r\u0103nit\u0103, iar \u00een districtul Izmail, conform informa\u021biilor preliminare, nu au existat decese.<\/p>\n<p>\u00cen prezent, aproximativ 17 mii de abona\u021bi DTEK r\u0103m\u00e2n f\u0103r\u0103 electricitate \u00een districtul Ismail. \u00cen ora\u0219ul Ismail, toat\u0103 infrastructura critic\u0103 func\u021bioneaz\u0103, par\u021bial de la generatoare. \u00cen prezent, nu exist\u0103 alimentare cu ap\u0103 \u00een ora\u0219ul V\u00eelkov\u201d. <\/p>\n<div class=\"monsterinsights-inline-popular-posts monsterinsights-inline-popular-posts-charlie monsterinsights-popular-posts-styled\">\n<div class=\"monsterinsights-inline-popular-posts-text\"><span class=\"monsterinsights-inline-popular-posts-label\">Vezi \u0219i:<\/span><\/p>\n<div class=\"monsterinsights-inline-popular-posts-post\"><a class=\"monsterinsights-inline-popular-posts-title\" href=\"https:\/\/www.dobrogeanews.ro\/cine-este-fata-de-18-ani-care-s-a-sinucis-la-tulcea-soapte-intre-lumi\/\">Cine este fata de 18 ani care s-a sinucis la Tulcea. \u0218oapte \u00eentre lumi \u2026<\/a><\/div>\n<div class=\"monsterinsights-inline-popular-posts-post\"><a class=\"monsterinsights-inline-popular-posts-title\" href=\"https:\/\/www.dobrogeanews.ro\/liliana-marinescu-a-fost-semnat-contractul-de-finantare-pentru-alimentare-cu-gaze-la-baia-in-valoare-de-8-075-000-lei\/\">Liliana Marinescu: A fost semnat contractul de finan\u021bare pentru \u201eAlimentare cu gaze\u201d la Baia \u00een valoare de 8.075.000 lei<\/a><\/div>\n<div class=\"monsterinsights-inline-popular-posts-post\"><a class=\"monsterinsights-inline-popular-posts-title\" href=\"https:\/\/www.dobrogeanews.ro\/video-primarul-stefan-ilie-raspunde-intrebarilor-privind-reabilitarea-strazilor-din-municipiul-tulcea\/\">(Video) Primarul \u0218tefan Ilie, r\u0103spunde \u00eentreb\u0103rilor privind reabilitarea Str\u0103zilor din Municipiul Tulcea<\/a><\/div>\n<\/div>\n<\/div>\n<p class=\"has-text-align-center has-white-color has-text-color has-background\"><span><a href=\"https:\/\/news.google.com\/publications\/CAAqBwgKMIu5pgsw88O-Aw?ceid=RO:ro&amp;oc=3\">Urm\u0103ri\u0163i \u015etirile Dobrogeanews \u015fi pe Google News<\/a><\/span><\/p>\n<\/div>\n<p>[analyse_source url=&#8221;https:\/\/www.dobrogeanews.ro\/teroare-la-ismail-noaptea-trecuta-o-persoana-ranita-infrastructura-portuara-este-complet-avariata-nu-este-apa-si-energie\/&#8221;]<\/p>\n","protected":false},"excerpt":{"rendered":"<p>[analyse_image type=&#8221;featured&#8221; src=&#8221;https:\/\/dobrogeanews.b-cdn.net\/wp-content\/uploads\/2026\/03\/Infrastructura-portuara-distrusa-la-Ismail.jpg&#8221;] Urm\u0103re\u015fte-ne \u015fi pe Facebook!57KFollowers Dup\u0103 atacul de noaptea trecut\u0103, la Ismail, infrastructura portuar\u0103 este complet avariat\u0103, nu este ap\u0103 \u0219i energie(!) conform informa\u021biilor care vin din ora\u0219ul ucrainean aflat la 33 km \u00een linie dreapt\u0103 fa\u021b\u0103 de Tulcea (Ora\u0219): \u201eNoaptea, inamicul a atacat din nou masiv regiunea Odesa cu drone. Atacul a [&hellip;]<\/p>\n","protected":false},"author":1,"featured_media":0,"comment_status":"open","ping_status":"","sticky":false,"template":"","format":"standard","meta":{"footnotes":""},"categories":[89],"tags":[226,223],"class_list":["post-1858867","post","type-post","status-publish","format-standard","hentry","category-romania","tag-crawlmanager","tag-dobrogeanews-ro"],"_links":{"self":[{"href":"https:\/\/analyse.optim.biz\/index.php?rest_route=\/wp\/v2\/posts\/1858867","targetHints":{"allow":["GET"]}}],"collection":[{"href":"https:\/\/analyse.optim.biz\/index.php?rest_route=\/wp\/v2\/posts"}],"about":[{"href":"https:\/\/analyse.optim.biz\/index.php?rest_route=\/wp\/v2\/types\/post"}],"author":[{"embeddable":true,"href":"https:\/\/analyse.optim.biz\/index.php?rest_route=\/wp\/v2\/users\/1"}],"replies":[{"embeddable":true,"href":"https:\/\/analyse.optim.biz\/index.php?rest_route=%2Fwp%2Fv2%2Fcomments&post=1858867"}],"version-history":[{"count":0,"href":"https:\/\/analyse.optim.biz\/index.php?rest_route=\/wp\/v2\/posts\/1858867\/revisions"}],"wp:attachment":[{"href":"https:\/\/analyse.optim.biz\/index.php?rest_route=%2Fwp%2Fv2%2Fmedia&parent=1858867"}],"wp:term":[{"taxonomy":"category","embeddable":true,"href":"https:\/\/analyse.optim.biz\/index.php?rest_route=%2Fwp%2Fv2%2Fcategories&post=1858867"},{"taxonomy":"post_tag","embeddable":true,"href":"https:\/\/analyse.optim.biz\/index.php?rest_route=%2Fwp%2Fv2%2Ftags&post=1858867"}],"curies":[{"name":"wp","href":"https:\/\/api.w.org\/{rel}","templated":true}]}}