{"id":1858863,"date":"2026-03-25T10:15:39","date_gmt":"2026-03-25T07:15:39","guid":{"rendered":"https:\/\/analyse.optim.biz\/?p=1858863"},"modified":"2026-03-25T10:15:39","modified_gmt":"2026-03-25T07:15:39","slug":"macin-depistat-la-volan-sub-influenta-alcoolului","status":"publish","type":"post","link":"https:\/\/analyse.optim.biz\/?p=1858863","title":{"rendered":"M\u0103cin: Depistat la volan sub influen\u021ba alcoolului"},"content":{"rendered":"<p>[analyse_image type=&#8221;featured&#8221; src=&#8221;https:\/\/dobrogeanews.b-cdn.net\/wp-content\/uploads\/2026\/03\/Depistat-la-volan-baut.jpg&#8221;]<\/p>\n<div id=\"post-69380\" class=\"entry single-default post-69380 post type-post status-publish format-standard has-post-thumbnail hentry category-macin\">\n<div>\n<div class=\"ss-follow-wrapper ss-clearfix ss-regular-buttons ss-columns-1 ss-default-style\">\n<div class=\"ss-follow-column\" data-ss-sf-network-id='\"facebook\"'><a href=\"https:\/\/www.facebook.com\/dobrogeanews\" class=\"ss-follow-network ss-facebook-color\" rel=\"nofollow noopener\" aria-label=\"facebook\" target=\"_blank\"><span class=\"ss-follow-network-label\">Urm\u0103re\u015fte-ne \u015fi pe Facebook!<\/span><span class=\"ss-follow-network-count\"><span class=\"ss-follow-network-count-number\">57K<\/span><span class=\"ss-follow-network-count-label\">Followers<\/span><\/span><\/a><\/div>\n<\/div>\n<\/div>\n<p>La data de 24 martie 2026, \u00een jurul orei 17:30, poli\u021bi\u0219tii din cadrul Poli\u021biei Ora\u0219 M\u0103cin au oprit \u00een trafic pentru un control, un autoturism care circula \u00een ora\u0219ul M\u0103cin, jude\u021bul Tulcea.<\/p>\n<p>\u00cen urma verific\u0103rilor efectuate, s-a stabilit faptul c\u0103 la volan se afla un b\u0103rbat de 52 de ani, din ora\u0219ul M\u0103cin.<\/p>\n<p>Conduc\u0103torul auto a fost testat cu aparatul etilotest, rezultatul indic\u00e2nd o valoare de 1,03 mg\/l alcool pur \u00een aerul expirat.<\/p>\n<figure class=\"wp-block-image size-full is-resized\">\n<source type=\"image\/webp\" data-lazy-srcset=\"https:\/\/dobrogeanews.b-cdn.net\/wp-content\/uploads\/2026\/03\/Depistat-la-volan-baut.jpg.webp 2560w, https:\/\/dobrogeanews.b-cdn.net\/wp-content\/uploads\/2026\/03\/Depistat-la-volan-baut-300x246.jpg.webp 300w, https:\/\/dobrogeanews.b-cdn.net\/wp-content\/uploads\/2026\/03\/Depistat-la-volan-baut-1024x840.jpg.webp 1024w, https:\/\/dobrogeanews.b-cdn.net\/wp-content\/uploads\/2026\/03\/Depistat-la-volan-baut-768x630.jpg.webp 768w, https:\/\/dobrogeanews.b-cdn.net\/wp-content\/uploads\/2026\/03\/Depistat-la-volan-baut-1536x1260.jpg.webp 1536w, https:\/\/dobrogeanews.b-cdn.net\/wp-content\/uploads\/2026\/03\/Depistat-la-volan-baut-2048x1680.jpg.webp 2048w\" sizes=\"(max-width: 640px) 100vw, 640px\" \/><br \/>\n<img loading=\"lazy\" decoding=\"async\" src=\"https:\/\/dobrogeanews.b-cdn.net\/wp-content\/uploads\/2026\/03\/Depistat-la-volan-baut.jpg\" alt=\"M\u0103cin Depistat la volan sub influen\u021ba alcoolului\" width=\"640\" height=\"525\"><\/figure>\n<p>\u00cen cauz\u0103 a fost \u00eentocmit dosar penal sub aspectul s\u0103v\u00e2r\u0219irii infrac\u021biunii de conducerea unui vehicul sub influen\u021ba b\u0103uturilor alcoolice sau a substan\u021belor psihoactive.<\/p>\n<p>Cercet\u0103rile sunt continuate pentru stabilirea tuturor \u00eemprejur\u0103rilor \u00een care a avut loc evenimentul.<\/p>\n<div class=\"monsterinsights-inline-popular-posts monsterinsights-inline-popular-posts-charlie monsterinsights-popular-posts-styled\">\n<div class=\"monsterinsights-inline-popular-posts-text\"><span class=\"monsterinsights-inline-popular-posts-label\">Vezi \u0219i:<\/span><\/p>\n<div class=\"monsterinsights-inline-popular-posts-post\"><a class=\"monsterinsights-inline-popular-posts-title\" href=\"https:\/\/www.dobrogeanews.ro\/cine-este-fata-de-18-ani-care-s-a-sinucis-la-tulcea-soapte-intre-lumi\/\">Cine este fata de 18 ani care s-a sinucis la Tulcea. \u0218oapte \u00eentre lumi \u2026<\/a><\/div>\n<div class=\"monsterinsights-inline-popular-posts-post\"><a class=\"monsterinsights-inline-popular-posts-title\" href=\"https:\/\/www.dobrogeanews.ro\/primaria-tulcea-amenajeaza-un-parc-urban-de-peste-3-700-mp-in-zona-aquaserv-pe-strada-babadag-proiect-finantat-din-fonduri-europene\/\">Prim\u0103ria Tulcea amenajeaz\u0103 un Parc Urban de peste 3.700 mp \u00een zona Aquaserv, pe strada Babadag. Proiect finan\u021bat din fonduri europene<\/a><\/div>\n<div class=\"monsterinsights-inline-popular-posts-post\"><a class=\"monsterinsights-inline-popular-posts-title\" href=\"https:\/\/www.dobrogeanews.ro\/liliana-marinescu-a-fost-semnat-contractul-de-finantare-pentru-alimentare-cu-gaze-la-baia-in-valoare-de-8-075-000-lei\/\">Liliana Marinescu: A fost semnat contractul de finan\u021bare pentru \u201eAlimentare cu gaze\u201d la Baia \u00een valoare de 8.075.000 lei<\/a><\/div>\n<\/div>\n<\/div>\n<p class=\"has-text-align-center has-white-color has-text-color has-background\"><span><a href=\"https:\/\/news.google.com\/publications\/CAAqBwgKMIu5pgsw88O-Aw?ceid=RO:ro&amp;oc=3\">Urm\u0103ri\u0163i \u015etirile Dobrogeanews \u015fi pe Google News<\/a><\/span><\/p>\n<\/div>\n<div id=\"post-69380\" class=\"entry single-default post-69380 post type-post status-publish format-standard has-post-thumbnail hentry category-macin\">\n<div>\n<div class=\"ss-follow-wrapper ss-clearfix ss-regular-buttons ss-columns-1 ss-default-style\">\n<div class=\"ss-follow-column\" data-ss-sf-network-id='\"facebook\"'><a href=\"https:\/\/www.facebook.com\/dobrogeanews\" class=\"ss-follow-network ss-facebook-color\" rel=\"nofollow noopener\" aria-label=\"facebook\" target=\"_blank\"><span class=\"ss-follow-network-label\">Urm\u0103re\u015fte-ne \u015fi pe Facebook!<\/span><span class=\"ss-follow-network-count\"><span class=\"ss-follow-network-count-number\">57K<\/span><span class=\"ss-follow-network-count-label\">Followers<\/span><\/span><\/a><\/div>\n<\/div>\n<\/div>\n<p>La data de 24 martie 2026, \u00een jurul orei 17:30, poli\u021bi\u0219tii din cadrul Poli\u021biei Ora\u0219 M\u0103cin au oprit \u00een trafic pentru un control, un autoturism care circula \u00een ora\u0219ul M\u0103cin, jude\u021bul Tulcea.<\/p>\n<p>\u00cen urma verific\u0103rilor efectuate, s-a stabilit faptul c\u0103 la volan se afla un b\u0103rbat de 52 de ani, din ora\u0219ul M\u0103cin.<\/p>\n<p>Conduc\u0103torul auto a fost testat cu aparatul etilotest, rezultatul indic\u00e2nd o valoare de 1,03 mg\/l alcool pur \u00een aerul expirat.<\/p>\n<figure class=\"wp-block-image size-full is-resized\">\n<source type=\"image\/webp\" data-lazy-srcset=\"https:\/\/dobrogeanews.b-cdn.net\/wp-content\/uploads\/2026\/03\/Depistat-la-volan-baut.jpg.webp 2560w, https:\/\/dobrogeanews.b-cdn.net\/wp-content\/uploads\/2026\/03\/Depistat-la-volan-baut-300x246.jpg.webp 300w, https:\/\/dobrogeanews.b-cdn.net\/wp-content\/uploads\/2026\/03\/Depistat-la-volan-baut-1024x840.jpg.webp 1024w, https:\/\/dobrogeanews.b-cdn.net\/wp-content\/uploads\/2026\/03\/Depistat-la-volan-baut-768x630.jpg.webp 768w, https:\/\/dobrogeanews.b-cdn.net\/wp-content\/uploads\/2026\/03\/Depistat-la-volan-baut-1536x1260.jpg.webp 1536w, https:\/\/dobrogeanews.b-cdn.net\/wp-content\/uploads\/2026\/03\/Depistat-la-volan-baut-2048x1680.jpg.webp 2048w\" sizes=\"(max-width: 640px) 100vw, 640px\" \/><br \/>\n<img loading=\"lazy\" decoding=\"async\" src=\"https:\/\/dobrogeanews.b-cdn.net\/wp-content\/uploads\/2026\/03\/Depistat-la-volan-baut.jpg\" alt=\"M\u0103cin Depistat la volan sub influen\u021ba alcoolului\" width=\"640\" height=\"525\"><\/figure>\n<p>\u00cen cauz\u0103 a fost \u00eentocmit dosar penal sub aspectul s\u0103v\u00e2r\u0219irii infrac\u021biunii de conducerea unui vehicul sub influen\u021ba b\u0103uturilor alcoolice sau a substan\u021belor psihoactive.<\/p>\n<p>Cercet\u0103rile sunt continuate pentru stabilirea tuturor \u00eemprejur\u0103rilor \u00een care a avut loc evenimentul.<\/p>\n<div class=\"monsterinsights-inline-popular-posts monsterinsights-inline-popular-posts-charlie monsterinsights-popular-posts-styled\">\n<div class=\"monsterinsights-inline-popular-posts-text\"><span class=\"monsterinsights-inline-popular-posts-label\">Vezi \u0219i:<\/span><\/p>\n<div class=\"monsterinsights-inline-popular-posts-post\"><a class=\"monsterinsights-inline-popular-posts-title\" href=\"https:\/\/www.dobrogeanews.ro\/cine-este-fata-de-18-ani-care-s-a-sinucis-la-tulcea-soapte-intre-lumi\/\">Cine este fata de 18 ani care s-a sinucis la Tulcea. \u0218oapte \u00eentre lumi \u2026<\/a><\/div>\n<div class=\"monsterinsights-inline-popular-posts-post\"><a class=\"monsterinsights-inline-popular-posts-title\" href=\"https:\/\/www.dobrogeanews.ro\/primaria-tulcea-amenajeaza-un-parc-urban-de-peste-3-700-mp-in-zona-aquaserv-pe-strada-babadag-proiect-finantat-din-fonduri-europene\/\">Prim\u0103ria Tulcea amenajeaz\u0103 un Parc Urban de peste 3.700 mp \u00een zona Aquaserv, pe strada Babadag. Proiect finan\u021bat din fonduri europene<\/a><\/div>\n<div class=\"monsterinsights-inline-popular-posts-post\"><a class=\"monsterinsights-inline-popular-posts-title\" href=\"https:\/\/www.dobrogeanews.ro\/liliana-marinescu-a-fost-semnat-contractul-de-finantare-pentru-alimentare-cu-gaze-la-baia-in-valoare-de-8-075-000-lei\/\">Liliana Marinescu: A fost semnat contractul de finan\u021bare pentru \u201eAlimentare cu gaze\u201d la Baia \u00een valoare de 8.075.000 lei<\/a><\/div>\n<\/div>\n<\/div>\n<p class=\"has-text-align-center has-white-color has-text-color has-background\"><span><a href=\"https:\/\/news.google.com\/publications\/CAAqBwgKMIu5pgsw88O-Aw?ceid=RO:ro&amp;oc=3\">Urm\u0103ri\u0163i \u015etirile Dobrogeanews \u015fi pe Google News<\/a><\/span><\/p>\n<\/div>\n<p>[analyse_source url=&#8221;https:\/\/www.dobrogeanews.ro\/macin-depistat-la-volan-sub-influenta-alcoolului\/&#8221;]<\/p>\n","protected":false},"excerpt":{"rendered":"<p>[analyse_image type=&#8221;featured&#8221; src=&#8221;https:\/\/dobrogeanews.b-cdn.net\/wp-content\/uploads\/2026\/03\/Depistat-la-volan-baut.jpg&#8221;] Urm\u0103re\u015fte-ne \u015fi pe Facebook!57KFollowers La data de 24 martie 2026, \u00een jurul orei 17:30, poli\u021bi\u0219tii din cadrul Poli\u021biei Ora\u0219 M\u0103cin au oprit \u00een trafic pentru un control, un autoturism care circula \u00een ora\u0219ul M\u0103cin, jude\u021bul Tulcea. \u00cen urma verific\u0103rilor efectuate, s-a stabilit faptul c\u0103 la volan se afla un b\u0103rbat de 52 [&hellip;]<\/p>\n","protected":false},"author":1,"featured_media":0,"comment_status":"open","ping_status":"","sticky":false,"template":"","format":"standard","meta":{"footnotes":""},"categories":[89],"tags":[226,223],"class_list":["post-1858863","post","type-post","status-publish","format-standard","hentry","category-romania","tag-crawlmanager","tag-dobrogeanews-ro"],"_links":{"self":[{"href":"https:\/\/analyse.optim.biz\/index.php?rest_route=\/wp\/v2\/posts\/1858863","targetHints":{"allow":["GET"]}}],"collection":[{"href":"https:\/\/analyse.optim.biz\/index.php?rest_route=\/wp\/v2\/posts"}],"about":[{"href":"https:\/\/analyse.optim.biz\/index.php?rest_route=\/wp\/v2\/types\/post"}],"author":[{"embeddable":true,"href":"https:\/\/analyse.optim.biz\/index.php?rest_route=\/wp\/v2\/users\/1"}],"replies":[{"embeddable":true,"href":"https:\/\/analyse.optim.biz\/index.php?rest_route=%2Fwp%2Fv2%2Fcomments&post=1858863"}],"version-history":[{"count":0,"href":"https:\/\/analyse.optim.biz\/index.php?rest_route=\/wp\/v2\/posts\/1858863\/revisions"}],"wp:attachment":[{"href":"https:\/\/analyse.optim.biz\/index.php?rest_route=%2Fwp%2Fv2%2Fmedia&parent=1858863"}],"wp:term":[{"taxonomy":"category","embeddable":true,"href":"https:\/\/analyse.optim.biz\/index.php?rest_route=%2Fwp%2Fv2%2Fcategories&post=1858863"},{"taxonomy":"post_tag","embeddable":true,"href":"https:\/\/analyse.optim.biz\/index.php?rest_route=%2Fwp%2Fv2%2Ftags&post=1858863"}],"curies":[{"name":"wp","href":"https:\/\/api.w.org\/{rel}","templated":true}]}}