{"id":1858851,"date":"2026-04-01T07:08:58","date_gmt":"2026-04-01T04:08:58","guid":{"rendered":"https:\/\/analyse.optim.biz\/?p=1858851"},"modified":"2026-04-01T07:08:58","modified_gmt":"2026-04-01T04:08:58","slug":"spitalul-judetean-timisoara-a-inaugurat-compartimentul-de-alergologie-si-imunologie-clinica","status":"publish","type":"post","link":"https:\/\/analyse.optim.biz\/?p=1858851","title":{"rendered":"Spitalul Jude\u0163ean Timi\u0219oara a inaugurat Compartimentul de Alergologie \u015fi Imunologie Clinic\u0103"},"content":{"rendered":"<p>[analyse_image type=&#8221;featured&#8221; src=&#8221;https:\/\/focustim.ro\/wp-content\/uploads\/2019\/05\/Spitalul-Judetean-Timisoara.jpg&#8221;]<\/p>\n<article id=\"post-39841\" class=\"penci-single-artcontent noloaddisqus post-39841 post type-post status-publish format-standard has-post-thumbnail hentry category-actualitate category-featured category-sanatate tag-imunologie tag-judetean penci-post-item\">\n<header class=\"entry-header penci-entry-header penci-title-\">\n<div class=\"penci-entry-categories\"><span class=\"penci-cat-links\"><a href=\"https:\/\/focustim.ro\/category\/actualitate\/\" rel=\"category tag\">Actualitate<\/a><a href=\"https:\/\/focustim.ro\/category\/featured\/\" rel=\"category tag\">Featured<\/a><a href=\"https:\/\/focustim.ro\/category\/sanatate\/\" rel=\"category tag\">S\u0103n\u0103tate<\/a><\/span><\/div>\n<h1 class=\"entry-title penci-entry-title penci-title-\">Spitalul Jude\u0163ean Timi\u0219oara a inaugurat Compartimentul de Alergologie \u015fi Imunologie Clinic\u0103<\/h1>\n<div class=\"entry-meta penci-entry-meta\"><span class=\"entry-meta-item penci-posted-on\"><time class=\"entry-date published\" datetime=\"2026-04-01T10:08:58+03:00\">01\/04\/2026<\/time><time class=\"updated\" datetime=\"2026-04-01T10:09:04+03:00\">01\/04\/2026<\/time><\/span><span class=\"entry-meta-item penci-comment-count\"><a class=\"penci_pmeta-link\" href=\"https:\/\/focustim.ro\/spitalul-judetean-timisoara-a-inaugurat-compartimentul-de-alergologie-si-imunologie-clinica\/#respond\">0<\/a><\/span><\/div>\n<p><span class=\"penci-social-buttons penci-social-share-footer\"><span class=\"penci-social-share-text\">Distribuie<\/span><a href=\"https:\/\/focustim.ro\/spitalul-judetean-timisoara-a-inaugurat-compartimentul-de-alergologie-si-imunologie-clinica\/\" class=\"penci-post-like penci_post-meta_item  single-like-button penci-social-item like\" data-post_id=\"39841\" title=\"Like\" data-like=\"Like\" data-unlike=\"Unlike\"><span class=\"penci-share-number\">0<\/span><\/a><\/span><\/header>\n<div class=\"entry-media penci-entry-media\">\n<div class=\"post-format-meta \">\n<div class=\"post-image penci-standard-format\"><img decoding=\"async\" width=\"600\" height=\"426\" src=\"https:\/\/focustim.ro\/wp-content\/uploads\/2019\/05\/Spitalul-Judetean-Timisoara.jpg\" class=\"attachment-penci-thumb-960-auto size-penci-thumb-960-auto wp-post-image\" alt loading=\"lazy\"><\/div>\n<\/div>\n<\/div>\n<div class=\"penci-entry-content entry-content\">\n<p><strong>Spitalul Jude\u0163ean Timi\u015foara a inaugurat, mar\u0163i, primul Compartiment de Alergologie \u015fi Imunologie Clinic\u0103 din vestul \u0163\u0103rii. Pacien\u021bii cu alegerii pot beneficia aici de spitalizare de zi pentru  patologii alergice complexe din mai ales dac\u0103 sunt forme de manifestare e una care nu se poate rezolva \u00een regim de ambulatoriu, adic\u0103 cu tratament f\u0103r\u0103 spitalizare.<\/strong><\/p>\n<p>Sunt viza\u0163i, \u00een egal\u0103 m\u0103sur\u0103, pacien\u0163i cu o patologie alergic\u0103 respiratorie, digestiv\u0103 sau cutanat\u0103 cu manifest\u0103ri care se \u00eentind pe lungi perioade de timp \u015fi pentru care nu se cunoa\u015fte alergenul cauzator, dar \u015fi pacien\u0163i cu alergii medicamentoase sau la veninul de viespe \u015fi albin\u0103, cu risc de \u015foc anafilactic, potrivit Agerpres.<\/p>\n<p>Coordonatorul Compartimentului, alergolog Carmen Bunu, spune c\u0103 aici pot veni at\u00e2t pacien\u0163i cu alergii medicamentoase sau care doar cred c\u0103 au o alergie medicamentoas\u0103 \u015fi, gratuit, \u00een baza unui bilet de trimitere de la medicul de familie, pot fi testa\u0163i, iar \u00een c\u00e2teva ore li se d\u0103 diagnosticul de precizie.<\/p>\n<p>\u201eNoi le facem aceste test\u0103ri \u00een condi\u0163ii de maxim\u0103 siguran\u0163\u0103, cu proceduri standardizate ale Universit\u0103\u0163ii din Montpellier. Vom avea chiar un registru comun \u00een care vom putea comunica \u00een toate cazurile noastre \u015fi prin sistemul pe care \u00eel avem \u00een centru putem oric\u00e2nd s\u0103 beneficiem de sfatul colegilor din Montpellier. Apoi, este important s\u0103 g\u0103sim medicamentul pe care \u00eel pot tolera, iar dac\u0103 nu sunt alergici, s\u0103 \u00eei scoatem din starea de team\u0103 c\u0103 ar fi alergici la medicamente. Am avut \u00een urm\u0103 cu trei s\u0103pt\u0103m\u00e2ni o t\u00e2n\u0103r\u0103 student\u0103 care, crez\u00e2ndu-se alergic\u0103 de mic\u0103, nu a \u00eenghi\u0163it niciodat\u0103 o tablet\u0103. Nu \u015ftia s\u0103 \u00eenghit\u0103 o tablet\u0103. Testele au demonstrat c\u0103 nu era alergic\u0103\u201d, a explicat Carmen Bunu.<\/p>\n<div class=\"sharedaddy sd-sharing-enabled\">\n<div class=\"robots-nocontent sd-block sd-social sd-social-icon-text sd-sharing\">\n<h3 class=\"sd-title\">Partajeaz\u0103 asta:<\/h3>\n<div class=\"sd-content\">\n<ul>\n<li class=\"share-twitter\"><a rel=\"nofollow noopener noreferrer\" data-shared=\"sharing-twitter-39841\" class=\"share-twitter sd-button share-icon\" href=\"https:\/\/focustim.ro\/spitalul-judetean-timisoara-a-inaugurat-compartimentul-de-alergologie-si-imunologie-clinica\/?share=twitter\" target=\"_blank\" title=\"D\u0103 clic pentru a partaja pe Twitter\"><span>Twitter<\/span><\/a><\/li>\n<li class=\"share-facebook\"><a rel=\"nofollow noopener noreferrer\" data-shared=\"sharing-facebook-39841\" class=\"share-facebook sd-button share-icon\" href=\"https:\/\/focustim.ro\/spitalul-judetean-timisoara-a-inaugurat-compartimentul-de-alergologie-si-imunologie-clinica\/?share=facebook\" target=\"_blank\" title=\"D\u0103 clic pentru a partaja pe Facebook\"><span>Facebook<\/span><\/a><\/li>\n<li class=\"share-end\"><\/ul>\n<\/div>\n<\/div>\n<\/div>\n<div class=\"sharedaddy sd-block sd-like jetpack-likes-widget-wrapper jetpack-likes-widget-unloaded\" id=\"like-post-wrapper-167025405-39841-69cce2fc12876\" data-src=\"https:\/\/widgets.wp.com\/likes\/#blog_id=167025405&amp;post_id=39841&amp;origin=focustim.ro&amp;obj_id=167025405-39841-69cce2fc12876\" data-name=\"like-post-frame-167025405-39841-69cce2fc12876\" data-title=\"Apreciaz\u0103 sau republic\u0103\">\n<h3 class=\"sd-title\">Apreciaz\u0103:<\/h3>\n<div class=\"likes-widget-placeholder post-likes-widget-placeholder\"><span class=\"button\"><span>Apreciere<\/span><\/span><span class=\"loading\">\u00cencarc&#8230;<\/span><\/div>\n<\/div>\n<\/div>\n<footer class=\"penci-entry-footer\">\n<div class=\"penci-source-via-tags-wrap\"><span class=\"tags-links penci-tags-links\"><a href=\"https:\/\/focustim.ro\/tag\/imunologie\/\" rel=\"tag\">imunologie<\/a><a href=\"https:\/\/focustim.ro\/tag\/judetean\/\" rel=\"tag\">judetean<\/a><\/span><\/div>\n<p><span class=\"penci-social-buttons penci-social-share-footer\"><span class=\"penci-social-share-text\">Distribuie<\/span><a href=\"https:\/\/focustim.ro\/spitalul-judetean-timisoara-a-inaugurat-compartimentul-de-alergologie-si-imunologie-clinica\/\" class=\"penci-post-like penci_post-meta_item  single-like-button penci-social-item like\" data-post_id=\"39841\" title=\"Like\" data-like=\"Like\" data-unlike=\"Unlike\"><span class=\"penci-share-number\">0<\/span><\/a><\/span><\/footer>\n<\/article>\n<div class=\"penci-entry-content entry-content\">\n<p><strong>Spitalul Jude\u0163ean Timi\u015foara a inaugurat, mar\u0163i, primul Compartiment de Alergologie \u015fi Imunologie Clinic\u0103 din vestul \u0163\u0103rii. Pacien\u021bii cu alegerii pot beneficia aici de spitalizare de zi pentru  patologii alergice complexe din mai ales dac\u0103 sunt forme de manifestare e una care nu se poate rezolva \u00een regim de ambulatoriu, adic\u0103 cu tratament f\u0103r\u0103 spitalizare.<\/strong><\/p>\n<p>Sunt viza\u0163i, \u00een egal\u0103 m\u0103sur\u0103, pacien\u0163i cu o patologie alergic\u0103 respiratorie, digestiv\u0103 sau cutanat\u0103 cu manifest\u0103ri care se \u00eentind pe lungi perioade de timp \u015fi pentru care nu se cunoa\u015fte alergenul cauzator, dar \u015fi pacien\u0163i cu alergii medicamentoase sau la veninul de viespe \u015fi albin\u0103, cu risc de \u015foc anafilactic, potrivit Agerpres.<\/p>\n<p>Coordonatorul Compartimentului, alergolog Carmen Bunu, spune c\u0103 aici pot veni at\u00e2t pacien\u0163i cu alergii medicamentoase sau care doar cred c\u0103 au o alergie medicamentoas\u0103 \u015fi, gratuit, \u00een baza unui bilet de trimitere de la medicul de familie, pot fi testa\u0163i, iar \u00een c\u00e2teva ore li se d\u0103 diagnosticul de precizie.<\/p>\n<p>\u201eNoi le facem aceste test\u0103ri \u00een condi\u0163ii de maxim\u0103 siguran\u0163\u0103, cu proceduri standardizate ale Universit\u0103\u0163ii din Montpellier. Vom avea chiar un registru comun \u00een care vom putea comunica \u00een toate cazurile noastre \u015fi prin sistemul pe care \u00eel avem \u00een centru putem oric\u00e2nd s\u0103 beneficiem de sfatul colegilor din Montpellier. Apoi, este important s\u0103 g\u0103sim medicamentul pe care \u00eel pot tolera, iar dac\u0103 nu sunt alergici, s\u0103 \u00eei scoatem din starea de team\u0103 c\u0103 ar fi alergici la medicamente. Am avut \u00een urm\u0103 cu trei s\u0103pt\u0103m\u00e2ni o t\u00e2n\u0103r\u0103 student\u0103 care, crez\u00e2ndu-se alergic\u0103 de mic\u0103, nu a \u00eenghi\u0163it niciodat\u0103 o tablet\u0103. Nu \u015ftia s\u0103 \u00eenghit\u0103 o tablet\u0103. Testele au demonstrat c\u0103 nu era alergic\u0103\u201d, a explicat Carmen Bunu.<\/p>\n<div class=\"sharedaddy sd-sharing-enabled\">\n<div class=\"robots-nocontent sd-block sd-social sd-social-icon-text sd-sharing\">\n<h3 class=\"sd-title\">Partajeaz\u0103 asta:<\/h3>\n<div class=\"sd-content\">\n<ul>\n<li class=\"share-twitter\"><a rel=\"nofollow noopener noreferrer\" data-shared=\"sharing-twitter-39841\" class=\"share-twitter sd-button share-icon\" href=\"https:\/\/focustim.ro\/spitalul-judetean-timisoara-a-inaugurat-compartimentul-de-alergologie-si-imunologie-clinica\/?share=twitter\" target=\"_blank\" title=\"D\u0103 clic pentru a partaja pe Twitter\"><span>Twitter<\/span><\/a><\/li>\n<li class=\"share-facebook\"><a rel=\"nofollow noopener noreferrer\" data-shared=\"sharing-facebook-39841\" class=\"share-facebook sd-button share-icon\" href=\"https:\/\/focustim.ro\/spitalul-judetean-timisoara-a-inaugurat-compartimentul-de-alergologie-si-imunologie-clinica\/?share=facebook\" target=\"_blank\" title=\"D\u0103 clic pentru a partaja pe Facebook\"><span>Facebook<\/span><\/a><\/li>\n<li class=\"share-end\"><\/ul>\n<\/div>\n<\/div>\n<\/div>\n<div class=\"sharedaddy sd-block sd-like jetpack-likes-widget-wrapper jetpack-likes-widget-unloaded\" id=\"like-post-wrapper-167025405-39841-69cce2fc12876\" data-src=\"https:\/\/widgets.wp.com\/likes\/#blog_id=167025405&amp;post_id=39841&amp;origin=focustim.ro&amp;obj_id=167025405-39841-69cce2fc12876\" data-name=\"like-post-frame-167025405-39841-69cce2fc12876\" data-title=\"Apreciaz\u0103 sau republic\u0103\">\n<h3 class=\"sd-title\">Apreciaz\u0103:<\/h3>\n<div class=\"likes-widget-placeholder post-likes-widget-placeholder\"><span class=\"button\"><span>Apreciere<\/span><\/span><span class=\"loading\">\u00cencarc&#8230;<\/span><\/div>\n<\/div>\n<\/div>\n<p>[analyse_source url=&#8221;https:\/\/focustim.ro\/spitalul-judetean-timisoara-a-inaugurat-compartimentul-de-alergologie-si-imunologie-clinica\/&#8221;]<\/p>\n","protected":false},"excerpt":{"rendered":"<p>[analyse_image type=&#8221;featured&#8221; src=&#8221;https:\/\/focustim.ro\/wp-content\/uploads\/2019\/05\/Spitalul-Judetean-Timisoara.jpg&#8221;] ActualitateFeaturedS\u0103n\u0103tate Spitalul Jude\u0163ean Timi\u0219oara a inaugurat Compartimentul de Alergologie \u015fi Imunologie Clinic\u0103 01\/04\/202601\/04\/20260 Distribuie0 Spitalul Jude\u0163ean Timi\u015foara a inaugurat, mar\u0163i, primul Compartiment de Alergologie \u015fi Imunologie Clinic\u0103 din vestul \u0163\u0103rii. Pacien\u021bii cu alegerii pot beneficia aici de spitalizare de zi pentru patologii alergice complexe din mai ales dac\u0103 sunt forme de manifestare [&hellip;]<\/p>\n","protected":false},"author":1,"featured_media":0,"comment_status":"open","ping_status":"","sticky":false,"template":"","format":"standard","meta":{"footnotes":""},"categories":[89],"tags":[226,197],"class_list":["post-1858851","post","type-post","status-publish","format-standard","hentry","category-romania","tag-crawlmanager","tag-focustim-ro"],"_links":{"self":[{"href":"https:\/\/analyse.optim.biz\/index.php?rest_route=\/wp\/v2\/posts\/1858851","targetHints":{"allow":["GET"]}}],"collection":[{"href":"https:\/\/analyse.optim.biz\/index.php?rest_route=\/wp\/v2\/posts"}],"about":[{"href":"https:\/\/analyse.optim.biz\/index.php?rest_route=\/wp\/v2\/types\/post"}],"author":[{"embeddable":true,"href":"https:\/\/analyse.optim.biz\/index.php?rest_route=\/wp\/v2\/users\/1"}],"replies":[{"embeddable":true,"href":"https:\/\/analyse.optim.biz\/index.php?rest_route=%2Fwp%2Fv2%2Fcomments&post=1858851"}],"version-history":[{"count":0,"href":"https:\/\/analyse.optim.biz\/index.php?rest_route=\/wp\/v2\/posts\/1858851\/revisions"}],"wp:attachment":[{"href":"https:\/\/analyse.optim.biz\/index.php?rest_route=%2Fwp%2Fv2%2Fmedia&parent=1858851"}],"wp:term":[{"taxonomy":"category","embeddable":true,"href":"https:\/\/analyse.optim.biz\/index.php?rest_route=%2Fwp%2Fv2%2Fcategories&post=1858851"},{"taxonomy":"post_tag","embeddable":true,"href":"https:\/\/analyse.optim.biz\/index.php?rest_route=%2Fwp%2Fv2%2Ftags&post=1858851"}],"curies":[{"name":"wp","href":"https:\/\/api.w.org\/{rel}","templated":true}]}}