{"id":1858710,"date":"2026-04-01T09:49:06","date_gmt":"2026-04-01T06:49:06","guid":{"rendered":"https:\/\/analyse.optim.biz\/?p=1858710"},"modified":"2026-04-01T09:49:06","modified_gmt":"2026-04-01T06:49:06","slug":"marcel-ciolacu-s-a-pus-pe-reduceri-de-personal","status":"publish","type":"post","link":"https:\/\/analyse.optim.biz\/?p=1858710","title":{"rendered":"MARCEL CIOLACU S-A PUS PE REDUCERI DE PERSONAL"},"content":{"rendered":"<p>[analyse_image type=&#8221;featured&#8221; src=&#8221;https:\/\/newss.ro\/wp-content\/uploads\/2026\/04\/foto-2.jpeg&#8221;]<\/p>\n<div class=\"td-post-content\">\n<div class=\"td-post-featured-image\"><a href=\"https:\/\/newss.ro\/wp-content\/uploads\/2026\/04\/foto-2.jpeg\" data-caption><img loading=\"lazy\" decoding=\"async\" width=\"696\" height=\"392\" class=\"entry-thumb td-modal-image\" src=\"https:\/\/newss.ro\/wp-content\/uploads\/2026\/04\/foto-2-696x392.jpeg\" alt title=\"foto 2\"><\/a><\/div>\n<p>Pre\u0219edintele Consiliului Jude\u021bean Buz\u0103u, Marcel Ciolacu, este hot\u0103r\u00e2t s\u0103 implementeze propria reform\u0103 administrativ\u0103 la nivelul Consiliului \u0219i al institu\u021biilor subordonate. Dup\u0103 aplicarea reformei cerute de premierul Ilie Bolojan, Consiliul Jude\u021bean ar fi trebuit s\u0103 aib\u0103 287 de posturi \u00een organigram\u0103, \u00eens\u0103 acest lucru ar fi \u00eensemnat noi angaj\u0103ri, deoarece \u00een prezent institu\u021bia are numai 253 de posturi ocupate. Marcel Ciolacu a anun\u021bat c\u0103 va reduce \u0219i din num\u0103rul acestora, ajung\u00e2ndu-se la 225 de posturi, pe principiul c\u0103 reformele nu se fac ,,din birou\u201d. El a evitat, totu\u0219i, s\u0103 spun\u0103 ,,cu subiect \u0219i predicat\u201d c\u0103 aceast\u0103 reducere \u00eenseamn\u0103 \u0219i posibile disponibiliz\u0103ri din propriul aparat, pentru a nu crea ceva agita\u021bie \u00een r\u00e2ndul angaja\u021bilor.<\/p>\n<p>Pre\u0219edintele Consiliului Jude\u021bean este decis s\u0103 ,,ridice cultura la rang de art\u0103\u201d prin comas\u0103ri \u0219i poate chiar disponibiliz\u0103ri.<\/p>\n<p>Potrivit lui Marcel Ciolacu, cultura pare mai pu\u021bin performant\u0103 pentru buzoieni, iar dorin\u021ba sa este s\u0103 eficientizeze acest domeniu.<\/p>\n<p>Concret, directorii Centrului de Cultur\u0103 \u0219i ai Teatrului ,,George Ciprian\u201d \u00ee\u0219i vor \u00eenceta mandatele prin desfiin\u021barea institu\u021biilor.<\/p>\n<p>Marcel Ciolacu a anun\u021bat c\u0103 \u00een aceast\u0103 lun\u0103 ar urma s\u0103 implementeze reforma administrativ\u0103, iar primele reorganiz\u0103ri vor \u00eencepe cu aparatul propriu.<\/p>\n<p>Pre\u0219edintele Consiliului Jude\u021bean Buz\u0103u a mai precizat c\u0103 ultima institu\u021bie vizat\u0103 de reform\u0103 este Direc\u021bia pentru Protec\u021bia a Copilului.<\/p>\n<p>Proiectul privind stabilirea num\u0103rului maxim de posturi \u00een cadrul organigramei Consiliului Jude\u021bean Buz\u0103u a fost adoptat de c\u0103tre ale\u0219ii jude\u021beni \u00een \u0219edin\u021ba ordinar\u0103 de mar\u021bi. Pentru a fi aplicat\u0103, noua organigram\u0103 trebuie s\u0103 primeasc\u0103 avizul Agen\u021biei Na\u021bionale a Func\u021bionarilor Publici. \u00cen cazul \u00een care ANFP nu va da un aviz favorabil, organigrama va trebui reg\u00e2ndit\u0103.<\/p>\n<\/div>\n<div class=\"td-post-content\">\n<div class=\"td-post-featured-image\"><a href=\"https:\/\/newss.ro\/wp-content\/uploads\/2026\/04\/foto-2.jpeg\" data-caption><img loading=\"lazy\" decoding=\"async\" width=\"696\" height=\"392\" class=\"entry-thumb td-modal-image\" src=\"https:\/\/newss.ro\/wp-content\/uploads\/2026\/04\/foto-2-696x392.jpeg\" alt title=\"foto 2\"><\/a><\/div>\n<p>Pre\u0219edintele Consiliului Jude\u021bean Buz\u0103u, Marcel Ciolacu, este hot\u0103r\u00e2t s\u0103 implementeze propria reform\u0103 administrativ\u0103 la nivelul Consiliului \u0219i al institu\u021biilor subordonate. Dup\u0103 aplicarea reformei cerute de premierul Ilie Bolojan, Consiliul Jude\u021bean ar fi trebuit s\u0103 aib\u0103 287 de posturi \u00een organigram\u0103, \u00eens\u0103 acest lucru ar fi \u00eensemnat noi angaj\u0103ri, deoarece \u00een prezent institu\u021bia are numai 253 de posturi ocupate. Marcel Ciolacu a anun\u021bat c\u0103 va reduce \u0219i din num\u0103rul acestora, ajung\u00e2ndu-se la 225 de posturi, pe principiul c\u0103 reformele nu se fac ,,din birou\u201d. El a evitat, totu\u0219i, s\u0103 spun\u0103 ,,cu subiect \u0219i predicat\u201d c\u0103 aceast\u0103 reducere \u00eenseamn\u0103 \u0219i posibile disponibiliz\u0103ri din propriul aparat, pentru a nu crea ceva agita\u021bie \u00een r\u00e2ndul angaja\u021bilor.<\/p>\n<p>Pre\u0219edintele Consiliului Jude\u021bean este decis s\u0103 ,,ridice cultura la rang de art\u0103\u201d prin comas\u0103ri \u0219i poate chiar disponibiliz\u0103ri.<\/p>\n<p>Potrivit lui Marcel Ciolacu, cultura pare mai pu\u021bin performant\u0103 pentru buzoieni, iar dorin\u021ba sa este s\u0103 eficientizeze acest domeniu.<\/p>\n<p>Concret, directorii Centrului de Cultur\u0103 \u0219i ai Teatrului ,,George Ciprian\u201d \u00ee\u0219i vor \u00eenceta mandatele prin desfiin\u021barea institu\u021biilor.<\/p>\n<p>Marcel Ciolacu a anun\u021bat c\u0103 \u00een aceast\u0103 lun\u0103 ar urma s\u0103 implementeze reforma administrativ\u0103, iar primele reorganiz\u0103ri vor \u00eencepe cu aparatul propriu.<\/p>\n<p>Pre\u0219edintele Consiliului Jude\u021bean Buz\u0103u a mai precizat c\u0103 ultima institu\u021bie vizat\u0103 de reform\u0103 este Direc\u021bia pentru Protec\u021bia a Copilului.<\/p>\n<p>Proiectul privind stabilirea num\u0103rului maxim de posturi \u00een cadrul organigramei Consiliului Jude\u021bean Buz\u0103u a fost adoptat de c\u0103tre ale\u0219ii jude\u021beni \u00een \u0219edin\u021ba ordinar\u0103 de mar\u021bi. Pentru a fi aplicat\u0103, noua organigram\u0103 trebuie s\u0103 primeasc\u0103 avizul Agen\u021biei Na\u021bionale a Func\u021bionarilor Publici. \u00cen cazul \u00een care ANFP nu va da un aviz favorabil, organigrama va trebui reg\u00e2ndit\u0103.<\/p>\n<\/div>\n<p>[analyse_source url=&#8221;https:\/\/newss.ro\/2026\/04\/01\/marcel-ciolacu-s-a-pus-pe-reduceri-de-personal\/&#8221;]<\/p>\n","protected":false},"excerpt":{"rendered":"<p>[analyse_image type=&#8221;featured&#8221; src=&#8221;https:\/\/newss.ro\/wp-content\/uploads\/2026\/04\/foto-2.jpeg&#8221;] Pre\u0219edintele Consiliului Jude\u021bean Buz\u0103u, Marcel Ciolacu, este hot\u0103r\u00e2t s\u0103 implementeze propria reform\u0103 administrativ\u0103 la nivelul Consiliului \u0219i al institu\u021biilor subordonate. Dup\u0103 aplicarea reformei cerute de premierul Ilie Bolojan, Consiliul Jude\u021bean ar fi trebuit s\u0103 aib\u0103 287 de posturi \u00een organigram\u0103, \u00eens\u0103 acest lucru ar fi \u00eensemnat noi angaj\u0103ri, deoarece \u00een prezent institu\u021bia [&hellip;]<\/p>\n","protected":false},"author":1,"featured_media":0,"comment_status":"open","ping_status":"","sticky":false,"template":"","format":"standard","meta":{"footnotes":""},"categories":[2],"tags":[226,73],"class_list":["post-1858710","post","type-post","status-publish","format-standard","hentry","category-politics","tag-crawlmanager","tag-newss-ro"],"_links":{"self":[{"href":"https:\/\/analyse.optim.biz\/index.php?rest_route=\/wp\/v2\/posts\/1858710","targetHints":{"allow":["GET"]}}],"collection":[{"href":"https:\/\/analyse.optim.biz\/index.php?rest_route=\/wp\/v2\/posts"}],"about":[{"href":"https:\/\/analyse.optim.biz\/index.php?rest_route=\/wp\/v2\/types\/post"}],"author":[{"embeddable":true,"href":"https:\/\/analyse.optim.biz\/index.php?rest_route=\/wp\/v2\/users\/1"}],"replies":[{"embeddable":true,"href":"https:\/\/analyse.optim.biz\/index.php?rest_route=%2Fwp%2Fv2%2Fcomments&post=1858710"}],"version-history":[{"count":0,"href":"https:\/\/analyse.optim.biz\/index.php?rest_route=\/wp\/v2\/posts\/1858710\/revisions"}],"wp:attachment":[{"href":"https:\/\/analyse.optim.biz\/index.php?rest_route=%2Fwp%2Fv2%2Fmedia&parent=1858710"}],"wp:term":[{"taxonomy":"category","embeddable":true,"href":"https:\/\/analyse.optim.biz\/index.php?rest_route=%2Fwp%2Fv2%2Fcategories&post=1858710"},{"taxonomy":"post_tag","embeddable":true,"href":"https:\/\/analyse.optim.biz\/index.php?rest_route=%2Fwp%2Fv2%2Ftags&post=1858710"}],"curies":[{"name":"wp","href":"https:\/\/api.w.org\/{rel}","templated":true}]}}