{"id":185860,"date":"2015-02-25T11:34:40","date_gmt":"2015-02-25T08:34:40","guid":{"rendered":"https:\/\/analyse.optim.biz\/?p=185860"},"modified":"2015-02-25T11:34:40","modified_gmt":"2015-02-25T08:34:40","slug":"vasile-blaga-domnul-cocos-nu-a-adus-niciun-ban-la-partid-cine-a-cotizat-e-pe-lista-oficiala","status":"publish","type":"post","link":"https:\/\/analyse.optim.biz\/?p=185860","title":{"rendered":"Vasile Blaga: Domnul Coco\u015f nu a adus niciun ban la partid, cine a cotizat e pe lista oficial\u0103"},"content":{"rendered":"<div class=\"entry data-app-meta data-app-meta-article\" data-embed-base-url-canonical=\"https:\/\/www.digi24.ro\/embed\/stiri\/actualitate\/politica\/vasile-blaga-domnul-cocos-nu-a-adus-niciun-ban-la-partid-cine-a-cotizat-e-pe-lista-oficiala-363774\">\n<p data-index=\"1\"><img decoding=\"async\" src=\"https:\/\/analyse.optim.biz\/wp-content\/uploads\/2024\/09\/jmhhc2g9n2iwyjg3mgzhngeyyzbimda1n2uymda3yjgxnjuwzmy-thumb_.jpg\" data-skip-htmlfix=\"1\" title=\"jmhhc2g9n2iwyjg3mgzhngeyyzbimda1n2uymda3yjgxnjuwzmy-thumb_\"><\/p>\n<p data-index=\"2\">\u201eNu am avut niciun fel de rela\u0163ie cu domnul Coco\u015f, nu avem nicio implicare \u00een Microsoft. Domnul Coco\u015f nu a adus niciun ban la partid. Cine a cotizat e pe lista oficial\u0103, se taie chitan\u0163\u0103 cum spun regulile \u00eentotdeauna\u201d, a precizat Blaga, scrie Mediafax.\u00a0<\/p>\n<p data-index=\"3\"><a href=\"https:\/\/www.digi24.ro\/Stiri\/Digi24\/Actualitate\/Justitie\/ELENA+UDREA+ARESTARE+GALA+BUTE\" target=\"_blank\" data-skip-linkfix=\"1\" rel=\"noopener\"><strong>Elena Udrea\u00a0a plecat, miercuri, de la ICCJ, unde a f\u0103cut declara\u0163ii, cu ochii \u00een lacrimi, despre situa\u0163ia sa<\/strong><\/a>, \u015fi a spus c\u0103 va a\u015ftepta acas\u0103 decizia instan\u0163ei privind arestarea preventiv\u0103 cerut\u0103 de procurorii DNA \u00een dosarul Gala Bute&#8221;, preciz\u00e2nd c\u0103 \u015ftia c\u0103 Dorin Coco\u015f a finan\u0163at campaniile PDL.<\/p>\n<p data-index=\"4\"><strong><span>\u00centrebat\u0103 \u00een leg\u0103tur\u0103 cu modul \u00een care a fost finan\u0163at\u0103 campania din 2009, Udrea a ar\u0103tat c\u0103 presa se face c\u0103 nu \u015ftie despre modul \u00een care sunt finan\u0163ate campaniile \u00een general \u015fi c\u0103 poate s\u0103 \u00eei \u00eentrebe foarte bine \u015fi pe \u201edomnul Iohannis, domnul Ponta&#8221; despre cum se face acest lucru.<\/span><\/strong><\/p>\n<p data-index=\"5\">&#8220;Nu este un secret, a\u015fa se finan\u0163eaz\u0103 campaniile electorale, de ce v\u0103 face\u0163i to\u0163i c\u0103 nu \u015fti\u0163i. Toat\u0103 clasa politic\u0103, toat\u0103 presa \u015fi toat\u0103 lumea se preface c\u0103 nu \u015ftie cum se finan\u0163eaz\u0103 campaniile. \u00centreba\u0163i-i pe domnul Iohannis, pe domnul Ponta, ei cum \u015fi-au finan\u0163at campaniile. La fel&#8221;, a mai spus Udrea.<\/p>\n<p data-index=\"6\">\u00centrebat\u0103 despre contractele \u00eencheiate cu Ministerul Dezvolt\u0103rii Regionale \u015fi Turismului, Elena Udrea a declarat: &#8220;\u015etiam c\u0103 Dorin Coco\u015f finan\u0163a campaniile PDL, asta \u015ftiam, dar nu \u015ftiam exact ce \u015fi cu ce sum\u0103&#8221;.<\/p>\n<p data-index=\"7\">\u00centrebat\u0103 dac\u0103 Blaga \u015ftia c\u0103 Dorin Coco\u015f finan\u0163eaz\u0103 PDL, Udrea a spus c\u0103 trebuie \u00eentrebat\u00a0Vasile Blaga\u00a0despre acest lucru.<\/p>\n<\/div>\n<p> Source URL: https:\/\/www.digi24.ro\/stiri\/actualitate\/politica\/vasile-blaga-domnul-cocos-nu-a-adus-niciun-ban-la-partid-cine-a-cotizat-e-pe-lista-oficiala-363774<\/p>\n","protected":false},"excerpt":{"rendered":"<p>\u201eNu am avut niciun fel de rela\u0163ie cu domnul Coco\u015f, nu avem nicio implicare \u00een Microsoft. Domnul Coco\u015f nu a adus niciun ban la partid. Cine a cotizat e pe lista oficial\u0103, se taie chitan\u0163\u0103 cum spun regulile \u00eentotdeauna\u201d, a precizat Blaga, scrie Mediafax.\u00a0 Elena Udrea\u00a0a plecat, miercuri, de la ICCJ, unde a f\u0103cut declara\u0163ii, [&hellip;]<\/p>\n","protected":false},"author":1,"featured_media":185861,"comment_status":"open","ping_status":"","sticky":false,"template":"","format":"standard","meta":{"footnotes":""},"categories":[2],"tags":[11],"class_list":["post-185860","post","type-post","status-publish","format-standard","has-post-thumbnail","hentry","category-politics","tag-digi24"],"_links":{"self":[{"href":"https:\/\/analyse.optim.biz\/index.php?rest_route=\/wp\/v2\/posts\/185860","targetHints":{"allow":["GET"]}}],"collection":[{"href":"https:\/\/analyse.optim.biz\/index.php?rest_route=\/wp\/v2\/posts"}],"about":[{"href":"https:\/\/analyse.optim.biz\/index.php?rest_route=\/wp\/v2\/types\/post"}],"author":[{"embeddable":true,"href":"https:\/\/analyse.optim.biz\/index.php?rest_route=\/wp\/v2\/users\/1"}],"replies":[{"embeddable":true,"href":"https:\/\/analyse.optim.biz\/index.php?rest_route=%2Fwp%2Fv2%2Fcomments&post=185860"}],"version-history":[{"count":0,"href":"https:\/\/analyse.optim.biz\/index.php?rest_route=\/wp\/v2\/posts\/185860\/revisions"}],"wp:featuredmedia":[{"embeddable":true,"href":"https:\/\/analyse.optim.biz\/index.php?rest_route=\/wp\/v2\/media\/185861"}],"wp:attachment":[{"href":"https:\/\/analyse.optim.biz\/index.php?rest_route=%2Fwp%2Fv2%2Fmedia&parent=185860"}],"wp:term":[{"taxonomy":"category","embeddable":true,"href":"https:\/\/analyse.optim.biz\/index.php?rest_route=%2Fwp%2Fv2%2Fcategories&post=185860"},{"taxonomy":"post_tag","embeddable":true,"href":"https:\/\/analyse.optim.biz\/index.php?rest_route=%2Fwp%2Fv2%2Ftags&post=185860"}],"curies":[{"name":"wp","href":"https:\/\/api.w.org\/{rel}","templated":true}]}}